{"id":99814,"date":"2022-07-04T14:31:04","date_gmt":"2022-07-04T20:31:04","guid":{"rendered":"https:\/\/kuali.com.mx\/web\/?p=99814"},"modified":"2022-07-05T07:33:16","modified_gmt":"2022-07-05T13:33:16","slug":"van-a-la-fenal-casi-30-mil-personas-en-3-dias","status":"publish","type":"post","link":"https:\/\/kuali.com.mx\/web\/2022\/07\/04\/van-a-la-fenal-casi-30-mil-personas-en-3-dias\/","title":{"rendered":"VAN A LA FENAL CASI 30 MIL PERSONAS EN 3 D\u00cdAS"},"content":{"rendered":"\n<p><strong>Kuali\/Le\u00f3n, Gto.- <\/strong>La Feria Nacional del Libro de Le\u00f3n (Fenal) recibi\u00f3 la visita de 29 mil 606 personas durante los primeros tres d\u00edas.<\/p>\n\n\n\n<p>Despu\u00e9s de una edici\u00f3n virtual y una h\u00edbrida, la Fenal se realiza en formato cien por ciento presencial. Es la edici\u00f3n n\u00famero 33 y est\u00e1 en marcha desde el pasado viernes en las instalaciones del Poliforum Le\u00f3n y la entrada es gratuita.<\/p>\n\n\n\n<p>Durante viernes, s\u00e1bado y domingo las actividades con m\u00e1s afluencia fueron las presentaciones editoriales de 15 consejos malvados para emprender y enfermarte de poder, de Vania Bachur; Aqu\u00ed no hay sed, de Alberto Villarreal; y C\u00f3mo curar un coraz\u00f3n roto. 10 aniversario, de Gaby P\u00e9rez Islas; quienes dedicaron horas para firmar libros y convivir con su p\u00fablico lector dentro de las instalaciones de Fenal.<\/p>\n\n\n\n<p>Fenal 33 permanecer\u00e1 en la sala C4 de Poliforum Le\u00f3n hasta el viernes ocho de julio, con un horario de atenci\u00f3n de 10:00 a 21:00 horas, con presentaciones editoriales de Flor M. Salvador, Dhalia de la Cerda, Imanol Caneyada, \u00d3scar Mart\u00ednez, M\u00f3nica Lav\u00edn, Caloncho, Icela Lagunas, Isabel Revuelta Poo, y muchos autores m\u00e1s.<\/p>\n\n\n\n<p>Tambi\u00e9n habr\u00e1 presentaciones art\u00edsticas, como la obra de teatro La bruja de L\u00edquido Colectivo, apta para todas las edades; la presentaci\u00f3n oficial del disco Concha Ac\u00fastica del m\u00fasico leon\u00e9s Fideo C\u00f3smico; o el concierto Nos levantamos, con la agrupaci\u00f3n Rockwell road.<\/p>\n\n\n\n<p>La programaci\u00f3n de la feria puede consultarse en el sitio web fenal.mx<\/p>\n","protected":false},"excerpt":{"rendered":"Kuali\/Le\u00f3n, Gto.- La Feria Nacional del Libro de Le\u00f3n (Fenal) recibi\u00f3 la visita de 29 mil 606 personas durante los primeros tres d\u00edas. Despu\u00e9s de una edici\u00f3n virtual y una h\u00edbrida, la Fenal se realiza en formato cien por ciento presencial. Es la edici\u00f3n n\u00famero 33 y est\u00e1 en marcha desde el pasado viernes en [&hellip;]","protected":false},"author":2,"featured_media":99816,"comment_status":"open","ping_status":"open","sticky":false,"template":"","format":"standard","meta":{"_seopress_robots_primary_cat":"none","_seopress_titles_title":"","_seopress_titles_desc":"","_seopress_robots_index":"","_monsterinsights_skip_tracking":false,"_monsterinsights_sitenote_active":false,"_monsterinsights_sitenote_note":"","_monsterinsights_sitenote_category":0,"footnotes":""},"categories":[8],"tags":[127,689,10,522],"class_list":["post-99814","post","type-post","status-publish","format-standard","has-post-thumbnail","hentry","category-espectaculos","tag-arte-y-cultura","tag-feria-de-libro","tag-leon","tag-literatura"],"yoast_head":"<!-- This site is optimized with the Yoast SEO plugin v27.4 - https:\/\/yoast.com\/product\/yoast-seo-wordpress\/ -->\n<title>VAN A LA FENAL CASI 30 MIL PERSONAS EN 3 D\u00cdAS - Kuali<\/title>\n<meta name=\"robots\" content=\"index, follow, max-snippet:-1, max-image-preview:large, max-video-preview:-1\" \/>\n<link rel=\"canonical\" href=\"https:\/\/kuali.com.mx\/web\/2022\/07\/04\/van-a-la-fenal-casi-30-mil-personas-en-3-dias\/\" \/>\n<meta property=\"og:locale\" content=\"es_MX\" \/>\n<meta property=\"og:type\" content=\"article\" \/>\n<meta property=\"og:title\" content=\"VAN A LA FENAL CASI 30 MIL PERSONAS EN 3 D\u00cdAS - Kuali\" \/>\n<meta property=\"og:description\" content=\"Kuali\/Le\u00f3n, Gto.- La Feria Nacional del Libro de Le\u00f3n (Fenal) recibi\u00f3 la visita de 29 mil 606 personas durante los primeros tres d\u00edas. Despu\u00e9s de una edici\u00f3n virtual y una h\u00edbrida, la Fenal se realiza en formato cien por ciento presencial. Es la edici\u00f3n n\u00famero 33 y est\u00e1 en marcha desde el pasado viernes en [&hellip;]\" \/>\n<meta property=\"og:url\" content=\"https:\/\/kuali.com.mx\/web\/2022\/07\/04\/van-a-la-fenal-casi-30-mil-personas-en-3-dias\/\" \/>\n<meta property=\"og:site_name\" content=\"Kuali\" \/>\n<meta property=\"article:publisher\" content=\"https:\/\/kuali.com.mx\/web\/wp-content\/uploads\/2018\/04\/cropped-kuali_logo-1-1.png\" \/>\n<meta property=\"article:published_time\" content=\"2022-07-04T20:31:04+00:00\" \/>\n<meta property=\"article:modified_time\" content=\"2022-07-05T13:33:16+00:00\" \/>\n<meta property=\"og:image\" content=\"https:\/\/kuali.com.mx\/web\/wp-content\/uploads\/2022\/07\/Fenal_nina.gif\" \/>\n\t<meta property=\"og:image:width\" content=\"1700\" \/>\n\t<meta property=\"og:image:height\" content=\"750\" \/>\n\t<meta property=\"og:image:type\" content=\"image\/gif\" \/>\n<meta name=\"author\" content=\"Kuali Staff\" \/>\n<meta name=\"twitter:card\" content=\"summary_large_image\" \/>\n<meta name=\"twitter:creator\" content=\"@kuali_noticias\" \/>\n<meta name=\"twitter:site\" content=\"@kuali_noticias\" \/>\n<meta name=\"twitter:label1\" content=\"Escrito por\" \/>\n\t<meta name=\"twitter:data1\" content=\"Kuali Staff\" \/>\n\t<meta name=\"twitter:label2\" content=\"Tiempo de lectura\" \/>\n\t<meta name=\"twitter:data2\" content=\"1 minuto\" \/>\n<script type=\"application\/ld+json\" class=\"yoast-schema-graph\">{\"@context\":\"https:\\\/\\\/schema.org\",\"@graph\":[{\"@type\":\"Article\",\"@id\":\"https:\\\/\\\/kuali.com.mx\\\/web\\\/2022\\\/07\\\/04\\\/van-a-la-fenal-casi-30-mil-personas-en-3-dias\\\/#article\",\"isPartOf\":{\"@id\":\"https:\\\/\\\/kuali.com.mx\\\/web\\\/2022\\\/07\\\/04\\\/van-a-la-fenal-casi-30-mil-personas-en-3-dias\\\/\"},\"author\":{\"name\":\"Kuali Staff\",\"@id\":\"https:\\\/\\\/kuali.com.mx\\\/web\\\/#\\\/schema\\\/person\\\/6f89ffa8ecba9dae50662357923c5289\"},\"headline\":\"VAN A LA FENAL CASI 30 MIL PERSONAS EN 3 D\u00cdAS\",\"datePublished\":\"2022-07-04T20:31:04+00:00\",\"dateModified\":\"2022-07-05T13:33:16+00:00\",\"mainEntityOfPage\":{\"@id\":\"https:\\\/\\\/kuali.com.mx\\\/web\\\/2022\\\/07\\\/04\\\/van-a-la-fenal-casi-30-mil-personas-en-3-dias\\\/\"},\"wordCount\":271,\"commentCount\":0,\"image\":{\"@id\":\"https:\\\/\\\/kuali.com.mx\\\/web\\\/2022\\\/07\\\/04\\\/van-a-la-fenal-casi-30-mil-personas-en-3-dias\\\/#primaryimage\"},\"thumbnailUrl\":\"https:\\\/\\\/kuali.com.mx\\\/web\\\/wp-content\\\/uploads\\\/2022\\\/07\\\/Fenal_nina.gif\",\"keywords\":[\"Arte y cultura\",\"Feria de libro\",\"Le\u00f3n\",\"Literatura\"],\"articleSection\":[\"Cultura\"],\"inLanguage\":\"es\",\"potentialAction\":[{\"@type\":\"CommentAction\",\"name\":\"Comment\",\"target\":[\"https:\\\/\\\/kuali.com.mx\\\/web\\\/2022\\\/07\\\/04\\\/van-a-la-fenal-casi-30-mil-personas-en-3-dias\\\/#respond\"]}]},{\"@type\":\"WebPage\",\"@id\":\"https:\\\/\\\/kuali.com.mx\\\/web\\\/2022\\\/07\\\/04\\\/van-a-la-fenal-casi-30-mil-personas-en-3-dias\\\/\",\"url\":\"https:\\\/\\\/kuali.com.mx\\\/web\\\/2022\\\/07\\\/04\\\/van-a-la-fenal-casi-30-mil-personas-en-3-dias\\\/\",\"name\":\"VAN A LA FENAL CASI 30 MIL PERSONAS EN 3 D\u00cdAS - Kuali\",\"isPartOf\":{\"@id\":\"https:\\\/\\\/kuali.com.mx\\\/web\\\/#website\"},\"primaryImageOfPage\":{\"@id\":\"https:\\\/\\\/kuali.com.mx\\\/web\\\/2022\\\/07\\\/04\\\/van-a-la-fenal-casi-30-mil-personas-en-3-dias\\\/#primaryimage\"},\"image\":{\"@id\":\"https:\\\/\\\/kuali.com.mx\\\/web\\\/2022\\\/07\\\/04\\\/van-a-la-fenal-casi-30-mil-personas-en-3-dias\\\/#primaryimage\"},\"thumbnailUrl\":\"https:\\\/\\\/kuali.com.mx\\\/web\\\/wp-content\\\/uploads\\\/2022\\\/07\\\/Fenal_nina.gif\",\"datePublished\":\"2022-07-04T20:31:04+00:00\",\"dateModified\":\"2022-07-05T13:33:16+00:00\",\"author\":{\"@id\":\"https:\\\/\\\/kuali.com.mx\\\/web\\\/#\\\/schema\\\/person\\\/6f89ffa8ecba9dae50662357923c5289\"},\"breadcrumb\":{\"@id\":\"https:\\\/\\\/kuali.com.mx\\\/web\\\/2022\\\/07\\\/04\\\/van-a-la-fenal-casi-30-mil-personas-en-3-dias\\\/#breadcrumb\"},\"inLanguage\":\"es\",\"potentialAction\":[{\"@type\":\"ReadAction\",\"target\":[\"https:\\\/\\\/kuali.com.mx\\\/web\\\/2022\\\/07\\\/04\\\/van-a-la-fenal-casi-30-mil-personas-en-3-dias\\\/\"]}]},{\"@type\":\"ImageObject\",\"inLanguage\":\"es\",\"@id\":\"https:\\\/\\\/kuali.com.mx\\\/web\\\/2022\\\/07\\\/04\\\/van-a-la-fenal-casi-30-mil-personas-en-3-dias\\\/#primaryimage\",\"url\":\"https:\\\/\\\/kuali.com.mx\\\/web\\\/wp-content\\\/uploads\\\/2022\\\/07\\\/Fenal_nina.gif\",\"contentUrl\":\"https:\\\/\\\/kuali.com.mx\\\/web\\\/wp-content\\\/uploads\\\/2022\\\/07\\\/Fenal_nina.gif\",\"width\":1700,\"height\":750},{\"@type\":\"BreadcrumbList\",\"@id\":\"https:\\\/\\\/kuali.com.mx\\\/web\\\/2022\\\/07\\\/04\\\/van-a-la-fenal-casi-30-mil-personas-en-3-dias\\\/#breadcrumb\",\"itemListElement\":[{\"@type\":\"ListItem\",\"position\":1,\"name\":\"Inicio\",\"item\":\"https:\\\/\\\/kuali.com.mx\\\/web\\\/\"},{\"@type\":\"ListItem\",\"position\":2,\"name\":\"VAN A LA FENAL CASI 30 MIL PERSONAS EN 3 D\u00cdAS\"}]},{\"@type\":\"WebSite\",\"@id\":\"https:\\\/\\\/kuali.com.mx\\\/web\\\/#website\",\"url\":\"https:\\\/\\\/kuali.com.mx\\\/web\\\/\",\"name\":\"Kuali\",\"description\":\"\",\"potentialAction\":[{\"@type\":\"SearchAction\",\"target\":{\"@type\":\"EntryPoint\",\"urlTemplate\":\"https:\\\/\\\/kuali.com.mx\\\/web\\\/?s={search_term_string}\"},\"query-input\":{\"@type\":\"PropertyValueSpecification\",\"valueRequired\":true,\"valueName\":\"search_term_string\"}}],\"inLanguage\":\"es\"},{\"@type\":\"Person\",\"@id\":\"https:\\\/\\\/kuali.com.mx\\\/web\\\/#\\\/schema\\\/person\\\/6f89ffa8ecba9dae50662357923c5289\",\"name\":\"Kuali Staff\",\"image\":{\"@type\":\"ImageObject\",\"inLanguage\":\"es\",\"@id\":\"https:\\\/\\\/secure.gravatar.com\\\/avatar\\\/f917ad82e5ab71227a733c78b6e60715476f69ee6be59feee4eb5d9920c89e0f?s=96&d=mm&r=g\",\"url\":\"https:\\\/\\\/secure.gravatar.com\\\/avatar\\\/f917ad82e5ab71227a733c78b6e60715476f69ee6be59feee4eb5d9920c89e0f?s=96&d=mm&r=g\",\"contentUrl\":\"https:\\\/\\\/secure.gravatar.com\\\/avatar\\\/f917ad82e5ab71227a733c78b6e60715476f69ee6be59feee4eb5d9920c89e0f?s=96&d=mm&r=g\",\"caption\":\"Kuali Staff\"},\"url\":\"https:\\\/\\\/kuali.com.mx\\\/web\\\/author\\\/lagarto\\\/\"}]}<\/script>\n<!-- \/ Yoast SEO plugin. -->","yoast_head_json":{"title":"VAN A LA FENAL CASI 30 MIL PERSONAS EN 3 D\u00cdAS - Kuali","robots":{"index":"index","follow":"follow","max-snippet":"max-snippet:-1","max-image-preview":"max-image-preview:large","max-video-preview":"max-video-preview:-1"},"canonical":"https:\/\/kuali.com.mx\/web\/2022\/07\/04\/van-a-la-fenal-casi-30-mil-personas-en-3-dias\/","og_locale":"es_MX","og_type":"article","og_title":"VAN A LA FENAL CASI 30 MIL PERSONAS EN 3 D\u00cdAS - Kuali","og_description":"Kuali\/Le\u00f3n, Gto.- La Feria Nacional del Libro de Le\u00f3n (Fenal) recibi\u00f3 la visita de 29 mil 606 personas durante los primeros tres d\u00edas. Despu\u00e9s de una edici\u00f3n virtual y una h\u00edbrida, la Fenal se realiza en formato cien por ciento presencial. Es la edici\u00f3n n\u00famero 33 y est\u00e1 en marcha desde el pasado viernes en [&hellip;]","og_url":"https:\/\/kuali.com.mx\/web\/2022\/07\/04\/van-a-la-fenal-casi-30-mil-personas-en-3-dias\/","og_site_name":"Kuali","article_publisher":"https:\/\/kuali.com.mx\/web\/wp-content\/uploads\/2018\/04\/cropped-kuali_logo-1-1.png","article_published_time":"2022-07-04T20:31:04+00:00","article_modified_time":"2022-07-05T13:33:16+00:00","og_image":[{"width":1700,"height":750,"url":"https:\/\/kuali.com.mx\/web\/wp-content\/uploads\/2022\/07\/Fenal_nina.gif","type":"image\/gif"}],"author":"Kuali Staff","twitter_card":"summary_large_image","twitter_creator":"@kuali_noticias","twitter_site":"@kuali_noticias","twitter_misc":{"Escrito por":"Kuali Staff","Tiempo de lectura":"1 minuto"},"schema":{"@context":"https:\/\/schema.org","@graph":[{"@type":"Article","@id":"https:\/\/kuali.com.mx\/web\/2022\/07\/04\/van-a-la-fenal-casi-30-mil-personas-en-3-dias\/#article","isPartOf":{"@id":"https:\/\/kuali.com.mx\/web\/2022\/07\/04\/van-a-la-fenal-casi-30-mil-personas-en-3-dias\/"},"author":{"name":"Kuali Staff","@id":"https:\/\/kuali.com.mx\/web\/#\/schema\/person\/6f89ffa8ecba9dae50662357923c5289"},"headline":"VAN A LA FENAL CASI 30 MIL PERSONAS EN 3 D\u00cdAS","datePublished":"2022-07-04T20:31:04+00:00","dateModified":"2022-07-05T13:33:16+00:00","mainEntityOfPage":{"@id":"https:\/\/kuali.com.mx\/web\/2022\/07\/04\/van-a-la-fenal-casi-30-mil-personas-en-3-dias\/"},"wordCount":271,"commentCount":0,"image":{"@id":"https:\/\/kuali.com.mx\/web\/2022\/07\/04\/van-a-la-fenal-casi-30-mil-personas-en-3-dias\/#primaryimage"},"thumbnailUrl":"https:\/\/kuali.com.mx\/web\/wp-content\/uploads\/2022\/07\/Fenal_nina.gif","keywords":["Arte y cultura","Feria de libro","Le\u00f3n","Literatura"],"articleSection":["Cultura"],"inLanguage":"es","potentialAction":[{"@type":"CommentAction","name":"Comment","target":["https:\/\/kuali.com.mx\/web\/2022\/07\/04\/van-a-la-fenal-casi-30-mil-personas-en-3-dias\/#respond"]}]},{"@type":"WebPage","@id":"https:\/\/kuali.com.mx\/web\/2022\/07\/04\/van-a-la-fenal-casi-30-mil-personas-en-3-dias\/","url":"https:\/\/kuali.com.mx\/web\/2022\/07\/04\/van-a-la-fenal-casi-30-mil-personas-en-3-dias\/","name":"VAN A LA FENAL CASI 30 MIL PERSONAS EN 3 D\u00cdAS - Kuali","isPartOf":{"@id":"https:\/\/kuali.com.mx\/web\/#website"},"primaryImageOfPage":{"@id":"https:\/\/kuali.com.mx\/web\/2022\/07\/04\/van-a-la-fenal-casi-30-mil-personas-en-3-dias\/#primaryimage"},"image":{"@id":"https:\/\/kuali.com.mx\/web\/2022\/07\/04\/van-a-la-fenal-casi-30-mil-personas-en-3-dias\/#primaryimage"},"thumbnailUrl":"https:\/\/kuali.com.mx\/web\/wp-content\/uploads\/2022\/07\/Fenal_nina.gif","datePublished":"2022-07-04T20:31:04+00:00","dateModified":"2022-07-05T13:33:16+00:00","author":{"@id":"https:\/\/kuali.com.mx\/web\/#\/schema\/person\/6f89ffa8ecba9dae50662357923c5289"},"breadcrumb":{"@id":"https:\/\/kuali.com.mx\/web\/2022\/07\/04\/van-a-la-fenal-casi-30-mil-personas-en-3-dias\/#breadcrumb"},"inLanguage":"es","potentialAction":[{"@type":"ReadAction","target":["https:\/\/kuali.com.mx\/web\/2022\/07\/04\/van-a-la-fenal-casi-30-mil-personas-en-3-dias\/"]}]},{"@type":"ImageObject","inLanguage":"es","@id":"https:\/\/kuali.com.mx\/web\/2022\/07\/04\/van-a-la-fenal-casi-30-mil-personas-en-3-dias\/#primaryimage","url":"https:\/\/kuali.com.mx\/web\/wp-content\/uploads\/2022\/07\/Fenal_nina.gif","contentUrl":"https:\/\/kuali.com.mx\/web\/wp-content\/uploads\/2022\/07\/Fenal_nina.gif","width":1700,"height":750},{"@type":"BreadcrumbList","@id":"https:\/\/kuali.com.mx\/web\/2022\/07\/04\/van-a-la-fenal-casi-30-mil-personas-en-3-dias\/#breadcrumb","itemListElement":[{"@type":"ListItem","position":1,"name":"Inicio","item":"https:\/\/kuali.com.mx\/web\/"},{"@type":"ListItem","position":2,"name":"VAN A LA FENAL CASI 30 MIL PERSONAS EN 3 D\u00cdAS"}]},{"@type":"WebSite","@id":"https:\/\/kuali.com.mx\/web\/#website","url":"https:\/\/kuali.com.mx\/web\/","name":"Kuali","description":"","potentialAction":[{"@type":"SearchAction","target":{"@type":"EntryPoint","urlTemplate":"https:\/\/kuali.com.mx\/web\/?s={search_term_string}"},"query-input":{"@type":"PropertyValueSpecification","valueRequired":true,"valueName":"search_term_string"}}],"inLanguage":"es"},{"@type":"Person","@id":"https:\/\/kuali.com.mx\/web\/#\/schema\/person\/6f89ffa8ecba9dae50662357923c5289","name":"Kuali Staff","image":{"@type":"ImageObject","inLanguage":"es","@id":"https:\/\/secure.gravatar.com\/avatar\/f917ad82e5ab71227a733c78b6e60715476f69ee6be59feee4eb5d9920c89e0f?s=96&d=mm&r=g","url":"https:\/\/secure.gravatar.com\/avatar\/f917ad82e5ab71227a733c78b6e60715476f69ee6be59feee4eb5d9920c89e0f?s=96&d=mm&r=g","contentUrl":"https:\/\/secure.gravatar.com\/avatar\/f917ad82e5ab71227a733c78b6e60715476f69ee6be59feee4eb5d9920c89e0f?s=96&d=mm&r=g","caption":"Kuali Staff"},"url":"https:\/\/kuali.com.mx\/web\/author\/lagarto\/"}]}},"_links":{"self":[{"href":"https:\/\/kuali.com.mx\/web\/wp-json\/wp\/v2\/posts\/99814","targetHints":{"allow":["GET"]}}],"collection":[{"href":"https:\/\/kuali.com.mx\/web\/wp-json\/wp\/v2\/posts"}],"about":[{"href":"https:\/\/kuali.com.mx\/web\/wp-json\/wp\/v2\/types\/post"}],"author":[{"embeddable":true,"href":"https:\/\/kuali.com.mx\/web\/wp-json\/wp\/v2\/users\/2"}],"replies":[{"embeddable":true,"href":"https:\/\/kuali.com.mx\/web\/wp-json\/wp\/v2\/comments?post=99814"}],"version-history":[{"count":1,"href":"https:\/\/kuali.com.mx\/web\/wp-json\/wp\/v2\/posts\/99814\/revisions"}],"predecessor-version":[{"id":99817,"href":"https:\/\/kuali.com.mx\/web\/wp-json\/wp\/v2\/posts\/99814\/revisions\/99817"}],"wp:featuredmedia":[{"embeddable":true,"href":"https:\/\/kuali.com.mx\/web\/wp-json\/wp\/v2\/media\/99816"}],"wp:attachment":[{"href":"https:\/\/kuali.com.mx\/web\/wp-json\/wp\/v2\/media?parent=99814"}],"wp:term":[{"taxonomy":"category","embeddable":true,"href":"https:\/\/kuali.com.mx\/web\/wp-json\/wp\/v2\/categories?post=99814"},{"taxonomy":"post_tag","embeddable":true,"href":"https:\/\/kuali.com.mx\/web\/wp-json\/wp\/v2\/tags?post=99814"}],"curies":[{"name":"wp","href":"https:\/\/api.w.org\/{rel}","templated":true}]}}