{"id":99789,"date":"2022-07-04T14:33:00","date_gmt":"2022-07-04T20:33:00","guid":{"rendered":"https:\/\/kuali.com.mx\/web\/?p=99789"},"modified":"2022-07-04T17:34:55","modified_gmt":"2022-07-04T23:34:55","slug":"realizaran-festival-de-ciudades-patrimonio","status":"publish","type":"post","link":"https:\/\/kuali.com.mx\/web\/2022\/07\/04\/realizaran-festival-de-ciudades-patrimonio\/","title":{"rendered":"REALIZAR\u00c1N FESTIVAL DE CIUDADES PATRIMONIO"},"content":{"rendered":"\n<p><strong><em>Kuali\/Guanajuato, Gto.-<\/em><\/strong>Del 7 al 9 de julio Guanajuato Capital ser\u00e1 sede del segundo Festival de Ciudades Mexicanas del Patrimonio Mundial con conferencias, foros acad\u00e9micos, expresiones art\u00edsticas y un pabell\u00f3n artesanal de distintos lugares del pa\u00eds.<\/p>\n\n\n\n<p>Se espera la participaci\u00f3n de las 11 ciudades mexicanas declaradas por la UNESCO como Patrimonio Cultural de la Humanidad, adem\u00e1s de tres ciudades que forman parte del Camino Real de Tierra Adentro. Con este festival la Presidencia Municipal de Guanajuato espera que se incremente el n\u00famero de turistas y visitantes en la ciudad.<\/p>\n\n\n\n<p>\u201cHemos conformado un programa muy completo a partir de las indicaciones que recibimos por parte del Presidente Municipal, Alejandro Navarro\u201d, explic\u00f3 en conferencia de prensa el Director General de Cultura y Educaci\u00f3n, Jes\u00fas Antonio Borja.<\/p>\n\n\n\n<p>Las actividades se desarrollar\u00e1n en las plazuelas San Fernando y San Roque y en el Jard\u00edn Reforma, donde habr\u00e1 exhibici\u00f3n y venta de artesan\u00edas, as\u00ed como presentaciones art\u00edsticas y una gu\u00eda gastron\u00f3mica de las ciudades participantes.<\/p>\n\n\n\n<p>La Asociaci\u00f3n Nacional de Ciudades Mexicanas del Patrimonio Mundial agrupa a las ciudades declaradas por la UNESCO que son Campeche, Ciudad de M\u00e9xico, Guanajuato, Morelia, Oaxaca, Puebla, Quer\u00e9taro, San Miguel de Allende, Tlacotalpan, Xochimilco y Zacatecas, adem\u00e1s de San Luis Potos\u00ed, San Juan del R\u00edo y Durango, que forman parte de Tierra Adentro.<\/p>\n\n\n\n<p>Dentro del programa se contempla una reuni\u00f3n de los directores de Turismo y la segunda asamblea ordinaria de las ciudades de la asociaci\u00f3n. Tambi\u00e9n se tendr\u00e1 un foro con las redes de cooperaci\u00f3n de asociaciones de ciudades patrimoniales de China, Italia, Espa\u00f1a y Francia.<\/p>\n\n\n\n<p>Para consultar el programa completo se puede acceder al sitio web de la Presidencia Municipal de Guanajuato en&nbsp;<a href=\"http:\/\/guanajuatocapital.gob.mx\/\" target=\"_blank\" rel=\"noreferrer noopener\">guanajuatocapital.gob.mx<\/a>.<\/p>\n","protected":false},"excerpt":{"rendered":"Kuali\/Guanajuato, Gto.-Del 7 al 9 de julio Guanajuato Capital ser\u00e1 sede del segundo Festival de Ciudades Mexicanas del Patrimonio Mundial con conferencias, foros acad\u00e9micos, expresiones art\u00edsticas y un pabell\u00f3n artesanal de distintos lugares del pa\u00eds. Se espera la participaci\u00f3n de las 11 ciudades mexicanas declaradas por la UNESCO como Patrimonio Cultural de la Humanidad, adem\u00e1s [&hellip;]","protected":false},"author":2,"featured_media":80432,"comment_status":"open","ping_status":"open","sticky":false,"template":"","format":"standard","meta":{"_seopress_robots_primary_cat":"none","_seopress_titles_title":"","_seopress_titles_desc":"","_seopress_robots_index":"","_monsterinsights_skip_tracking":false,"_monsterinsights_sitenote_active":false,"_monsterinsights_sitenote_note":"","_monsterinsights_sitenote_category":0,"footnotes":""},"categories":[8],"tags":[],"class_list":["post-99789","post","type-post","status-publish","format-standard","has-post-thumbnail","hentry","category-espectaculos"],"yoast_head":"<!-- This site is optimized with the Yoast SEO plugin v27.4 - https:\/\/yoast.com\/product\/yoast-seo-wordpress\/ -->\n<title>REALIZAR\u00c1N FESTIVAL DE CIUDADES PATRIMONIO - Kuali<\/title>\n<meta name=\"robots\" content=\"index, follow, max-snippet:-1, max-image-preview:large, max-video-preview:-1\" \/>\n<link rel=\"canonical\" href=\"https:\/\/kuali.com.mx\/web\/2022\/07\/04\/realizaran-festival-de-ciudades-patrimonio\/\" \/>\n<meta property=\"og:locale\" content=\"es_MX\" \/>\n<meta property=\"og:type\" content=\"article\" \/>\n<meta property=\"og:title\" content=\"REALIZAR\u00c1N FESTIVAL DE CIUDADES PATRIMONIO - Kuali\" \/>\n<meta property=\"og:description\" content=\"Kuali\/Guanajuato, Gto.-Del 7 al 9 de julio Guanajuato Capital ser\u00e1 sede del segundo Festival de Ciudades Mexicanas del Patrimonio Mundial con conferencias, foros acad\u00e9micos, expresiones art\u00edsticas y un pabell\u00f3n artesanal de distintos lugares del pa\u00eds. Se espera la participaci\u00f3n de las 11 ciudades mexicanas declaradas por la UNESCO como Patrimonio Cultural de la Humanidad, adem\u00e1s [&hellip;]\" \/>\n<meta property=\"og:url\" content=\"https:\/\/kuali.com.mx\/web\/2022\/07\/04\/realizaran-festival-de-ciudades-patrimonio\/\" \/>\n<meta property=\"og:site_name\" content=\"Kuali\" \/>\n<meta property=\"article:publisher\" content=\"https:\/\/kuali.com.mx\/web\/wp-content\/uploads\/2018\/04\/cropped-kuali_logo-1-1.png\" \/>\n<meta property=\"article:published_time\" content=\"2022-07-04T20:33:00+00:00\" \/>\n<meta property=\"article:modified_time\" content=\"2022-07-04T23:34:55+00:00\" \/>\n<meta property=\"og:image\" content=\"https:\/\/kuali.com.mx\/web\/wp-content\/uploads\/2021\/03\/teatro-ju\u00e1rez.jpg\" \/>\n\t<meta property=\"og:image:width\" content=\"2296\" \/>\n\t<meta property=\"og:image:height\" content=\"1251\" \/>\n\t<meta property=\"og:image:type\" content=\"image\/jpeg\" \/>\n<meta name=\"author\" content=\"Kuali Staff\" \/>\n<meta name=\"twitter:card\" content=\"summary_large_image\" \/>\n<meta name=\"twitter:creator\" content=\"@kuali_noticias\" \/>\n<meta name=\"twitter:site\" content=\"@kuali_noticias\" \/>\n<meta name=\"twitter:label1\" content=\"Escrito por\" \/>\n\t<meta name=\"twitter:data1\" content=\"Kuali Staff\" \/>\n\t<meta name=\"twitter:label2\" content=\"Tiempo de lectura\" \/>\n\t<meta name=\"twitter:data2\" content=\"2 minutos\" \/>\n<script type=\"application\/ld+json\" class=\"yoast-schema-graph\">{\"@context\":\"https:\\\/\\\/schema.org\",\"@graph\":[{\"@type\":\"Article\",\"@id\":\"https:\\\/\\\/kuali.com.mx\\\/web\\\/2022\\\/07\\\/04\\\/realizaran-festival-de-ciudades-patrimonio\\\/#article\",\"isPartOf\":{\"@id\":\"https:\\\/\\\/kuali.com.mx\\\/web\\\/2022\\\/07\\\/04\\\/realizaran-festival-de-ciudades-patrimonio\\\/\"},\"author\":{\"name\":\"Kuali Staff\",\"@id\":\"https:\\\/\\\/kuali.com.mx\\\/web\\\/#\\\/schema\\\/person\\\/6f89ffa8ecba9dae50662357923c5289\"},\"headline\":\"REALIZAR\u00c1N FESTIVAL DE CIUDADES PATRIMONIO\",\"datePublished\":\"2022-07-04T20:33:00+00:00\",\"dateModified\":\"2022-07-04T23:34:55+00:00\",\"mainEntityOfPage\":{\"@id\":\"https:\\\/\\\/kuali.com.mx\\\/web\\\/2022\\\/07\\\/04\\\/realizaran-festival-de-ciudades-patrimonio\\\/\"},\"wordCount\":310,\"commentCount\":0,\"image\":{\"@id\":\"https:\\\/\\\/kuali.com.mx\\\/web\\\/2022\\\/07\\\/04\\\/realizaran-festival-de-ciudades-patrimonio\\\/#primaryimage\"},\"thumbnailUrl\":\"https:\\\/\\\/kuali.com.mx\\\/web\\\/wp-content\\\/uploads\\\/2021\\\/03\\\/teatro-ju\u00e1rez.jpg\",\"articleSection\":[\"Cultura\"],\"inLanguage\":\"es\",\"potentialAction\":[{\"@type\":\"CommentAction\",\"name\":\"Comment\",\"target\":[\"https:\\\/\\\/kuali.com.mx\\\/web\\\/2022\\\/07\\\/04\\\/realizaran-festival-de-ciudades-patrimonio\\\/#respond\"]}]},{\"@type\":\"WebPage\",\"@id\":\"https:\\\/\\\/kuali.com.mx\\\/web\\\/2022\\\/07\\\/04\\\/realizaran-festival-de-ciudades-patrimonio\\\/\",\"url\":\"https:\\\/\\\/kuali.com.mx\\\/web\\\/2022\\\/07\\\/04\\\/realizaran-festival-de-ciudades-patrimonio\\\/\",\"name\":\"REALIZAR\u00c1N FESTIVAL DE CIUDADES PATRIMONIO - Kuali\",\"isPartOf\":{\"@id\":\"https:\\\/\\\/kuali.com.mx\\\/web\\\/#website\"},\"primaryImageOfPage\":{\"@id\":\"https:\\\/\\\/kuali.com.mx\\\/web\\\/2022\\\/07\\\/04\\\/realizaran-festival-de-ciudades-patrimonio\\\/#primaryimage\"},\"image\":{\"@id\":\"https:\\\/\\\/kuali.com.mx\\\/web\\\/2022\\\/07\\\/04\\\/realizaran-festival-de-ciudades-patrimonio\\\/#primaryimage\"},\"thumbnailUrl\":\"https:\\\/\\\/kuali.com.mx\\\/web\\\/wp-content\\\/uploads\\\/2021\\\/03\\\/teatro-ju\u00e1rez.jpg\",\"datePublished\":\"2022-07-04T20:33:00+00:00\",\"dateModified\":\"2022-07-04T23:34:55+00:00\",\"author\":{\"@id\":\"https:\\\/\\\/kuali.com.mx\\\/web\\\/#\\\/schema\\\/person\\\/6f89ffa8ecba9dae50662357923c5289\"},\"breadcrumb\":{\"@id\":\"https:\\\/\\\/kuali.com.mx\\\/web\\\/2022\\\/07\\\/04\\\/realizaran-festival-de-ciudades-patrimonio\\\/#breadcrumb\"},\"inLanguage\":\"es\",\"potentialAction\":[{\"@type\":\"ReadAction\",\"target\":[\"https:\\\/\\\/kuali.com.mx\\\/web\\\/2022\\\/07\\\/04\\\/realizaran-festival-de-ciudades-patrimonio\\\/\"]}]},{\"@type\":\"ImageObject\",\"inLanguage\":\"es\",\"@id\":\"https:\\\/\\\/kuali.com.mx\\\/web\\\/2022\\\/07\\\/04\\\/realizaran-festival-de-ciudades-patrimonio\\\/#primaryimage\",\"url\":\"https:\\\/\\\/kuali.com.mx\\\/web\\\/wp-content\\\/uploads\\\/2021\\\/03\\\/teatro-ju\u00e1rez.jpg\",\"contentUrl\":\"https:\\\/\\\/kuali.com.mx\\\/web\\\/wp-content\\\/uploads\\\/2021\\\/03\\\/teatro-ju\u00e1rez.jpg\",\"width\":2296,\"height\":1251,\"caption\":\"7 SEPTIEMBRE 2011 GUANAJUATO GTO TEATRO JUAREZ,.\"},{\"@type\":\"BreadcrumbList\",\"@id\":\"https:\\\/\\\/kuali.com.mx\\\/web\\\/2022\\\/07\\\/04\\\/realizaran-festival-de-ciudades-patrimonio\\\/#breadcrumb\",\"itemListElement\":[{\"@type\":\"ListItem\",\"position\":1,\"name\":\"Inicio\",\"item\":\"https:\\\/\\\/kuali.com.mx\\\/web\\\/\"},{\"@type\":\"ListItem\",\"position\":2,\"name\":\"REALIZAR\u00c1N FESTIVAL DE CIUDADES PATRIMONIO\"}]},{\"@type\":\"WebSite\",\"@id\":\"https:\\\/\\\/kuali.com.mx\\\/web\\\/#website\",\"url\":\"https:\\\/\\\/kuali.com.mx\\\/web\\\/\",\"name\":\"Kuali\",\"description\":\"\",\"potentialAction\":[{\"@type\":\"SearchAction\",\"target\":{\"@type\":\"EntryPoint\",\"urlTemplate\":\"https:\\\/\\\/kuali.com.mx\\\/web\\\/?s={search_term_string}\"},\"query-input\":{\"@type\":\"PropertyValueSpecification\",\"valueRequired\":true,\"valueName\":\"search_term_string\"}}],\"inLanguage\":\"es\"},{\"@type\":\"Person\",\"@id\":\"https:\\\/\\\/kuali.com.mx\\\/web\\\/#\\\/schema\\\/person\\\/6f89ffa8ecba9dae50662357923c5289\",\"name\":\"Kuali Staff\",\"image\":{\"@type\":\"ImageObject\",\"inLanguage\":\"es\",\"@id\":\"https:\\\/\\\/secure.gravatar.com\\\/avatar\\\/f917ad82e5ab71227a733c78b6e60715476f69ee6be59feee4eb5d9920c89e0f?s=96&d=mm&r=g\",\"url\":\"https:\\\/\\\/secure.gravatar.com\\\/avatar\\\/f917ad82e5ab71227a733c78b6e60715476f69ee6be59feee4eb5d9920c89e0f?s=96&d=mm&r=g\",\"contentUrl\":\"https:\\\/\\\/secure.gravatar.com\\\/avatar\\\/f917ad82e5ab71227a733c78b6e60715476f69ee6be59feee4eb5d9920c89e0f?s=96&d=mm&r=g\",\"caption\":\"Kuali Staff\"},\"url\":\"https:\\\/\\\/kuali.com.mx\\\/web\\\/author\\\/lagarto\\\/\"}]}<\/script>\n<!-- \/ Yoast SEO plugin. -->","yoast_head_json":{"title":"REALIZAR\u00c1N FESTIVAL DE CIUDADES PATRIMONIO - Kuali","robots":{"index":"index","follow":"follow","max-snippet":"max-snippet:-1","max-image-preview":"max-image-preview:large","max-video-preview":"max-video-preview:-1"},"canonical":"https:\/\/kuali.com.mx\/web\/2022\/07\/04\/realizaran-festival-de-ciudades-patrimonio\/","og_locale":"es_MX","og_type":"article","og_title":"REALIZAR\u00c1N FESTIVAL DE CIUDADES PATRIMONIO - Kuali","og_description":"Kuali\/Guanajuato, Gto.-Del 7 al 9 de julio Guanajuato Capital ser\u00e1 sede del segundo Festival de Ciudades Mexicanas del Patrimonio Mundial con conferencias, foros acad\u00e9micos, expresiones art\u00edsticas y un pabell\u00f3n artesanal de distintos lugares del pa\u00eds. Se espera la participaci\u00f3n de las 11 ciudades mexicanas declaradas por la UNESCO como Patrimonio Cultural de la Humanidad, adem\u00e1s [&hellip;]","og_url":"https:\/\/kuali.com.mx\/web\/2022\/07\/04\/realizaran-festival-de-ciudades-patrimonio\/","og_site_name":"Kuali","article_publisher":"https:\/\/kuali.com.mx\/web\/wp-content\/uploads\/2018\/04\/cropped-kuali_logo-1-1.png","article_published_time":"2022-07-04T20:33:00+00:00","article_modified_time":"2022-07-04T23:34:55+00:00","og_image":[{"width":2296,"height":1251,"url":"https:\/\/kuali.com.mx\/web\/wp-content\/uploads\/2021\/03\/teatro-ju\u00e1rez.jpg","type":"image\/jpeg"}],"author":"Kuali Staff","twitter_card":"summary_large_image","twitter_creator":"@kuali_noticias","twitter_site":"@kuali_noticias","twitter_misc":{"Escrito por":"Kuali Staff","Tiempo de lectura":"2 minutos"},"schema":{"@context":"https:\/\/schema.org","@graph":[{"@type":"Article","@id":"https:\/\/kuali.com.mx\/web\/2022\/07\/04\/realizaran-festival-de-ciudades-patrimonio\/#article","isPartOf":{"@id":"https:\/\/kuali.com.mx\/web\/2022\/07\/04\/realizaran-festival-de-ciudades-patrimonio\/"},"author":{"name":"Kuali Staff","@id":"https:\/\/kuali.com.mx\/web\/#\/schema\/person\/6f89ffa8ecba9dae50662357923c5289"},"headline":"REALIZAR\u00c1N FESTIVAL DE CIUDADES PATRIMONIO","datePublished":"2022-07-04T20:33:00+00:00","dateModified":"2022-07-04T23:34:55+00:00","mainEntityOfPage":{"@id":"https:\/\/kuali.com.mx\/web\/2022\/07\/04\/realizaran-festival-de-ciudades-patrimonio\/"},"wordCount":310,"commentCount":0,"image":{"@id":"https:\/\/kuali.com.mx\/web\/2022\/07\/04\/realizaran-festival-de-ciudades-patrimonio\/#primaryimage"},"thumbnailUrl":"https:\/\/kuali.com.mx\/web\/wp-content\/uploads\/2021\/03\/teatro-ju\u00e1rez.jpg","articleSection":["Cultura"],"inLanguage":"es","potentialAction":[{"@type":"CommentAction","name":"Comment","target":["https:\/\/kuali.com.mx\/web\/2022\/07\/04\/realizaran-festival-de-ciudades-patrimonio\/#respond"]}]},{"@type":"WebPage","@id":"https:\/\/kuali.com.mx\/web\/2022\/07\/04\/realizaran-festival-de-ciudades-patrimonio\/","url":"https:\/\/kuali.com.mx\/web\/2022\/07\/04\/realizaran-festival-de-ciudades-patrimonio\/","name":"REALIZAR\u00c1N FESTIVAL DE CIUDADES PATRIMONIO - Kuali","isPartOf":{"@id":"https:\/\/kuali.com.mx\/web\/#website"},"primaryImageOfPage":{"@id":"https:\/\/kuali.com.mx\/web\/2022\/07\/04\/realizaran-festival-de-ciudades-patrimonio\/#primaryimage"},"image":{"@id":"https:\/\/kuali.com.mx\/web\/2022\/07\/04\/realizaran-festival-de-ciudades-patrimonio\/#primaryimage"},"thumbnailUrl":"https:\/\/kuali.com.mx\/web\/wp-content\/uploads\/2021\/03\/teatro-ju\u00e1rez.jpg","datePublished":"2022-07-04T20:33:00+00:00","dateModified":"2022-07-04T23:34:55+00:00","author":{"@id":"https:\/\/kuali.com.mx\/web\/#\/schema\/person\/6f89ffa8ecba9dae50662357923c5289"},"breadcrumb":{"@id":"https:\/\/kuali.com.mx\/web\/2022\/07\/04\/realizaran-festival-de-ciudades-patrimonio\/#breadcrumb"},"inLanguage":"es","potentialAction":[{"@type":"ReadAction","target":["https:\/\/kuali.com.mx\/web\/2022\/07\/04\/realizaran-festival-de-ciudades-patrimonio\/"]}]},{"@type":"ImageObject","inLanguage":"es","@id":"https:\/\/kuali.com.mx\/web\/2022\/07\/04\/realizaran-festival-de-ciudades-patrimonio\/#primaryimage","url":"https:\/\/kuali.com.mx\/web\/wp-content\/uploads\/2021\/03\/teatro-ju\u00e1rez.jpg","contentUrl":"https:\/\/kuali.com.mx\/web\/wp-content\/uploads\/2021\/03\/teatro-ju\u00e1rez.jpg","width":2296,"height":1251,"caption":"7 SEPTIEMBRE 2011 GUANAJUATO GTO TEATRO JUAREZ,."},{"@type":"BreadcrumbList","@id":"https:\/\/kuali.com.mx\/web\/2022\/07\/04\/realizaran-festival-de-ciudades-patrimonio\/#breadcrumb","itemListElement":[{"@type":"ListItem","position":1,"name":"Inicio","item":"https:\/\/kuali.com.mx\/web\/"},{"@type":"ListItem","position":2,"name":"REALIZAR\u00c1N FESTIVAL DE CIUDADES PATRIMONIO"}]},{"@type":"WebSite","@id":"https:\/\/kuali.com.mx\/web\/#website","url":"https:\/\/kuali.com.mx\/web\/","name":"Kuali","description":"","potentialAction":[{"@type":"SearchAction","target":{"@type":"EntryPoint","urlTemplate":"https:\/\/kuali.com.mx\/web\/?s={search_term_string}"},"query-input":{"@type":"PropertyValueSpecification","valueRequired":true,"valueName":"search_term_string"}}],"inLanguage":"es"},{"@type":"Person","@id":"https:\/\/kuali.com.mx\/web\/#\/schema\/person\/6f89ffa8ecba9dae50662357923c5289","name":"Kuali Staff","image":{"@type":"ImageObject","inLanguage":"es","@id":"https:\/\/secure.gravatar.com\/avatar\/f917ad82e5ab71227a733c78b6e60715476f69ee6be59feee4eb5d9920c89e0f?s=96&d=mm&r=g","url":"https:\/\/secure.gravatar.com\/avatar\/f917ad82e5ab71227a733c78b6e60715476f69ee6be59feee4eb5d9920c89e0f?s=96&d=mm&r=g","contentUrl":"https:\/\/secure.gravatar.com\/avatar\/f917ad82e5ab71227a733c78b6e60715476f69ee6be59feee4eb5d9920c89e0f?s=96&d=mm&r=g","caption":"Kuali Staff"},"url":"https:\/\/kuali.com.mx\/web\/author\/lagarto\/"}]}},"_links":{"self":[{"href":"https:\/\/kuali.com.mx\/web\/wp-json\/wp\/v2\/posts\/99789","targetHints":{"allow":["GET"]}}],"collection":[{"href":"https:\/\/kuali.com.mx\/web\/wp-json\/wp\/v2\/posts"}],"about":[{"href":"https:\/\/kuali.com.mx\/web\/wp-json\/wp\/v2\/types\/post"}],"author":[{"embeddable":true,"href":"https:\/\/kuali.com.mx\/web\/wp-json\/wp\/v2\/users\/2"}],"replies":[{"embeddable":true,"href":"https:\/\/kuali.com.mx\/web\/wp-json\/wp\/v2\/comments?post=99789"}],"version-history":[{"count":1,"href":"https:\/\/kuali.com.mx\/web\/wp-json\/wp\/v2\/posts\/99789\/revisions"}],"predecessor-version":[{"id":99791,"href":"https:\/\/kuali.com.mx\/web\/wp-json\/wp\/v2\/posts\/99789\/revisions\/99791"}],"wp:featuredmedia":[{"embeddable":true,"href":"https:\/\/kuali.com.mx\/web\/wp-json\/wp\/v2\/media\/80432"}],"wp:attachment":[{"href":"https:\/\/kuali.com.mx\/web\/wp-json\/wp\/v2\/media?parent=99789"}],"wp:term":[{"taxonomy":"category","embeddable":true,"href":"https:\/\/kuali.com.mx\/web\/wp-json\/wp\/v2\/categories?post=99789"},{"taxonomy":"post_tag","embeddable":true,"href":"https:\/\/kuali.com.mx\/web\/wp-json\/wp\/v2\/tags?post=99789"}],"curies":[{"name":"wp","href":"https:\/\/api.w.org\/{rel}","templated":true}]}}