{"id":99756,"date":"2022-07-03T21:40:54","date_gmt":"2022-07-04T03:40:54","guid":{"rendered":"https:\/\/kuali.com.mx\/web\/?p=99756"},"modified":"2022-07-04T07:24:22","modified_gmt":"2022-07-04T13:24:22","slug":"realizan-primera-marcha-lgbt-en-manuel-doblado","status":"publish","type":"post","link":"https:\/\/kuali.com.mx\/web\/2022\/07\/03\/realizan-primera-marcha-lgbt-en-manuel-doblado\/","title":{"rendered":"REALIZAN PRIMERA MARCHA LGBT EN MANUEL DOBLADO"},"content":{"rendered":"\n<p><strong>Alicia Arias\/Manuel Doblado.- <\/strong>\u201cNo hay nada que cambiar porque todo est\u00e1 bien con nosotros\u201d, fue el principal mensaje de la primera marcha por el orgullo LGBT que se realiz\u00f3 en esta ciudad.<\/p>\n\n\n\n<p>Ciudad Manuel Doblado se suma a las ciudades del estado de Guanajuato en las que se conmemor\u00f3 el mes y el D\u00eda Internacional del Orgullo LGBT, que se celebra cada 28 de junio, y lo hizo con una marcha que convoc\u00f3, incluso, a quienes ya salieron de la ciudad, a quienes ya no viven ah\u00ed, pero volvieron para estar en un d\u00eda tan especial, un d\u00eda para recordarle a la gente su derecho a ser y existir en la diversidad.<\/p>\n\n\n\n<iframe loading=\"lazy\" src=\"https:\/\/www.facebook.com\/plugins\/video.php?height=314&href=https%3A%2F%2Fwww.facebook.com%2FKualiNoticias%2Fvideos%2F690780275691716%2F&show_text=false&width=560&t=0\" width=\"560\" height=\"314\" style=\"border:none;overflow:hidden\" scrolling=\"no\" frameborder=\"0\" allowfullscreen=\"true\" allow=\"autoplay; clipboard-write; encrypted-media; picture-in-picture; web-share\" allowFullScreen=\"true\"><\/iframe>\n\n\n\n<p>Poco m\u00e1s de 60 personas, incluyendo ni\u00f1as y ni\u00f1os, marcharon por las calles de la ciudad en un acto que pasar\u00e1 a la historia como la primera marcha del orgullo en Manuel Doblado.<\/p>\n\n\n\n<p>&nbsp;El contingente parti\u00f3 a las 18:00 horas del Pante\u00f3n Municipal y recorri\u00f3 la calle Ju\u00e1rez hasta llegar a la plaza principal, donde Carlos Eduardo Jaramillo, actual Mister Gay MD 2022, dirigi\u00f3 un mensaje a toda la poblaci\u00f3n.<\/p>\n\n\n\n<p>Conocido como \u201cCharly\u201d, &nbsp;dej\u00f3 claro que \u201cno hay nada que cambiar porque todo est\u00e1 bien con nosotros\u201d.<\/p>\n\n\n\n<p>Mencion\u00f3 que estaban ah\u00ed, siendo valientes y gritando por los que a\u00fan no pueden tener voz para que no tengan que seguir viviendo en el silencio, ni ser discriminados.<\/p>\n\n\n\n<p>\u201cHoy, despu\u00e9s de tantos a\u00f1os de silencio salimos a las calles para representar a las personas que a\u00fan no salen del closet\u201d, dijo, al desear que \u201cque el closet ya no exista, que ya no haga falta\u201d.<\/p>\n\n\n\n<p>Destac\u00f3 el derecho que tienen quienes integran la comunidad de la diversidad a vivir con pasi\u00f3n lo que son y a defenderse con valent\u00eda para que valga la pena todo el sufrimiento ha vivido.<\/p>\n\n\n\n<p>Al mitin sigui\u00f3 un festejo al que se sumaron m\u00e1s personas y que concluy\u00f3 a las 22:00 horas en la plaza principal, donde cantaron, bailaron y se tomaron las fotograf\u00edas y videos que pasar\u00e1n a la historia para recordar que \u00e9sta fue la primera vez que salieron a manifestarse p\u00fablicamente.<\/p>\n\n\n\n<p>\u201cAqu\u00ed estamos y no nos vamos porque de aqu\u00ed somos y jam\u00e1s nos iremos\u201d.<\/p>\n","protected":false},"excerpt":{"rendered":"Alicia Arias\/Manuel Doblado.- \u201cNo hay nada que cambiar porque todo est\u00e1 bien con nosotros\u201d, fue el principal mensaje de la primera marcha por el orgullo LGBT que se realiz\u00f3 en esta ciudad. Ciudad Manuel Doblado se suma a las ciudades del estado de Guanajuato en las que se conmemor\u00f3 el mes y el D\u00eda Internacional [&hellip;]","protected":false},"author":2,"featured_media":99758,"comment_status":"open","ping_status":"open","sticky":false,"template":"","format":"standard","meta":{"_seopress_robots_primary_cat":"none","_seopress_titles_title":"","_seopress_titles_desc":"","_seopress_robots_index":"","_monsterinsights_skip_tracking":false,"_monsterinsights_sitenote_active":false,"_monsterinsights_sitenote_note":"","_monsterinsights_sitenote_category":0,"footnotes":""},"categories":[14,69],"tags":[100,688,143,687],"class_list":["post-99756","post","type-post","status-publish","format-standard","has-post-thumbnail","hentry","category-derechos","category-slider","tag-derechos-humanos","tag-diversidad","tag-manuel-doblado","tag-marcha-lgbt"],"yoast_head":"<!-- This site is optimized with the Yoast SEO plugin v27.4 - https:\/\/yoast.com\/product\/yoast-seo-wordpress\/ -->\n<title>REALIZAN PRIMERA MARCHA LGBT EN MANUEL DOBLADO - Kuali<\/title>\n<meta name=\"robots\" content=\"index, follow, max-snippet:-1, max-image-preview:large, max-video-preview:-1\" \/>\n<link rel=\"canonical\" href=\"https:\/\/kuali.com.mx\/web\/2022\/07\/03\/realizan-primera-marcha-lgbt-en-manuel-doblado\/\" \/>\n<meta property=\"og:locale\" content=\"es_MX\" \/>\n<meta property=\"og:type\" content=\"article\" \/>\n<meta property=\"og:title\" content=\"REALIZAN PRIMERA MARCHA LGBT EN MANUEL DOBLADO - Kuali\" \/>\n<meta property=\"og:description\" content=\"Alicia Arias\/Manuel Doblado.- \u201cNo hay nada que cambiar porque todo est\u00e1 bien con nosotros\u201d, fue el principal mensaje de la primera marcha por el orgullo LGBT que se realiz\u00f3 en esta ciudad. Ciudad Manuel Doblado se suma a las ciudades del estado de Guanajuato en las que se conmemor\u00f3 el mes y el D\u00eda Internacional [&hellip;]\" \/>\n<meta property=\"og:url\" content=\"https:\/\/kuali.com.mx\/web\/2022\/07\/03\/realizan-primera-marcha-lgbt-en-manuel-doblado\/\" \/>\n<meta property=\"og:site_name\" content=\"Kuali\" \/>\n<meta property=\"article:publisher\" content=\"https:\/\/kuali.com.mx\/web\/wp-content\/uploads\/2018\/04\/cropped-kuali_logo-1-1.png\" \/>\n<meta property=\"article:published_time\" content=\"2022-07-04T03:40:54+00:00\" \/>\n<meta property=\"article:modified_time\" content=\"2022-07-04T13:24:22+00:00\" \/>\n<meta property=\"og:image\" content=\"https:\/\/kuali.com.mx\/web\/wp-content\/uploads\/2022\/07\/Marcha-LGBT-Manuel-Doblado.gif\" \/>\n\t<meta property=\"og:image:width\" content=\"1900\" \/>\n\t<meta property=\"og:image:height\" content=\"750\" \/>\n\t<meta property=\"og:image:type\" content=\"image\/gif\" \/>\n<meta name=\"author\" content=\"Kuali Staff\" \/>\n<meta name=\"twitter:card\" content=\"summary_large_image\" \/>\n<meta name=\"twitter:creator\" content=\"@kuali_noticias\" \/>\n<meta name=\"twitter:site\" content=\"@kuali_noticias\" \/>\n<meta name=\"twitter:label1\" content=\"Escrito por\" \/>\n\t<meta name=\"twitter:data1\" content=\"Kuali Staff\" \/>\n\t<meta name=\"twitter:label2\" content=\"Tiempo de lectura\" \/>\n\t<meta name=\"twitter:data2\" content=\"2 minutos\" \/>\n<script type=\"application\/ld+json\" class=\"yoast-schema-graph\">{\"@context\":\"https:\\\/\\\/schema.org\",\"@graph\":[{\"@type\":\"Article\",\"@id\":\"https:\\\/\\\/kuali.com.mx\\\/web\\\/2022\\\/07\\\/03\\\/realizan-primera-marcha-lgbt-en-manuel-doblado\\\/#article\",\"isPartOf\":{\"@id\":\"https:\\\/\\\/kuali.com.mx\\\/web\\\/2022\\\/07\\\/03\\\/realizan-primera-marcha-lgbt-en-manuel-doblado\\\/\"},\"author\":{\"name\":\"Kuali Staff\",\"@id\":\"https:\\\/\\\/kuali.com.mx\\\/web\\\/#\\\/schema\\\/person\\\/6f89ffa8ecba9dae50662357923c5289\"},\"headline\":\"REALIZAN PRIMERA MARCHA LGBT EN MANUEL DOBLADO\",\"datePublished\":\"2022-07-04T03:40:54+00:00\",\"dateModified\":\"2022-07-04T13:24:22+00:00\",\"mainEntityOfPage\":{\"@id\":\"https:\\\/\\\/kuali.com.mx\\\/web\\\/2022\\\/07\\\/03\\\/realizan-primera-marcha-lgbt-en-manuel-doblado\\\/\"},\"wordCount\":389,\"commentCount\":0,\"image\":{\"@id\":\"https:\\\/\\\/kuali.com.mx\\\/web\\\/2022\\\/07\\\/03\\\/realizan-primera-marcha-lgbt-en-manuel-doblado\\\/#primaryimage\"},\"thumbnailUrl\":\"https:\\\/\\\/kuali.com.mx\\\/web\\\/wp-content\\\/uploads\\\/2022\\\/07\\\/Marcha-LGBT-Manuel-Doblado.gif\",\"keywords\":[\"Derechos Humanos\",\"Diversidad\",\"Manuel Doblado\",\"Marcha LGBT\"],\"articleSection\":[\"Derechos Humanos\",\"slider\"],\"inLanguage\":\"es\",\"potentialAction\":[{\"@type\":\"CommentAction\",\"name\":\"Comment\",\"target\":[\"https:\\\/\\\/kuali.com.mx\\\/web\\\/2022\\\/07\\\/03\\\/realizan-primera-marcha-lgbt-en-manuel-doblado\\\/#respond\"]}]},{\"@type\":\"WebPage\",\"@id\":\"https:\\\/\\\/kuali.com.mx\\\/web\\\/2022\\\/07\\\/03\\\/realizan-primera-marcha-lgbt-en-manuel-doblado\\\/\",\"url\":\"https:\\\/\\\/kuali.com.mx\\\/web\\\/2022\\\/07\\\/03\\\/realizan-primera-marcha-lgbt-en-manuel-doblado\\\/\",\"name\":\"REALIZAN PRIMERA MARCHA LGBT EN MANUEL DOBLADO - Kuali\",\"isPartOf\":{\"@id\":\"https:\\\/\\\/kuali.com.mx\\\/web\\\/#website\"},\"primaryImageOfPage\":{\"@id\":\"https:\\\/\\\/kuali.com.mx\\\/web\\\/2022\\\/07\\\/03\\\/realizan-primera-marcha-lgbt-en-manuel-doblado\\\/#primaryimage\"},\"image\":{\"@id\":\"https:\\\/\\\/kuali.com.mx\\\/web\\\/2022\\\/07\\\/03\\\/realizan-primera-marcha-lgbt-en-manuel-doblado\\\/#primaryimage\"},\"thumbnailUrl\":\"https:\\\/\\\/kuali.com.mx\\\/web\\\/wp-content\\\/uploads\\\/2022\\\/07\\\/Marcha-LGBT-Manuel-Doblado.gif\",\"datePublished\":\"2022-07-04T03:40:54+00:00\",\"dateModified\":\"2022-07-04T13:24:22+00:00\",\"author\":{\"@id\":\"https:\\\/\\\/kuali.com.mx\\\/web\\\/#\\\/schema\\\/person\\\/6f89ffa8ecba9dae50662357923c5289\"},\"breadcrumb\":{\"@id\":\"https:\\\/\\\/kuali.com.mx\\\/web\\\/2022\\\/07\\\/03\\\/realizan-primera-marcha-lgbt-en-manuel-doblado\\\/#breadcrumb\"},\"inLanguage\":\"es\",\"potentialAction\":[{\"@type\":\"ReadAction\",\"target\":[\"https:\\\/\\\/kuali.com.mx\\\/web\\\/2022\\\/07\\\/03\\\/realizan-primera-marcha-lgbt-en-manuel-doblado\\\/\"]}]},{\"@type\":\"ImageObject\",\"inLanguage\":\"es\",\"@id\":\"https:\\\/\\\/kuali.com.mx\\\/web\\\/2022\\\/07\\\/03\\\/realizan-primera-marcha-lgbt-en-manuel-doblado\\\/#primaryimage\",\"url\":\"https:\\\/\\\/kuali.com.mx\\\/web\\\/wp-content\\\/uploads\\\/2022\\\/07\\\/Marcha-LGBT-Manuel-Doblado.gif\",\"contentUrl\":\"https:\\\/\\\/kuali.com.mx\\\/web\\\/wp-content\\\/uploads\\\/2022\\\/07\\\/Marcha-LGBT-Manuel-Doblado.gif\",\"width\":1900,\"height\":750},{\"@type\":\"BreadcrumbList\",\"@id\":\"https:\\\/\\\/kuali.com.mx\\\/web\\\/2022\\\/07\\\/03\\\/realizan-primera-marcha-lgbt-en-manuel-doblado\\\/#breadcrumb\",\"itemListElement\":[{\"@type\":\"ListItem\",\"position\":1,\"name\":\"Inicio\",\"item\":\"https:\\\/\\\/kuali.com.mx\\\/web\\\/\"},{\"@type\":\"ListItem\",\"position\":2,\"name\":\"REALIZAN PRIMERA MARCHA LGBT EN MANUEL DOBLADO\"}]},{\"@type\":\"WebSite\",\"@id\":\"https:\\\/\\\/kuali.com.mx\\\/web\\\/#website\",\"url\":\"https:\\\/\\\/kuali.com.mx\\\/web\\\/\",\"name\":\"Kuali\",\"description\":\"\",\"potentialAction\":[{\"@type\":\"SearchAction\",\"target\":{\"@type\":\"EntryPoint\",\"urlTemplate\":\"https:\\\/\\\/kuali.com.mx\\\/web\\\/?s={search_term_string}\"},\"query-input\":{\"@type\":\"PropertyValueSpecification\",\"valueRequired\":true,\"valueName\":\"search_term_string\"}}],\"inLanguage\":\"es\"},{\"@type\":\"Person\",\"@id\":\"https:\\\/\\\/kuali.com.mx\\\/web\\\/#\\\/schema\\\/person\\\/6f89ffa8ecba9dae50662357923c5289\",\"name\":\"Kuali Staff\",\"image\":{\"@type\":\"ImageObject\",\"inLanguage\":\"es\",\"@id\":\"https:\\\/\\\/secure.gravatar.com\\\/avatar\\\/f917ad82e5ab71227a733c78b6e60715476f69ee6be59feee4eb5d9920c89e0f?s=96&d=mm&r=g\",\"url\":\"https:\\\/\\\/secure.gravatar.com\\\/avatar\\\/f917ad82e5ab71227a733c78b6e60715476f69ee6be59feee4eb5d9920c89e0f?s=96&d=mm&r=g\",\"contentUrl\":\"https:\\\/\\\/secure.gravatar.com\\\/avatar\\\/f917ad82e5ab71227a733c78b6e60715476f69ee6be59feee4eb5d9920c89e0f?s=96&d=mm&r=g\",\"caption\":\"Kuali Staff\"},\"url\":\"https:\\\/\\\/kuali.com.mx\\\/web\\\/author\\\/lagarto\\\/\"}]}<\/script>\n<!-- \/ Yoast SEO plugin. -->","yoast_head_json":{"title":"REALIZAN PRIMERA MARCHA LGBT EN MANUEL DOBLADO - Kuali","robots":{"index":"index","follow":"follow","max-snippet":"max-snippet:-1","max-image-preview":"max-image-preview:large","max-video-preview":"max-video-preview:-1"},"canonical":"https:\/\/kuali.com.mx\/web\/2022\/07\/03\/realizan-primera-marcha-lgbt-en-manuel-doblado\/","og_locale":"es_MX","og_type":"article","og_title":"REALIZAN PRIMERA MARCHA LGBT EN MANUEL DOBLADO - Kuali","og_description":"Alicia Arias\/Manuel Doblado.- \u201cNo hay nada que cambiar porque todo est\u00e1 bien con nosotros\u201d, fue el principal mensaje de la primera marcha por el orgullo LGBT que se realiz\u00f3 en esta ciudad. Ciudad Manuel Doblado se suma a las ciudades del estado de Guanajuato en las que se conmemor\u00f3 el mes y el D\u00eda Internacional [&hellip;]","og_url":"https:\/\/kuali.com.mx\/web\/2022\/07\/03\/realizan-primera-marcha-lgbt-en-manuel-doblado\/","og_site_name":"Kuali","article_publisher":"https:\/\/kuali.com.mx\/web\/wp-content\/uploads\/2018\/04\/cropped-kuali_logo-1-1.png","article_published_time":"2022-07-04T03:40:54+00:00","article_modified_time":"2022-07-04T13:24:22+00:00","og_image":[{"width":1900,"height":750,"url":"https:\/\/kuali.com.mx\/web\/wp-content\/uploads\/2022\/07\/Marcha-LGBT-Manuel-Doblado.gif","type":"image\/gif"}],"author":"Kuali Staff","twitter_card":"summary_large_image","twitter_creator":"@kuali_noticias","twitter_site":"@kuali_noticias","twitter_misc":{"Escrito por":"Kuali Staff","Tiempo de lectura":"2 minutos"},"schema":{"@context":"https:\/\/schema.org","@graph":[{"@type":"Article","@id":"https:\/\/kuali.com.mx\/web\/2022\/07\/03\/realizan-primera-marcha-lgbt-en-manuel-doblado\/#article","isPartOf":{"@id":"https:\/\/kuali.com.mx\/web\/2022\/07\/03\/realizan-primera-marcha-lgbt-en-manuel-doblado\/"},"author":{"name":"Kuali Staff","@id":"https:\/\/kuali.com.mx\/web\/#\/schema\/person\/6f89ffa8ecba9dae50662357923c5289"},"headline":"REALIZAN PRIMERA MARCHA LGBT EN MANUEL DOBLADO","datePublished":"2022-07-04T03:40:54+00:00","dateModified":"2022-07-04T13:24:22+00:00","mainEntityOfPage":{"@id":"https:\/\/kuali.com.mx\/web\/2022\/07\/03\/realizan-primera-marcha-lgbt-en-manuel-doblado\/"},"wordCount":389,"commentCount":0,"image":{"@id":"https:\/\/kuali.com.mx\/web\/2022\/07\/03\/realizan-primera-marcha-lgbt-en-manuel-doblado\/#primaryimage"},"thumbnailUrl":"https:\/\/kuali.com.mx\/web\/wp-content\/uploads\/2022\/07\/Marcha-LGBT-Manuel-Doblado.gif","keywords":["Derechos Humanos","Diversidad","Manuel Doblado","Marcha LGBT"],"articleSection":["Derechos Humanos","slider"],"inLanguage":"es","potentialAction":[{"@type":"CommentAction","name":"Comment","target":["https:\/\/kuali.com.mx\/web\/2022\/07\/03\/realizan-primera-marcha-lgbt-en-manuel-doblado\/#respond"]}]},{"@type":"WebPage","@id":"https:\/\/kuali.com.mx\/web\/2022\/07\/03\/realizan-primera-marcha-lgbt-en-manuel-doblado\/","url":"https:\/\/kuali.com.mx\/web\/2022\/07\/03\/realizan-primera-marcha-lgbt-en-manuel-doblado\/","name":"REALIZAN PRIMERA MARCHA LGBT EN MANUEL DOBLADO - Kuali","isPartOf":{"@id":"https:\/\/kuali.com.mx\/web\/#website"},"primaryImageOfPage":{"@id":"https:\/\/kuali.com.mx\/web\/2022\/07\/03\/realizan-primera-marcha-lgbt-en-manuel-doblado\/#primaryimage"},"image":{"@id":"https:\/\/kuali.com.mx\/web\/2022\/07\/03\/realizan-primera-marcha-lgbt-en-manuel-doblado\/#primaryimage"},"thumbnailUrl":"https:\/\/kuali.com.mx\/web\/wp-content\/uploads\/2022\/07\/Marcha-LGBT-Manuel-Doblado.gif","datePublished":"2022-07-04T03:40:54+00:00","dateModified":"2022-07-04T13:24:22+00:00","author":{"@id":"https:\/\/kuali.com.mx\/web\/#\/schema\/person\/6f89ffa8ecba9dae50662357923c5289"},"breadcrumb":{"@id":"https:\/\/kuali.com.mx\/web\/2022\/07\/03\/realizan-primera-marcha-lgbt-en-manuel-doblado\/#breadcrumb"},"inLanguage":"es","potentialAction":[{"@type":"ReadAction","target":["https:\/\/kuali.com.mx\/web\/2022\/07\/03\/realizan-primera-marcha-lgbt-en-manuel-doblado\/"]}]},{"@type":"ImageObject","inLanguage":"es","@id":"https:\/\/kuali.com.mx\/web\/2022\/07\/03\/realizan-primera-marcha-lgbt-en-manuel-doblado\/#primaryimage","url":"https:\/\/kuali.com.mx\/web\/wp-content\/uploads\/2022\/07\/Marcha-LGBT-Manuel-Doblado.gif","contentUrl":"https:\/\/kuali.com.mx\/web\/wp-content\/uploads\/2022\/07\/Marcha-LGBT-Manuel-Doblado.gif","width":1900,"height":750},{"@type":"BreadcrumbList","@id":"https:\/\/kuali.com.mx\/web\/2022\/07\/03\/realizan-primera-marcha-lgbt-en-manuel-doblado\/#breadcrumb","itemListElement":[{"@type":"ListItem","position":1,"name":"Inicio","item":"https:\/\/kuali.com.mx\/web\/"},{"@type":"ListItem","position":2,"name":"REALIZAN PRIMERA MARCHA LGBT EN MANUEL DOBLADO"}]},{"@type":"WebSite","@id":"https:\/\/kuali.com.mx\/web\/#website","url":"https:\/\/kuali.com.mx\/web\/","name":"Kuali","description":"","potentialAction":[{"@type":"SearchAction","target":{"@type":"EntryPoint","urlTemplate":"https:\/\/kuali.com.mx\/web\/?s={search_term_string}"},"query-input":{"@type":"PropertyValueSpecification","valueRequired":true,"valueName":"search_term_string"}}],"inLanguage":"es"},{"@type":"Person","@id":"https:\/\/kuali.com.mx\/web\/#\/schema\/person\/6f89ffa8ecba9dae50662357923c5289","name":"Kuali Staff","image":{"@type":"ImageObject","inLanguage":"es","@id":"https:\/\/secure.gravatar.com\/avatar\/f917ad82e5ab71227a733c78b6e60715476f69ee6be59feee4eb5d9920c89e0f?s=96&d=mm&r=g","url":"https:\/\/secure.gravatar.com\/avatar\/f917ad82e5ab71227a733c78b6e60715476f69ee6be59feee4eb5d9920c89e0f?s=96&d=mm&r=g","contentUrl":"https:\/\/secure.gravatar.com\/avatar\/f917ad82e5ab71227a733c78b6e60715476f69ee6be59feee4eb5d9920c89e0f?s=96&d=mm&r=g","caption":"Kuali Staff"},"url":"https:\/\/kuali.com.mx\/web\/author\/lagarto\/"}]}},"_links":{"self":[{"href":"https:\/\/kuali.com.mx\/web\/wp-json\/wp\/v2\/posts\/99756","targetHints":{"allow":["GET"]}}],"collection":[{"href":"https:\/\/kuali.com.mx\/web\/wp-json\/wp\/v2\/posts"}],"about":[{"href":"https:\/\/kuali.com.mx\/web\/wp-json\/wp\/v2\/types\/post"}],"author":[{"embeddable":true,"href":"https:\/\/kuali.com.mx\/web\/wp-json\/wp\/v2\/users\/2"}],"replies":[{"embeddable":true,"href":"https:\/\/kuali.com.mx\/web\/wp-json\/wp\/v2\/comments?post=99756"}],"version-history":[{"count":2,"href":"https:\/\/kuali.com.mx\/web\/wp-json\/wp\/v2\/posts\/99756\/revisions"}],"predecessor-version":[{"id":99760,"href":"https:\/\/kuali.com.mx\/web\/wp-json\/wp\/v2\/posts\/99756\/revisions\/99760"}],"wp:featuredmedia":[{"embeddable":true,"href":"https:\/\/kuali.com.mx\/web\/wp-json\/wp\/v2\/media\/99758"}],"wp:attachment":[{"href":"https:\/\/kuali.com.mx\/web\/wp-json\/wp\/v2\/media?parent=99756"}],"wp:term":[{"taxonomy":"category","embeddable":true,"href":"https:\/\/kuali.com.mx\/web\/wp-json\/wp\/v2\/categories?post=99756"},{"taxonomy":"post_tag","embeddable":true,"href":"https:\/\/kuali.com.mx\/web\/wp-json\/wp\/v2\/tags?post=99756"}],"curies":[{"name":"wp","href":"https:\/\/api.w.org\/{rel}","templated":true}]}}