{"id":99042,"date":"2022-06-23T11:12:00","date_gmt":"2022-06-23T17:12:00","guid":{"rendered":"https:\/\/kuali.com.mx\/web\/?p=99042"},"modified":"2022-06-23T16:18:53","modified_gmt":"2022-06-23T22:18:53","slug":"recibe-mexico-800-mil-vacunas-para-menores-de-5-y-11-anos","status":"publish","type":"post","link":"https:\/\/kuali.com.mx\/web\/2022\/06\/23\/recibe-mexico-800-mil-vacunas-para-menores-de-5-y-11-anos\/","title":{"rendered":"RECIBE M\u00c9XICO 800 MIL VACUNAS PARA MENORES DE 5 Y 11 A\u00d1OS"},"content":{"rendered":"\n<p><strong><em>La Jornada\/Ciudad de M\u00e9xico.-<\/em><\/strong> La ma\u00f1ana de este jueves arrib\u00f3 el primer embarque con 804 mil vacunas contra el SARS- CoV-2 de Pfizer-BioNTech para ni\u00f1as y ni\u00f1os de cinco a 11 a\u00f1os, de un total de ocho millones del contrato con esta farmac\u00e9utica destinadas para este segmento poblacional.<\/p>\n\n\n\n<p>En la recepci\u00f3n de los biol\u00f3gicos estuvo Pedro Zenteno Santaella, director general del Instituto de Seguridad y Servicios Sociales de los Trabajadores del Estado (ISSSTE), quien a la pregunta sobre cuando comenzar\u00e1 la vacunaci\u00f3n de infantes de cinco a 11 a\u00f1os dijo que: \u201cestamos con esto, a partir del d\u00eda lunes, empezamos con esto\u201d.<\/p>\n\n\n\n<p>A\u00f1adi\u00f3 que \u201cal registrase en la (plataforma) vacuna daremos informaci\u00f3n el d\u00eda lunes de donde, porque estamos revisando plataforma\u201d y \u201cde acuerdo al n\u00famero poblacional, iremos haciendo llegar la vacuna a los distintas entidades del pa\u00eds\u201d.<\/p>\n\n\n\n<p>El lunes se informar\u00e1 donde va a iniciar la inmunizaci\u00f3n. Se har\u00e1 un corte de los inscritos el domingo, \u201cseguramente arrancar\u00e1 en los lugares de mayor concentraci\u00f3n\u201d<\/p>\n\n\n\n<p>El funcionario invit\u00f3 a los mexicanos que no se han vacunado a que lo hagan y a aquellos que no han completado sus esquemas de vacunaci\u00f3n a que tambi\u00e9n los concluyan.<\/p>\n\n\n\n<p>Record\u00f3 que los biol\u00f3gicos tienen un \u201cefecto preventivo, y lo vemos ahora que los contagios son menos graves\u201d y resalt\u00f3 que la poblaci\u00f3n con esquemas completos est\u00e1 arriba del \u201c65 por ciento\u201d de la poblaci\u00f3n.<br>La Secretar\u00eda de Salud (Ssa) detall\u00f3 que al incluir vacunas para personas a partir de los 12 a\u00f1os y las pedi\u00e1tricas, en total suman 52 millones 237 mil 395 dosis recibidas en 113 embarques de este laboratorio (Pfizer-BioNTech), desde el 23 de diciembre de 2020.<\/p>\n\n\n\n<p>Los biol\u00f3gicos arribaron a las 07:39 horas a la terminal uno del Aeropuerto Internacional de la Ciudad de M\u00e9xico (AICM), en el vuelo CVG-GDL-MEX- M71641, procedente de Cincinnati, Estados Unidos, con escala Guadalajara, Jalisco.<\/p>\n\n\n\n<p>M\u00e9xico ha recibido 168 millones 137 mil 95 vacunas envasadas de Pfizer-BioNTech, AstraZeneca, Sinovac, Centro Nacional de Investigaci\u00f3n de Epidemiolog\u00eda y Microbiolog\u00eda Gamaleya, CanSino Biologics, Johnson &amp; Johnson y Moderna.<\/p>\n\n\n\n<p>Asimismo, en territorio mexicano, el laboratorio Drugmex ha envasado 14 millones 024 mil 840 dosis de CanSino Biologics, y el laboratorio Liomont 42 millones 991 mil 100 biol\u00f3gicos de AstraZeneca, lo que hace un total de 57 millones 015 mil 940 vacunas envasadas en el pa\u00eds.<\/p>\n\n\n\n<p>Desde el 23 de diciembre de 2020, M\u00e9xico ha tenido disponibles en total 225 millones 153 mil 35 biol\u00f3gicos.<\/p>\n","protected":false},"excerpt":{"rendered":"La Jornada\/Ciudad de M\u00e9xico.- La ma\u00f1ana de este jueves arrib\u00f3 el primer embarque con 804 mil vacunas contra el SARS- CoV-2 de Pfizer-BioNTech para ni\u00f1as y ni\u00f1os de cinco a 11 a\u00f1os, de un total de ocho millones del contrato con esta farmac\u00e9utica destinadas para este segmento poblacional. En la recepci\u00f3n de los biol\u00f3gicos estuvo [&hellip;]","protected":false},"author":2,"featured_media":77400,"comment_status":"open","ping_status":"open","sticky":false,"template":"","format":"standard","meta":{"_seopress_robots_primary_cat":"none","_seopress_titles_title":"","_seopress_titles_desc":"","_seopress_robots_index":"","_monsterinsights_skip_tracking":false,"_monsterinsights_sitenote_active":false,"_monsterinsights_sitenote_note":"","_monsterinsights_sitenote_category":0,"footnotes":""},"categories":[7],"tags":[],"class_list":["post-99042","post","type-post","status-publish","format-standard","has-post-thumbnail","hentry","category-salud"],"yoast_head":"<!-- This site is optimized with the Yoast SEO plugin v27.4 - https:\/\/yoast.com\/product\/yoast-seo-wordpress\/ -->\n<title>RECIBE M\u00c9XICO 800 MIL VACUNAS PARA MENORES DE 5 Y 11 A\u00d1OS - Kuali<\/title>\n<meta name=\"robots\" content=\"index, follow, max-snippet:-1, max-image-preview:large, max-video-preview:-1\" \/>\n<link rel=\"canonical\" href=\"https:\/\/kuali.com.mx\/web\/2022\/06\/23\/recibe-mexico-800-mil-vacunas-para-menores-de-5-y-11-anos\/\" \/>\n<meta property=\"og:locale\" content=\"es_MX\" \/>\n<meta property=\"og:type\" content=\"article\" \/>\n<meta property=\"og:title\" content=\"RECIBE M\u00c9XICO 800 MIL VACUNAS PARA MENORES DE 5 Y 11 A\u00d1OS - Kuali\" \/>\n<meta property=\"og:description\" content=\"La Jornada\/Ciudad de M\u00e9xico.- La ma\u00f1ana de este jueves arrib\u00f3 el primer embarque con 804 mil vacunas contra el SARS- CoV-2 de Pfizer-BioNTech para ni\u00f1as y ni\u00f1os de cinco a 11 a\u00f1os, de un total de ocho millones del contrato con esta farmac\u00e9utica destinadas para este segmento poblacional. En la recepci\u00f3n de los biol\u00f3gicos estuvo [&hellip;]\" \/>\n<meta property=\"og:url\" content=\"https:\/\/kuali.com.mx\/web\/2022\/06\/23\/recibe-mexico-800-mil-vacunas-para-menores-de-5-y-11-anos\/\" \/>\n<meta property=\"og:site_name\" content=\"Kuali\" \/>\n<meta property=\"article:publisher\" content=\"https:\/\/kuali.com.mx\/web\/wp-content\/uploads\/2018\/04\/cropped-kuali_logo-1-1.png\" \/>\n<meta property=\"article:published_time\" content=\"2022-06-23T17:12:00+00:00\" \/>\n<meta property=\"article:modified_time\" content=\"2022-06-23T22:18:53+00:00\" \/>\n<meta property=\"og:image\" content=\"https:\/\/kuali.com.mx\/web\/wp-content\/uploads\/2020\/12\/vacuna-.jpg\" \/>\n\t<meta property=\"og:image:width\" content=\"1386\" \/>\n\t<meta property=\"og:image:height\" content=\"750\" \/>\n\t<meta property=\"og:image:type\" content=\"image\/jpeg\" \/>\n<meta name=\"author\" content=\"Kuali Staff\" \/>\n<meta name=\"twitter:card\" content=\"summary_large_image\" \/>\n<meta name=\"twitter:creator\" content=\"@kuali_noticias\" \/>\n<meta name=\"twitter:site\" content=\"@kuali_noticias\" \/>\n<meta name=\"twitter:label1\" content=\"Escrito por\" \/>\n\t<meta name=\"twitter:data1\" content=\"Kuali Staff\" \/>\n\t<meta name=\"twitter:label2\" content=\"Tiempo de lectura\" \/>\n\t<meta name=\"twitter:data2\" content=\"2 minutos\" \/>\n<script type=\"application\/ld+json\" class=\"yoast-schema-graph\">{\"@context\":\"https:\\\/\\\/schema.org\",\"@graph\":[{\"@type\":\"Article\",\"@id\":\"https:\\\/\\\/kuali.com.mx\\\/web\\\/2022\\\/06\\\/23\\\/recibe-mexico-800-mil-vacunas-para-menores-de-5-y-11-anos\\\/#article\",\"isPartOf\":{\"@id\":\"https:\\\/\\\/kuali.com.mx\\\/web\\\/2022\\\/06\\\/23\\\/recibe-mexico-800-mil-vacunas-para-menores-de-5-y-11-anos\\\/\"},\"author\":{\"name\":\"Kuali Staff\",\"@id\":\"https:\\\/\\\/kuali.com.mx\\\/web\\\/#\\\/schema\\\/person\\\/6f89ffa8ecba9dae50662357923c5289\"},\"headline\":\"RECIBE M\u00c9XICO 800 MIL VACUNAS PARA MENORES DE 5 Y 11 A\u00d1OS\",\"datePublished\":\"2022-06-23T17:12:00+00:00\",\"dateModified\":\"2022-06-23T22:18:53+00:00\",\"mainEntityOfPage\":{\"@id\":\"https:\\\/\\\/kuali.com.mx\\\/web\\\/2022\\\/06\\\/23\\\/recibe-mexico-800-mil-vacunas-para-menores-de-5-y-11-anos\\\/\"},\"wordCount\":425,\"commentCount\":0,\"image\":{\"@id\":\"https:\\\/\\\/kuali.com.mx\\\/web\\\/2022\\\/06\\\/23\\\/recibe-mexico-800-mil-vacunas-para-menores-de-5-y-11-anos\\\/#primaryimage\"},\"thumbnailUrl\":\"https:\\\/\\\/kuali.com.mx\\\/web\\\/wp-content\\\/uploads\\\/2020\\\/12\\\/vacuna-.jpg\",\"articleSection\":[\"Salud\"],\"inLanguage\":\"es\",\"potentialAction\":[{\"@type\":\"CommentAction\",\"name\":\"Comment\",\"target\":[\"https:\\\/\\\/kuali.com.mx\\\/web\\\/2022\\\/06\\\/23\\\/recibe-mexico-800-mil-vacunas-para-menores-de-5-y-11-anos\\\/#respond\"]}]},{\"@type\":\"WebPage\",\"@id\":\"https:\\\/\\\/kuali.com.mx\\\/web\\\/2022\\\/06\\\/23\\\/recibe-mexico-800-mil-vacunas-para-menores-de-5-y-11-anos\\\/\",\"url\":\"https:\\\/\\\/kuali.com.mx\\\/web\\\/2022\\\/06\\\/23\\\/recibe-mexico-800-mil-vacunas-para-menores-de-5-y-11-anos\\\/\",\"name\":\"RECIBE M\u00c9XICO 800 MIL VACUNAS PARA MENORES DE 5 Y 11 A\u00d1OS - Kuali\",\"isPartOf\":{\"@id\":\"https:\\\/\\\/kuali.com.mx\\\/web\\\/#website\"},\"primaryImageOfPage\":{\"@id\":\"https:\\\/\\\/kuali.com.mx\\\/web\\\/2022\\\/06\\\/23\\\/recibe-mexico-800-mil-vacunas-para-menores-de-5-y-11-anos\\\/#primaryimage\"},\"image\":{\"@id\":\"https:\\\/\\\/kuali.com.mx\\\/web\\\/2022\\\/06\\\/23\\\/recibe-mexico-800-mil-vacunas-para-menores-de-5-y-11-anos\\\/#primaryimage\"},\"thumbnailUrl\":\"https:\\\/\\\/kuali.com.mx\\\/web\\\/wp-content\\\/uploads\\\/2020\\\/12\\\/vacuna-.jpg\",\"datePublished\":\"2022-06-23T17:12:00+00:00\",\"dateModified\":\"2022-06-23T22:18:53+00:00\",\"author\":{\"@id\":\"https:\\\/\\\/kuali.com.mx\\\/web\\\/#\\\/schema\\\/person\\\/6f89ffa8ecba9dae50662357923c5289\"},\"breadcrumb\":{\"@id\":\"https:\\\/\\\/kuali.com.mx\\\/web\\\/2022\\\/06\\\/23\\\/recibe-mexico-800-mil-vacunas-para-menores-de-5-y-11-anos\\\/#breadcrumb\"},\"inLanguage\":\"es\",\"potentialAction\":[{\"@type\":\"ReadAction\",\"target\":[\"https:\\\/\\\/kuali.com.mx\\\/web\\\/2022\\\/06\\\/23\\\/recibe-mexico-800-mil-vacunas-para-menores-de-5-y-11-anos\\\/\"]}]},{\"@type\":\"ImageObject\",\"inLanguage\":\"es\",\"@id\":\"https:\\\/\\\/kuali.com.mx\\\/web\\\/2022\\\/06\\\/23\\\/recibe-mexico-800-mil-vacunas-para-menores-de-5-y-11-anos\\\/#primaryimage\",\"url\":\"https:\\\/\\\/kuali.com.mx\\\/web\\\/wp-content\\\/uploads\\\/2020\\\/12\\\/vacuna-.jpg\",\"contentUrl\":\"https:\\\/\\\/kuali.com.mx\\\/web\\\/wp-content\\\/uploads\\\/2020\\\/12\\\/vacuna-.jpg\",\"width\":1386,\"height\":750},{\"@type\":\"BreadcrumbList\",\"@id\":\"https:\\\/\\\/kuali.com.mx\\\/web\\\/2022\\\/06\\\/23\\\/recibe-mexico-800-mil-vacunas-para-menores-de-5-y-11-anos\\\/#breadcrumb\",\"itemListElement\":[{\"@type\":\"ListItem\",\"position\":1,\"name\":\"Inicio\",\"item\":\"https:\\\/\\\/kuali.com.mx\\\/web\\\/\"},{\"@type\":\"ListItem\",\"position\":2,\"name\":\"RECIBE M\u00c9XICO 800 MIL VACUNAS PARA MENORES DE 5 Y 11 A\u00d1OS\"}]},{\"@type\":\"WebSite\",\"@id\":\"https:\\\/\\\/kuali.com.mx\\\/web\\\/#website\",\"url\":\"https:\\\/\\\/kuali.com.mx\\\/web\\\/\",\"name\":\"Kuali\",\"description\":\"\",\"potentialAction\":[{\"@type\":\"SearchAction\",\"target\":{\"@type\":\"EntryPoint\",\"urlTemplate\":\"https:\\\/\\\/kuali.com.mx\\\/web\\\/?s={search_term_string}\"},\"query-input\":{\"@type\":\"PropertyValueSpecification\",\"valueRequired\":true,\"valueName\":\"search_term_string\"}}],\"inLanguage\":\"es\"},{\"@type\":\"Person\",\"@id\":\"https:\\\/\\\/kuali.com.mx\\\/web\\\/#\\\/schema\\\/person\\\/6f89ffa8ecba9dae50662357923c5289\",\"name\":\"Kuali Staff\",\"image\":{\"@type\":\"ImageObject\",\"inLanguage\":\"es\",\"@id\":\"https:\\\/\\\/secure.gravatar.com\\\/avatar\\\/f917ad82e5ab71227a733c78b6e60715476f69ee6be59feee4eb5d9920c89e0f?s=96&d=mm&r=g\",\"url\":\"https:\\\/\\\/secure.gravatar.com\\\/avatar\\\/f917ad82e5ab71227a733c78b6e60715476f69ee6be59feee4eb5d9920c89e0f?s=96&d=mm&r=g\",\"contentUrl\":\"https:\\\/\\\/secure.gravatar.com\\\/avatar\\\/f917ad82e5ab71227a733c78b6e60715476f69ee6be59feee4eb5d9920c89e0f?s=96&d=mm&r=g\",\"caption\":\"Kuali Staff\"},\"url\":\"https:\\\/\\\/kuali.com.mx\\\/web\\\/author\\\/lagarto\\\/\"}]}<\/script>\n<!-- \/ Yoast SEO plugin. -->","yoast_head_json":{"title":"RECIBE M\u00c9XICO 800 MIL VACUNAS PARA MENORES DE 5 Y 11 A\u00d1OS - Kuali","robots":{"index":"index","follow":"follow","max-snippet":"max-snippet:-1","max-image-preview":"max-image-preview:large","max-video-preview":"max-video-preview:-1"},"canonical":"https:\/\/kuali.com.mx\/web\/2022\/06\/23\/recibe-mexico-800-mil-vacunas-para-menores-de-5-y-11-anos\/","og_locale":"es_MX","og_type":"article","og_title":"RECIBE M\u00c9XICO 800 MIL VACUNAS PARA MENORES DE 5 Y 11 A\u00d1OS - Kuali","og_description":"La Jornada\/Ciudad de M\u00e9xico.- La ma\u00f1ana de este jueves arrib\u00f3 el primer embarque con 804 mil vacunas contra el SARS- CoV-2 de Pfizer-BioNTech para ni\u00f1as y ni\u00f1os de cinco a 11 a\u00f1os, de un total de ocho millones del contrato con esta farmac\u00e9utica destinadas para este segmento poblacional. En la recepci\u00f3n de los biol\u00f3gicos estuvo [&hellip;]","og_url":"https:\/\/kuali.com.mx\/web\/2022\/06\/23\/recibe-mexico-800-mil-vacunas-para-menores-de-5-y-11-anos\/","og_site_name":"Kuali","article_publisher":"https:\/\/kuali.com.mx\/web\/wp-content\/uploads\/2018\/04\/cropped-kuali_logo-1-1.png","article_published_time":"2022-06-23T17:12:00+00:00","article_modified_time":"2022-06-23T22:18:53+00:00","og_image":[{"width":1386,"height":750,"url":"https:\/\/kuali.com.mx\/web\/wp-content\/uploads\/2020\/12\/vacuna-.jpg","type":"image\/jpeg"}],"author":"Kuali Staff","twitter_card":"summary_large_image","twitter_creator":"@kuali_noticias","twitter_site":"@kuali_noticias","twitter_misc":{"Escrito por":"Kuali Staff","Tiempo de lectura":"2 minutos"},"schema":{"@context":"https:\/\/schema.org","@graph":[{"@type":"Article","@id":"https:\/\/kuali.com.mx\/web\/2022\/06\/23\/recibe-mexico-800-mil-vacunas-para-menores-de-5-y-11-anos\/#article","isPartOf":{"@id":"https:\/\/kuali.com.mx\/web\/2022\/06\/23\/recibe-mexico-800-mil-vacunas-para-menores-de-5-y-11-anos\/"},"author":{"name":"Kuali Staff","@id":"https:\/\/kuali.com.mx\/web\/#\/schema\/person\/6f89ffa8ecba9dae50662357923c5289"},"headline":"RECIBE M\u00c9XICO 800 MIL VACUNAS PARA MENORES DE 5 Y 11 A\u00d1OS","datePublished":"2022-06-23T17:12:00+00:00","dateModified":"2022-06-23T22:18:53+00:00","mainEntityOfPage":{"@id":"https:\/\/kuali.com.mx\/web\/2022\/06\/23\/recibe-mexico-800-mil-vacunas-para-menores-de-5-y-11-anos\/"},"wordCount":425,"commentCount":0,"image":{"@id":"https:\/\/kuali.com.mx\/web\/2022\/06\/23\/recibe-mexico-800-mil-vacunas-para-menores-de-5-y-11-anos\/#primaryimage"},"thumbnailUrl":"https:\/\/kuali.com.mx\/web\/wp-content\/uploads\/2020\/12\/vacuna-.jpg","articleSection":["Salud"],"inLanguage":"es","potentialAction":[{"@type":"CommentAction","name":"Comment","target":["https:\/\/kuali.com.mx\/web\/2022\/06\/23\/recibe-mexico-800-mil-vacunas-para-menores-de-5-y-11-anos\/#respond"]}]},{"@type":"WebPage","@id":"https:\/\/kuali.com.mx\/web\/2022\/06\/23\/recibe-mexico-800-mil-vacunas-para-menores-de-5-y-11-anos\/","url":"https:\/\/kuali.com.mx\/web\/2022\/06\/23\/recibe-mexico-800-mil-vacunas-para-menores-de-5-y-11-anos\/","name":"RECIBE M\u00c9XICO 800 MIL VACUNAS PARA MENORES DE 5 Y 11 A\u00d1OS - Kuali","isPartOf":{"@id":"https:\/\/kuali.com.mx\/web\/#website"},"primaryImageOfPage":{"@id":"https:\/\/kuali.com.mx\/web\/2022\/06\/23\/recibe-mexico-800-mil-vacunas-para-menores-de-5-y-11-anos\/#primaryimage"},"image":{"@id":"https:\/\/kuali.com.mx\/web\/2022\/06\/23\/recibe-mexico-800-mil-vacunas-para-menores-de-5-y-11-anos\/#primaryimage"},"thumbnailUrl":"https:\/\/kuali.com.mx\/web\/wp-content\/uploads\/2020\/12\/vacuna-.jpg","datePublished":"2022-06-23T17:12:00+00:00","dateModified":"2022-06-23T22:18:53+00:00","author":{"@id":"https:\/\/kuali.com.mx\/web\/#\/schema\/person\/6f89ffa8ecba9dae50662357923c5289"},"breadcrumb":{"@id":"https:\/\/kuali.com.mx\/web\/2022\/06\/23\/recibe-mexico-800-mil-vacunas-para-menores-de-5-y-11-anos\/#breadcrumb"},"inLanguage":"es","potentialAction":[{"@type":"ReadAction","target":["https:\/\/kuali.com.mx\/web\/2022\/06\/23\/recibe-mexico-800-mil-vacunas-para-menores-de-5-y-11-anos\/"]}]},{"@type":"ImageObject","inLanguage":"es","@id":"https:\/\/kuali.com.mx\/web\/2022\/06\/23\/recibe-mexico-800-mil-vacunas-para-menores-de-5-y-11-anos\/#primaryimage","url":"https:\/\/kuali.com.mx\/web\/wp-content\/uploads\/2020\/12\/vacuna-.jpg","contentUrl":"https:\/\/kuali.com.mx\/web\/wp-content\/uploads\/2020\/12\/vacuna-.jpg","width":1386,"height":750},{"@type":"BreadcrumbList","@id":"https:\/\/kuali.com.mx\/web\/2022\/06\/23\/recibe-mexico-800-mil-vacunas-para-menores-de-5-y-11-anos\/#breadcrumb","itemListElement":[{"@type":"ListItem","position":1,"name":"Inicio","item":"https:\/\/kuali.com.mx\/web\/"},{"@type":"ListItem","position":2,"name":"RECIBE M\u00c9XICO 800 MIL VACUNAS PARA MENORES DE 5 Y 11 A\u00d1OS"}]},{"@type":"WebSite","@id":"https:\/\/kuali.com.mx\/web\/#website","url":"https:\/\/kuali.com.mx\/web\/","name":"Kuali","description":"","potentialAction":[{"@type":"SearchAction","target":{"@type":"EntryPoint","urlTemplate":"https:\/\/kuali.com.mx\/web\/?s={search_term_string}"},"query-input":{"@type":"PropertyValueSpecification","valueRequired":true,"valueName":"search_term_string"}}],"inLanguage":"es"},{"@type":"Person","@id":"https:\/\/kuali.com.mx\/web\/#\/schema\/person\/6f89ffa8ecba9dae50662357923c5289","name":"Kuali Staff","image":{"@type":"ImageObject","inLanguage":"es","@id":"https:\/\/secure.gravatar.com\/avatar\/f917ad82e5ab71227a733c78b6e60715476f69ee6be59feee4eb5d9920c89e0f?s=96&d=mm&r=g","url":"https:\/\/secure.gravatar.com\/avatar\/f917ad82e5ab71227a733c78b6e60715476f69ee6be59feee4eb5d9920c89e0f?s=96&d=mm&r=g","contentUrl":"https:\/\/secure.gravatar.com\/avatar\/f917ad82e5ab71227a733c78b6e60715476f69ee6be59feee4eb5d9920c89e0f?s=96&d=mm&r=g","caption":"Kuali Staff"},"url":"https:\/\/kuali.com.mx\/web\/author\/lagarto\/"}]}},"_links":{"self":[{"href":"https:\/\/kuali.com.mx\/web\/wp-json\/wp\/v2\/posts\/99042","targetHints":{"allow":["GET"]}}],"collection":[{"href":"https:\/\/kuali.com.mx\/web\/wp-json\/wp\/v2\/posts"}],"about":[{"href":"https:\/\/kuali.com.mx\/web\/wp-json\/wp\/v2\/types\/post"}],"author":[{"embeddable":true,"href":"https:\/\/kuali.com.mx\/web\/wp-json\/wp\/v2\/users\/2"}],"replies":[{"embeddable":true,"href":"https:\/\/kuali.com.mx\/web\/wp-json\/wp\/v2\/comments?post=99042"}],"version-history":[{"count":1,"href":"https:\/\/kuali.com.mx\/web\/wp-json\/wp\/v2\/posts\/99042\/revisions"}],"predecessor-version":[{"id":99044,"href":"https:\/\/kuali.com.mx\/web\/wp-json\/wp\/v2\/posts\/99042\/revisions\/99044"}],"wp:featuredmedia":[{"embeddable":true,"href":"https:\/\/kuali.com.mx\/web\/wp-json\/wp\/v2\/media\/77400"}],"wp:attachment":[{"href":"https:\/\/kuali.com.mx\/web\/wp-json\/wp\/v2\/media?parent=99042"}],"wp:term":[{"taxonomy":"category","embeddable":true,"href":"https:\/\/kuali.com.mx\/web\/wp-json\/wp\/v2\/categories?post=99042"},{"taxonomy":"post_tag","embeddable":true,"href":"https:\/\/kuali.com.mx\/web\/wp-json\/wp\/v2\/tags?post=99042"}],"curies":[{"name":"wp","href":"https:\/\/api.w.org\/{rel}","templated":true}]}}