{"id":98132,"date":"2022-06-09T06:28:22","date_gmt":"2022-06-09T12:28:22","guid":{"rendered":"https:\/\/kuali.com.mx\/web\/?p=98132"},"modified":"2022-06-10T07:17:58","modified_gmt":"2022-06-10T13:17:58","slug":"reclaman-al-alcalde-de-silao-falta-de-seguridad","status":"publish","type":"post","link":"https:\/\/kuali.com.mx\/web\/2022\/06\/09\/reclaman-al-alcalde-de-silao-falta-de-seguridad\/","title":{"rendered":"RECLAMAN AL ALCALDE DE SILAO FALTA DE SEGURIDAD"},"content":{"rendered":"\n<p><strong><em>Sandra Flores\/Silao, Gto.-<\/em><\/strong> El alcalde morenista de Silao, Carlos Garc\u00eda Villase\u00f1or, fue increpado por delegados de comunidades rurales por los incumplimientos en sus promesas de campa\u00f1a de mejorar los servicios p\u00fablicos y la seguridad.<\/p>\n\n\n\n<p>Los habitantes de las zonas rurales sostuvieron una reuni\u00f3n con el presidente municipal, ah\u00ed le reclamaron la inseguridad en que viven, la falta de drenaje, agua potable y el deficiente servicio de recolecci\u00f3n de basura.<\/p>\n\n\n\n<p>Los vecinos de la comunidad de Franco constantemente son robados, sin que se haya logrado mejorar la seguridad, afirm\u00f3 la delegada, \u00c1ngeles Aguirre.<\/p>\n\n\n\n<p>\u201cUsted en su campa\u00f1a convenci\u00f3 a la gente, la gente lo est\u00e1 esperando, la prioridad usted lo sabe es el drenaje\u201d, se\u00f1al\u00f3.<\/p>\n\n\n\n<p>La misma situaci\u00f3n viven en la comunidad de San Agust\u00edn, donde no hay un plan de seguridad para la fiesta local.<\/p>\n\n\n\n<p>Como los reclamos aumentaron y subieron de tono el gobierno de Silao cort\u00f3 la transmisi\u00f3n en vivo que realizaba del evento. <\/p>\n\n\n\n<p>Carlos Garc\u00eda evit\u00f3 hablar del problema de la inseguridad.<\/p>\n\n\n\n<p> En la reuni\u00f3n el presidente anunci\u00f3 obras para el programa de empleo temporal, inversi\u00f3n en infraestructura, obra p\u00fablica y la remodelaci\u00f3n del Cine Montes.<\/p>\n\n\n\n<p>\u201cHoy, aqu\u00ed de frente a ustedes, vengo a decirles: no nos hemos olvidado del campo, ni nos pensamos olvidar de las comunidades\u201d, dijo en su mensaje.<\/p>\n\n\n\n<p>Anunci\u00f3 que, a trav\u00e9s del programa \u201cEmpleo Temporal\u201d, se ofrecer\u00e1 trabajo a pobladores de comunidades rurales donde se instalen paraderos de transporte p\u00fablico y privado; e inform\u00f3 sobre la inversi\u00f3n de 83 millones de pesos en infraestructura y obra p\u00fablica, provenientes del Fondo de Aportaciones para la Infraestructura Social (FAIS).<\/p>\n\n\n\n<p>Afirm\u00f3 que realiz\u00f3 gestiones para que la Urea bajara de costo hasta un 60 por ciento por tonelada &nbsp;por tonelada. El Precio original era de 17 mil pesos pero ahora los agricultores solo pagar\u00e1n 6 mil 800 pesos.<\/p>\n\n\n\n<p>Ser\u00e1n invertidos 3 millones en el Cine Montes, el acceso a la feria ser\u00e1 gratuito para estudiantes de nivel b\u00e1sico y la instalaci\u00f3n de l\u00e1mparas en escuelas, iglesias y plazas.<\/p>\n","protected":false},"excerpt":{"rendered":"Sandra Flores\/Silao, Gto.- El alcalde morenista de Silao, Carlos Garc\u00eda Villase\u00f1or, fue increpado por delegados de comunidades rurales por los incumplimientos en sus promesas de campa\u00f1a de mejorar los servicios p\u00fablicos y la seguridad. Los habitantes de las zonas rurales sostuvieron una reuni\u00f3n con el presidente municipal, ah\u00ed le reclamaron la inseguridad en que viven, [&hellip;]","protected":false},"author":2,"featured_media":98120,"comment_status":"open","ping_status":"open","sticky":false,"template":"","format":"standard","meta":{"_seopress_robots_primary_cat":"none","_seopress_titles_title":"","_seopress_titles_desc":"","_seopress_robots_index":"","_monsterinsights_skip_tracking":false,"_monsterinsights_sitenote_active":false,"_monsterinsights_sitenote_note":"","_monsterinsights_sitenote_category":0,"footnotes":""},"categories":[3],"tags":[],"class_list":["post-98132","post","type-post","status-publish","format-standard","has-post-thumbnail","hentry","category-politica"],"yoast_head":"<!-- This site is optimized with the Yoast SEO plugin v27.4 - https:\/\/yoast.com\/product\/yoast-seo-wordpress\/ -->\n<title>RECLAMAN AL ALCALDE DE SILAO FALTA DE SEGURIDAD - Kuali<\/title>\n<meta name=\"robots\" content=\"index, follow, max-snippet:-1, max-image-preview:large, max-video-preview:-1\" \/>\n<link rel=\"canonical\" href=\"https:\/\/kuali.com.mx\/web\/2022\/06\/09\/reclaman-al-alcalde-de-silao-falta-de-seguridad\/\" \/>\n<meta property=\"og:locale\" content=\"es_MX\" \/>\n<meta property=\"og:type\" content=\"article\" \/>\n<meta property=\"og:title\" content=\"RECLAMAN AL ALCALDE DE SILAO FALTA DE SEGURIDAD - Kuali\" \/>\n<meta property=\"og:description\" content=\"Sandra Flores\/Silao, Gto.- El alcalde morenista de Silao, Carlos Garc\u00eda Villase\u00f1or, fue increpado por delegados de comunidades rurales por los incumplimientos en sus promesas de campa\u00f1a de mejorar los servicios p\u00fablicos y la seguridad. Los habitantes de las zonas rurales sostuvieron una reuni\u00f3n con el presidente municipal, ah\u00ed le reclamaron la inseguridad en que viven, [&hellip;]\" \/>\n<meta property=\"og:url\" content=\"https:\/\/kuali.com.mx\/web\/2022\/06\/09\/reclaman-al-alcalde-de-silao-falta-de-seguridad\/\" \/>\n<meta property=\"og:site_name\" content=\"Kuali\" \/>\n<meta property=\"article:publisher\" content=\"https:\/\/kuali.com.mx\/web\/wp-content\/uploads\/2018\/04\/cropped-kuali_logo-1-1.png\" \/>\n<meta property=\"article:published_time\" content=\"2022-06-09T12:28:22+00:00\" \/>\n<meta property=\"article:modified_time\" content=\"2022-06-10T13:17:58+00:00\" \/>\n<meta property=\"og:image\" content=\"https:\/\/kuali.com.mx\/web\/wp-content\/uploads\/2022\/06\/Carlos-Garcia-con-delegados-rurales.jpg\" \/>\n\t<meta property=\"og:image:width\" content=\"1251\" \/>\n\t<meta property=\"og:image:height\" content=\"750\" \/>\n\t<meta property=\"og:image:type\" content=\"image\/jpeg\" \/>\n<meta name=\"author\" content=\"Kuali Staff\" \/>\n<meta name=\"twitter:card\" content=\"summary_large_image\" \/>\n<meta name=\"twitter:creator\" content=\"@kuali_noticias\" \/>\n<meta name=\"twitter:site\" content=\"@kuali_noticias\" \/>\n<meta name=\"twitter:label1\" content=\"Escrito por\" \/>\n\t<meta name=\"twitter:data1\" content=\"Kuali Staff\" \/>\n\t<meta name=\"twitter:label2\" content=\"Tiempo de lectura\" \/>\n\t<meta name=\"twitter:data2\" content=\"2 minutos\" \/>\n<script type=\"application\/ld+json\" class=\"yoast-schema-graph\">{\"@context\":\"https:\\\/\\\/schema.org\",\"@graph\":[{\"@type\":\"Article\",\"@id\":\"https:\\\/\\\/kuali.com.mx\\\/web\\\/2022\\\/06\\\/09\\\/reclaman-al-alcalde-de-silao-falta-de-seguridad\\\/#article\",\"isPartOf\":{\"@id\":\"https:\\\/\\\/kuali.com.mx\\\/web\\\/2022\\\/06\\\/09\\\/reclaman-al-alcalde-de-silao-falta-de-seguridad\\\/\"},\"author\":{\"name\":\"Kuali Staff\",\"@id\":\"https:\\\/\\\/kuali.com.mx\\\/web\\\/#\\\/schema\\\/person\\\/6f89ffa8ecba9dae50662357923c5289\"},\"headline\":\"RECLAMAN AL ALCALDE DE SILAO FALTA DE SEGURIDAD\",\"datePublished\":\"2022-06-09T12:28:22+00:00\",\"dateModified\":\"2022-06-10T13:17:58+00:00\",\"mainEntityOfPage\":{\"@id\":\"https:\\\/\\\/kuali.com.mx\\\/web\\\/2022\\\/06\\\/09\\\/reclaman-al-alcalde-de-silao-falta-de-seguridad\\\/\"},\"wordCount\":363,\"commentCount\":0,\"image\":{\"@id\":\"https:\\\/\\\/kuali.com.mx\\\/web\\\/2022\\\/06\\\/09\\\/reclaman-al-alcalde-de-silao-falta-de-seguridad\\\/#primaryimage\"},\"thumbnailUrl\":\"https:\\\/\\\/kuali.com.mx\\\/web\\\/wp-content\\\/uploads\\\/2022\\\/06\\\/Carlos-Garcia-con-delegados-rurales.jpg\",\"articleSection\":[\"Pol\u00edtica\"],\"inLanguage\":\"es\",\"potentialAction\":[{\"@type\":\"CommentAction\",\"name\":\"Comment\",\"target\":[\"https:\\\/\\\/kuali.com.mx\\\/web\\\/2022\\\/06\\\/09\\\/reclaman-al-alcalde-de-silao-falta-de-seguridad\\\/#respond\"]}]},{\"@type\":\"WebPage\",\"@id\":\"https:\\\/\\\/kuali.com.mx\\\/web\\\/2022\\\/06\\\/09\\\/reclaman-al-alcalde-de-silao-falta-de-seguridad\\\/\",\"url\":\"https:\\\/\\\/kuali.com.mx\\\/web\\\/2022\\\/06\\\/09\\\/reclaman-al-alcalde-de-silao-falta-de-seguridad\\\/\",\"name\":\"RECLAMAN AL ALCALDE DE SILAO FALTA DE SEGURIDAD - Kuali\",\"isPartOf\":{\"@id\":\"https:\\\/\\\/kuali.com.mx\\\/web\\\/#website\"},\"primaryImageOfPage\":{\"@id\":\"https:\\\/\\\/kuali.com.mx\\\/web\\\/2022\\\/06\\\/09\\\/reclaman-al-alcalde-de-silao-falta-de-seguridad\\\/#primaryimage\"},\"image\":{\"@id\":\"https:\\\/\\\/kuali.com.mx\\\/web\\\/2022\\\/06\\\/09\\\/reclaman-al-alcalde-de-silao-falta-de-seguridad\\\/#primaryimage\"},\"thumbnailUrl\":\"https:\\\/\\\/kuali.com.mx\\\/web\\\/wp-content\\\/uploads\\\/2022\\\/06\\\/Carlos-Garcia-con-delegados-rurales.jpg\",\"datePublished\":\"2022-06-09T12:28:22+00:00\",\"dateModified\":\"2022-06-10T13:17:58+00:00\",\"author\":{\"@id\":\"https:\\\/\\\/kuali.com.mx\\\/web\\\/#\\\/schema\\\/person\\\/6f89ffa8ecba9dae50662357923c5289\"},\"breadcrumb\":{\"@id\":\"https:\\\/\\\/kuali.com.mx\\\/web\\\/2022\\\/06\\\/09\\\/reclaman-al-alcalde-de-silao-falta-de-seguridad\\\/#breadcrumb\"},\"inLanguage\":\"es\",\"potentialAction\":[{\"@type\":\"ReadAction\",\"target\":[\"https:\\\/\\\/kuali.com.mx\\\/web\\\/2022\\\/06\\\/09\\\/reclaman-al-alcalde-de-silao-falta-de-seguridad\\\/\"]}]},{\"@type\":\"ImageObject\",\"inLanguage\":\"es\",\"@id\":\"https:\\\/\\\/kuali.com.mx\\\/web\\\/2022\\\/06\\\/09\\\/reclaman-al-alcalde-de-silao-falta-de-seguridad\\\/#primaryimage\",\"url\":\"https:\\\/\\\/kuali.com.mx\\\/web\\\/wp-content\\\/uploads\\\/2022\\\/06\\\/Carlos-Garcia-con-delegados-rurales.jpg\",\"contentUrl\":\"https:\\\/\\\/kuali.com.mx\\\/web\\\/wp-content\\\/uploads\\\/2022\\\/06\\\/Carlos-Garcia-con-delegados-rurales.jpg\",\"width\":1251,\"height\":750},{\"@type\":\"BreadcrumbList\",\"@id\":\"https:\\\/\\\/kuali.com.mx\\\/web\\\/2022\\\/06\\\/09\\\/reclaman-al-alcalde-de-silao-falta-de-seguridad\\\/#breadcrumb\",\"itemListElement\":[{\"@type\":\"ListItem\",\"position\":1,\"name\":\"Inicio\",\"item\":\"https:\\\/\\\/kuali.com.mx\\\/web\\\/\"},{\"@type\":\"ListItem\",\"position\":2,\"name\":\"RECLAMAN AL ALCALDE DE SILAO FALTA DE SEGURIDAD\"}]},{\"@type\":\"WebSite\",\"@id\":\"https:\\\/\\\/kuali.com.mx\\\/web\\\/#website\",\"url\":\"https:\\\/\\\/kuali.com.mx\\\/web\\\/\",\"name\":\"Kuali\",\"description\":\"\",\"potentialAction\":[{\"@type\":\"SearchAction\",\"target\":{\"@type\":\"EntryPoint\",\"urlTemplate\":\"https:\\\/\\\/kuali.com.mx\\\/web\\\/?s={search_term_string}\"},\"query-input\":{\"@type\":\"PropertyValueSpecification\",\"valueRequired\":true,\"valueName\":\"search_term_string\"}}],\"inLanguage\":\"es\"},{\"@type\":\"Person\",\"@id\":\"https:\\\/\\\/kuali.com.mx\\\/web\\\/#\\\/schema\\\/person\\\/6f89ffa8ecba9dae50662357923c5289\",\"name\":\"Kuali Staff\",\"image\":{\"@type\":\"ImageObject\",\"inLanguage\":\"es\",\"@id\":\"https:\\\/\\\/secure.gravatar.com\\\/avatar\\\/f917ad82e5ab71227a733c78b6e60715476f69ee6be59feee4eb5d9920c89e0f?s=96&d=mm&r=g\",\"url\":\"https:\\\/\\\/secure.gravatar.com\\\/avatar\\\/f917ad82e5ab71227a733c78b6e60715476f69ee6be59feee4eb5d9920c89e0f?s=96&d=mm&r=g\",\"contentUrl\":\"https:\\\/\\\/secure.gravatar.com\\\/avatar\\\/f917ad82e5ab71227a733c78b6e60715476f69ee6be59feee4eb5d9920c89e0f?s=96&d=mm&r=g\",\"caption\":\"Kuali Staff\"},\"url\":\"https:\\\/\\\/kuali.com.mx\\\/web\\\/author\\\/lagarto\\\/\"}]}<\/script>\n<!-- \/ Yoast SEO plugin. -->","yoast_head_json":{"title":"RECLAMAN AL ALCALDE DE SILAO FALTA DE SEGURIDAD - Kuali","robots":{"index":"index","follow":"follow","max-snippet":"max-snippet:-1","max-image-preview":"max-image-preview:large","max-video-preview":"max-video-preview:-1"},"canonical":"https:\/\/kuali.com.mx\/web\/2022\/06\/09\/reclaman-al-alcalde-de-silao-falta-de-seguridad\/","og_locale":"es_MX","og_type":"article","og_title":"RECLAMAN AL ALCALDE DE SILAO FALTA DE SEGURIDAD - Kuali","og_description":"Sandra Flores\/Silao, Gto.- El alcalde morenista de Silao, Carlos Garc\u00eda Villase\u00f1or, fue increpado por delegados de comunidades rurales por los incumplimientos en sus promesas de campa\u00f1a de mejorar los servicios p\u00fablicos y la seguridad. Los habitantes de las zonas rurales sostuvieron una reuni\u00f3n con el presidente municipal, ah\u00ed le reclamaron la inseguridad en que viven, [&hellip;]","og_url":"https:\/\/kuali.com.mx\/web\/2022\/06\/09\/reclaman-al-alcalde-de-silao-falta-de-seguridad\/","og_site_name":"Kuali","article_publisher":"https:\/\/kuali.com.mx\/web\/wp-content\/uploads\/2018\/04\/cropped-kuali_logo-1-1.png","article_published_time":"2022-06-09T12:28:22+00:00","article_modified_time":"2022-06-10T13:17:58+00:00","og_image":[{"width":1251,"height":750,"url":"https:\/\/kuali.com.mx\/web\/wp-content\/uploads\/2022\/06\/Carlos-Garcia-con-delegados-rurales.jpg","type":"image\/jpeg"}],"author":"Kuali Staff","twitter_card":"summary_large_image","twitter_creator":"@kuali_noticias","twitter_site":"@kuali_noticias","twitter_misc":{"Escrito por":"Kuali Staff","Tiempo de lectura":"2 minutos"},"schema":{"@context":"https:\/\/schema.org","@graph":[{"@type":"Article","@id":"https:\/\/kuali.com.mx\/web\/2022\/06\/09\/reclaman-al-alcalde-de-silao-falta-de-seguridad\/#article","isPartOf":{"@id":"https:\/\/kuali.com.mx\/web\/2022\/06\/09\/reclaman-al-alcalde-de-silao-falta-de-seguridad\/"},"author":{"name":"Kuali Staff","@id":"https:\/\/kuali.com.mx\/web\/#\/schema\/person\/6f89ffa8ecba9dae50662357923c5289"},"headline":"RECLAMAN AL ALCALDE DE SILAO FALTA DE SEGURIDAD","datePublished":"2022-06-09T12:28:22+00:00","dateModified":"2022-06-10T13:17:58+00:00","mainEntityOfPage":{"@id":"https:\/\/kuali.com.mx\/web\/2022\/06\/09\/reclaman-al-alcalde-de-silao-falta-de-seguridad\/"},"wordCount":363,"commentCount":0,"image":{"@id":"https:\/\/kuali.com.mx\/web\/2022\/06\/09\/reclaman-al-alcalde-de-silao-falta-de-seguridad\/#primaryimage"},"thumbnailUrl":"https:\/\/kuali.com.mx\/web\/wp-content\/uploads\/2022\/06\/Carlos-Garcia-con-delegados-rurales.jpg","articleSection":["Pol\u00edtica"],"inLanguage":"es","potentialAction":[{"@type":"CommentAction","name":"Comment","target":["https:\/\/kuali.com.mx\/web\/2022\/06\/09\/reclaman-al-alcalde-de-silao-falta-de-seguridad\/#respond"]}]},{"@type":"WebPage","@id":"https:\/\/kuali.com.mx\/web\/2022\/06\/09\/reclaman-al-alcalde-de-silao-falta-de-seguridad\/","url":"https:\/\/kuali.com.mx\/web\/2022\/06\/09\/reclaman-al-alcalde-de-silao-falta-de-seguridad\/","name":"RECLAMAN AL ALCALDE DE SILAO FALTA DE SEGURIDAD - Kuali","isPartOf":{"@id":"https:\/\/kuali.com.mx\/web\/#website"},"primaryImageOfPage":{"@id":"https:\/\/kuali.com.mx\/web\/2022\/06\/09\/reclaman-al-alcalde-de-silao-falta-de-seguridad\/#primaryimage"},"image":{"@id":"https:\/\/kuali.com.mx\/web\/2022\/06\/09\/reclaman-al-alcalde-de-silao-falta-de-seguridad\/#primaryimage"},"thumbnailUrl":"https:\/\/kuali.com.mx\/web\/wp-content\/uploads\/2022\/06\/Carlos-Garcia-con-delegados-rurales.jpg","datePublished":"2022-06-09T12:28:22+00:00","dateModified":"2022-06-10T13:17:58+00:00","author":{"@id":"https:\/\/kuali.com.mx\/web\/#\/schema\/person\/6f89ffa8ecba9dae50662357923c5289"},"breadcrumb":{"@id":"https:\/\/kuali.com.mx\/web\/2022\/06\/09\/reclaman-al-alcalde-de-silao-falta-de-seguridad\/#breadcrumb"},"inLanguage":"es","potentialAction":[{"@type":"ReadAction","target":["https:\/\/kuali.com.mx\/web\/2022\/06\/09\/reclaman-al-alcalde-de-silao-falta-de-seguridad\/"]}]},{"@type":"ImageObject","inLanguage":"es","@id":"https:\/\/kuali.com.mx\/web\/2022\/06\/09\/reclaman-al-alcalde-de-silao-falta-de-seguridad\/#primaryimage","url":"https:\/\/kuali.com.mx\/web\/wp-content\/uploads\/2022\/06\/Carlos-Garcia-con-delegados-rurales.jpg","contentUrl":"https:\/\/kuali.com.mx\/web\/wp-content\/uploads\/2022\/06\/Carlos-Garcia-con-delegados-rurales.jpg","width":1251,"height":750},{"@type":"BreadcrumbList","@id":"https:\/\/kuali.com.mx\/web\/2022\/06\/09\/reclaman-al-alcalde-de-silao-falta-de-seguridad\/#breadcrumb","itemListElement":[{"@type":"ListItem","position":1,"name":"Inicio","item":"https:\/\/kuali.com.mx\/web\/"},{"@type":"ListItem","position":2,"name":"RECLAMAN AL ALCALDE DE SILAO FALTA DE SEGURIDAD"}]},{"@type":"WebSite","@id":"https:\/\/kuali.com.mx\/web\/#website","url":"https:\/\/kuali.com.mx\/web\/","name":"Kuali","description":"","potentialAction":[{"@type":"SearchAction","target":{"@type":"EntryPoint","urlTemplate":"https:\/\/kuali.com.mx\/web\/?s={search_term_string}"},"query-input":{"@type":"PropertyValueSpecification","valueRequired":true,"valueName":"search_term_string"}}],"inLanguage":"es"},{"@type":"Person","@id":"https:\/\/kuali.com.mx\/web\/#\/schema\/person\/6f89ffa8ecba9dae50662357923c5289","name":"Kuali Staff","image":{"@type":"ImageObject","inLanguage":"es","@id":"https:\/\/secure.gravatar.com\/avatar\/f917ad82e5ab71227a733c78b6e60715476f69ee6be59feee4eb5d9920c89e0f?s=96&d=mm&r=g","url":"https:\/\/secure.gravatar.com\/avatar\/f917ad82e5ab71227a733c78b6e60715476f69ee6be59feee4eb5d9920c89e0f?s=96&d=mm&r=g","contentUrl":"https:\/\/secure.gravatar.com\/avatar\/f917ad82e5ab71227a733c78b6e60715476f69ee6be59feee4eb5d9920c89e0f?s=96&d=mm&r=g","caption":"Kuali Staff"},"url":"https:\/\/kuali.com.mx\/web\/author\/lagarto\/"}]}},"_links":{"self":[{"href":"https:\/\/kuali.com.mx\/web\/wp-json\/wp\/v2\/posts\/98132","targetHints":{"allow":["GET"]}}],"collection":[{"href":"https:\/\/kuali.com.mx\/web\/wp-json\/wp\/v2\/posts"}],"about":[{"href":"https:\/\/kuali.com.mx\/web\/wp-json\/wp\/v2\/types\/post"}],"author":[{"embeddable":true,"href":"https:\/\/kuali.com.mx\/web\/wp-json\/wp\/v2\/users\/2"}],"replies":[{"embeddable":true,"href":"https:\/\/kuali.com.mx\/web\/wp-json\/wp\/v2\/comments?post=98132"}],"version-history":[{"count":3,"href":"https:\/\/kuali.com.mx\/web\/wp-json\/wp\/v2\/posts\/98132\/revisions"}],"predecessor-version":[{"id":98217,"href":"https:\/\/kuali.com.mx\/web\/wp-json\/wp\/v2\/posts\/98132\/revisions\/98217"}],"wp:featuredmedia":[{"embeddable":true,"href":"https:\/\/kuali.com.mx\/web\/wp-json\/wp\/v2\/media\/98120"}],"wp:attachment":[{"href":"https:\/\/kuali.com.mx\/web\/wp-json\/wp\/v2\/media?parent=98132"}],"wp:term":[{"taxonomy":"category","embeddable":true,"href":"https:\/\/kuali.com.mx\/web\/wp-json\/wp\/v2\/categories?post=98132"},{"taxonomy":"post_tag","embeddable":true,"href":"https:\/\/kuali.com.mx\/web\/wp-json\/wp\/v2\/tags?post=98132"}],"curies":[{"name":"wp","href":"https:\/\/api.w.org\/{rel}","templated":true}]}}