{"id":98060,"date":"2022-06-07T13:57:00","date_gmt":"2022-06-07T19:57:00","guid":{"rendered":"https:\/\/kuali.com.mx\/web\/?p=98060"},"modified":"2022-06-07T19:01:46","modified_gmt":"2022-06-08T01:01:46","slug":"daran-imss-a-periodistas-sin-prestaciones","status":"publish","type":"post","link":"https:\/\/kuali.com.mx\/web\/2022\/06\/07\/daran-imss-a-periodistas-sin-prestaciones\/","title":{"rendered":"DAR\u00c1N IMSS A PERIODISTAS SIN PRESTACIONES"},"content":{"rendered":"\n<p><strong><em>Kuali\/Ciudad de M\u00e9xico.-<\/em><\/strong>En el D\u00eda de la Libertad de Expresi\u00f3n, el presidente Andr\u00e9s Manuel L\u00f3pez Obrador encabez\u00f3 la presentaci\u00f3n del Plan de seguridad social para periodistas que trabajan de forma independiente.<\/p>\n\n\n\n<p>\u201cA quienes se dedican a este noble oficio por su cuenta, que est\u00e1n desamparados, (...) buscamos garantizarles la seguridad social, la atenci\u00f3n m\u00e9dica y otros beneficios de seguridad social, otras prestaciones\u201d, explic\u00f3.<\/p>\n\n\n\n<p>Del 7 al 30 de junio estar\u00e1 disponible el registro en la plataforma&nbsp;<a href=\"http:\/\/www.imss.gob.mx\/periodistas-por-cuenta-propia\" target=\"_blank\" rel=\"noreferrer noopener\">www.imss.gob.mx\/periodistas-por-cuenta-propia<\/a>. Las y los interesados deber\u00e1n cumplir con los siguientes requisitos:<\/p>\n\n\n\n<p>-CURP<\/p>\n\n\n\n<p>-N\u00famero de Seguridad Social<\/p>\n\n\n\n<p>-Registro Federal de Contribuyentes y e.firma<\/p>\n\n\n\n<p>-Curriculum profesional<\/p>\n\n\n\n<p>-Haber trabajado en un medio de comunicaci\u00f3n (radio, televisi\u00f3n, prensa escrita, plataforma especializada en periodismo a partir de las nuevas tecnolog\u00edas).<\/p>\n\n\n\n<p>-Evidencia del trabajo realizado y publicado en los \u00faltimos 12 meses. Ser\u00e1 necesario entregar al menos tres productos de su trabajo period\u00edstico que demuestre el car\u00e1cter de periodista por cuenta propia.<\/p>\n\n\n\n<p>-Carta con firma aut\u00f3grafa de la autor\u00eda del trabajo presentado.<\/p>\n\n\n\n<p>Al ingresar los datos requeridos, el sistema enviar\u00e1 un correo electr\u00f3nico de confirmaci\u00f3n de la solicitud de incorporaci\u00f3n.<\/p>\n\n\n\n<p>La inscripci\u00f3n de periodistas a la seguridad social iniciar\u00e1 el 1 de agosto de 2022. Esta acci\u00f3n de justicia laboral sin precedentes en el gremio se financiar\u00e1 con el 25 por ciento del presupuesto del Gobierno de M\u00e9xico para publicidad.<\/p>\n\n\n\n<p>Actualmente el monto de la partida destinada a este rubro es de 3 mil 40 millones de pesos en 2022, por lo que el fondo dispondr\u00e1 de 760 millones de pesos.<\/p>\n\n\n\n<p>La pensi\u00f3n propuesta para las y los periodistas independientes es de 2 mil 139.22 pesos mensuales, es decir, 25 mil 670.64 pesos anuales. Se calcul\u00f3 con base en el salario m\u00ednimo profesional aplicable de 377.09 pesos diarios.<\/p>\n\n\n\n<p>Con el Instituto del Fondo Nacional de la Vivienda para los Trabajadores (Infonavit) se busca ampliar esta prestaci\u00f3n para que las y los comunicadores accedan a cr\u00e9ditos de vivienda.<\/p>\n\n\n\n<p>El coordinador de Comunicaci\u00f3n Social y vocero, Jes\u00fas Ram\u00edrez Cuevas, detall\u00f3 que el INEGI tiene registrados 41 mil 113 periodistas y redactores, de los cuales 34 mil 835 son empleados subordinados y remunerados. Existen 6 mil 28 comunicadores independientes, a quienes atender\u00e1 el Gobierno de la Cuarta Transformaci\u00f3n.<\/p>\n\n\n\n<p>Expuso que los trabajadores por honorarios o sin plaza tambi\u00e9n tendr\u00e1n derecho a este beneficio.<\/p>\n\n\n\n<p>Con base en el censo de reporteros, redactores y reporteros gr\u00e1ficos independientes, un grupo de periodistas que colaboran de manera voluntaria y sin remuneraci\u00f3n definir\u00e1 si son candidatos a participar en el plan.<\/p>\n\n\n\n<p>Integrar\u00e1n el Comit\u00e9 Consultivo para la Integraci\u00f3n del Censo de Periodistas, Enrique Galv\u00e1n Ochoa, Fernanda Tapia, Jos\u00e9 Reveles, Nancy Flores y Rub\u00e9n Villalpando Moreno.<\/p>\n","protected":false},"excerpt":{"rendered":"Kuali\/Ciudad de M\u00e9xico.-En el D\u00eda de la Libertad de Expresi\u00f3n, el presidente Andr\u00e9s Manuel L\u00f3pez Obrador encabez\u00f3 la presentaci\u00f3n del Plan de seguridad social para periodistas que trabajan de forma independiente. \u201cA quienes se dedican a este noble oficio por su cuenta, que est\u00e1n desamparados, (...) buscamos garantizarles la seguridad social, la atenci\u00f3n m\u00e9dica y [&hellip;]","protected":false},"author":2,"featured_media":37035,"comment_status":"open","ping_status":"open","sticky":false,"template":"","format":"standard","meta":{"_seopress_robots_primary_cat":"none","_seopress_titles_title":"","_seopress_titles_desc":"","_seopress_robots_index":"","_monsterinsights_skip_tracking":false,"_monsterinsights_sitenote_active":false,"_monsterinsights_sitenote_note":"","_monsterinsights_sitenote_category":0,"footnotes":""},"categories":[14],"tags":[],"class_list":["post-98060","post","type-post","status-publish","format-standard","has-post-thumbnail","hentry","category-derechos"],"yoast_head":"<!-- This site is optimized with the Yoast SEO plugin v27.4 - https:\/\/yoast.com\/product\/yoast-seo-wordpress\/ -->\n<title>DAR\u00c1N IMSS A PERIODISTAS SIN PRESTACIONES - Kuali<\/title>\n<meta name=\"robots\" content=\"index, follow, max-snippet:-1, max-image-preview:large, max-video-preview:-1\" \/>\n<link rel=\"canonical\" href=\"https:\/\/kuali.com.mx\/web\/2022\/06\/07\/daran-imss-a-periodistas-sin-prestaciones\/\" \/>\n<meta property=\"og:locale\" content=\"es_MX\" \/>\n<meta property=\"og:type\" content=\"article\" \/>\n<meta property=\"og:title\" content=\"DAR\u00c1N IMSS A PERIODISTAS SIN PRESTACIONES - Kuali\" \/>\n<meta property=\"og:description\" content=\"Kuali\/Ciudad de M\u00e9xico.-En el D\u00eda de la Libertad de Expresi\u00f3n, el presidente Andr\u00e9s Manuel L\u00f3pez Obrador encabez\u00f3 la presentaci\u00f3n del Plan de seguridad social para periodistas que trabajan de forma independiente. \u201cA quienes se dedican a este noble oficio por su cuenta, que est\u00e1n desamparados, (...) buscamos garantizarles la seguridad social, la atenci\u00f3n m\u00e9dica y [&hellip;]\" \/>\n<meta property=\"og:url\" content=\"https:\/\/kuali.com.mx\/web\/2022\/06\/07\/daran-imss-a-periodistas-sin-prestaciones\/\" \/>\n<meta property=\"og:site_name\" content=\"Kuali\" \/>\n<meta property=\"article:publisher\" content=\"https:\/\/kuali.com.mx\/web\/wp-content\/uploads\/2018\/04\/cropped-kuali_logo-1-1.png\" \/>\n<meta property=\"article:published_time\" content=\"2022-06-07T19:57:00+00:00\" \/>\n<meta property=\"article:modified_time\" content=\"2022-06-08T01:01:46+00:00\" \/>\n<meta property=\"og:image\" content=\"https:\/\/kuali.com.mx\/web\/wp-content\/uploads\/2018\/03\/Periodistas.jpg\" \/>\n\t<meta property=\"og:image:width\" content=\"1920\" \/>\n\t<meta property=\"og:image:height\" content=\"1080\" \/>\n\t<meta property=\"og:image:type\" content=\"image\/jpeg\" \/>\n<meta name=\"author\" content=\"Kuali Staff\" \/>\n<meta name=\"twitter:card\" content=\"summary_large_image\" \/>\n<meta name=\"twitter:creator\" content=\"@kuali_noticias\" \/>\n<meta name=\"twitter:site\" content=\"@kuali_noticias\" \/>\n<meta name=\"twitter:label1\" content=\"Escrito por\" \/>\n\t<meta name=\"twitter:data1\" content=\"Kuali Staff\" \/>\n\t<meta name=\"twitter:label2\" content=\"Tiempo de lectura\" \/>\n\t<meta name=\"twitter:data2\" content=\"2 minutos\" \/>\n<script type=\"application\/ld+json\" class=\"yoast-schema-graph\">{\"@context\":\"https:\\\/\\\/schema.org\",\"@graph\":[{\"@type\":\"Article\",\"@id\":\"https:\\\/\\\/kuali.com.mx\\\/web\\\/2022\\\/06\\\/07\\\/daran-imss-a-periodistas-sin-prestaciones\\\/#article\",\"isPartOf\":{\"@id\":\"https:\\\/\\\/kuali.com.mx\\\/web\\\/2022\\\/06\\\/07\\\/daran-imss-a-periodistas-sin-prestaciones\\\/\"},\"author\":{\"name\":\"Kuali Staff\",\"@id\":\"https:\\\/\\\/kuali.com.mx\\\/web\\\/#\\\/schema\\\/person\\\/6f89ffa8ecba9dae50662357923c5289\"},\"headline\":\"DAR\u00c1N IMSS A PERIODISTAS SIN PRESTACIONES\",\"datePublished\":\"2022-06-07T19:57:00+00:00\",\"dateModified\":\"2022-06-08T01:01:46+00:00\",\"mainEntityOfPage\":{\"@id\":\"https:\\\/\\\/kuali.com.mx\\\/web\\\/2022\\\/06\\\/07\\\/daran-imss-a-periodistas-sin-prestaciones\\\/\"},\"wordCount\":471,\"commentCount\":0,\"image\":{\"@id\":\"https:\\\/\\\/kuali.com.mx\\\/web\\\/2022\\\/06\\\/07\\\/daran-imss-a-periodistas-sin-prestaciones\\\/#primaryimage\"},\"thumbnailUrl\":\"https:\\\/\\\/kuali.com.mx\\\/web\\\/wp-content\\\/uploads\\\/2018\\\/03\\\/Periodistas.jpg\",\"articleSection\":[\"Derechos Humanos\"],\"inLanguage\":\"es\",\"potentialAction\":[{\"@type\":\"CommentAction\",\"name\":\"Comment\",\"target\":[\"https:\\\/\\\/kuali.com.mx\\\/web\\\/2022\\\/06\\\/07\\\/daran-imss-a-periodistas-sin-prestaciones\\\/#respond\"]}]},{\"@type\":\"WebPage\",\"@id\":\"https:\\\/\\\/kuali.com.mx\\\/web\\\/2022\\\/06\\\/07\\\/daran-imss-a-periodistas-sin-prestaciones\\\/\",\"url\":\"https:\\\/\\\/kuali.com.mx\\\/web\\\/2022\\\/06\\\/07\\\/daran-imss-a-periodistas-sin-prestaciones\\\/\",\"name\":\"DAR\u00c1N IMSS A PERIODISTAS SIN PRESTACIONES - Kuali\",\"isPartOf\":{\"@id\":\"https:\\\/\\\/kuali.com.mx\\\/web\\\/#website\"},\"primaryImageOfPage\":{\"@id\":\"https:\\\/\\\/kuali.com.mx\\\/web\\\/2022\\\/06\\\/07\\\/daran-imss-a-periodistas-sin-prestaciones\\\/#primaryimage\"},\"image\":{\"@id\":\"https:\\\/\\\/kuali.com.mx\\\/web\\\/2022\\\/06\\\/07\\\/daran-imss-a-periodistas-sin-prestaciones\\\/#primaryimage\"},\"thumbnailUrl\":\"https:\\\/\\\/kuali.com.mx\\\/web\\\/wp-content\\\/uploads\\\/2018\\\/03\\\/Periodistas.jpg\",\"datePublished\":\"2022-06-07T19:57:00+00:00\",\"dateModified\":\"2022-06-08T01:01:46+00:00\",\"author\":{\"@id\":\"https:\\\/\\\/kuali.com.mx\\\/web\\\/#\\\/schema\\\/person\\\/6f89ffa8ecba9dae50662357923c5289\"},\"breadcrumb\":{\"@id\":\"https:\\\/\\\/kuali.com.mx\\\/web\\\/2022\\\/06\\\/07\\\/daran-imss-a-periodistas-sin-prestaciones\\\/#breadcrumb\"},\"inLanguage\":\"es\",\"potentialAction\":[{\"@type\":\"ReadAction\",\"target\":[\"https:\\\/\\\/kuali.com.mx\\\/web\\\/2022\\\/06\\\/07\\\/daran-imss-a-periodistas-sin-prestaciones\\\/\"]}]},{\"@type\":\"ImageObject\",\"inLanguage\":\"es\",\"@id\":\"https:\\\/\\\/kuali.com.mx\\\/web\\\/2022\\\/06\\\/07\\\/daran-imss-a-periodistas-sin-prestaciones\\\/#primaryimage\",\"url\":\"https:\\\/\\\/kuali.com.mx\\\/web\\\/wp-content\\\/uploads\\\/2018\\\/03\\\/Periodistas.jpg\",\"contentUrl\":\"https:\\\/\\\/kuali.com.mx\\\/web\\\/wp-content\\\/uploads\\\/2018\\\/03\\\/Periodistas.jpg\",\"width\":1920,\"height\":1080},{\"@type\":\"BreadcrumbList\",\"@id\":\"https:\\\/\\\/kuali.com.mx\\\/web\\\/2022\\\/06\\\/07\\\/daran-imss-a-periodistas-sin-prestaciones\\\/#breadcrumb\",\"itemListElement\":[{\"@type\":\"ListItem\",\"position\":1,\"name\":\"Inicio\",\"item\":\"https:\\\/\\\/kuali.com.mx\\\/web\\\/\"},{\"@type\":\"ListItem\",\"position\":2,\"name\":\"DAR\u00c1N IMSS A PERIODISTAS SIN PRESTACIONES\"}]},{\"@type\":\"WebSite\",\"@id\":\"https:\\\/\\\/kuali.com.mx\\\/web\\\/#website\",\"url\":\"https:\\\/\\\/kuali.com.mx\\\/web\\\/\",\"name\":\"Kuali\",\"description\":\"\",\"potentialAction\":[{\"@type\":\"SearchAction\",\"target\":{\"@type\":\"EntryPoint\",\"urlTemplate\":\"https:\\\/\\\/kuali.com.mx\\\/web\\\/?s={search_term_string}\"},\"query-input\":{\"@type\":\"PropertyValueSpecification\",\"valueRequired\":true,\"valueName\":\"search_term_string\"}}],\"inLanguage\":\"es\"},{\"@type\":\"Person\",\"@id\":\"https:\\\/\\\/kuali.com.mx\\\/web\\\/#\\\/schema\\\/person\\\/6f89ffa8ecba9dae50662357923c5289\",\"name\":\"Kuali Staff\",\"image\":{\"@type\":\"ImageObject\",\"inLanguage\":\"es\",\"@id\":\"https:\\\/\\\/secure.gravatar.com\\\/avatar\\\/f917ad82e5ab71227a733c78b6e60715476f69ee6be59feee4eb5d9920c89e0f?s=96&d=mm&r=g\",\"url\":\"https:\\\/\\\/secure.gravatar.com\\\/avatar\\\/f917ad82e5ab71227a733c78b6e60715476f69ee6be59feee4eb5d9920c89e0f?s=96&d=mm&r=g\",\"contentUrl\":\"https:\\\/\\\/secure.gravatar.com\\\/avatar\\\/f917ad82e5ab71227a733c78b6e60715476f69ee6be59feee4eb5d9920c89e0f?s=96&d=mm&r=g\",\"caption\":\"Kuali Staff\"},\"url\":\"https:\\\/\\\/kuali.com.mx\\\/web\\\/author\\\/lagarto\\\/\"}]}<\/script>\n<!-- \/ Yoast SEO plugin. -->","yoast_head_json":{"title":"DAR\u00c1N IMSS A PERIODISTAS SIN PRESTACIONES - Kuali","robots":{"index":"index","follow":"follow","max-snippet":"max-snippet:-1","max-image-preview":"max-image-preview:large","max-video-preview":"max-video-preview:-1"},"canonical":"https:\/\/kuali.com.mx\/web\/2022\/06\/07\/daran-imss-a-periodistas-sin-prestaciones\/","og_locale":"es_MX","og_type":"article","og_title":"DAR\u00c1N IMSS A PERIODISTAS SIN PRESTACIONES - Kuali","og_description":"Kuali\/Ciudad de M\u00e9xico.-En el D\u00eda de la Libertad de Expresi\u00f3n, el presidente Andr\u00e9s Manuel L\u00f3pez Obrador encabez\u00f3 la presentaci\u00f3n del Plan de seguridad social para periodistas que trabajan de forma independiente. \u201cA quienes se dedican a este noble oficio por su cuenta, que est\u00e1n desamparados, (...) buscamos garantizarles la seguridad social, la atenci\u00f3n m\u00e9dica y [&hellip;]","og_url":"https:\/\/kuali.com.mx\/web\/2022\/06\/07\/daran-imss-a-periodistas-sin-prestaciones\/","og_site_name":"Kuali","article_publisher":"https:\/\/kuali.com.mx\/web\/wp-content\/uploads\/2018\/04\/cropped-kuali_logo-1-1.png","article_published_time":"2022-06-07T19:57:00+00:00","article_modified_time":"2022-06-08T01:01:46+00:00","og_image":[{"width":1920,"height":1080,"url":"https:\/\/kuali.com.mx\/web\/wp-content\/uploads\/2018\/03\/Periodistas.jpg","type":"image\/jpeg"}],"author":"Kuali Staff","twitter_card":"summary_large_image","twitter_creator":"@kuali_noticias","twitter_site":"@kuali_noticias","twitter_misc":{"Escrito por":"Kuali Staff","Tiempo de lectura":"2 minutos"},"schema":{"@context":"https:\/\/schema.org","@graph":[{"@type":"Article","@id":"https:\/\/kuali.com.mx\/web\/2022\/06\/07\/daran-imss-a-periodistas-sin-prestaciones\/#article","isPartOf":{"@id":"https:\/\/kuali.com.mx\/web\/2022\/06\/07\/daran-imss-a-periodistas-sin-prestaciones\/"},"author":{"name":"Kuali Staff","@id":"https:\/\/kuali.com.mx\/web\/#\/schema\/person\/6f89ffa8ecba9dae50662357923c5289"},"headline":"DAR\u00c1N IMSS A PERIODISTAS SIN PRESTACIONES","datePublished":"2022-06-07T19:57:00+00:00","dateModified":"2022-06-08T01:01:46+00:00","mainEntityOfPage":{"@id":"https:\/\/kuali.com.mx\/web\/2022\/06\/07\/daran-imss-a-periodistas-sin-prestaciones\/"},"wordCount":471,"commentCount":0,"image":{"@id":"https:\/\/kuali.com.mx\/web\/2022\/06\/07\/daran-imss-a-periodistas-sin-prestaciones\/#primaryimage"},"thumbnailUrl":"https:\/\/kuali.com.mx\/web\/wp-content\/uploads\/2018\/03\/Periodistas.jpg","articleSection":["Derechos Humanos"],"inLanguage":"es","potentialAction":[{"@type":"CommentAction","name":"Comment","target":["https:\/\/kuali.com.mx\/web\/2022\/06\/07\/daran-imss-a-periodistas-sin-prestaciones\/#respond"]}]},{"@type":"WebPage","@id":"https:\/\/kuali.com.mx\/web\/2022\/06\/07\/daran-imss-a-periodistas-sin-prestaciones\/","url":"https:\/\/kuali.com.mx\/web\/2022\/06\/07\/daran-imss-a-periodistas-sin-prestaciones\/","name":"DAR\u00c1N IMSS A PERIODISTAS SIN PRESTACIONES - Kuali","isPartOf":{"@id":"https:\/\/kuali.com.mx\/web\/#website"},"primaryImageOfPage":{"@id":"https:\/\/kuali.com.mx\/web\/2022\/06\/07\/daran-imss-a-periodistas-sin-prestaciones\/#primaryimage"},"image":{"@id":"https:\/\/kuali.com.mx\/web\/2022\/06\/07\/daran-imss-a-periodistas-sin-prestaciones\/#primaryimage"},"thumbnailUrl":"https:\/\/kuali.com.mx\/web\/wp-content\/uploads\/2018\/03\/Periodistas.jpg","datePublished":"2022-06-07T19:57:00+00:00","dateModified":"2022-06-08T01:01:46+00:00","author":{"@id":"https:\/\/kuali.com.mx\/web\/#\/schema\/person\/6f89ffa8ecba9dae50662357923c5289"},"breadcrumb":{"@id":"https:\/\/kuali.com.mx\/web\/2022\/06\/07\/daran-imss-a-periodistas-sin-prestaciones\/#breadcrumb"},"inLanguage":"es","potentialAction":[{"@type":"ReadAction","target":["https:\/\/kuali.com.mx\/web\/2022\/06\/07\/daran-imss-a-periodistas-sin-prestaciones\/"]}]},{"@type":"ImageObject","inLanguage":"es","@id":"https:\/\/kuali.com.mx\/web\/2022\/06\/07\/daran-imss-a-periodistas-sin-prestaciones\/#primaryimage","url":"https:\/\/kuali.com.mx\/web\/wp-content\/uploads\/2018\/03\/Periodistas.jpg","contentUrl":"https:\/\/kuali.com.mx\/web\/wp-content\/uploads\/2018\/03\/Periodistas.jpg","width":1920,"height":1080},{"@type":"BreadcrumbList","@id":"https:\/\/kuali.com.mx\/web\/2022\/06\/07\/daran-imss-a-periodistas-sin-prestaciones\/#breadcrumb","itemListElement":[{"@type":"ListItem","position":1,"name":"Inicio","item":"https:\/\/kuali.com.mx\/web\/"},{"@type":"ListItem","position":2,"name":"DAR\u00c1N IMSS A PERIODISTAS SIN PRESTACIONES"}]},{"@type":"WebSite","@id":"https:\/\/kuali.com.mx\/web\/#website","url":"https:\/\/kuali.com.mx\/web\/","name":"Kuali","description":"","potentialAction":[{"@type":"SearchAction","target":{"@type":"EntryPoint","urlTemplate":"https:\/\/kuali.com.mx\/web\/?s={search_term_string}"},"query-input":{"@type":"PropertyValueSpecification","valueRequired":true,"valueName":"search_term_string"}}],"inLanguage":"es"},{"@type":"Person","@id":"https:\/\/kuali.com.mx\/web\/#\/schema\/person\/6f89ffa8ecba9dae50662357923c5289","name":"Kuali Staff","image":{"@type":"ImageObject","inLanguage":"es","@id":"https:\/\/secure.gravatar.com\/avatar\/f917ad82e5ab71227a733c78b6e60715476f69ee6be59feee4eb5d9920c89e0f?s=96&d=mm&r=g","url":"https:\/\/secure.gravatar.com\/avatar\/f917ad82e5ab71227a733c78b6e60715476f69ee6be59feee4eb5d9920c89e0f?s=96&d=mm&r=g","contentUrl":"https:\/\/secure.gravatar.com\/avatar\/f917ad82e5ab71227a733c78b6e60715476f69ee6be59feee4eb5d9920c89e0f?s=96&d=mm&r=g","caption":"Kuali Staff"},"url":"https:\/\/kuali.com.mx\/web\/author\/lagarto\/"}]}},"_links":{"self":[{"href":"https:\/\/kuali.com.mx\/web\/wp-json\/wp\/v2\/posts\/98060","targetHints":{"allow":["GET"]}}],"collection":[{"href":"https:\/\/kuali.com.mx\/web\/wp-json\/wp\/v2\/posts"}],"about":[{"href":"https:\/\/kuali.com.mx\/web\/wp-json\/wp\/v2\/types\/post"}],"author":[{"embeddable":true,"href":"https:\/\/kuali.com.mx\/web\/wp-json\/wp\/v2\/users\/2"}],"replies":[{"embeddable":true,"href":"https:\/\/kuali.com.mx\/web\/wp-json\/wp\/v2\/comments?post=98060"}],"version-history":[{"count":1,"href":"https:\/\/kuali.com.mx\/web\/wp-json\/wp\/v2\/posts\/98060\/revisions"}],"predecessor-version":[{"id":98062,"href":"https:\/\/kuali.com.mx\/web\/wp-json\/wp\/v2\/posts\/98060\/revisions\/98062"}],"wp:featuredmedia":[{"embeddable":true,"href":"https:\/\/kuali.com.mx\/web\/wp-json\/wp\/v2\/media\/37035"}],"wp:attachment":[{"href":"https:\/\/kuali.com.mx\/web\/wp-json\/wp\/v2\/media?parent=98060"}],"wp:term":[{"taxonomy":"category","embeddable":true,"href":"https:\/\/kuali.com.mx\/web\/wp-json\/wp\/v2\/categories?post=98060"},{"taxonomy":"post_tag","embeddable":true,"href":"https:\/\/kuali.com.mx\/web\/wp-json\/wp\/v2\/tags?post=98060"}],"curies":[{"name":"wp","href":"https:\/\/api.w.org\/{rel}","templated":true}]}}