{"id":97744,"date":"2022-06-01T17:13:29","date_gmt":"2022-06-01T23:13:29","guid":{"rendered":"https:\/\/kuali.com.mx\/web\/?p=97744"},"modified":"2022-06-01T17:25:40","modified_gmt":"2022-06-01T23:25:40","slug":"no-conformarse-con-una-beca-si-se-puede-trabajar-ingudis","status":"publish","type":"post","link":"https:\/\/kuali.com.mx\/web\/2022\/06\/01\/no-conformarse-con-una-beca-si-se-puede-trabajar-ingudis\/","title":{"rendered":"TRABAJAR, NO CONFORMARSE CON UNA BECA: INGUDIS"},"content":{"rendered":"\n<p><strong>Kuali\/Le\u00f3n, Gto<\/strong>.- \u201cPara quienes estamos en posibilidad de trabajar y que nuestra condici\u00f3n nos lo permite, yo creo que una beca o una pensi\u00f3n no deber\u00eda ser la \u00fanica alternativa. Por eso es que estamos fomentando la contrataci\u00f3n de personas con discapacidad en empresas formales, con prestaciones y claro con obligaciones\u201d, se\u00f1al\u00f3 el director general del Instituto Guanajuatense para las Personas con Discapacidad (Ingudis), Jos\u00e9 Jos\u00e9 Grimaldo Colmenero.<\/p>\n\n\n\n<p>.Ante socios de la C\u00e1mara de la Industria de la Transformaci\u00f3n (Canacintra), Delegaci\u00f3n Le\u00f3n, hizo referencia a la importancia y beneficios de crear empresas socialmente responsables y valorando las diferencias y habilidades de las personas con discapacidad.<\/p>\n\n\n\n<p>Jos\u00e9 Grimaldo explic\u00f3 que el reto es que cada vez las empresas tengan m\u00e1s apertura para la contrataci\u00f3n laboral y coment\u00f3 que en el 2021 se realizaron acciones para incorporar a 72 hombres y 40 mujeres a centros de trabajo, con el fin de alcanzar el desarrollo de una vida independiente que dignifica a las personas con discapacidad.<\/p>\n\n\n\n<p>Roc\u00edo N\u00fa\u00f1ez Ram\u00edrez, coordinadora de Inclusi\u00f3n Laboral del Ingudis, dijo que a trav\u00e9s de la instituci\u00f3n se tiene un registro de personas evaluadas con la prueba VALPAR, que &nbsp;permiten calificar las habilidades de la persona para despu\u00e9s conseguir un empleo formal.<\/p>\n\n\n\n<p>\u201cLa meta es lograr la inclusi\u00f3n, como todas las acciones que est\u00e1n orientadas a la inserci\u00f3n activa de personas con discapacidad en los \u00e1mbitos que por circunstancias de la vida le sean correspondientes, es decir, que se reconozca el derecho de las personas con discapacidad al derecho a trabajar\u201d, se\u00f1al\u00f3.<\/p>\n\n\n\n<p>Durante la presentaci\u00f3n explic\u00f3 que el INGUDIS, a trav\u00e9s de las Agencias Laborales, eval\u00faa y certifica cient\u00edficamente las habilidades, competencias, conocimientos y estudios formales que tiene una persona para generar su perfil laboral. Adem\u00e1s, se le le realiza una evaluaci\u00f3n m\u00e9dica, psicol\u00f3gica, de habilidades t\u00e9cnicas y aptitudes (VALPAR) con lo que se le genera un perfil laboral y se cruza con las vacantes disponibles.<\/p>\n\n\n\n<p>Una vez que se hace el enlace con la empresa, a trav\u00e9s del Ingudis se ofrece un asesoramiento previo a la empresa, se vincula a la persona candidata con el entorno del centro laboral, se da seguimiento de inclusi\u00f3n a la empresa y al o la candidata, a trav\u00e9s de talleres de sensibilizaci\u00f3n para que la inserci\u00f3n sea exitosa.<\/p>\n","protected":false},"excerpt":{"rendered":"Kuali\/Le\u00f3n, Gto.- \u201cPara quienes estamos en posibilidad de trabajar y que nuestra condici\u00f3n nos lo permite, yo creo que una beca o una pensi\u00f3n no deber\u00eda ser la \u00fanica alternativa. Por eso es que estamos fomentando la contrataci\u00f3n de personas con discapacidad en empresas formales, con prestaciones y claro con obligaciones\u201d, se\u00f1al\u00f3 el director general [&hellip;]","protected":false},"author":2,"featured_media":97741,"comment_status":"open","ping_status":"open","sticky":false,"template":"","format":"standard","meta":{"_seopress_robots_primary_cat":"none","_seopress_titles_title":"","_seopress_titles_desc":"","_seopress_robots_index":"","_monsterinsights_skip_tracking":false,"_monsterinsights_sitenote_active":false,"_monsterinsights_sitenote_note":"","_monsterinsights_sitenote_category":0,"footnotes":""},"categories":[14],"tags":[159,125,496],"class_list":["post-97744","post","type-post","status-publish","format-standard","has-post-thumbnail","hentry","category-derechos","tag-discapacidad","tag-empleo","tag-inclusion-laboral"],"yoast_head":"<!-- This site is optimized with the Yoast SEO plugin v27.4 - https:\/\/yoast.com\/product\/yoast-seo-wordpress\/ -->\n<title>TRABAJAR, NO CONFORMARSE CON UNA BECA: INGUDIS - Kuali<\/title>\n<meta name=\"robots\" content=\"index, follow, max-snippet:-1, max-image-preview:large, max-video-preview:-1\" \/>\n<link rel=\"canonical\" href=\"https:\/\/kuali.com.mx\/web\/2022\/06\/01\/no-conformarse-con-una-beca-si-se-puede-trabajar-ingudis\/\" \/>\n<meta property=\"og:locale\" content=\"es_MX\" \/>\n<meta property=\"og:type\" content=\"article\" \/>\n<meta property=\"og:title\" content=\"TRABAJAR, NO CONFORMARSE CON UNA BECA: INGUDIS - Kuali\" \/>\n<meta property=\"og:description\" content=\"Kuali\/Le\u00f3n, Gto.- \u201cPara quienes estamos en posibilidad de trabajar y que nuestra condici\u00f3n nos lo permite, yo creo que una beca o una pensi\u00f3n no deber\u00eda ser la \u00fanica alternativa. Por eso es que estamos fomentando la contrataci\u00f3n de personas con discapacidad en empresas formales, con prestaciones y claro con obligaciones\u201d, se\u00f1al\u00f3 el director general [&hellip;]\" \/>\n<meta property=\"og:url\" content=\"https:\/\/kuali.com.mx\/web\/2022\/06\/01\/no-conformarse-con-una-beca-si-se-puede-trabajar-ingudis\/\" \/>\n<meta property=\"og:site_name\" content=\"Kuali\" \/>\n<meta property=\"article:publisher\" content=\"https:\/\/kuali.com.mx\/web\/wp-content\/uploads\/2018\/04\/cropped-kuali_logo-1-1.png\" \/>\n<meta property=\"article:published_time\" content=\"2022-06-01T23:13:29+00:00\" \/>\n<meta property=\"article:modified_time\" content=\"2022-06-01T23:25:40+00:00\" \/>\n<meta property=\"og:image\" content=\"https:\/\/kuali.com.mx\/web\/wp-content\/uploads\/2022\/06\/Discapacidad.jpg\" \/>\n\t<meta property=\"og:image:width\" content=\"1422\" \/>\n\t<meta property=\"og:image:height\" content=\"750\" \/>\n\t<meta property=\"og:image:type\" content=\"image\/jpeg\" \/>\n<meta name=\"author\" content=\"Kuali Staff\" \/>\n<meta name=\"twitter:card\" content=\"summary_large_image\" \/>\n<meta name=\"twitter:creator\" content=\"@kuali_noticias\" \/>\n<meta name=\"twitter:site\" content=\"@kuali_noticias\" \/>\n<meta name=\"twitter:label1\" content=\"Escrito por\" \/>\n\t<meta name=\"twitter:data1\" content=\"Kuali Staff\" \/>\n\t<meta name=\"twitter:label2\" content=\"Tiempo de lectura\" \/>\n\t<meta name=\"twitter:data2\" content=\"2 minutos\" \/>\n<script type=\"application\/ld+json\" class=\"yoast-schema-graph\">{\"@context\":\"https:\\\/\\\/schema.org\",\"@graph\":[{\"@type\":\"Article\",\"@id\":\"https:\\\/\\\/kuali.com.mx\\\/web\\\/2022\\\/06\\\/01\\\/no-conformarse-con-una-beca-si-se-puede-trabajar-ingudis\\\/#article\",\"isPartOf\":{\"@id\":\"https:\\\/\\\/kuali.com.mx\\\/web\\\/2022\\\/06\\\/01\\\/no-conformarse-con-una-beca-si-se-puede-trabajar-ingudis\\\/\"},\"author\":{\"name\":\"Kuali Staff\",\"@id\":\"https:\\\/\\\/kuali.com.mx\\\/web\\\/#\\\/schema\\\/person\\\/6f89ffa8ecba9dae50662357923c5289\"},\"headline\":\"TRABAJAR, NO CONFORMARSE CON UNA BECA: INGUDIS\",\"datePublished\":\"2022-06-01T23:13:29+00:00\",\"dateModified\":\"2022-06-01T23:25:40+00:00\",\"mainEntityOfPage\":{\"@id\":\"https:\\\/\\\/kuali.com.mx\\\/web\\\/2022\\\/06\\\/01\\\/no-conformarse-con-una-beca-si-se-puede-trabajar-ingudis\\\/\"},\"wordCount\":421,\"commentCount\":0,\"image\":{\"@id\":\"https:\\\/\\\/kuali.com.mx\\\/web\\\/2022\\\/06\\\/01\\\/no-conformarse-con-una-beca-si-se-puede-trabajar-ingudis\\\/#primaryimage\"},\"thumbnailUrl\":\"https:\\\/\\\/kuali.com.mx\\\/web\\\/wp-content\\\/uploads\\\/2022\\\/06\\\/Discapacidad.jpg\",\"keywords\":[\"Discapacidad\",\"Empleo\",\"Inclusi\u00f3n laboral\"],\"articleSection\":[\"Derechos Humanos\"],\"inLanguage\":\"es\",\"potentialAction\":[{\"@type\":\"CommentAction\",\"name\":\"Comment\",\"target\":[\"https:\\\/\\\/kuali.com.mx\\\/web\\\/2022\\\/06\\\/01\\\/no-conformarse-con-una-beca-si-se-puede-trabajar-ingudis\\\/#respond\"]}]},{\"@type\":\"WebPage\",\"@id\":\"https:\\\/\\\/kuali.com.mx\\\/web\\\/2022\\\/06\\\/01\\\/no-conformarse-con-una-beca-si-se-puede-trabajar-ingudis\\\/\",\"url\":\"https:\\\/\\\/kuali.com.mx\\\/web\\\/2022\\\/06\\\/01\\\/no-conformarse-con-una-beca-si-se-puede-trabajar-ingudis\\\/\",\"name\":\"TRABAJAR, NO CONFORMARSE CON UNA BECA: INGUDIS - Kuali\",\"isPartOf\":{\"@id\":\"https:\\\/\\\/kuali.com.mx\\\/web\\\/#website\"},\"primaryImageOfPage\":{\"@id\":\"https:\\\/\\\/kuali.com.mx\\\/web\\\/2022\\\/06\\\/01\\\/no-conformarse-con-una-beca-si-se-puede-trabajar-ingudis\\\/#primaryimage\"},\"image\":{\"@id\":\"https:\\\/\\\/kuali.com.mx\\\/web\\\/2022\\\/06\\\/01\\\/no-conformarse-con-una-beca-si-se-puede-trabajar-ingudis\\\/#primaryimage\"},\"thumbnailUrl\":\"https:\\\/\\\/kuali.com.mx\\\/web\\\/wp-content\\\/uploads\\\/2022\\\/06\\\/Discapacidad.jpg\",\"datePublished\":\"2022-06-01T23:13:29+00:00\",\"dateModified\":\"2022-06-01T23:25:40+00:00\",\"author\":{\"@id\":\"https:\\\/\\\/kuali.com.mx\\\/web\\\/#\\\/schema\\\/person\\\/6f89ffa8ecba9dae50662357923c5289\"},\"breadcrumb\":{\"@id\":\"https:\\\/\\\/kuali.com.mx\\\/web\\\/2022\\\/06\\\/01\\\/no-conformarse-con-una-beca-si-se-puede-trabajar-ingudis\\\/#breadcrumb\"},\"inLanguage\":\"es\",\"potentialAction\":[{\"@type\":\"ReadAction\",\"target\":[\"https:\\\/\\\/kuali.com.mx\\\/web\\\/2022\\\/06\\\/01\\\/no-conformarse-con-una-beca-si-se-puede-trabajar-ingudis\\\/\"]}]},{\"@type\":\"ImageObject\",\"inLanguage\":\"es\",\"@id\":\"https:\\\/\\\/kuali.com.mx\\\/web\\\/2022\\\/06\\\/01\\\/no-conformarse-con-una-beca-si-se-puede-trabajar-ingudis\\\/#primaryimage\",\"url\":\"https:\\\/\\\/kuali.com.mx\\\/web\\\/wp-content\\\/uploads\\\/2022\\\/06\\\/Discapacidad.jpg\",\"contentUrl\":\"https:\\\/\\\/kuali.com.mx\\\/web\\\/wp-content\\\/uploads\\\/2022\\\/06\\\/Discapacidad.jpg\",\"width\":1422,\"height\":750},{\"@type\":\"BreadcrumbList\",\"@id\":\"https:\\\/\\\/kuali.com.mx\\\/web\\\/2022\\\/06\\\/01\\\/no-conformarse-con-una-beca-si-se-puede-trabajar-ingudis\\\/#breadcrumb\",\"itemListElement\":[{\"@type\":\"ListItem\",\"position\":1,\"name\":\"Inicio\",\"item\":\"https:\\\/\\\/kuali.com.mx\\\/web\\\/\"},{\"@type\":\"ListItem\",\"position\":2,\"name\":\"TRABAJAR, NO CONFORMARSE CON UNA BECA: INGUDIS\"}]},{\"@type\":\"WebSite\",\"@id\":\"https:\\\/\\\/kuali.com.mx\\\/web\\\/#website\",\"url\":\"https:\\\/\\\/kuali.com.mx\\\/web\\\/\",\"name\":\"Kuali\",\"description\":\"\",\"potentialAction\":[{\"@type\":\"SearchAction\",\"target\":{\"@type\":\"EntryPoint\",\"urlTemplate\":\"https:\\\/\\\/kuali.com.mx\\\/web\\\/?s={search_term_string}\"},\"query-input\":{\"@type\":\"PropertyValueSpecification\",\"valueRequired\":true,\"valueName\":\"search_term_string\"}}],\"inLanguage\":\"es\"},{\"@type\":\"Person\",\"@id\":\"https:\\\/\\\/kuali.com.mx\\\/web\\\/#\\\/schema\\\/person\\\/6f89ffa8ecba9dae50662357923c5289\",\"name\":\"Kuali Staff\",\"image\":{\"@type\":\"ImageObject\",\"inLanguage\":\"es\",\"@id\":\"https:\\\/\\\/secure.gravatar.com\\\/avatar\\\/f917ad82e5ab71227a733c78b6e60715476f69ee6be59feee4eb5d9920c89e0f?s=96&d=mm&r=g\",\"url\":\"https:\\\/\\\/secure.gravatar.com\\\/avatar\\\/f917ad82e5ab71227a733c78b6e60715476f69ee6be59feee4eb5d9920c89e0f?s=96&d=mm&r=g\",\"contentUrl\":\"https:\\\/\\\/secure.gravatar.com\\\/avatar\\\/f917ad82e5ab71227a733c78b6e60715476f69ee6be59feee4eb5d9920c89e0f?s=96&d=mm&r=g\",\"caption\":\"Kuali Staff\"},\"url\":\"https:\\\/\\\/kuali.com.mx\\\/web\\\/author\\\/lagarto\\\/\"}]}<\/script>\n<!-- \/ Yoast SEO plugin. -->","yoast_head_json":{"title":"TRABAJAR, NO CONFORMARSE CON UNA BECA: INGUDIS - Kuali","robots":{"index":"index","follow":"follow","max-snippet":"max-snippet:-1","max-image-preview":"max-image-preview:large","max-video-preview":"max-video-preview:-1"},"canonical":"https:\/\/kuali.com.mx\/web\/2022\/06\/01\/no-conformarse-con-una-beca-si-se-puede-trabajar-ingudis\/","og_locale":"es_MX","og_type":"article","og_title":"TRABAJAR, NO CONFORMARSE CON UNA BECA: INGUDIS - Kuali","og_description":"Kuali\/Le\u00f3n, Gto.- \u201cPara quienes estamos en posibilidad de trabajar y que nuestra condici\u00f3n nos lo permite, yo creo que una beca o una pensi\u00f3n no deber\u00eda ser la \u00fanica alternativa. Por eso es que estamos fomentando la contrataci\u00f3n de personas con discapacidad en empresas formales, con prestaciones y claro con obligaciones\u201d, se\u00f1al\u00f3 el director general [&hellip;]","og_url":"https:\/\/kuali.com.mx\/web\/2022\/06\/01\/no-conformarse-con-una-beca-si-se-puede-trabajar-ingudis\/","og_site_name":"Kuali","article_publisher":"https:\/\/kuali.com.mx\/web\/wp-content\/uploads\/2018\/04\/cropped-kuali_logo-1-1.png","article_published_time":"2022-06-01T23:13:29+00:00","article_modified_time":"2022-06-01T23:25:40+00:00","og_image":[{"width":1422,"height":750,"url":"https:\/\/kuali.com.mx\/web\/wp-content\/uploads\/2022\/06\/Discapacidad.jpg","type":"image\/jpeg"}],"author":"Kuali Staff","twitter_card":"summary_large_image","twitter_creator":"@kuali_noticias","twitter_site":"@kuali_noticias","twitter_misc":{"Escrito por":"Kuali Staff","Tiempo de lectura":"2 minutos"},"schema":{"@context":"https:\/\/schema.org","@graph":[{"@type":"Article","@id":"https:\/\/kuali.com.mx\/web\/2022\/06\/01\/no-conformarse-con-una-beca-si-se-puede-trabajar-ingudis\/#article","isPartOf":{"@id":"https:\/\/kuali.com.mx\/web\/2022\/06\/01\/no-conformarse-con-una-beca-si-se-puede-trabajar-ingudis\/"},"author":{"name":"Kuali Staff","@id":"https:\/\/kuali.com.mx\/web\/#\/schema\/person\/6f89ffa8ecba9dae50662357923c5289"},"headline":"TRABAJAR, NO CONFORMARSE CON UNA BECA: INGUDIS","datePublished":"2022-06-01T23:13:29+00:00","dateModified":"2022-06-01T23:25:40+00:00","mainEntityOfPage":{"@id":"https:\/\/kuali.com.mx\/web\/2022\/06\/01\/no-conformarse-con-una-beca-si-se-puede-trabajar-ingudis\/"},"wordCount":421,"commentCount":0,"image":{"@id":"https:\/\/kuali.com.mx\/web\/2022\/06\/01\/no-conformarse-con-una-beca-si-se-puede-trabajar-ingudis\/#primaryimage"},"thumbnailUrl":"https:\/\/kuali.com.mx\/web\/wp-content\/uploads\/2022\/06\/Discapacidad.jpg","keywords":["Discapacidad","Empleo","Inclusi\u00f3n laboral"],"articleSection":["Derechos Humanos"],"inLanguage":"es","potentialAction":[{"@type":"CommentAction","name":"Comment","target":["https:\/\/kuali.com.mx\/web\/2022\/06\/01\/no-conformarse-con-una-beca-si-se-puede-trabajar-ingudis\/#respond"]}]},{"@type":"WebPage","@id":"https:\/\/kuali.com.mx\/web\/2022\/06\/01\/no-conformarse-con-una-beca-si-se-puede-trabajar-ingudis\/","url":"https:\/\/kuali.com.mx\/web\/2022\/06\/01\/no-conformarse-con-una-beca-si-se-puede-trabajar-ingudis\/","name":"TRABAJAR, NO CONFORMARSE CON UNA BECA: INGUDIS - Kuali","isPartOf":{"@id":"https:\/\/kuali.com.mx\/web\/#website"},"primaryImageOfPage":{"@id":"https:\/\/kuali.com.mx\/web\/2022\/06\/01\/no-conformarse-con-una-beca-si-se-puede-trabajar-ingudis\/#primaryimage"},"image":{"@id":"https:\/\/kuali.com.mx\/web\/2022\/06\/01\/no-conformarse-con-una-beca-si-se-puede-trabajar-ingudis\/#primaryimage"},"thumbnailUrl":"https:\/\/kuali.com.mx\/web\/wp-content\/uploads\/2022\/06\/Discapacidad.jpg","datePublished":"2022-06-01T23:13:29+00:00","dateModified":"2022-06-01T23:25:40+00:00","author":{"@id":"https:\/\/kuali.com.mx\/web\/#\/schema\/person\/6f89ffa8ecba9dae50662357923c5289"},"breadcrumb":{"@id":"https:\/\/kuali.com.mx\/web\/2022\/06\/01\/no-conformarse-con-una-beca-si-se-puede-trabajar-ingudis\/#breadcrumb"},"inLanguage":"es","potentialAction":[{"@type":"ReadAction","target":["https:\/\/kuali.com.mx\/web\/2022\/06\/01\/no-conformarse-con-una-beca-si-se-puede-trabajar-ingudis\/"]}]},{"@type":"ImageObject","inLanguage":"es","@id":"https:\/\/kuali.com.mx\/web\/2022\/06\/01\/no-conformarse-con-una-beca-si-se-puede-trabajar-ingudis\/#primaryimage","url":"https:\/\/kuali.com.mx\/web\/wp-content\/uploads\/2022\/06\/Discapacidad.jpg","contentUrl":"https:\/\/kuali.com.mx\/web\/wp-content\/uploads\/2022\/06\/Discapacidad.jpg","width":1422,"height":750},{"@type":"BreadcrumbList","@id":"https:\/\/kuali.com.mx\/web\/2022\/06\/01\/no-conformarse-con-una-beca-si-se-puede-trabajar-ingudis\/#breadcrumb","itemListElement":[{"@type":"ListItem","position":1,"name":"Inicio","item":"https:\/\/kuali.com.mx\/web\/"},{"@type":"ListItem","position":2,"name":"TRABAJAR, NO CONFORMARSE CON UNA BECA: INGUDIS"}]},{"@type":"WebSite","@id":"https:\/\/kuali.com.mx\/web\/#website","url":"https:\/\/kuali.com.mx\/web\/","name":"Kuali","description":"","potentialAction":[{"@type":"SearchAction","target":{"@type":"EntryPoint","urlTemplate":"https:\/\/kuali.com.mx\/web\/?s={search_term_string}"},"query-input":{"@type":"PropertyValueSpecification","valueRequired":true,"valueName":"search_term_string"}}],"inLanguage":"es"},{"@type":"Person","@id":"https:\/\/kuali.com.mx\/web\/#\/schema\/person\/6f89ffa8ecba9dae50662357923c5289","name":"Kuali Staff","image":{"@type":"ImageObject","inLanguage":"es","@id":"https:\/\/secure.gravatar.com\/avatar\/f917ad82e5ab71227a733c78b6e60715476f69ee6be59feee4eb5d9920c89e0f?s=96&d=mm&r=g","url":"https:\/\/secure.gravatar.com\/avatar\/f917ad82e5ab71227a733c78b6e60715476f69ee6be59feee4eb5d9920c89e0f?s=96&d=mm&r=g","contentUrl":"https:\/\/secure.gravatar.com\/avatar\/f917ad82e5ab71227a733c78b6e60715476f69ee6be59feee4eb5d9920c89e0f?s=96&d=mm&r=g","caption":"Kuali Staff"},"url":"https:\/\/kuali.com.mx\/web\/author\/lagarto\/"}]}},"_links":{"self":[{"href":"https:\/\/kuali.com.mx\/web\/wp-json\/wp\/v2\/posts\/97744","targetHints":{"allow":["GET"]}}],"collection":[{"href":"https:\/\/kuali.com.mx\/web\/wp-json\/wp\/v2\/posts"}],"about":[{"href":"https:\/\/kuali.com.mx\/web\/wp-json\/wp\/v2\/types\/post"}],"author":[{"embeddable":true,"href":"https:\/\/kuali.com.mx\/web\/wp-json\/wp\/v2\/users\/2"}],"replies":[{"embeddable":true,"href":"https:\/\/kuali.com.mx\/web\/wp-json\/wp\/v2\/comments?post=97744"}],"version-history":[{"count":2,"href":"https:\/\/kuali.com.mx\/web\/wp-json\/wp\/v2\/posts\/97744\/revisions"}],"predecessor-version":[{"id":97765,"href":"https:\/\/kuali.com.mx\/web\/wp-json\/wp\/v2\/posts\/97744\/revisions\/97765"}],"wp:featuredmedia":[{"embeddable":true,"href":"https:\/\/kuali.com.mx\/web\/wp-json\/wp\/v2\/media\/97741"}],"wp:attachment":[{"href":"https:\/\/kuali.com.mx\/web\/wp-json\/wp\/v2\/media?parent=97744"}],"wp:term":[{"taxonomy":"category","embeddable":true,"href":"https:\/\/kuali.com.mx\/web\/wp-json\/wp\/v2\/categories?post=97744"},{"taxonomy":"post_tag","embeddable":true,"href":"https:\/\/kuali.com.mx\/web\/wp-json\/wp\/v2\/tags?post=97744"}],"curies":[{"name":"wp","href":"https:\/\/api.w.org\/{rel}","templated":true}]}}