{"id":97356,"date":"2022-05-26T15:33:26","date_gmt":"2022-05-26T21:33:26","guid":{"rendered":"https:\/\/kuali.com.mx\/web\/?p=97356"},"modified":"2022-05-27T06:09:44","modified_gmt":"2022-05-27T12:09:44","slug":"sector-calzado-debe-ser-priritario-para-el-gobierno","status":"publish","type":"post","link":"https:\/\/kuali.com.mx\/web\/2022\/05\/26\/sector-calzado-debe-ser-priritario-para-el-gobierno\/","title":{"rendered":"SECTOR CALZADO DEBE SER PRIORITARIO PARA EL GOBIERNO"},"content":{"rendered":"\n<p><strong>Alicia Arias\/Le\u00f3n, Gto<\/strong>.- El sector calzado debe ser prioritario en la agenda econ\u00f3mica del estado porque es el segundo generador de empleos en la regi\u00f3n, dijo Alfredo Padilla Villalpando al protestar como residente del Consejo Directivo 2022 de la C\u00e1mara de la Industria del Calzado del Estado de Guanajuato (CICEG).<\/p>\n\n\n\n<p>Durante el acto de protesta el l\u00edder de los industriales del calzado llam\u00f3 a los tres niveles de gobierno a trabajar contra la informalidad, y denunci\u00f3 que no han sido escuchados por la Agencia Nacional de Aduanas de M\u00e9xico (ANAM) y siguen entrado a M\u00e9xico millones de pares de zapatos en condiciones de contrabando y subvaluaci\u00f3n<\/p>\n\n\n\n<p>Record\u00f3 con la pandemia del COVID-19 cerr\u00f3 cerca del 20 por ciento de las empresas del ramo y el 80 por ciento restante \u201cestamos atendiendo la demanda de los clientes\u201d y valorando la importancia de atender las necesidades de los clientes, de hacernos m\u00e1s eficientes las f\u00e1bricas y mejorar las relaciones humanas.<\/p>\n\n\n\n<p>\u201cSabemos que nuestros clientes, al igual que nosotros, tiene compromisos: n\u00f3minas, rentas, distribuci\u00f3n, etc. Sin embargo, lo que los fabricantes necesitamos, es seguridad, firmeza en los pedidos y en los compromisos\u201d, destac\u00f3 Alfredo Padilla, quien reelecto por un periodo m\u00e1s al frente de la CICEG.<\/p>\n\n\n\n<p>Lo que est\u00e1n solicitando es viable y en beneficio de su planta laboral \u201ca quienes podremos pagar mejores sueldos y as\u00ed retener el talento en los centros de trabajo, generar bienestar y fortalecer el mercado interno\u201d.<\/p>\n\n\n\n<p>Hizo un llamado urgente a combatir \u201cel c\u00e1ncer de la informalidad\u201d, puesto que es \u201cindispensable si queremos un desarrollo sano\u201d.<\/p>\n\n\n\n<p>Destac\u00f3 que la c\u00e1mara que preside est\u00e1 trabajando con las autoridades para promover la legalidad y la formalidad con las empresas del sector, y dijo que se debe \u201ccombatir a las empresas informales, las que evaden impuestos, a los que no tienen registrados en el IMSS y a los que fabrican art\u00edculos piratas; estas pr\u00e1cticas da\u00f1an profundamente el tejido social de los mexicanos\u201d.<\/p>\n\n\n\n<p>Y a\u00f1adi\u00f3: \u201cuna empresa informal no da prestaciones de seguridad social a sus colaboradores, por lo tanto, hay un gran n\u00famero de familias sin servicios de salud, sin posibilidad de casa propia, de cr\u00e9ditos y financiamientos que le puedan generar bienestar y desarrollo. Una empresa ilegal, que no factura, puede dar precios bajos y castigados\u201d, con lo que el gran perdedor es el trabajador y su familia.<\/p>\n\n\n\n<p><strong>INSISTE EN COMBATIR CONTRABANDO<\/strong><\/p>\n\n\n\n<p>Igual que en mensajes anteriores, se dirigi\u00f3 al representante del gobierno federal, F\u00e9lix Arredondo Ortega, quien es director general de Fomento a Cadenas Productivas e Inversi\u00f3n de la Secretar\u00eda de Econom\u00eda, para que los ayude a abrir canales de comunicaci\u00f3n con otras instancias del gobierno federal para combatir \u201cde frente las crecientes pr\u00e1cticas ilegales de comercio, tanto en el \u00e1mbito interno como en el del comercio internacional\u201d.<\/p>\n\n\n\n<p>Se quej\u00f3 de que el sector productivo sufre por los problemas de una creciente cantidad de pares de calzado importado en condiciones de contrabando y subvaluaci\u00f3n. Tan solo el a\u00f1o 2021, ingresaron al pa\u00eds 50 millones de pares.<\/p>\n\n\n\n<p>\u201cNuestros llamados no han sido escuchados por parte de la Agencia Nacional de Aduanas de M\u00e9xico (ANAM).&nbsp; No podemos crecer en este escenario y este problema requiere atenci\u00f3n urgente para nuestro sector productivo\u201d, destac\u00f3.<\/p>\n\n\n\n<p>En su mensaje, la presidenta Alejandra Guti\u00e9rrez, anunci\u00f3 la implementaci\u00f3n de un nuevo modelo en beneficio de las mujeres madres de familia que trabajan, que consiste en la creaci\u00f3n de espacios seguros para sus hijos e hijas.<\/p>\n\n\n\n<p>\u201cVamos a empezar en pr\u00f3ximos d\u00edas un nuevo modelo para poder crear espacios seguros, donde le ponemos todos y le ganamos absolutamente todos\u201d, se\u00f1al\u00f3.}<\/p>\n\n\n\n<p>Por su parte, el gobernador Diego Sinhue Rodr\u00edguez, mencion\u00f3 que ante la pandemia el sector calzado era uno de los que m\u00e1s preocupaba; sin embargo, han podido salir adelante y reactivarse.<\/p>\n\n\n\n<p><strong>GALARDONADOS<\/strong><\/p>\n\n\n\n<p>En esta ocasi\u00f3n, el galard\u00f3n Charola de Plata 2022 fue entregado a. Mario Alberto P\u00e9rez Lozano, director General de Grasas El Oso; mientras que el San Crisp\u00edn de Oro 2022 lo recibieron los hermanos Francisco y H\u00e9ctor Cuadra Mu\u00f1oz, de la empresa Cuada.<\/p>\n\n\n\n<p>En la toma de protesta tambi\u00e9n estuvieron presentes el gobernador del estado, Diego Sinhue Rodr\u00edguez Vallejo; la alcaldesa de Le\u00f3n, Alejandra Guti\u00e9rrez Campos; y el presidente de la Confederaci\u00f3n de C\u00e1maras Industriales de los Estados Unidos Mexicanos (Concamin), Jos\u00e9 Abugaber Andonie; entre otras autoridades gubernamentales y l\u00edderes empresariales<\/p>\n","protected":false},"excerpt":{"rendered":"Alicia Arias\/Le\u00f3n, Gto.- El sector calzado debe ser prioritario en la agenda econ\u00f3mica del estado porque es el segundo generador de empleos en la regi\u00f3n, dijo Alfredo Padilla Villalpando al protestar como residente del Consejo Directivo 2022 de la C\u00e1mara de la Industria del Calzado del Estado de Guanajuato (CICEG). Durante el acto de protesta [&hellip;]","protected":false},"author":2,"featured_media":97358,"comment_status":"open","ping_status":"open","sticky":false,"template":"","format":"standard","meta":{"_seopress_robots_primary_cat":"none","_seopress_titles_title":"","_seopress_titles_desc":"","_seopress_robots_index":"","_monsterinsights_skip_tracking":false,"_monsterinsights_sitenote_active":false,"_monsterinsights_sitenote_note":"","_monsterinsights_sitenote_category":0,"footnotes":""},"categories":[3,1],"tags":[361,466,467,207],"class_list":["post-97356","post","type-post","status-publish","format-standard","has-post-thumbnail","hentry","category-politica","category-actualidad","tag-calzado","tag-ciceg","tag-contrabando","tag-economia"],"yoast_head":"<!-- This site is optimized with the Yoast SEO plugin v27.4 - https:\/\/yoast.com\/product\/yoast-seo-wordpress\/ -->\n<title>SECTOR CALZADO DEBE SER PRIORITARIO PARA EL GOBIERNO - Kuali<\/title>\n<meta name=\"robots\" content=\"index, follow, max-snippet:-1, max-image-preview:large, max-video-preview:-1\" \/>\n<link rel=\"canonical\" href=\"https:\/\/kuali.com.mx\/web\/2022\/05\/26\/sector-calzado-debe-ser-priritario-para-el-gobierno\/\" \/>\n<meta property=\"og:locale\" content=\"es_MX\" \/>\n<meta property=\"og:type\" content=\"article\" \/>\n<meta property=\"og:title\" content=\"SECTOR CALZADO DEBE SER PRIORITARIO PARA EL GOBIERNO - Kuali\" \/>\n<meta property=\"og:description\" content=\"Alicia Arias\/Le\u00f3n, Gto.- El sector calzado debe ser prioritario en la agenda econ\u00f3mica del estado porque es el segundo generador de empleos en la regi\u00f3n, dijo Alfredo Padilla Villalpando al protestar como residente del Consejo Directivo 2022 de la C\u00e1mara de la Industria del Calzado del Estado de Guanajuato (CICEG). Durante el acto de protesta [&hellip;]\" \/>\n<meta property=\"og:url\" content=\"https:\/\/kuali.com.mx\/web\/2022\/05\/26\/sector-calzado-debe-ser-priritario-para-el-gobierno\/\" \/>\n<meta property=\"og:site_name\" content=\"Kuali\" \/>\n<meta property=\"article:publisher\" content=\"https:\/\/kuali.com.mx\/web\/wp-content\/uploads\/2018\/04\/cropped-kuali_logo-1-1.png\" \/>\n<meta property=\"article:published_time\" content=\"2022-05-26T21:33:26+00:00\" \/>\n<meta property=\"article:modified_time\" content=\"2022-05-27T12:09:44+00:00\" \/>\n<meta property=\"og:image\" content=\"https:\/\/kuali.com.mx\/web\/wp-content\/uploads\/2022\/05\/San-Crispin_Cuadra.jpg\" \/>\n\t<meta property=\"og:image:width\" content=\"935\" \/>\n\t<meta property=\"og:image:height\" content=\"541\" \/>\n\t<meta property=\"og:image:type\" content=\"image\/jpeg\" \/>\n<meta name=\"author\" content=\"Kuali Staff\" \/>\n<meta name=\"twitter:card\" content=\"summary_large_image\" \/>\n<meta name=\"twitter:creator\" content=\"@kuali_noticias\" \/>\n<meta name=\"twitter:site\" content=\"@kuali_noticias\" \/>\n<meta name=\"twitter:label1\" content=\"Escrito por\" \/>\n\t<meta name=\"twitter:data1\" content=\"Kuali Staff\" \/>\n\t<meta name=\"twitter:label2\" content=\"Tiempo de lectura\" \/>\n\t<meta name=\"twitter:data2\" content=\"4 minutos\" \/>\n<script type=\"application\/ld+json\" class=\"yoast-schema-graph\">{\"@context\":\"https:\\\/\\\/schema.org\",\"@graph\":[{\"@type\":\"Article\",\"@id\":\"https:\\\/\\\/kuali.com.mx\\\/web\\\/2022\\\/05\\\/26\\\/sector-calzado-debe-ser-priritario-para-el-gobierno\\\/#article\",\"isPartOf\":{\"@id\":\"https:\\\/\\\/kuali.com.mx\\\/web\\\/2022\\\/05\\\/26\\\/sector-calzado-debe-ser-priritario-para-el-gobierno\\\/\"},\"author\":{\"name\":\"Kuali Staff\",\"@id\":\"https:\\\/\\\/kuali.com.mx\\\/web\\\/#\\\/schema\\\/person\\\/6f89ffa8ecba9dae50662357923c5289\"},\"headline\":\"SECTOR CALZADO DEBE SER PRIORITARIO PARA EL GOBIERNO\",\"datePublished\":\"2022-05-26T21:33:26+00:00\",\"dateModified\":\"2022-05-27T12:09:44+00:00\",\"mainEntityOfPage\":{\"@id\":\"https:\\\/\\\/kuali.com.mx\\\/web\\\/2022\\\/05\\\/26\\\/sector-calzado-debe-ser-priritario-para-el-gobierno\\\/\"},\"wordCount\":774,\"commentCount\":0,\"image\":{\"@id\":\"https:\\\/\\\/kuali.com.mx\\\/web\\\/2022\\\/05\\\/26\\\/sector-calzado-debe-ser-priritario-para-el-gobierno\\\/#primaryimage\"},\"thumbnailUrl\":\"https:\\\/\\\/kuali.com.mx\\\/web\\\/wp-content\\\/uploads\\\/2022\\\/05\\\/San-Crispin_Cuadra.jpg\",\"keywords\":[\"Calzado\",\"CICEG\",\"Contrabando\",\"Econom\u00eda\"],\"articleSection\":[\"Pol\u00edtica\",\"Versatil\"],\"inLanguage\":\"es\",\"potentialAction\":[{\"@type\":\"CommentAction\",\"name\":\"Comment\",\"target\":[\"https:\\\/\\\/kuali.com.mx\\\/web\\\/2022\\\/05\\\/26\\\/sector-calzado-debe-ser-priritario-para-el-gobierno\\\/#respond\"]}]},{\"@type\":\"WebPage\",\"@id\":\"https:\\\/\\\/kuali.com.mx\\\/web\\\/2022\\\/05\\\/26\\\/sector-calzado-debe-ser-priritario-para-el-gobierno\\\/\",\"url\":\"https:\\\/\\\/kuali.com.mx\\\/web\\\/2022\\\/05\\\/26\\\/sector-calzado-debe-ser-priritario-para-el-gobierno\\\/\",\"name\":\"SECTOR CALZADO DEBE SER PRIORITARIO PARA EL GOBIERNO - Kuali\",\"isPartOf\":{\"@id\":\"https:\\\/\\\/kuali.com.mx\\\/web\\\/#website\"},\"primaryImageOfPage\":{\"@id\":\"https:\\\/\\\/kuali.com.mx\\\/web\\\/2022\\\/05\\\/26\\\/sector-calzado-debe-ser-priritario-para-el-gobierno\\\/#primaryimage\"},\"image\":{\"@id\":\"https:\\\/\\\/kuali.com.mx\\\/web\\\/2022\\\/05\\\/26\\\/sector-calzado-debe-ser-priritario-para-el-gobierno\\\/#primaryimage\"},\"thumbnailUrl\":\"https:\\\/\\\/kuali.com.mx\\\/web\\\/wp-content\\\/uploads\\\/2022\\\/05\\\/San-Crispin_Cuadra.jpg\",\"datePublished\":\"2022-05-26T21:33:26+00:00\",\"dateModified\":\"2022-05-27T12:09:44+00:00\",\"author\":{\"@id\":\"https:\\\/\\\/kuali.com.mx\\\/web\\\/#\\\/schema\\\/person\\\/6f89ffa8ecba9dae50662357923c5289\"},\"breadcrumb\":{\"@id\":\"https:\\\/\\\/kuali.com.mx\\\/web\\\/2022\\\/05\\\/26\\\/sector-calzado-debe-ser-priritario-para-el-gobierno\\\/#breadcrumb\"},\"inLanguage\":\"es\",\"potentialAction\":[{\"@type\":\"ReadAction\",\"target\":[\"https:\\\/\\\/kuali.com.mx\\\/web\\\/2022\\\/05\\\/26\\\/sector-calzado-debe-ser-priritario-para-el-gobierno\\\/\"]}]},{\"@type\":\"ImageObject\",\"inLanguage\":\"es\",\"@id\":\"https:\\\/\\\/kuali.com.mx\\\/web\\\/2022\\\/05\\\/26\\\/sector-calzado-debe-ser-priritario-para-el-gobierno\\\/#primaryimage\",\"url\":\"https:\\\/\\\/kuali.com.mx\\\/web\\\/wp-content\\\/uploads\\\/2022\\\/05\\\/San-Crispin_Cuadra.jpg\",\"contentUrl\":\"https:\\\/\\\/kuali.com.mx\\\/web\\\/wp-content\\\/uploads\\\/2022\\\/05\\\/San-Crispin_Cuadra.jpg\",\"width\":935,\"height\":541},{\"@type\":\"BreadcrumbList\",\"@id\":\"https:\\\/\\\/kuali.com.mx\\\/web\\\/2022\\\/05\\\/26\\\/sector-calzado-debe-ser-priritario-para-el-gobierno\\\/#breadcrumb\",\"itemListElement\":[{\"@type\":\"ListItem\",\"position\":1,\"name\":\"Inicio\",\"item\":\"https:\\\/\\\/kuali.com.mx\\\/web\\\/\"},{\"@type\":\"ListItem\",\"position\":2,\"name\":\"SECTOR CALZADO DEBE SER PRIORITARIO PARA EL GOBIERNO\"}]},{\"@type\":\"WebSite\",\"@id\":\"https:\\\/\\\/kuali.com.mx\\\/web\\\/#website\",\"url\":\"https:\\\/\\\/kuali.com.mx\\\/web\\\/\",\"name\":\"Kuali\",\"description\":\"\",\"potentialAction\":[{\"@type\":\"SearchAction\",\"target\":{\"@type\":\"EntryPoint\",\"urlTemplate\":\"https:\\\/\\\/kuali.com.mx\\\/web\\\/?s={search_term_string}\"},\"query-input\":{\"@type\":\"PropertyValueSpecification\",\"valueRequired\":true,\"valueName\":\"search_term_string\"}}],\"inLanguage\":\"es\"},{\"@type\":\"Person\",\"@id\":\"https:\\\/\\\/kuali.com.mx\\\/web\\\/#\\\/schema\\\/person\\\/6f89ffa8ecba9dae50662357923c5289\",\"name\":\"Kuali Staff\",\"image\":{\"@type\":\"ImageObject\",\"inLanguage\":\"es\",\"@id\":\"https:\\\/\\\/secure.gravatar.com\\\/avatar\\\/f917ad82e5ab71227a733c78b6e60715476f69ee6be59feee4eb5d9920c89e0f?s=96&d=mm&r=g\",\"url\":\"https:\\\/\\\/secure.gravatar.com\\\/avatar\\\/f917ad82e5ab71227a733c78b6e60715476f69ee6be59feee4eb5d9920c89e0f?s=96&d=mm&r=g\",\"contentUrl\":\"https:\\\/\\\/secure.gravatar.com\\\/avatar\\\/f917ad82e5ab71227a733c78b6e60715476f69ee6be59feee4eb5d9920c89e0f?s=96&d=mm&r=g\",\"caption\":\"Kuali Staff\"},\"url\":\"https:\\\/\\\/kuali.com.mx\\\/web\\\/author\\\/lagarto\\\/\"}]}<\/script>\n<!-- \/ Yoast SEO plugin. -->","yoast_head_json":{"title":"SECTOR CALZADO DEBE SER PRIORITARIO PARA EL GOBIERNO - Kuali","robots":{"index":"index","follow":"follow","max-snippet":"max-snippet:-1","max-image-preview":"max-image-preview:large","max-video-preview":"max-video-preview:-1"},"canonical":"https:\/\/kuali.com.mx\/web\/2022\/05\/26\/sector-calzado-debe-ser-priritario-para-el-gobierno\/","og_locale":"es_MX","og_type":"article","og_title":"SECTOR CALZADO DEBE SER PRIORITARIO PARA EL GOBIERNO - Kuali","og_description":"Alicia Arias\/Le\u00f3n, Gto.- El sector calzado debe ser prioritario en la agenda econ\u00f3mica del estado porque es el segundo generador de empleos en la regi\u00f3n, dijo Alfredo Padilla Villalpando al protestar como residente del Consejo Directivo 2022 de la C\u00e1mara de la Industria del Calzado del Estado de Guanajuato (CICEG). Durante el acto de protesta [&hellip;]","og_url":"https:\/\/kuali.com.mx\/web\/2022\/05\/26\/sector-calzado-debe-ser-priritario-para-el-gobierno\/","og_site_name":"Kuali","article_publisher":"https:\/\/kuali.com.mx\/web\/wp-content\/uploads\/2018\/04\/cropped-kuali_logo-1-1.png","article_published_time":"2022-05-26T21:33:26+00:00","article_modified_time":"2022-05-27T12:09:44+00:00","og_image":[{"width":935,"height":541,"url":"https:\/\/kuali.com.mx\/web\/wp-content\/uploads\/2022\/05\/San-Crispin_Cuadra.jpg","type":"image\/jpeg"}],"author":"Kuali Staff","twitter_card":"summary_large_image","twitter_creator":"@kuali_noticias","twitter_site":"@kuali_noticias","twitter_misc":{"Escrito por":"Kuali Staff","Tiempo de lectura":"4 minutos"},"schema":{"@context":"https:\/\/schema.org","@graph":[{"@type":"Article","@id":"https:\/\/kuali.com.mx\/web\/2022\/05\/26\/sector-calzado-debe-ser-priritario-para-el-gobierno\/#article","isPartOf":{"@id":"https:\/\/kuali.com.mx\/web\/2022\/05\/26\/sector-calzado-debe-ser-priritario-para-el-gobierno\/"},"author":{"name":"Kuali Staff","@id":"https:\/\/kuali.com.mx\/web\/#\/schema\/person\/6f89ffa8ecba9dae50662357923c5289"},"headline":"SECTOR CALZADO DEBE SER PRIORITARIO PARA EL GOBIERNO","datePublished":"2022-05-26T21:33:26+00:00","dateModified":"2022-05-27T12:09:44+00:00","mainEntityOfPage":{"@id":"https:\/\/kuali.com.mx\/web\/2022\/05\/26\/sector-calzado-debe-ser-priritario-para-el-gobierno\/"},"wordCount":774,"commentCount":0,"image":{"@id":"https:\/\/kuali.com.mx\/web\/2022\/05\/26\/sector-calzado-debe-ser-priritario-para-el-gobierno\/#primaryimage"},"thumbnailUrl":"https:\/\/kuali.com.mx\/web\/wp-content\/uploads\/2022\/05\/San-Crispin_Cuadra.jpg","keywords":["Calzado","CICEG","Contrabando","Econom\u00eda"],"articleSection":["Pol\u00edtica","Versatil"],"inLanguage":"es","potentialAction":[{"@type":"CommentAction","name":"Comment","target":["https:\/\/kuali.com.mx\/web\/2022\/05\/26\/sector-calzado-debe-ser-priritario-para-el-gobierno\/#respond"]}]},{"@type":"WebPage","@id":"https:\/\/kuali.com.mx\/web\/2022\/05\/26\/sector-calzado-debe-ser-priritario-para-el-gobierno\/","url":"https:\/\/kuali.com.mx\/web\/2022\/05\/26\/sector-calzado-debe-ser-priritario-para-el-gobierno\/","name":"SECTOR CALZADO DEBE SER PRIORITARIO PARA EL GOBIERNO - Kuali","isPartOf":{"@id":"https:\/\/kuali.com.mx\/web\/#website"},"primaryImageOfPage":{"@id":"https:\/\/kuali.com.mx\/web\/2022\/05\/26\/sector-calzado-debe-ser-priritario-para-el-gobierno\/#primaryimage"},"image":{"@id":"https:\/\/kuali.com.mx\/web\/2022\/05\/26\/sector-calzado-debe-ser-priritario-para-el-gobierno\/#primaryimage"},"thumbnailUrl":"https:\/\/kuali.com.mx\/web\/wp-content\/uploads\/2022\/05\/San-Crispin_Cuadra.jpg","datePublished":"2022-05-26T21:33:26+00:00","dateModified":"2022-05-27T12:09:44+00:00","author":{"@id":"https:\/\/kuali.com.mx\/web\/#\/schema\/person\/6f89ffa8ecba9dae50662357923c5289"},"breadcrumb":{"@id":"https:\/\/kuali.com.mx\/web\/2022\/05\/26\/sector-calzado-debe-ser-priritario-para-el-gobierno\/#breadcrumb"},"inLanguage":"es","potentialAction":[{"@type":"ReadAction","target":["https:\/\/kuali.com.mx\/web\/2022\/05\/26\/sector-calzado-debe-ser-priritario-para-el-gobierno\/"]}]},{"@type":"ImageObject","inLanguage":"es","@id":"https:\/\/kuali.com.mx\/web\/2022\/05\/26\/sector-calzado-debe-ser-priritario-para-el-gobierno\/#primaryimage","url":"https:\/\/kuali.com.mx\/web\/wp-content\/uploads\/2022\/05\/San-Crispin_Cuadra.jpg","contentUrl":"https:\/\/kuali.com.mx\/web\/wp-content\/uploads\/2022\/05\/San-Crispin_Cuadra.jpg","width":935,"height":541},{"@type":"BreadcrumbList","@id":"https:\/\/kuali.com.mx\/web\/2022\/05\/26\/sector-calzado-debe-ser-priritario-para-el-gobierno\/#breadcrumb","itemListElement":[{"@type":"ListItem","position":1,"name":"Inicio","item":"https:\/\/kuali.com.mx\/web\/"},{"@type":"ListItem","position":2,"name":"SECTOR CALZADO DEBE SER PRIORITARIO PARA EL GOBIERNO"}]},{"@type":"WebSite","@id":"https:\/\/kuali.com.mx\/web\/#website","url":"https:\/\/kuali.com.mx\/web\/","name":"Kuali","description":"","potentialAction":[{"@type":"SearchAction","target":{"@type":"EntryPoint","urlTemplate":"https:\/\/kuali.com.mx\/web\/?s={search_term_string}"},"query-input":{"@type":"PropertyValueSpecification","valueRequired":true,"valueName":"search_term_string"}}],"inLanguage":"es"},{"@type":"Person","@id":"https:\/\/kuali.com.mx\/web\/#\/schema\/person\/6f89ffa8ecba9dae50662357923c5289","name":"Kuali Staff","image":{"@type":"ImageObject","inLanguage":"es","@id":"https:\/\/secure.gravatar.com\/avatar\/f917ad82e5ab71227a733c78b6e60715476f69ee6be59feee4eb5d9920c89e0f?s=96&d=mm&r=g","url":"https:\/\/secure.gravatar.com\/avatar\/f917ad82e5ab71227a733c78b6e60715476f69ee6be59feee4eb5d9920c89e0f?s=96&d=mm&r=g","contentUrl":"https:\/\/secure.gravatar.com\/avatar\/f917ad82e5ab71227a733c78b6e60715476f69ee6be59feee4eb5d9920c89e0f?s=96&d=mm&r=g","caption":"Kuali Staff"},"url":"https:\/\/kuali.com.mx\/web\/author\/lagarto\/"}]}},"_links":{"self":[{"href":"https:\/\/kuali.com.mx\/web\/wp-json\/wp\/v2\/posts\/97356","targetHints":{"allow":["GET"]}}],"collection":[{"href":"https:\/\/kuali.com.mx\/web\/wp-json\/wp\/v2\/posts"}],"about":[{"href":"https:\/\/kuali.com.mx\/web\/wp-json\/wp\/v2\/types\/post"}],"author":[{"embeddable":true,"href":"https:\/\/kuali.com.mx\/web\/wp-json\/wp\/v2\/users\/2"}],"replies":[{"embeddable":true,"href":"https:\/\/kuali.com.mx\/web\/wp-json\/wp\/v2\/comments?post=97356"}],"version-history":[{"count":2,"href":"https:\/\/kuali.com.mx\/web\/wp-json\/wp\/v2\/posts\/97356\/revisions"}],"predecessor-version":[{"id":97370,"href":"https:\/\/kuali.com.mx\/web\/wp-json\/wp\/v2\/posts\/97356\/revisions\/97370"}],"wp:featuredmedia":[{"embeddable":true,"href":"https:\/\/kuali.com.mx\/web\/wp-json\/wp\/v2\/media\/97358"}],"wp:attachment":[{"href":"https:\/\/kuali.com.mx\/web\/wp-json\/wp\/v2\/media?parent=97356"}],"wp:term":[{"taxonomy":"category","embeddable":true,"href":"https:\/\/kuali.com.mx\/web\/wp-json\/wp\/v2\/categories?post=97356"},{"taxonomy":"post_tag","embeddable":true,"href":"https:\/\/kuali.com.mx\/web\/wp-json\/wp\/v2\/tags?post=97356"}],"curies":[{"name":"wp","href":"https:\/\/api.w.org\/{rel}","templated":true}]}}