{"id":97347,"date":"2022-05-26T19:03:21","date_gmt":"2022-05-27T01:03:21","guid":{"rendered":"https:\/\/kuali.com.mx\/web\/?p=97347"},"modified":"2022-05-26T19:03:22","modified_gmt":"2022-05-27T01:03:22","slug":"respiran-salmantinos-aire-extremadamente-malo","status":"publish","type":"post","link":"https:\/\/kuali.com.mx\/web\/2022\/05\/26\/respiran-salmantinos-aire-extremadamente-malo\/","title":{"rendered":"RESPIRAN SALMANTINOS AIRE EXTREMADAMENTE MALO"},"content":{"rendered":"\n<p><strong>Kuali\/Salamanca, Gto<\/strong>.- Debido a la \u201cextremadamente mala\u201d calidad del aire en la ciudad de Salamanca, las autoridades emitieron una alerta a la poblaci\u00f3n a mantenerse atenta y evitar hacer actividades al aire libre.<\/p>\n\n\n\n<p>A las 13:33 horas de hoy, la Secretar\u00eda de Medio Ambiente y Ordenamiento Territorial (SMAOT) circul\u00f3 un comunicado de prensa informando sobre la alta concentraci\u00f3n de contaminantes en el aire y las medidas que debe observar la poblaci\u00f3n salmantina: no realizar actividades al aire libre, mantener puertas y ventanas cerradas y acudir al m\u00e9dico si presentan s\u00edntomas de afectaciones respiratorias o cardiacas.<\/p>\n\n\n\n<p>Lo anterior, debido a que en las \u00faltimas 24 horas la estaci\u00f3n de monitoreo de la Cruz Roja registr\u00f3 concentraciones horarias que rebasaron el valor l\u00edmite de exposici\u00f3n a una hora de 75 ppb (partes por bill\u00f3n); ya que se present\u00f3 un pico importante de concentraciones de 258 ppb a las 00:00 horas y de 337 ppb a las 04:00 horas de este jueves. Posteriormente, las concentraciones permanecieron por debajo de las 145 ppb.<\/p>\n\n\n\n<p>La zona de cobertura de la estaci\u00f3n abarca las colonias de San Chihuahua, Bellavista, San Gonzalo, Franco y Salamanca Centro. Durante este periodo la direcci\u00f3n del viento se mantuvo proveniente del Este Noreste.<\/p>\n\n\n\n<p>La poblaci\u00f3n puede conocer la calidad del aire a trav\u00e9s de la p\u00e1gina https:\/\/smaot.guanajuato.gob.mx\/sitio\/seica\/monitoreo\/ y la aplicaci\u00f3n para dispositivos m\u00f3viles Eco App.<\/p>\n\n\n\n<p>\u201cEs importante destacar que la Organizaci\u00f3n Mundial de la Salud (OMS) establece la necesidad de medir la calidad del aire para prevenir problemas respiratorios y mejorar la salud de todos los habitantes, por ello, en Guanajuato se renov\u00f3 el Simeg con la sustituci\u00f3n de 268 refacciones en equipos de medici\u00f3n de gases, con una inversi\u00f3n de m\u00e1s de 1 mill\u00f3n 320 mil pesos en beneficio de alrededor de cuatro millones de habitantes\u201d, inform\u00f3 la secretar\u00eda del medio ambiente en su comunicado.<\/p>\n\n\n\n<p>El Sistema de Monitoreo de la Calidad del Aire del Estado de Guanajuato (SIMEG) tiene una cobertura del 66 por ciento de la poblaci\u00f3n estatal, est\u00e1 integrado por 18 estaciones de monitoreo en 10 de los 46 municipios de Guanajuato, y env\u00eda la informaci\u00f3n que registra de manera autom\u00e1tica al Centro de Informaci\u00f3n Atmosf\u00e9rica, Ceica, donde se revisa, procesa, valida y difunde la informaci\u00f3n que guarda la calidad del aire.<\/p>\n\n\n\n<p>La confiabilidad y operatividad de la red de monitoreo est\u00e1 validada por la academia a trav\u00e9s de convenios de colaboraci\u00f3n con universidades locales, as\u00ed como su difusi\u00f3n en plataformas nacionales e internacionales como el Sistema Nacional de Informaci\u00f3n de Calidad del Aire, (Sinaica), (https:\/\/sinaica.inecc.gob.mx); y el AirNow International (https:\/\/www.airnow.gov\/).<\/p>\n","protected":false},"excerpt":{"rendered":"Kuali\/Salamanca, Gto.- Debido a la \u201cextremadamente mala\u201d calidad del aire en la ciudad de Salamanca, las autoridades emitieron una alerta a la poblaci\u00f3n a mantenerse atenta y evitar hacer actividades al aire libre. A las 13:33 horas de hoy, la Secretar\u00eda de Medio Ambiente y Ordenamiento Territorial (SMAOT) circul\u00f3 un comunicado de prensa informando sobre [&hellip;]","protected":false},"author":2,"featured_media":97349,"comment_status":"open","ping_status":"open","sticky":false,"template":"","format":"standard","meta":{"_seopress_robots_primary_cat":"none","_seopress_titles_title":"","_seopress_titles_desc":"","_seopress_robots_index":"","_monsterinsights_skip_tracking":false,"_monsterinsights_sitenote_active":false,"_monsterinsights_sitenote_note":"","_monsterinsights_sitenote_category":0,"footnotes":""},"categories":[17],"tags":[461,463,187,462],"class_list":["post-97347","post","type-post","status-publish","format-standard","has-post-thumbnail","hentry","category-ecologia","tag-aire","tag-contaminacion-atmosferica","tag-medio-ambiente","tag-salamanca"],"yoast_head":"<!-- This site is optimized with the Yoast SEO plugin v27.4 - https:\/\/yoast.com\/product\/yoast-seo-wordpress\/ -->\n<title>RESPIRAN SALMANTINOS AIRE EXTREMADAMENTE MALO - Kuali<\/title>\n<meta name=\"robots\" content=\"index, follow, max-snippet:-1, max-image-preview:large, max-video-preview:-1\" \/>\n<link rel=\"canonical\" href=\"https:\/\/kuali.com.mx\/web\/2022\/05\/26\/respiran-salmantinos-aire-extremadamente-malo\/\" \/>\n<meta property=\"og:locale\" content=\"es_MX\" \/>\n<meta property=\"og:type\" content=\"article\" \/>\n<meta property=\"og:title\" content=\"RESPIRAN SALMANTINOS AIRE EXTREMADAMENTE MALO - Kuali\" \/>\n<meta property=\"og:description\" content=\"Kuali\/Salamanca, Gto.- Debido a la \u201cextremadamente mala\u201d calidad del aire en la ciudad de Salamanca, las autoridades emitieron una alerta a la poblaci\u00f3n a mantenerse atenta y evitar hacer actividades al aire libre. A las 13:33 horas de hoy, la Secretar\u00eda de Medio Ambiente y Ordenamiento Territorial (SMAOT) circul\u00f3 un comunicado de prensa informando sobre [&hellip;]\" \/>\n<meta property=\"og:url\" content=\"https:\/\/kuali.com.mx\/web\/2022\/05\/26\/respiran-salmantinos-aire-extremadamente-malo\/\" \/>\n<meta property=\"og:site_name\" content=\"Kuali\" \/>\n<meta property=\"article:publisher\" content=\"https:\/\/kuali.com.mx\/web\/wp-content\/uploads\/2018\/04\/cropped-kuali_logo-1-1.png\" \/>\n<meta property=\"article:published_time\" content=\"2022-05-27T01:03:21+00:00\" \/>\n<meta property=\"article:modified_time\" content=\"2022-05-27T01:03:22+00:00\" \/>\n<meta property=\"og:image\" content=\"https:\/\/kuali.com.mx\/web\/wp-content\/uploads\/2022\/05\/Mala-calidad-del-aire-en-Salamanca.jpg\" \/>\n\t<meta property=\"og:image:width\" content=\"1700\" \/>\n\t<meta property=\"og:image:height\" content=\"750\" \/>\n\t<meta property=\"og:image:type\" content=\"image\/jpeg\" \/>\n<meta name=\"author\" content=\"Kuali Staff\" \/>\n<meta name=\"twitter:card\" content=\"summary_large_image\" \/>\n<meta name=\"twitter:creator\" content=\"@kuali_noticias\" \/>\n<meta name=\"twitter:site\" content=\"@kuali_noticias\" \/>\n<meta name=\"twitter:label1\" content=\"Escrito por\" \/>\n\t<meta name=\"twitter:data1\" content=\"Kuali Staff\" \/>\n\t<meta name=\"twitter:label2\" content=\"Tiempo de lectura\" \/>\n\t<meta name=\"twitter:data2\" content=\"2 minutos\" \/>\n<script type=\"application\/ld+json\" class=\"yoast-schema-graph\">{\"@context\":\"https:\\\/\\\/schema.org\",\"@graph\":[{\"@type\":\"Article\",\"@id\":\"https:\\\/\\\/kuali.com.mx\\\/web\\\/2022\\\/05\\\/26\\\/respiran-salmantinos-aire-extremadamente-malo\\\/#article\",\"isPartOf\":{\"@id\":\"https:\\\/\\\/kuali.com.mx\\\/web\\\/2022\\\/05\\\/26\\\/respiran-salmantinos-aire-extremadamente-malo\\\/\"},\"author\":{\"name\":\"Kuali Staff\",\"@id\":\"https:\\\/\\\/kuali.com.mx\\\/web\\\/#\\\/schema\\\/person\\\/6f89ffa8ecba9dae50662357923c5289\"},\"headline\":\"RESPIRAN SALMANTINOS AIRE EXTREMADAMENTE MALO\",\"datePublished\":\"2022-05-27T01:03:21+00:00\",\"dateModified\":\"2022-05-27T01:03:22+00:00\",\"mainEntityOfPage\":{\"@id\":\"https:\\\/\\\/kuali.com.mx\\\/web\\\/2022\\\/05\\\/26\\\/respiran-salmantinos-aire-extremadamente-malo\\\/\"},\"wordCount\":465,\"commentCount\":0,\"image\":{\"@id\":\"https:\\\/\\\/kuali.com.mx\\\/web\\\/2022\\\/05\\\/26\\\/respiran-salmantinos-aire-extremadamente-malo\\\/#primaryimage\"},\"thumbnailUrl\":\"https:\\\/\\\/kuali.com.mx\\\/web\\\/wp-content\\\/uploads\\\/2022\\\/05\\\/Mala-calidad-del-aire-en-Salamanca.jpg\",\"keywords\":[\"Aire\",\"Contaminaci\u00f3n atmosf\u00e9rica\",\"Medio ambiente\",\"Salamanca\"],\"articleSection\":[\"Ecolog\u00eda\"],\"inLanguage\":\"es\",\"potentialAction\":[{\"@type\":\"CommentAction\",\"name\":\"Comment\",\"target\":[\"https:\\\/\\\/kuali.com.mx\\\/web\\\/2022\\\/05\\\/26\\\/respiran-salmantinos-aire-extremadamente-malo\\\/#respond\"]}]},{\"@type\":\"WebPage\",\"@id\":\"https:\\\/\\\/kuali.com.mx\\\/web\\\/2022\\\/05\\\/26\\\/respiran-salmantinos-aire-extremadamente-malo\\\/\",\"url\":\"https:\\\/\\\/kuali.com.mx\\\/web\\\/2022\\\/05\\\/26\\\/respiran-salmantinos-aire-extremadamente-malo\\\/\",\"name\":\"RESPIRAN SALMANTINOS AIRE EXTREMADAMENTE MALO - Kuali\",\"isPartOf\":{\"@id\":\"https:\\\/\\\/kuali.com.mx\\\/web\\\/#website\"},\"primaryImageOfPage\":{\"@id\":\"https:\\\/\\\/kuali.com.mx\\\/web\\\/2022\\\/05\\\/26\\\/respiran-salmantinos-aire-extremadamente-malo\\\/#primaryimage\"},\"image\":{\"@id\":\"https:\\\/\\\/kuali.com.mx\\\/web\\\/2022\\\/05\\\/26\\\/respiran-salmantinos-aire-extremadamente-malo\\\/#primaryimage\"},\"thumbnailUrl\":\"https:\\\/\\\/kuali.com.mx\\\/web\\\/wp-content\\\/uploads\\\/2022\\\/05\\\/Mala-calidad-del-aire-en-Salamanca.jpg\",\"datePublished\":\"2022-05-27T01:03:21+00:00\",\"dateModified\":\"2022-05-27T01:03:22+00:00\",\"author\":{\"@id\":\"https:\\\/\\\/kuali.com.mx\\\/web\\\/#\\\/schema\\\/person\\\/6f89ffa8ecba9dae50662357923c5289\"},\"breadcrumb\":{\"@id\":\"https:\\\/\\\/kuali.com.mx\\\/web\\\/2022\\\/05\\\/26\\\/respiran-salmantinos-aire-extremadamente-malo\\\/#breadcrumb\"},\"inLanguage\":\"es\",\"potentialAction\":[{\"@type\":\"ReadAction\",\"target\":[\"https:\\\/\\\/kuali.com.mx\\\/web\\\/2022\\\/05\\\/26\\\/respiran-salmantinos-aire-extremadamente-malo\\\/\"]}]},{\"@type\":\"ImageObject\",\"inLanguage\":\"es\",\"@id\":\"https:\\\/\\\/kuali.com.mx\\\/web\\\/2022\\\/05\\\/26\\\/respiran-salmantinos-aire-extremadamente-malo\\\/#primaryimage\",\"url\":\"https:\\\/\\\/kuali.com.mx\\\/web\\\/wp-content\\\/uploads\\\/2022\\\/05\\\/Mala-calidad-del-aire-en-Salamanca.jpg\",\"contentUrl\":\"https:\\\/\\\/kuali.com.mx\\\/web\\\/wp-content\\\/uploads\\\/2022\\\/05\\\/Mala-calidad-del-aire-en-Salamanca.jpg\",\"width\":1700,\"height\":750},{\"@type\":\"BreadcrumbList\",\"@id\":\"https:\\\/\\\/kuali.com.mx\\\/web\\\/2022\\\/05\\\/26\\\/respiran-salmantinos-aire-extremadamente-malo\\\/#breadcrumb\",\"itemListElement\":[{\"@type\":\"ListItem\",\"position\":1,\"name\":\"Inicio\",\"item\":\"https:\\\/\\\/kuali.com.mx\\\/web\\\/\"},{\"@type\":\"ListItem\",\"position\":2,\"name\":\"RESPIRAN SALMANTINOS AIRE EXTREMADAMENTE MALO\"}]},{\"@type\":\"WebSite\",\"@id\":\"https:\\\/\\\/kuali.com.mx\\\/web\\\/#website\",\"url\":\"https:\\\/\\\/kuali.com.mx\\\/web\\\/\",\"name\":\"Kuali\",\"description\":\"\",\"potentialAction\":[{\"@type\":\"SearchAction\",\"target\":{\"@type\":\"EntryPoint\",\"urlTemplate\":\"https:\\\/\\\/kuali.com.mx\\\/web\\\/?s={search_term_string}\"},\"query-input\":{\"@type\":\"PropertyValueSpecification\",\"valueRequired\":true,\"valueName\":\"search_term_string\"}}],\"inLanguage\":\"es\"},{\"@type\":\"Person\",\"@id\":\"https:\\\/\\\/kuali.com.mx\\\/web\\\/#\\\/schema\\\/person\\\/6f89ffa8ecba9dae50662357923c5289\",\"name\":\"Kuali Staff\",\"image\":{\"@type\":\"ImageObject\",\"inLanguage\":\"es\",\"@id\":\"https:\\\/\\\/secure.gravatar.com\\\/avatar\\\/f917ad82e5ab71227a733c78b6e60715476f69ee6be59feee4eb5d9920c89e0f?s=96&d=mm&r=g\",\"url\":\"https:\\\/\\\/secure.gravatar.com\\\/avatar\\\/f917ad82e5ab71227a733c78b6e60715476f69ee6be59feee4eb5d9920c89e0f?s=96&d=mm&r=g\",\"contentUrl\":\"https:\\\/\\\/secure.gravatar.com\\\/avatar\\\/f917ad82e5ab71227a733c78b6e60715476f69ee6be59feee4eb5d9920c89e0f?s=96&d=mm&r=g\",\"caption\":\"Kuali Staff\"},\"url\":\"https:\\\/\\\/kuali.com.mx\\\/web\\\/author\\\/lagarto\\\/\"}]}<\/script>\n<!-- \/ Yoast SEO plugin. -->","yoast_head_json":{"title":"RESPIRAN SALMANTINOS AIRE EXTREMADAMENTE MALO - Kuali","robots":{"index":"index","follow":"follow","max-snippet":"max-snippet:-1","max-image-preview":"max-image-preview:large","max-video-preview":"max-video-preview:-1"},"canonical":"https:\/\/kuali.com.mx\/web\/2022\/05\/26\/respiran-salmantinos-aire-extremadamente-malo\/","og_locale":"es_MX","og_type":"article","og_title":"RESPIRAN SALMANTINOS AIRE EXTREMADAMENTE MALO - Kuali","og_description":"Kuali\/Salamanca, Gto.- Debido a la \u201cextremadamente mala\u201d calidad del aire en la ciudad de Salamanca, las autoridades emitieron una alerta a la poblaci\u00f3n a mantenerse atenta y evitar hacer actividades al aire libre. A las 13:33 horas de hoy, la Secretar\u00eda de Medio Ambiente y Ordenamiento Territorial (SMAOT) circul\u00f3 un comunicado de prensa informando sobre [&hellip;]","og_url":"https:\/\/kuali.com.mx\/web\/2022\/05\/26\/respiran-salmantinos-aire-extremadamente-malo\/","og_site_name":"Kuali","article_publisher":"https:\/\/kuali.com.mx\/web\/wp-content\/uploads\/2018\/04\/cropped-kuali_logo-1-1.png","article_published_time":"2022-05-27T01:03:21+00:00","article_modified_time":"2022-05-27T01:03:22+00:00","og_image":[{"width":1700,"height":750,"url":"https:\/\/kuali.com.mx\/web\/wp-content\/uploads\/2022\/05\/Mala-calidad-del-aire-en-Salamanca.jpg","type":"image\/jpeg"}],"author":"Kuali Staff","twitter_card":"summary_large_image","twitter_creator":"@kuali_noticias","twitter_site":"@kuali_noticias","twitter_misc":{"Escrito por":"Kuali Staff","Tiempo de lectura":"2 minutos"},"schema":{"@context":"https:\/\/schema.org","@graph":[{"@type":"Article","@id":"https:\/\/kuali.com.mx\/web\/2022\/05\/26\/respiran-salmantinos-aire-extremadamente-malo\/#article","isPartOf":{"@id":"https:\/\/kuali.com.mx\/web\/2022\/05\/26\/respiran-salmantinos-aire-extremadamente-malo\/"},"author":{"name":"Kuali Staff","@id":"https:\/\/kuali.com.mx\/web\/#\/schema\/person\/6f89ffa8ecba9dae50662357923c5289"},"headline":"RESPIRAN SALMANTINOS AIRE EXTREMADAMENTE MALO","datePublished":"2022-05-27T01:03:21+00:00","dateModified":"2022-05-27T01:03:22+00:00","mainEntityOfPage":{"@id":"https:\/\/kuali.com.mx\/web\/2022\/05\/26\/respiran-salmantinos-aire-extremadamente-malo\/"},"wordCount":465,"commentCount":0,"image":{"@id":"https:\/\/kuali.com.mx\/web\/2022\/05\/26\/respiran-salmantinos-aire-extremadamente-malo\/#primaryimage"},"thumbnailUrl":"https:\/\/kuali.com.mx\/web\/wp-content\/uploads\/2022\/05\/Mala-calidad-del-aire-en-Salamanca.jpg","keywords":["Aire","Contaminaci\u00f3n atmosf\u00e9rica","Medio ambiente","Salamanca"],"articleSection":["Ecolog\u00eda"],"inLanguage":"es","potentialAction":[{"@type":"CommentAction","name":"Comment","target":["https:\/\/kuali.com.mx\/web\/2022\/05\/26\/respiran-salmantinos-aire-extremadamente-malo\/#respond"]}]},{"@type":"WebPage","@id":"https:\/\/kuali.com.mx\/web\/2022\/05\/26\/respiran-salmantinos-aire-extremadamente-malo\/","url":"https:\/\/kuali.com.mx\/web\/2022\/05\/26\/respiran-salmantinos-aire-extremadamente-malo\/","name":"RESPIRAN SALMANTINOS AIRE EXTREMADAMENTE MALO - Kuali","isPartOf":{"@id":"https:\/\/kuali.com.mx\/web\/#website"},"primaryImageOfPage":{"@id":"https:\/\/kuali.com.mx\/web\/2022\/05\/26\/respiran-salmantinos-aire-extremadamente-malo\/#primaryimage"},"image":{"@id":"https:\/\/kuali.com.mx\/web\/2022\/05\/26\/respiran-salmantinos-aire-extremadamente-malo\/#primaryimage"},"thumbnailUrl":"https:\/\/kuali.com.mx\/web\/wp-content\/uploads\/2022\/05\/Mala-calidad-del-aire-en-Salamanca.jpg","datePublished":"2022-05-27T01:03:21+00:00","dateModified":"2022-05-27T01:03:22+00:00","author":{"@id":"https:\/\/kuali.com.mx\/web\/#\/schema\/person\/6f89ffa8ecba9dae50662357923c5289"},"breadcrumb":{"@id":"https:\/\/kuali.com.mx\/web\/2022\/05\/26\/respiran-salmantinos-aire-extremadamente-malo\/#breadcrumb"},"inLanguage":"es","potentialAction":[{"@type":"ReadAction","target":["https:\/\/kuali.com.mx\/web\/2022\/05\/26\/respiran-salmantinos-aire-extremadamente-malo\/"]}]},{"@type":"ImageObject","inLanguage":"es","@id":"https:\/\/kuali.com.mx\/web\/2022\/05\/26\/respiran-salmantinos-aire-extremadamente-malo\/#primaryimage","url":"https:\/\/kuali.com.mx\/web\/wp-content\/uploads\/2022\/05\/Mala-calidad-del-aire-en-Salamanca.jpg","contentUrl":"https:\/\/kuali.com.mx\/web\/wp-content\/uploads\/2022\/05\/Mala-calidad-del-aire-en-Salamanca.jpg","width":1700,"height":750},{"@type":"BreadcrumbList","@id":"https:\/\/kuali.com.mx\/web\/2022\/05\/26\/respiran-salmantinos-aire-extremadamente-malo\/#breadcrumb","itemListElement":[{"@type":"ListItem","position":1,"name":"Inicio","item":"https:\/\/kuali.com.mx\/web\/"},{"@type":"ListItem","position":2,"name":"RESPIRAN SALMANTINOS AIRE EXTREMADAMENTE MALO"}]},{"@type":"WebSite","@id":"https:\/\/kuali.com.mx\/web\/#website","url":"https:\/\/kuali.com.mx\/web\/","name":"Kuali","description":"","potentialAction":[{"@type":"SearchAction","target":{"@type":"EntryPoint","urlTemplate":"https:\/\/kuali.com.mx\/web\/?s={search_term_string}"},"query-input":{"@type":"PropertyValueSpecification","valueRequired":true,"valueName":"search_term_string"}}],"inLanguage":"es"},{"@type":"Person","@id":"https:\/\/kuali.com.mx\/web\/#\/schema\/person\/6f89ffa8ecba9dae50662357923c5289","name":"Kuali Staff","image":{"@type":"ImageObject","inLanguage":"es","@id":"https:\/\/secure.gravatar.com\/avatar\/f917ad82e5ab71227a733c78b6e60715476f69ee6be59feee4eb5d9920c89e0f?s=96&d=mm&r=g","url":"https:\/\/secure.gravatar.com\/avatar\/f917ad82e5ab71227a733c78b6e60715476f69ee6be59feee4eb5d9920c89e0f?s=96&d=mm&r=g","contentUrl":"https:\/\/secure.gravatar.com\/avatar\/f917ad82e5ab71227a733c78b6e60715476f69ee6be59feee4eb5d9920c89e0f?s=96&d=mm&r=g","caption":"Kuali Staff"},"url":"https:\/\/kuali.com.mx\/web\/author\/lagarto\/"}]}},"_links":{"self":[{"href":"https:\/\/kuali.com.mx\/web\/wp-json\/wp\/v2\/posts\/97347","targetHints":{"allow":["GET"]}}],"collection":[{"href":"https:\/\/kuali.com.mx\/web\/wp-json\/wp\/v2\/posts"}],"about":[{"href":"https:\/\/kuali.com.mx\/web\/wp-json\/wp\/v2\/types\/post"}],"author":[{"embeddable":true,"href":"https:\/\/kuali.com.mx\/web\/wp-json\/wp\/v2\/users\/2"}],"replies":[{"embeddable":true,"href":"https:\/\/kuali.com.mx\/web\/wp-json\/wp\/v2\/comments?post=97347"}],"version-history":[{"count":1,"href":"https:\/\/kuali.com.mx\/web\/wp-json\/wp\/v2\/posts\/97347\/revisions"}],"predecessor-version":[{"id":97350,"href":"https:\/\/kuali.com.mx\/web\/wp-json\/wp\/v2\/posts\/97347\/revisions\/97350"}],"wp:featuredmedia":[{"embeddable":true,"href":"https:\/\/kuali.com.mx\/web\/wp-json\/wp\/v2\/media\/97349"}],"wp:attachment":[{"href":"https:\/\/kuali.com.mx\/web\/wp-json\/wp\/v2\/media?parent=97347"}],"wp:term":[{"taxonomy":"category","embeddable":true,"href":"https:\/\/kuali.com.mx\/web\/wp-json\/wp\/v2\/categories?post=97347"},{"taxonomy":"post_tag","embeddable":true,"href":"https:\/\/kuali.com.mx\/web\/wp-json\/wp\/v2\/tags?post=97347"}],"curies":[{"name":"wp","href":"https:\/\/api.w.org\/{rel}","templated":true}]}}