{"id":97342,"date":"2022-05-26T16:35:03","date_gmt":"2022-05-26T22:35:03","guid":{"rendered":"https:\/\/kuali.com.mx\/web\/?p=97342"},"modified":"2022-05-26T17:15:42","modified_gmt":"2022-05-26T23:15:42","slug":"hay-paz-laboral-en-guanajuato-gobernador","status":"publish","type":"post","link":"https:\/\/kuali.com.mx\/web\/2022\/05\/26\/hay-paz-laboral-en-guanajuato-gobernador\/","title":{"rendered":"HAY PAZ LABORAL EN GUANAJUATO: GOBERNADOR"},"content":{"rendered":"\n<p><strong><em>Kuali\/Le\u00f3n, Gto.-<\/em><\/strong>Hoy la paz laboral es una fortaleza de Guanajuato que han construido juntos empresarios, sindicato y gobierno, se\u00f1al\u00f3 el Gobernador del Estado, Diego Sinhue Rodr\u00edguez Vallejo, al presidir la ceremonia de entrega del galard\u00f3n Guanajuato Premio Estatal al M\u00e9rito Laboral 2022.\u00a0\u00a0\u00a0\u00a0<\/p>\n\n\n\n<p> \u201cEs un gusto participar en esta celebraci\u00f3n tan importante, como es la entrega de este Premio Estatal, un galard\u00f3n que hoy cumple 15 a\u00f1os de haberse otorgado por primera vez\u201d, dijo el Mandatario Estatal.<\/p>\n\n\n\n<p>\u00a0Resalt\u00f3 que hoy se reconoce el liderazgo\u00a0<strong>de los 1 mil 941 galardonados<\/strong>\u00a0con el Premio Estatal al M\u00e9rito Laboral 2022. Adem\u00e1s\u00a0<strong>de 361 proyectos<\/strong>\u00a0de Mejora ganadores de la convocatoria 2022.<\/p>\n\n\n\n<p>El Gobernador felicit\u00f3 a las empresas y sindicatos de los 26 municipios del estado que participaron en esta convocatoria.\u00a0<\/p>\n\n\n\n<p>\u201cQuiero decirles que en Guanajuato estamos muy orgullosos del capital humano, que son ustedes, las y los trabajadores comprometidos por el desarrollo de nuestro estado\u201d, expres\u00f3 el Gobernador.<\/p>\n\n\n\n<p> Y hoy, estamos reconociendo el talento y la capacidad, as\u00ed como el emprendimiento y la innovaci\u00f3n, de nuestra gente y empresas, agreg\u00f3.\u00a0\u00a0<\/p>\n\n\n\n<p>Dijo que los empresarios, trabajadores, sindicatos y gobierno han aprendido a poner a Guanajuato primero y a buscar el bien com\u00fan. Si hoy Guanajuato avanza con paso firme y con rumbo en la reactivaci\u00f3n econ\u00f3mica, despu\u00e9s de la pandemia, se debe a este gran compromiso conjunto.<\/p>\n\n\n\n<p>\u201cSon ustedes un motor que impulsa el desarrollo de nuestro estado, la competitividad y la productividad\u201d, indic\u00f3 el Gobernador.<\/p>\n\n\n\n<p>\u00a0Rodr\u00edguez Vallejo record\u00f3 a don<em>\u00a0Carlos Mar\u00eda Abascal Carranza<\/em>, quien fuera el impulsor de una nueva cultura laboral en M\u00e9xico. \u201cUn gran humanista defensor de la dignidad de la persona. \u00c9l conceb\u00eda al trabajo como un medio para la realizaci\u00f3n de las personas; y conceb\u00eda a la empresa como una comunidad humana productiva\u201d.<\/p>\n\n\n\n<p>\u00a0Dijo que en Guanajuato \u201choy estamos m\u00e1s unidos que nunca, y hemos hecho del di\u00e1logo el mejor instrumento para llegar a acuerdos y resolver conflictos laborales. Testimonio de ello es que desde el 2008 nuestro estado no tiene huelgas\u201d.<\/p>\n\n\n\n<p>Y esto ha sido bueno para nuestro estado, que se ha convertido en uno de los destinos m\u00e1s competitivos en M\u00e9xico para la inversi\u00f3n nacional y extranjera, lo cual significa m\u00e1s oportunidades de trabajo, resalt\u00f3.<\/p>\n\n\n\n<p>\u00a0\u00a0Adem\u00e1s, significa que los j\u00f3venes pueden estudiar carreras que tienen un mercado de trabajo creciente en el estado, como las ingenier\u00edas. Y derrama econ\u00f3mica en comercio y servicios que beneficia a miles de peque\u00f1as y medianas empresas, dijo el Gobernador.<\/p>\n\n\n\n<p>\u00a0Rodr\u00edguez Vallejo se\u00f1al\u00f3 que en Guanajuato se est\u00e1 impulsando una transici\u00f3n de la manufactura a la mentefactura.<\/p>\n\n\n\n<p>\u00a0\u00a0En esta evoluci\u00f3n, que tiene como fundamento la innovaci\u00f3n para dar valor agregado a productos y servicios, el capital humano tiene mucho que ver. Son las personas conectadas las que generan valor, agreg\u00f3.<\/p>\n\n\n\n<p>\u201cY de esto se trata el Valle de la Mentefactura de visibilizar los recursos, conectarlos y producir servicios y productos de valor agregado. Esta actitud que todos ustedes tienen hacia la innovaci\u00f3n y el emprendimiento, es lo que hace diferente a Guanajuato\u201d, enfatiz\u00f3 el Gobernador.<\/p>\n\n\n\n<p>&nbsp;&nbsp;&nbsp; El Mandatario reconoci\u00f3 a todos los galardonados este d\u00eda. En Guanajuato vamos a seguir trabajando juntos trabajadores, empresarios y sindicatos por la armon\u00eda laboral de nuestro estado. Y lo vamos a hacer unidos, porque ese es el mejor camino, el camino que nos lleva m\u00e1s lejos.<\/p>\n\n\n\n<p>&nbsp;&nbsp; En este evento se cont\u00f3 con la participaci\u00f3n de la Secretaria de Gobierno del Estado, Libia Dennise Garc\u00eda Mu\u00f1oz, quien tambi\u00e9n felicit\u00f3 a los galardonados y los invit\u00f3 a seguir siendo ejemplo de innovaci\u00f3n y superaci\u00f3n en beneficio del desarrollo de Guanajuato.<\/p>\n\n\n\n<p>&nbsp;&nbsp;&nbsp; Este a\u00f1o 2022 se emiti\u00f3 la convocatoria para participar en las siguientes categor\u00edas: 1) Empresas. 2) Asociaciones Sindicales.<\/p>\n\n\n\n<p>&nbsp;&nbsp;&nbsp; En la categor\u00eda empresas se evaluaron aspectos tales como: Participaci\u00f3n de la trabajadora o del trabajador; Originalidad, e Impacto. \u00c1reas de aplicaci\u00f3n en empresas: Seguridad y Salud; Gesti\u00f3n del Conocimiento y Desarrollo Humano;&nbsp; Clima Laboral y Cultura Organizacional.<\/p>\n\n\n\n<p>&nbsp;&nbsp;&nbsp; Productividad y Calidad; Innovaci\u00f3n y Mejora de Procesos y Productos; Equidad e Igualdad Laboral; Sustentabilidad y Cuidado del Medio Ambiente; Compromiso con la comunidad; Compromiso con la familia y el deporte.<\/p>\n\n\n\n<p>&nbsp;&nbsp;&nbsp; En la categor\u00eda asociaciones sindicales se evaluaron aspectos como:<\/p>\n\n\n\n<p>&nbsp;&nbsp;\u2022 Participaci\u00f3n del personal sindicalizado; Originalidad; Impacto. \u00c1reas de aplicaci\u00f3n en asociaciones sindicales:<\/p>\n\n\n\n<p>&nbsp;&nbsp; \u2022 Educaci\u00f3n; Salud y Prevenci\u00f3n; Sustentabilidad y Cuidado del Medio Ambiente;&nbsp; Compromiso con la comunidad; Transparencia y rendici\u00f3n de cuentas; Compromiso con la familia y el deporte.<\/p>\n\n\n\n<p>&nbsp;&nbsp; En este evento tambi\u00e9n se cont\u00f3 con la participaci\u00f3n de la Alcaldesa de Le\u00f3n, Alejandra Guti\u00e9rrez Campos; as\u00ed como con la presencia de la Presidenta del Supremo Tribunal de Justicia del Estado, Ma. Rosa Medina Rodr\u00edguez; dirigentes empresariales y sindicales, entre otras autoridades.<\/p>\n","protected":false},"excerpt":{"rendered":"Kuali\/Le\u00f3n, Gto.-Hoy la paz laboral es una fortaleza de Guanajuato que han construido juntos empresarios, sindicato y gobierno, se\u00f1al\u00f3 el Gobernador del Estado, Diego Sinhue Rodr\u00edguez Vallejo, al presidir la ceremonia de entrega del galard\u00f3n Guanajuato Premio Estatal al M\u00e9rito Laboral 2022.\u00a0\u00a0\u00a0\u00a0 \u201cEs un gusto participar en esta celebraci\u00f3n tan importante, como es la entrega [&hellip;]","protected":false},"author":2,"featured_media":97344,"comment_status":"open","ping_status":"open","sticky":false,"template":"","format":"standard","meta":{"_seopress_robots_primary_cat":"none","_seopress_titles_title":"","_seopress_titles_desc":"","_seopress_robots_index":"","_monsterinsights_skip_tracking":false,"_monsterinsights_sitenote_active":false,"_monsterinsights_sitenote_note":"","_monsterinsights_sitenote_category":0,"footnotes":""},"categories":[3],"tags":[],"class_list":["post-97342","post","type-post","status-publish","format-standard","has-post-thumbnail","hentry","category-politica"],"yoast_head":"<!-- This site is optimized with the Yoast SEO plugin v27.4 - https:\/\/yoast.com\/product\/yoast-seo-wordpress\/ -->\n<title>HAY PAZ LABORAL EN GUANAJUATO: GOBERNADOR - Kuali<\/title>\n<meta name=\"robots\" content=\"index, follow, max-snippet:-1, max-image-preview:large, max-video-preview:-1\" \/>\n<link rel=\"canonical\" href=\"https:\/\/kuali.com.mx\/web\/2022\/05\/26\/hay-paz-laboral-en-guanajuato-gobernador\/\" \/>\n<meta property=\"og:locale\" content=\"es_MX\" \/>\n<meta property=\"og:type\" content=\"article\" \/>\n<meta property=\"og:title\" content=\"HAY PAZ LABORAL EN GUANAJUATO: GOBERNADOR - Kuali\" \/>\n<meta property=\"og:description\" content=\"Kuali\/Le\u00f3n, Gto.-Hoy la paz laboral es una fortaleza de Guanajuato que han construido juntos empresarios, sindicato y gobierno, se\u00f1al\u00f3 el Gobernador del Estado, Diego Sinhue Rodr\u00edguez Vallejo, al presidir la ceremonia de entrega del galard\u00f3n Guanajuato Premio Estatal al M\u00e9rito Laboral 2022.\u00a0\u00a0\u00a0\u00a0 \u201cEs un gusto participar en esta celebraci\u00f3n tan importante, como es la entrega [&hellip;]\" \/>\n<meta property=\"og:url\" content=\"https:\/\/kuali.com.mx\/web\/2022\/05\/26\/hay-paz-laboral-en-guanajuato-gobernador\/\" \/>\n<meta property=\"og:site_name\" content=\"Kuali\" \/>\n<meta property=\"article:publisher\" content=\"https:\/\/kuali.com.mx\/web\/wp-content\/uploads\/2018\/04\/cropped-kuali_logo-1-1.png\" \/>\n<meta property=\"article:published_time\" content=\"2022-05-26T22:35:03+00:00\" \/>\n<meta property=\"article:modified_time\" content=\"2022-05-26T23:15:42+00:00\" \/>\n<meta property=\"og:image\" content=\"https:\/\/kuali.com.mx\/web\/wp-content\/uploads\/2022\/05\/Merito-Laboral-Diego.jpg\" \/>\n\t<meta property=\"og:image:width\" content=\"1365\" \/>\n\t<meta property=\"og:image:height\" content=\"910\" \/>\n\t<meta property=\"og:image:type\" content=\"image\/jpeg\" \/>\n<meta name=\"author\" content=\"Kuali Staff\" \/>\n<meta name=\"twitter:card\" content=\"summary_large_image\" \/>\n<meta name=\"twitter:creator\" content=\"@kuali_noticias\" \/>\n<meta name=\"twitter:site\" content=\"@kuali_noticias\" \/>\n<meta name=\"twitter:label1\" content=\"Escrito por\" \/>\n\t<meta name=\"twitter:data1\" content=\"Kuali Staff\" \/>\n\t<meta name=\"twitter:label2\" content=\"Tiempo de lectura\" \/>\n\t<meta name=\"twitter:data2\" content=\"4 minutos\" \/>\n<script type=\"application\/ld+json\" class=\"yoast-schema-graph\">{\"@context\":\"https:\\\/\\\/schema.org\",\"@graph\":[{\"@type\":\"Article\",\"@id\":\"https:\\\/\\\/kuali.com.mx\\\/web\\\/2022\\\/05\\\/26\\\/hay-paz-laboral-en-guanajuato-gobernador\\\/#article\",\"isPartOf\":{\"@id\":\"https:\\\/\\\/kuali.com.mx\\\/web\\\/2022\\\/05\\\/26\\\/hay-paz-laboral-en-guanajuato-gobernador\\\/\"},\"author\":{\"name\":\"Kuali Staff\",\"@id\":\"https:\\\/\\\/kuali.com.mx\\\/web\\\/#\\\/schema\\\/person\\\/6f89ffa8ecba9dae50662357923c5289\"},\"headline\":\"HAY PAZ LABORAL EN GUANAJUATO: GOBERNADOR\",\"datePublished\":\"2022-05-26T22:35:03+00:00\",\"dateModified\":\"2022-05-26T23:15:42+00:00\",\"mainEntityOfPage\":{\"@id\":\"https:\\\/\\\/kuali.com.mx\\\/web\\\/2022\\\/05\\\/26\\\/hay-paz-laboral-en-guanajuato-gobernador\\\/\"},\"wordCount\":856,\"commentCount\":0,\"image\":{\"@id\":\"https:\\\/\\\/kuali.com.mx\\\/web\\\/2022\\\/05\\\/26\\\/hay-paz-laboral-en-guanajuato-gobernador\\\/#primaryimage\"},\"thumbnailUrl\":\"https:\\\/\\\/kuali.com.mx\\\/web\\\/wp-content\\\/uploads\\\/2022\\\/05\\\/Merito-Laboral-Diego.jpg\",\"articleSection\":[\"Pol\u00edtica\"],\"inLanguage\":\"es\",\"potentialAction\":[{\"@type\":\"CommentAction\",\"name\":\"Comment\",\"target\":[\"https:\\\/\\\/kuali.com.mx\\\/web\\\/2022\\\/05\\\/26\\\/hay-paz-laboral-en-guanajuato-gobernador\\\/#respond\"]}]},{\"@type\":\"WebPage\",\"@id\":\"https:\\\/\\\/kuali.com.mx\\\/web\\\/2022\\\/05\\\/26\\\/hay-paz-laboral-en-guanajuato-gobernador\\\/\",\"url\":\"https:\\\/\\\/kuali.com.mx\\\/web\\\/2022\\\/05\\\/26\\\/hay-paz-laboral-en-guanajuato-gobernador\\\/\",\"name\":\"HAY PAZ LABORAL EN GUANAJUATO: GOBERNADOR - Kuali\",\"isPartOf\":{\"@id\":\"https:\\\/\\\/kuali.com.mx\\\/web\\\/#website\"},\"primaryImageOfPage\":{\"@id\":\"https:\\\/\\\/kuali.com.mx\\\/web\\\/2022\\\/05\\\/26\\\/hay-paz-laboral-en-guanajuato-gobernador\\\/#primaryimage\"},\"image\":{\"@id\":\"https:\\\/\\\/kuali.com.mx\\\/web\\\/2022\\\/05\\\/26\\\/hay-paz-laboral-en-guanajuato-gobernador\\\/#primaryimage\"},\"thumbnailUrl\":\"https:\\\/\\\/kuali.com.mx\\\/web\\\/wp-content\\\/uploads\\\/2022\\\/05\\\/Merito-Laboral-Diego.jpg\",\"datePublished\":\"2022-05-26T22:35:03+00:00\",\"dateModified\":\"2022-05-26T23:15:42+00:00\",\"author\":{\"@id\":\"https:\\\/\\\/kuali.com.mx\\\/web\\\/#\\\/schema\\\/person\\\/6f89ffa8ecba9dae50662357923c5289\"},\"breadcrumb\":{\"@id\":\"https:\\\/\\\/kuali.com.mx\\\/web\\\/2022\\\/05\\\/26\\\/hay-paz-laboral-en-guanajuato-gobernador\\\/#breadcrumb\"},\"inLanguage\":\"es\",\"potentialAction\":[{\"@type\":\"ReadAction\",\"target\":[\"https:\\\/\\\/kuali.com.mx\\\/web\\\/2022\\\/05\\\/26\\\/hay-paz-laboral-en-guanajuato-gobernador\\\/\"]}]},{\"@type\":\"ImageObject\",\"inLanguage\":\"es\",\"@id\":\"https:\\\/\\\/kuali.com.mx\\\/web\\\/2022\\\/05\\\/26\\\/hay-paz-laboral-en-guanajuato-gobernador\\\/#primaryimage\",\"url\":\"https:\\\/\\\/kuali.com.mx\\\/web\\\/wp-content\\\/uploads\\\/2022\\\/05\\\/Merito-Laboral-Diego.jpg\",\"contentUrl\":\"https:\\\/\\\/kuali.com.mx\\\/web\\\/wp-content\\\/uploads\\\/2022\\\/05\\\/Merito-Laboral-Diego.jpg\",\"width\":1365,\"height\":910},{\"@type\":\"BreadcrumbList\",\"@id\":\"https:\\\/\\\/kuali.com.mx\\\/web\\\/2022\\\/05\\\/26\\\/hay-paz-laboral-en-guanajuato-gobernador\\\/#breadcrumb\",\"itemListElement\":[{\"@type\":\"ListItem\",\"position\":1,\"name\":\"Inicio\",\"item\":\"https:\\\/\\\/kuali.com.mx\\\/web\\\/\"},{\"@type\":\"ListItem\",\"position\":2,\"name\":\"HAY PAZ LABORAL EN GUANAJUATO: GOBERNADOR\"}]},{\"@type\":\"WebSite\",\"@id\":\"https:\\\/\\\/kuali.com.mx\\\/web\\\/#website\",\"url\":\"https:\\\/\\\/kuali.com.mx\\\/web\\\/\",\"name\":\"Kuali\",\"description\":\"\",\"potentialAction\":[{\"@type\":\"SearchAction\",\"target\":{\"@type\":\"EntryPoint\",\"urlTemplate\":\"https:\\\/\\\/kuali.com.mx\\\/web\\\/?s={search_term_string}\"},\"query-input\":{\"@type\":\"PropertyValueSpecification\",\"valueRequired\":true,\"valueName\":\"search_term_string\"}}],\"inLanguage\":\"es\"},{\"@type\":\"Person\",\"@id\":\"https:\\\/\\\/kuali.com.mx\\\/web\\\/#\\\/schema\\\/person\\\/6f89ffa8ecba9dae50662357923c5289\",\"name\":\"Kuali Staff\",\"image\":{\"@type\":\"ImageObject\",\"inLanguage\":\"es\",\"@id\":\"https:\\\/\\\/secure.gravatar.com\\\/avatar\\\/f917ad82e5ab71227a733c78b6e60715476f69ee6be59feee4eb5d9920c89e0f?s=96&d=mm&r=g\",\"url\":\"https:\\\/\\\/secure.gravatar.com\\\/avatar\\\/f917ad82e5ab71227a733c78b6e60715476f69ee6be59feee4eb5d9920c89e0f?s=96&d=mm&r=g\",\"contentUrl\":\"https:\\\/\\\/secure.gravatar.com\\\/avatar\\\/f917ad82e5ab71227a733c78b6e60715476f69ee6be59feee4eb5d9920c89e0f?s=96&d=mm&r=g\",\"caption\":\"Kuali Staff\"},\"url\":\"https:\\\/\\\/kuali.com.mx\\\/web\\\/author\\\/lagarto\\\/\"}]}<\/script>\n<!-- \/ Yoast SEO plugin. -->","yoast_head_json":{"title":"HAY PAZ LABORAL EN GUANAJUATO: GOBERNADOR - Kuali","robots":{"index":"index","follow":"follow","max-snippet":"max-snippet:-1","max-image-preview":"max-image-preview:large","max-video-preview":"max-video-preview:-1"},"canonical":"https:\/\/kuali.com.mx\/web\/2022\/05\/26\/hay-paz-laboral-en-guanajuato-gobernador\/","og_locale":"es_MX","og_type":"article","og_title":"HAY PAZ LABORAL EN GUANAJUATO: GOBERNADOR - Kuali","og_description":"Kuali\/Le\u00f3n, Gto.-Hoy la paz laboral es una fortaleza de Guanajuato que han construido juntos empresarios, sindicato y gobierno, se\u00f1al\u00f3 el Gobernador del Estado, Diego Sinhue Rodr\u00edguez Vallejo, al presidir la ceremonia de entrega del galard\u00f3n Guanajuato Premio Estatal al M\u00e9rito Laboral 2022.\u00a0\u00a0\u00a0\u00a0 \u201cEs un gusto participar en esta celebraci\u00f3n tan importante, como es la entrega [&hellip;]","og_url":"https:\/\/kuali.com.mx\/web\/2022\/05\/26\/hay-paz-laboral-en-guanajuato-gobernador\/","og_site_name":"Kuali","article_publisher":"https:\/\/kuali.com.mx\/web\/wp-content\/uploads\/2018\/04\/cropped-kuali_logo-1-1.png","article_published_time":"2022-05-26T22:35:03+00:00","article_modified_time":"2022-05-26T23:15:42+00:00","og_image":[{"width":1365,"height":910,"url":"https:\/\/kuali.com.mx\/web\/wp-content\/uploads\/2022\/05\/Merito-Laboral-Diego.jpg","type":"image\/jpeg"}],"author":"Kuali Staff","twitter_card":"summary_large_image","twitter_creator":"@kuali_noticias","twitter_site":"@kuali_noticias","twitter_misc":{"Escrito por":"Kuali Staff","Tiempo de lectura":"4 minutos"},"schema":{"@context":"https:\/\/schema.org","@graph":[{"@type":"Article","@id":"https:\/\/kuali.com.mx\/web\/2022\/05\/26\/hay-paz-laboral-en-guanajuato-gobernador\/#article","isPartOf":{"@id":"https:\/\/kuali.com.mx\/web\/2022\/05\/26\/hay-paz-laboral-en-guanajuato-gobernador\/"},"author":{"name":"Kuali Staff","@id":"https:\/\/kuali.com.mx\/web\/#\/schema\/person\/6f89ffa8ecba9dae50662357923c5289"},"headline":"HAY PAZ LABORAL EN GUANAJUATO: GOBERNADOR","datePublished":"2022-05-26T22:35:03+00:00","dateModified":"2022-05-26T23:15:42+00:00","mainEntityOfPage":{"@id":"https:\/\/kuali.com.mx\/web\/2022\/05\/26\/hay-paz-laboral-en-guanajuato-gobernador\/"},"wordCount":856,"commentCount":0,"image":{"@id":"https:\/\/kuali.com.mx\/web\/2022\/05\/26\/hay-paz-laboral-en-guanajuato-gobernador\/#primaryimage"},"thumbnailUrl":"https:\/\/kuali.com.mx\/web\/wp-content\/uploads\/2022\/05\/Merito-Laboral-Diego.jpg","articleSection":["Pol\u00edtica"],"inLanguage":"es","potentialAction":[{"@type":"CommentAction","name":"Comment","target":["https:\/\/kuali.com.mx\/web\/2022\/05\/26\/hay-paz-laboral-en-guanajuato-gobernador\/#respond"]}]},{"@type":"WebPage","@id":"https:\/\/kuali.com.mx\/web\/2022\/05\/26\/hay-paz-laboral-en-guanajuato-gobernador\/","url":"https:\/\/kuali.com.mx\/web\/2022\/05\/26\/hay-paz-laboral-en-guanajuato-gobernador\/","name":"HAY PAZ LABORAL EN GUANAJUATO: GOBERNADOR - Kuali","isPartOf":{"@id":"https:\/\/kuali.com.mx\/web\/#website"},"primaryImageOfPage":{"@id":"https:\/\/kuali.com.mx\/web\/2022\/05\/26\/hay-paz-laboral-en-guanajuato-gobernador\/#primaryimage"},"image":{"@id":"https:\/\/kuali.com.mx\/web\/2022\/05\/26\/hay-paz-laboral-en-guanajuato-gobernador\/#primaryimage"},"thumbnailUrl":"https:\/\/kuali.com.mx\/web\/wp-content\/uploads\/2022\/05\/Merito-Laboral-Diego.jpg","datePublished":"2022-05-26T22:35:03+00:00","dateModified":"2022-05-26T23:15:42+00:00","author":{"@id":"https:\/\/kuali.com.mx\/web\/#\/schema\/person\/6f89ffa8ecba9dae50662357923c5289"},"breadcrumb":{"@id":"https:\/\/kuali.com.mx\/web\/2022\/05\/26\/hay-paz-laboral-en-guanajuato-gobernador\/#breadcrumb"},"inLanguage":"es","potentialAction":[{"@type":"ReadAction","target":["https:\/\/kuali.com.mx\/web\/2022\/05\/26\/hay-paz-laboral-en-guanajuato-gobernador\/"]}]},{"@type":"ImageObject","inLanguage":"es","@id":"https:\/\/kuali.com.mx\/web\/2022\/05\/26\/hay-paz-laboral-en-guanajuato-gobernador\/#primaryimage","url":"https:\/\/kuali.com.mx\/web\/wp-content\/uploads\/2022\/05\/Merito-Laboral-Diego.jpg","contentUrl":"https:\/\/kuali.com.mx\/web\/wp-content\/uploads\/2022\/05\/Merito-Laboral-Diego.jpg","width":1365,"height":910},{"@type":"BreadcrumbList","@id":"https:\/\/kuali.com.mx\/web\/2022\/05\/26\/hay-paz-laboral-en-guanajuato-gobernador\/#breadcrumb","itemListElement":[{"@type":"ListItem","position":1,"name":"Inicio","item":"https:\/\/kuali.com.mx\/web\/"},{"@type":"ListItem","position":2,"name":"HAY PAZ LABORAL EN GUANAJUATO: GOBERNADOR"}]},{"@type":"WebSite","@id":"https:\/\/kuali.com.mx\/web\/#website","url":"https:\/\/kuali.com.mx\/web\/","name":"Kuali","description":"","potentialAction":[{"@type":"SearchAction","target":{"@type":"EntryPoint","urlTemplate":"https:\/\/kuali.com.mx\/web\/?s={search_term_string}"},"query-input":{"@type":"PropertyValueSpecification","valueRequired":true,"valueName":"search_term_string"}}],"inLanguage":"es"},{"@type":"Person","@id":"https:\/\/kuali.com.mx\/web\/#\/schema\/person\/6f89ffa8ecba9dae50662357923c5289","name":"Kuali Staff","image":{"@type":"ImageObject","inLanguage":"es","@id":"https:\/\/secure.gravatar.com\/avatar\/f917ad82e5ab71227a733c78b6e60715476f69ee6be59feee4eb5d9920c89e0f?s=96&d=mm&r=g","url":"https:\/\/secure.gravatar.com\/avatar\/f917ad82e5ab71227a733c78b6e60715476f69ee6be59feee4eb5d9920c89e0f?s=96&d=mm&r=g","contentUrl":"https:\/\/secure.gravatar.com\/avatar\/f917ad82e5ab71227a733c78b6e60715476f69ee6be59feee4eb5d9920c89e0f?s=96&d=mm&r=g","caption":"Kuali Staff"},"url":"https:\/\/kuali.com.mx\/web\/author\/lagarto\/"}]}},"_links":{"self":[{"href":"https:\/\/kuali.com.mx\/web\/wp-json\/wp\/v2\/posts\/97342","targetHints":{"allow":["GET"]}}],"collection":[{"href":"https:\/\/kuali.com.mx\/web\/wp-json\/wp\/v2\/posts"}],"about":[{"href":"https:\/\/kuali.com.mx\/web\/wp-json\/wp\/v2\/types\/post"}],"author":[{"embeddable":true,"href":"https:\/\/kuali.com.mx\/web\/wp-json\/wp\/v2\/users\/2"}],"replies":[{"embeddable":true,"href":"https:\/\/kuali.com.mx\/web\/wp-json\/wp\/v2\/comments?post=97342"}],"version-history":[{"count":1,"href":"https:\/\/kuali.com.mx\/web\/wp-json\/wp\/v2\/posts\/97342\/revisions"}],"predecessor-version":[{"id":97345,"href":"https:\/\/kuali.com.mx\/web\/wp-json\/wp\/v2\/posts\/97342\/revisions\/97345"}],"wp:featuredmedia":[{"embeddable":true,"href":"https:\/\/kuali.com.mx\/web\/wp-json\/wp\/v2\/media\/97344"}],"wp:attachment":[{"href":"https:\/\/kuali.com.mx\/web\/wp-json\/wp\/v2\/media?parent=97342"}],"wp:term":[{"taxonomy":"category","embeddable":true,"href":"https:\/\/kuali.com.mx\/web\/wp-json\/wp\/v2\/categories?post=97342"},{"taxonomy":"post_tag","embeddable":true,"href":"https:\/\/kuali.com.mx\/web\/wp-json\/wp\/v2\/tags?post=97342"}],"curies":[{"name":"wp","href":"https:\/\/api.w.org\/{rel}","templated":true}]}}