{"id":97335,"date":"2022-05-26T17:02:30","date_gmt":"2022-05-26T23:02:30","guid":{"rendered":"https:\/\/kuali.com.mx\/web\/?p=97335"},"modified":"2022-05-26T17:02:33","modified_gmt":"2022-05-26T23:02:33","slug":"falto-autocritica-y-solo-hubo-propaganda-morena-y-pvem","status":"publish","type":"post","link":"https:\/\/kuali.com.mx\/web\/2022\/05\/26\/falto-autocritica-y-solo-hubo-propaganda-morena-y-pvem\/","title":{"rendered":"FALT\u00d3 AUTOCR\u00cdTICA Y SOLO HUBO PROPAGANDA: MORENA Y PVEM"},"content":{"rendered":"\n<p><strong><em>Sandra Flores\/Guanajuato, Gto.-<\/em><\/strong>Los funcionarios estatales que asistieron a las mesas para analizar el cuatro informe del gobernador, Diego Sinhue Rodr\u00edguez Vallejo, realizaron solo \u201cpropaganda gubernamental\u201d, les falt\u00f3 autocr\u00edtica y negaron la realidad que viven los guanajuatenses, sostuvieron los coordinadores de los diputados de Morena y del Partido Verde, Ernesto Mill\u00e1n Soberanes y Gerardo Fern\u00e1ndez Gonz\u00e1lez.<\/p>\n\n\n\n<p>\u201cMediante una desafortunada combinaci\u00f3n de formato a modo, impuesto por el grupo mayoritario, y burdas evasiones del gabinete de Sinhue, se impidi\u00f3 la realizaci\u00f3n de un verdadero an\u00e1lisis del informe de gobierno\u201d, afirm\u00f3 en tribuna, Mill\u00e1n Soberanes.<\/p>\n\n\n\n<p>Lament\u00f3 que los funcionarios en vez de dar explicaciones acerca de los graves problemas que vive Guanajuato, optaron por el autoenga\u00f1o y la opacidad como pautas de su actuar.<\/p>\n\n\n\n<p>\u201cPrimero, vimos a un gabinete de seguridad que buscaba pintar un Guanajuato en el que todo se hace bien. El problema de los discursos es que, cuando no se apegan a la realidad, se desmoronan f\u00e1cilmente\u201d, expuso.<\/p>\n\n\n\n<p>A\u00f1adi\u00f3 que Cabeza de Vaca asegur\u00f3 que el estado iba por buen camino enmateria de seguridad.<\/p>\n\n\n\n<p>\u201cNo pasaron ni 12 horas cuando la lamentable masacre de Celaya vino a desmentirlo. El problema es que no se trata de un caso aislado. Como se lo dijimos al Secretario de Seguridad: los primeros tres a\u00f1os de Sinhu\u00e9 tienen peores resultados que los \u00faltimos tres a\u00f1os de M\u00e1rquez M\u00e1rquez\u201d, refiri\u00f3.<\/p>\n\n\n\n<p>En la primera mitad del gobierno de Miguel M\u00e1rquez M\u00e1quez se registraron 5 mil 867 homicidios<\/p>\n\n\n\n<p>dolosos; con Sinhu\u00e9 12 mil 860, asegur\u00f3.<\/p>\n\n\n\n<p>\u201cUn incremento de 219 por ciento. La inseguridad y la violencia no ceden, por m\u00e1s que el gobernador y su gabinete se esfuercen en ocultarlo\u201d, sostuvo el morenista.<\/p>\n\n\n\n<p>El coordinador de los diputados del PVEM, Gerardo Fern\u00e1ndez, dijo que cuestionaron a los integrantes del gabinete para obtener informaci\u00f3n cierta, evaluar con objetividad y responsabilidad cada uno de los seis ejes en que se organiza la administraci\u00f3n.<\/p>\n\n\n\n<p>\u201cTuvimos una pasarela de funcionarias y funcionarios de primer nivel, las personas que conforman las dependencias y entidades de quien son titulares; expertos todos en el maquillaje de cifras, en presentarnos n\u00fameros alegres, especialistas en encontrar los indicadores y estudios que favorecen sus m\u00e9ritos\u201d, recrimin\u00f3.<\/p>\n\n\n\n<p>Los funcionarios tienen el sello distintivo de la actual administraci\u00f3n: la falta de autocr\u00edtica y la negaci\u00f3n de la realidad, afirm\u00f3.<\/p>\n\n\n\n<p>\u201cResulta preocupante la costumbre de las dependencias y entidades de la administraci\u00f3n p\u00fablica estatal, de atribuirse logros, culpar a los dem\u00e1s de errores y omisiones\u201d, enfatiz\u00f3.<\/p>\n\n\n\n<p>Los logros son resultado del trabajo de los funcionarios estatales, pero los errores y omisiones, son resultado de la deficiente gesti\u00f3n de los municipios o del gobierno federal, se\u00f1al\u00f3.<\/p>\n\n\n\n<p>\u201cPareciera parad\u00f3jico que aquello que tanto critica Acci\u00f3n Nacional de lo que sucede en el \u00e1mbito federal viene a replicarse tal cual en Guanajuato\u201d, lament\u00f3 el ecologista.<\/p>\n","protected":false},"excerpt":{"rendered":"Sandra Flores\/Guanajuato, Gto.-Los funcionarios estatales que asistieron a las mesas para analizar el cuatro informe del gobernador, Diego Sinhue Rodr\u00edguez Vallejo, realizaron solo \u201cpropaganda gubernamental\u201d, les falt\u00f3 autocr\u00edtica y negaron la realidad que viven los guanajuatenses, sostuvieron los coordinadores de los diputados de Morena y del Partido Verde, Ernesto Mill\u00e1n Soberanes y Gerardo Fern\u00e1ndez Gonz\u00e1lez. [&hellip;]","protected":false},"author":2,"featured_media":97337,"comment_status":"open","ping_status":"open","sticky":false,"template":"","format":"standard","meta":{"_seopress_robots_primary_cat":"none","_seopress_titles_title":"","_seopress_titles_desc":"","_seopress_robots_index":"","_monsterinsights_skip_tracking":false,"_monsterinsights_sitenote_active":false,"_monsterinsights_sitenote_note":"","_monsterinsights_sitenote_category":0,"footnotes":""},"categories":[3,69],"tags":[],"class_list":["post-97335","post","type-post","status-publish","format-standard","has-post-thumbnail","hentry","category-politica","category-slider"],"yoast_head":"<!-- This site is optimized with the Yoast SEO plugin v27.4 - https:\/\/yoast.com\/product\/yoast-seo-wordpress\/ -->\n<title>FALT\u00d3 AUTOCR\u00cdTICA Y SOLO HUBO PROPAGANDA: MORENA Y PVEM - Kuali<\/title>\n<meta name=\"robots\" content=\"index, follow, max-snippet:-1, max-image-preview:large, max-video-preview:-1\" \/>\n<link rel=\"canonical\" href=\"https:\/\/kuali.com.mx\/web\/2022\/05\/26\/falto-autocritica-y-solo-hubo-propaganda-morena-y-pvem\/\" \/>\n<meta property=\"og:locale\" content=\"es_MX\" \/>\n<meta property=\"og:type\" content=\"article\" \/>\n<meta property=\"og:title\" content=\"FALT\u00d3 AUTOCR\u00cdTICA Y SOLO HUBO PROPAGANDA: MORENA Y PVEM - Kuali\" \/>\n<meta property=\"og:description\" content=\"Sandra Flores\/Guanajuato, Gto.-Los funcionarios estatales que asistieron a las mesas para analizar el cuatro informe del gobernador, Diego Sinhue Rodr\u00edguez Vallejo, realizaron solo \u201cpropaganda gubernamental\u201d, les falt\u00f3 autocr\u00edtica y negaron la realidad que viven los guanajuatenses, sostuvieron los coordinadores de los diputados de Morena y del Partido Verde, Ernesto Mill\u00e1n Soberanes y Gerardo Fern\u00e1ndez Gonz\u00e1lez. [&hellip;]\" \/>\n<meta property=\"og:url\" content=\"https:\/\/kuali.com.mx\/web\/2022\/05\/26\/falto-autocritica-y-solo-hubo-propaganda-morena-y-pvem\/\" \/>\n<meta property=\"og:site_name\" content=\"Kuali\" \/>\n<meta property=\"article:publisher\" content=\"https:\/\/kuali.com.mx\/web\/wp-content\/uploads\/2018\/04\/cropped-kuali_logo-1-1.png\" \/>\n<meta property=\"article:published_time\" content=\"2022-05-26T23:02:30+00:00\" \/>\n<meta property=\"article:modified_time\" content=\"2022-05-26T23:02:33+00:00\" \/>\n<meta property=\"og:image\" content=\"https:\/\/kuali.com.mx\/web\/wp-content\/uploads\/2022\/05\/Ernesto-Millan.jpg\" \/>\n\t<meta property=\"og:image:width\" content=\"1782\" \/>\n\t<meta property=\"og:image:height\" content=\"750\" \/>\n\t<meta property=\"og:image:type\" content=\"image\/jpeg\" \/>\n<meta name=\"author\" content=\"Kuali Staff\" \/>\n<meta name=\"twitter:card\" content=\"summary_large_image\" \/>\n<meta name=\"twitter:creator\" content=\"@kuali_noticias\" \/>\n<meta name=\"twitter:site\" content=\"@kuali_noticias\" \/>\n<meta name=\"twitter:label1\" content=\"Escrito por\" \/>\n\t<meta name=\"twitter:data1\" content=\"Kuali Staff\" \/>\n\t<meta name=\"twitter:label2\" content=\"Tiempo de lectura\" \/>\n\t<meta name=\"twitter:data2\" content=\"2 minutos\" \/>\n<script type=\"application\/ld+json\" class=\"yoast-schema-graph\">{\"@context\":\"https:\\\/\\\/schema.org\",\"@graph\":[{\"@type\":\"Article\",\"@id\":\"https:\\\/\\\/kuali.com.mx\\\/web\\\/2022\\\/05\\\/26\\\/falto-autocritica-y-solo-hubo-propaganda-morena-y-pvem\\\/#article\",\"isPartOf\":{\"@id\":\"https:\\\/\\\/kuali.com.mx\\\/web\\\/2022\\\/05\\\/26\\\/falto-autocritica-y-solo-hubo-propaganda-morena-y-pvem\\\/\"},\"author\":{\"name\":\"Kuali Staff\",\"@id\":\"https:\\\/\\\/kuali.com.mx\\\/web\\\/#\\\/schema\\\/person\\\/6f89ffa8ecba9dae50662357923c5289\"},\"headline\":\"FALT\u00d3 AUTOCR\u00cdTICA Y SOLO HUBO PROPAGANDA: MORENA Y PVEM\",\"datePublished\":\"2022-05-26T23:02:30+00:00\",\"dateModified\":\"2022-05-26T23:02:33+00:00\",\"mainEntityOfPage\":{\"@id\":\"https:\\\/\\\/kuali.com.mx\\\/web\\\/2022\\\/05\\\/26\\\/falto-autocritica-y-solo-hubo-propaganda-morena-y-pvem\\\/\"},\"wordCount\":503,\"commentCount\":0,\"image\":{\"@id\":\"https:\\\/\\\/kuali.com.mx\\\/web\\\/2022\\\/05\\\/26\\\/falto-autocritica-y-solo-hubo-propaganda-morena-y-pvem\\\/#primaryimage\"},\"thumbnailUrl\":\"https:\\\/\\\/kuali.com.mx\\\/web\\\/wp-content\\\/uploads\\\/2022\\\/05\\\/Ernesto-Millan.jpg\",\"articleSection\":[\"Pol\u00edtica\",\"slider\"],\"inLanguage\":\"es\",\"potentialAction\":[{\"@type\":\"CommentAction\",\"name\":\"Comment\",\"target\":[\"https:\\\/\\\/kuali.com.mx\\\/web\\\/2022\\\/05\\\/26\\\/falto-autocritica-y-solo-hubo-propaganda-morena-y-pvem\\\/#respond\"]}]},{\"@type\":\"WebPage\",\"@id\":\"https:\\\/\\\/kuali.com.mx\\\/web\\\/2022\\\/05\\\/26\\\/falto-autocritica-y-solo-hubo-propaganda-morena-y-pvem\\\/\",\"url\":\"https:\\\/\\\/kuali.com.mx\\\/web\\\/2022\\\/05\\\/26\\\/falto-autocritica-y-solo-hubo-propaganda-morena-y-pvem\\\/\",\"name\":\"FALT\u00d3 AUTOCR\u00cdTICA Y SOLO HUBO PROPAGANDA: MORENA Y PVEM - Kuali\",\"isPartOf\":{\"@id\":\"https:\\\/\\\/kuali.com.mx\\\/web\\\/#website\"},\"primaryImageOfPage\":{\"@id\":\"https:\\\/\\\/kuali.com.mx\\\/web\\\/2022\\\/05\\\/26\\\/falto-autocritica-y-solo-hubo-propaganda-morena-y-pvem\\\/#primaryimage\"},\"image\":{\"@id\":\"https:\\\/\\\/kuali.com.mx\\\/web\\\/2022\\\/05\\\/26\\\/falto-autocritica-y-solo-hubo-propaganda-morena-y-pvem\\\/#primaryimage\"},\"thumbnailUrl\":\"https:\\\/\\\/kuali.com.mx\\\/web\\\/wp-content\\\/uploads\\\/2022\\\/05\\\/Ernesto-Millan.jpg\",\"datePublished\":\"2022-05-26T23:02:30+00:00\",\"dateModified\":\"2022-05-26T23:02:33+00:00\",\"author\":{\"@id\":\"https:\\\/\\\/kuali.com.mx\\\/web\\\/#\\\/schema\\\/person\\\/6f89ffa8ecba9dae50662357923c5289\"},\"breadcrumb\":{\"@id\":\"https:\\\/\\\/kuali.com.mx\\\/web\\\/2022\\\/05\\\/26\\\/falto-autocritica-y-solo-hubo-propaganda-morena-y-pvem\\\/#breadcrumb\"},\"inLanguage\":\"es\",\"potentialAction\":[{\"@type\":\"ReadAction\",\"target\":[\"https:\\\/\\\/kuali.com.mx\\\/web\\\/2022\\\/05\\\/26\\\/falto-autocritica-y-solo-hubo-propaganda-morena-y-pvem\\\/\"]}]},{\"@type\":\"ImageObject\",\"inLanguage\":\"es\",\"@id\":\"https:\\\/\\\/kuali.com.mx\\\/web\\\/2022\\\/05\\\/26\\\/falto-autocritica-y-solo-hubo-propaganda-morena-y-pvem\\\/#primaryimage\",\"url\":\"https:\\\/\\\/kuali.com.mx\\\/web\\\/wp-content\\\/uploads\\\/2022\\\/05\\\/Ernesto-Millan.jpg\",\"contentUrl\":\"https:\\\/\\\/kuali.com.mx\\\/web\\\/wp-content\\\/uploads\\\/2022\\\/05\\\/Ernesto-Millan.jpg\",\"width\":1782,\"height\":750},{\"@type\":\"BreadcrumbList\",\"@id\":\"https:\\\/\\\/kuali.com.mx\\\/web\\\/2022\\\/05\\\/26\\\/falto-autocritica-y-solo-hubo-propaganda-morena-y-pvem\\\/#breadcrumb\",\"itemListElement\":[{\"@type\":\"ListItem\",\"position\":1,\"name\":\"Inicio\",\"item\":\"https:\\\/\\\/kuali.com.mx\\\/web\\\/\"},{\"@type\":\"ListItem\",\"position\":2,\"name\":\"FALT\u00d3 AUTOCR\u00cdTICA Y SOLO HUBO PROPAGANDA: MORENA Y PVEM\"}]},{\"@type\":\"WebSite\",\"@id\":\"https:\\\/\\\/kuali.com.mx\\\/web\\\/#website\",\"url\":\"https:\\\/\\\/kuali.com.mx\\\/web\\\/\",\"name\":\"Kuali\",\"description\":\"\",\"potentialAction\":[{\"@type\":\"SearchAction\",\"target\":{\"@type\":\"EntryPoint\",\"urlTemplate\":\"https:\\\/\\\/kuali.com.mx\\\/web\\\/?s={search_term_string}\"},\"query-input\":{\"@type\":\"PropertyValueSpecification\",\"valueRequired\":true,\"valueName\":\"search_term_string\"}}],\"inLanguage\":\"es\"},{\"@type\":\"Person\",\"@id\":\"https:\\\/\\\/kuali.com.mx\\\/web\\\/#\\\/schema\\\/person\\\/6f89ffa8ecba9dae50662357923c5289\",\"name\":\"Kuali Staff\",\"image\":{\"@type\":\"ImageObject\",\"inLanguage\":\"es\",\"@id\":\"https:\\\/\\\/secure.gravatar.com\\\/avatar\\\/f917ad82e5ab71227a733c78b6e60715476f69ee6be59feee4eb5d9920c89e0f?s=96&d=mm&r=g\",\"url\":\"https:\\\/\\\/secure.gravatar.com\\\/avatar\\\/f917ad82e5ab71227a733c78b6e60715476f69ee6be59feee4eb5d9920c89e0f?s=96&d=mm&r=g\",\"contentUrl\":\"https:\\\/\\\/secure.gravatar.com\\\/avatar\\\/f917ad82e5ab71227a733c78b6e60715476f69ee6be59feee4eb5d9920c89e0f?s=96&d=mm&r=g\",\"caption\":\"Kuali Staff\"},\"url\":\"https:\\\/\\\/kuali.com.mx\\\/web\\\/author\\\/lagarto\\\/\"}]}<\/script>\n<!-- \/ Yoast SEO plugin. -->","yoast_head_json":{"title":"FALT\u00d3 AUTOCR\u00cdTICA Y SOLO HUBO PROPAGANDA: MORENA Y PVEM - Kuali","robots":{"index":"index","follow":"follow","max-snippet":"max-snippet:-1","max-image-preview":"max-image-preview:large","max-video-preview":"max-video-preview:-1"},"canonical":"https:\/\/kuali.com.mx\/web\/2022\/05\/26\/falto-autocritica-y-solo-hubo-propaganda-morena-y-pvem\/","og_locale":"es_MX","og_type":"article","og_title":"FALT\u00d3 AUTOCR\u00cdTICA Y SOLO HUBO PROPAGANDA: MORENA Y PVEM - Kuali","og_description":"Sandra Flores\/Guanajuato, Gto.-Los funcionarios estatales que asistieron a las mesas para analizar el cuatro informe del gobernador, Diego Sinhue Rodr\u00edguez Vallejo, realizaron solo \u201cpropaganda gubernamental\u201d, les falt\u00f3 autocr\u00edtica y negaron la realidad que viven los guanajuatenses, sostuvieron los coordinadores de los diputados de Morena y del Partido Verde, Ernesto Mill\u00e1n Soberanes y Gerardo Fern\u00e1ndez Gonz\u00e1lez. [&hellip;]","og_url":"https:\/\/kuali.com.mx\/web\/2022\/05\/26\/falto-autocritica-y-solo-hubo-propaganda-morena-y-pvem\/","og_site_name":"Kuali","article_publisher":"https:\/\/kuali.com.mx\/web\/wp-content\/uploads\/2018\/04\/cropped-kuali_logo-1-1.png","article_published_time":"2022-05-26T23:02:30+00:00","article_modified_time":"2022-05-26T23:02:33+00:00","og_image":[{"width":1782,"height":750,"url":"https:\/\/kuali.com.mx\/web\/wp-content\/uploads\/2022\/05\/Ernesto-Millan.jpg","type":"image\/jpeg"}],"author":"Kuali Staff","twitter_card":"summary_large_image","twitter_creator":"@kuali_noticias","twitter_site":"@kuali_noticias","twitter_misc":{"Escrito por":"Kuali Staff","Tiempo de lectura":"2 minutos"},"schema":{"@context":"https:\/\/schema.org","@graph":[{"@type":"Article","@id":"https:\/\/kuali.com.mx\/web\/2022\/05\/26\/falto-autocritica-y-solo-hubo-propaganda-morena-y-pvem\/#article","isPartOf":{"@id":"https:\/\/kuali.com.mx\/web\/2022\/05\/26\/falto-autocritica-y-solo-hubo-propaganda-morena-y-pvem\/"},"author":{"name":"Kuali Staff","@id":"https:\/\/kuali.com.mx\/web\/#\/schema\/person\/6f89ffa8ecba9dae50662357923c5289"},"headline":"FALT\u00d3 AUTOCR\u00cdTICA Y SOLO HUBO PROPAGANDA: MORENA Y PVEM","datePublished":"2022-05-26T23:02:30+00:00","dateModified":"2022-05-26T23:02:33+00:00","mainEntityOfPage":{"@id":"https:\/\/kuali.com.mx\/web\/2022\/05\/26\/falto-autocritica-y-solo-hubo-propaganda-morena-y-pvem\/"},"wordCount":503,"commentCount":0,"image":{"@id":"https:\/\/kuali.com.mx\/web\/2022\/05\/26\/falto-autocritica-y-solo-hubo-propaganda-morena-y-pvem\/#primaryimage"},"thumbnailUrl":"https:\/\/kuali.com.mx\/web\/wp-content\/uploads\/2022\/05\/Ernesto-Millan.jpg","articleSection":["Pol\u00edtica","slider"],"inLanguage":"es","potentialAction":[{"@type":"CommentAction","name":"Comment","target":["https:\/\/kuali.com.mx\/web\/2022\/05\/26\/falto-autocritica-y-solo-hubo-propaganda-morena-y-pvem\/#respond"]}]},{"@type":"WebPage","@id":"https:\/\/kuali.com.mx\/web\/2022\/05\/26\/falto-autocritica-y-solo-hubo-propaganda-morena-y-pvem\/","url":"https:\/\/kuali.com.mx\/web\/2022\/05\/26\/falto-autocritica-y-solo-hubo-propaganda-morena-y-pvem\/","name":"FALT\u00d3 AUTOCR\u00cdTICA Y SOLO HUBO PROPAGANDA: MORENA Y PVEM - Kuali","isPartOf":{"@id":"https:\/\/kuali.com.mx\/web\/#website"},"primaryImageOfPage":{"@id":"https:\/\/kuali.com.mx\/web\/2022\/05\/26\/falto-autocritica-y-solo-hubo-propaganda-morena-y-pvem\/#primaryimage"},"image":{"@id":"https:\/\/kuali.com.mx\/web\/2022\/05\/26\/falto-autocritica-y-solo-hubo-propaganda-morena-y-pvem\/#primaryimage"},"thumbnailUrl":"https:\/\/kuali.com.mx\/web\/wp-content\/uploads\/2022\/05\/Ernesto-Millan.jpg","datePublished":"2022-05-26T23:02:30+00:00","dateModified":"2022-05-26T23:02:33+00:00","author":{"@id":"https:\/\/kuali.com.mx\/web\/#\/schema\/person\/6f89ffa8ecba9dae50662357923c5289"},"breadcrumb":{"@id":"https:\/\/kuali.com.mx\/web\/2022\/05\/26\/falto-autocritica-y-solo-hubo-propaganda-morena-y-pvem\/#breadcrumb"},"inLanguage":"es","potentialAction":[{"@type":"ReadAction","target":["https:\/\/kuali.com.mx\/web\/2022\/05\/26\/falto-autocritica-y-solo-hubo-propaganda-morena-y-pvem\/"]}]},{"@type":"ImageObject","inLanguage":"es","@id":"https:\/\/kuali.com.mx\/web\/2022\/05\/26\/falto-autocritica-y-solo-hubo-propaganda-morena-y-pvem\/#primaryimage","url":"https:\/\/kuali.com.mx\/web\/wp-content\/uploads\/2022\/05\/Ernesto-Millan.jpg","contentUrl":"https:\/\/kuali.com.mx\/web\/wp-content\/uploads\/2022\/05\/Ernesto-Millan.jpg","width":1782,"height":750},{"@type":"BreadcrumbList","@id":"https:\/\/kuali.com.mx\/web\/2022\/05\/26\/falto-autocritica-y-solo-hubo-propaganda-morena-y-pvem\/#breadcrumb","itemListElement":[{"@type":"ListItem","position":1,"name":"Inicio","item":"https:\/\/kuali.com.mx\/web\/"},{"@type":"ListItem","position":2,"name":"FALT\u00d3 AUTOCR\u00cdTICA Y SOLO HUBO PROPAGANDA: MORENA Y PVEM"}]},{"@type":"WebSite","@id":"https:\/\/kuali.com.mx\/web\/#website","url":"https:\/\/kuali.com.mx\/web\/","name":"Kuali","description":"","potentialAction":[{"@type":"SearchAction","target":{"@type":"EntryPoint","urlTemplate":"https:\/\/kuali.com.mx\/web\/?s={search_term_string}"},"query-input":{"@type":"PropertyValueSpecification","valueRequired":true,"valueName":"search_term_string"}}],"inLanguage":"es"},{"@type":"Person","@id":"https:\/\/kuali.com.mx\/web\/#\/schema\/person\/6f89ffa8ecba9dae50662357923c5289","name":"Kuali Staff","image":{"@type":"ImageObject","inLanguage":"es","@id":"https:\/\/secure.gravatar.com\/avatar\/f917ad82e5ab71227a733c78b6e60715476f69ee6be59feee4eb5d9920c89e0f?s=96&d=mm&r=g","url":"https:\/\/secure.gravatar.com\/avatar\/f917ad82e5ab71227a733c78b6e60715476f69ee6be59feee4eb5d9920c89e0f?s=96&d=mm&r=g","contentUrl":"https:\/\/secure.gravatar.com\/avatar\/f917ad82e5ab71227a733c78b6e60715476f69ee6be59feee4eb5d9920c89e0f?s=96&d=mm&r=g","caption":"Kuali Staff"},"url":"https:\/\/kuali.com.mx\/web\/author\/lagarto\/"}]}},"_links":{"self":[{"href":"https:\/\/kuali.com.mx\/web\/wp-json\/wp\/v2\/posts\/97335","targetHints":{"allow":["GET"]}}],"collection":[{"href":"https:\/\/kuali.com.mx\/web\/wp-json\/wp\/v2\/posts"}],"about":[{"href":"https:\/\/kuali.com.mx\/web\/wp-json\/wp\/v2\/types\/post"}],"author":[{"embeddable":true,"href":"https:\/\/kuali.com.mx\/web\/wp-json\/wp\/v2\/users\/2"}],"replies":[{"embeddable":true,"href":"https:\/\/kuali.com.mx\/web\/wp-json\/wp\/v2\/comments?post=97335"}],"version-history":[{"count":1,"href":"https:\/\/kuali.com.mx\/web\/wp-json\/wp\/v2\/posts\/97335\/revisions"}],"predecessor-version":[{"id":97338,"href":"https:\/\/kuali.com.mx\/web\/wp-json\/wp\/v2\/posts\/97335\/revisions\/97338"}],"wp:featuredmedia":[{"embeddable":true,"href":"https:\/\/kuali.com.mx\/web\/wp-json\/wp\/v2\/media\/97337"}],"wp:attachment":[{"href":"https:\/\/kuali.com.mx\/web\/wp-json\/wp\/v2\/media?parent=97335"}],"wp:term":[{"taxonomy":"category","embeddable":true,"href":"https:\/\/kuali.com.mx\/web\/wp-json\/wp\/v2\/categories?post=97335"},{"taxonomy":"post_tag","embeddable":true,"href":"https:\/\/kuali.com.mx\/web\/wp-json\/wp\/v2\/tags?post=97335"}],"curies":[{"name":"wp","href":"https:\/\/api.w.org\/{rel}","templated":true}]}}