{"id":97317,"date":"2022-05-26T16:36:58","date_gmt":"2022-05-26T22:36:58","guid":{"rendered":"https:\/\/kuali.com.mx\/web\/?p=97317"},"modified":"2022-05-26T20:41:32","modified_gmt":"2022-05-27T02:41:32","slug":"inicia-vacunacion-en-menores-de-12-14-anos","status":"publish","type":"post","link":"https:\/\/kuali.com.mx\/web\/2022\/05\/26\/inicia-vacunacion-en-menores-de-12-14-anos\/","title":{"rendered":"INICIA VACUNACI\u00d3N EN MENORES DE 12-14 A\u00d1OS"},"content":{"rendered":"\n<p><strong>Alicia Arias\/Le\u00f3n, Gto. <\/strong>Ya llegaron las jeringas que hac\u00edan falta y este viernes 27 de mayo inicia en el estado de Guanajuato la aplicaci\u00f3n de la vacuna contra la COVID-19 en adolescentes de 12 a 14 a\u00f1os de edad. No habr\u00e1 dosis para otros grupos de poblaci\u00f3n.<\/p>\n\n\n\n<p>Despu\u00e9s de 21 d\u00edas de haber llegado 162 mil dosis de Pzifer-BioNTech, por fin, ser\u00e1n aplicadas entre las y los adolescentes de 12 a 14 a\u00f1os. Dicha cantidad alcanza para cubrir a la mitad de la poblaci\u00f3n estatal que se encuentra en ese rango de edad.<\/p>\n\n\n\n<p>La Secretar\u00eda de Salud de Guanajuato (SSG), anunci\u00f3 la noche de este mi\u00e9rcoles que la &nbsp;jornada de vacunaci\u00f3n comenzar\u00e1 a las ocho de la ma\u00f1ana del viernes 27 de mayo en los 46 municipios del estado, en los cuales se han instalado 58 puntos que estar\u00e1n operando de manera simult\u00e1nea.<\/p>\n\n\n\n<p>De los 58 puntos, 51 pertenecen a la secretar\u00eda de salud estatal y el personal de enfermer\u00eda de las ocho jurisdicciones sanitarias se encuentra preparado para sumarse a la jornada de aplicaci\u00f3n intensiva.<\/p>\n\n\n\n<p>                                                        <strong>PUESTOS DE VACUNACI\u00d3N<\/strong><\/p>\n\n\n\n<p><\/p>\n\n\n\n<figure class=\"wp-block-image size-large\"><img loading=\"lazy\" decoding=\"async\" width=\"651\" height=\"1024\" src=\"https:\/\/kuali.com.mx\/web\/wp-content\/uploads\/2022\/05\/Puestos-de-vacunacion-12_14-anos-651x1024.jpg\" alt=\"\" class=\"wp-image-97320\" srcset=\"https:\/\/kuali.com.mx\/web\/wp-content\/uploads\/2022\/05\/Puestos-de-vacunacion-12_14-anos-651x1024.jpg 651w, https:\/\/kuali.com.mx\/web\/wp-content\/uploads\/2022\/05\/Puestos-de-vacunacion-12_14-anos-191x300.jpg 191w, https:\/\/kuali.com.mx\/web\/wp-content\/uploads\/2022\/05\/Puestos-de-vacunacion-12_14-anos-768x1209.jpg 768w, https:\/\/kuali.com.mx\/web\/wp-content\/uploads\/2022\/05\/Puestos-de-vacunacion-12_14-anos-976x1536.jpg 976w, https:\/\/kuali.com.mx\/web\/wp-content\/uploads\/2022\/05\/Puestos-de-vacunacion-12_14-anos.jpg 1080w\" sizes=\"auto, (max-width: 651px) 100vw, 651px\" \/><\/figure>\n\n\n\n<p>El secretario de salud de Guanajuato, Daniel Alberto D\u00edaz Mart\u00ednez, inform\u00f3 que ya llegaron los insumos necesarios, entre ellos las jeringas, para inocular a las y los adolescentes de los 46 municipios con las dosis que se encuentran en el estado desde el pasado seis de mayo.<\/p>\n\n\n\n<p>Para recibir la vacuna es necesario presentar el registro impreso, el cual se puede obtener en la siguiente direcci\u00f3n electr\u00f3nica: https:\/\/mivacuna.salud.gob.mx\/index.php<\/p>\n\n\n\n<p>Es necesario tambi\u00e9n presentar el expediente de vacunaci\u00f3n, que se deber\u00e1 presentar llenado con los datos del o la adolescente que recibir\u00e1 la dosis.<\/p>\n\n\n\n<p>En el estado Guanajuato cerca de 9 mil menores de ese rango de edad ya est\u00e1n vacunados porque contaban con un amparo que les permiti\u00f3 recibir el biol\u00f3gico cuando el gobierno federal todav\u00eda no autorizaba su aplicaci\u00f3n en menores de 15 a\u00f1os.<\/p>\n\n\n\n<p>La aplicaci\u00f3n de la vacuna es universal \u00a0y no importa si padecen o no alguna comorbilidad.<\/p>\n\n\n\n<p>En sitios cerrados se debe usar el cubrebocas, procurar el lavado frecuente de manos y mantener la sana distancia porque la pandemia no ha terminado, advirti\u00f3 el secretario de salud.<\/p>\n","protected":false},"excerpt":{"rendered":"Alicia Arias\/Le\u00f3n, Gto. Ya llegaron las jeringas que hac\u00edan falta y este viernes 27 de mayo inicia en el estado de Guanajuato la aplicaci\u00f3n de la vacuna contra la COVID-19 en adolescentes de 12 a 14 a\u00f1os de edad. No habr\u00e1 dosis para otros grupos de poblaci\u00f3n. Despu\u00e9s de 21 d\u00edas de haber llegado 162 [&hellip;]","protected":false},"author":2,"featured_media":97319,"comment_status":"open","ping_status":"open","sticky":false,"template":"","format":"standard","meta":{"_seopress_robots_primary_cat":"none","_seopress_titles_title":"","_seopress_titles_desc":"","_seopress_robots_index":"","_monsterinsights_skip_tracking":false,"_monsterinsights_sitenote_active":false,"_monsterinsights_sitenote_note":"","_monsterinsights_sitenote_category":0,"footnotes":""},"categories":[7],"tags":[457,9,458,309,78,79],"class_list":["post-97317","post","type-post","status-publish","format-standard","has-post-thumbnail","hentry","category-salud","tag-covid","tag-guanajuato","tag-menores-de-12-a-14-anos","tag-pandemia","tag-salud","tag-vacuna"],"yoast_head":"<!-- This site is optimized with the Yoast SEO plugin v27.4 - https:\/\/yoast.com\/product\/yoast-seo-wordpress\/ -->\n<title>INICIA VACUNACI\u00d3N EN MENORES DE 12-14 A\u00d1OS - Kuali<\/title>\n<meta name=\"robots\" content=\"index, follow, max-snippet:-1, max-image-preview:large, max-video-preview:-1\" \/>\n<link rel=\"canonical\" href=\"https:\/\/kuali.com.mx\/web\/2022\/05\/26\/inicia-vacunacion-en-menores-de-12-14-anos\/\" \/>\n<meta property=\"og:locale\" content=\"es_MX\" \/>\n<meta property=\"og:type\" content=\"article\" \/>\n<meta property=\"og:title\" content=\"INICIA VACUNACI\u00d3N EN MENORES DE 12-14 A\u00d1OS - Kuali\" \/>\n<meta property=\"og:description\" content=\"Alicia Arias\/Le\u00f3n, Gto. Ya llegaron las jeringas que hac\u00edan falta y este viernes 27 de mayo inicia en el estado de Guanajuato la aplicaci\u00f3n de la vacuna contra la COVID-19 en adolescentes de 12 a 14 a\u00f1os de edad. No habr\u00e1 dosis para otros grupos de poblaci\u00f3n. Despu\u00e9s de 21 d\u00edas de haber llegado 162 [&hellip;]\" \/>\n<meta property=\"og:url\" content=\"https:\/\/kuali.com.mx\/web\/2022\/05\/26\/inicia-vacunacion-en-menores-de-12-14-anos\/\" \/>\n<meta property=\"og:site_name\" content=\"Kuali\" \/>\n<meta property=\"article:publisher\" content=\"https:\/\/kuali.com.mx\/web\/wp-content\/uploads\/2018\/04\/cropped-kuali_logo-1-1.png\" \/>\n<meta property=\"article:published_time\" content=\"2022-05-26T22:36:58+00:00\" \/>\n<meta property=\"article:modified_time\" content=\"2022-05-27T02:41:32+00:00\" \/>\n<meta property=\"og:image\" content=\"https:\/\/kuali.com.mx\/web\/wp-content\/uploads\/2022\/05\/Vacuna-en-adolescentes.jpg\" \/>\n\t<meta property=\"og:image:width\" content=\"1700\" \/>\n\t<meta property=\"og:image:height\" content=\"750\" \/>\n\t<meta property=\"og:image:type\" content=\"image\/jpeg\" \/>\n<meta name=\"author\" content=\"Kuali Staff\" \/>\n<meta name=\"twitter:card\" content=\"summary_large_image\" \/>\n<meta name=\"twitter:creator\" content=\"@kuali_noticias\" \/>\n<meta name=\"twitter:site\" content=\"@kuali_noticias\" \/>\n<meta name=\"twitter:label1\" content=\"Escrito por\" \/>\n\t<meta name=\"twitter:data1\" content=\"Kuali Staff\" \/>\n\t<meta name=\"twitter:label2\" content=\"Tiempo de lectura\" \/>\n\t<meta name=\"twitter:data2\" content=\"2 minutos\" \/>\n<script type=\"application\/ld+json\" class=\"yoast-schema-graph\">{\"@context\":\"https:\\\/\\\/schema.org\",\"@graph\":[{\"@type\":\"Article\",\"@id\":\"https:\\\/\\\/kuali.com.mx\\\/web\\\/2022\\\/05\\\/26\\\/inicia-vacunacion-en-menores-de-12-14-anos\\\/#article\",\"isPartOf\":{\"@id\":\"https:\\\/\\\/kuali.com.mx\\\/web\\\/2022\\\/05\\\/26\\\/inicia-vacunacion-en-menores-de-12-14-anos\\\/\"},\"author\":{\"name\":\"Kuali Staff\",\"@id\":\"https:\\\/\\\/kuali.com.mx\\\/web\\\/#\\\/schema\\\/person\\\/6f89ffa8ecba9dae50662357923c5289\"},\"headline\":\"INICIA VACUNACI\u00d3N EN MENORES DE 12-14 A\u00d1OS\",\"datePublished\":\"2022-05-26T22:36:58+00:00\",\"dateModified\":\"2022-05-27T02:41:32+00:00\",\"mainEntityOfPage\":{\"@id\":\"https:\\\/\\\/kuali.com.mx\\\/web\\\/2022\\\/05\\\/26\\\/inicia-vacunacion-en-menores-de-12-14-anos\\\/\"},\"wordCount\":393,\"commentCount\":0,\"image\":{\"@id\":\"https:\\\/\\\/kuali.com.mx\\\/web\\\/2022\\\/05\\\/26\\\/inicia-vacunacion-en-menores-de-12-14-anos\\\/#primaryimage\"},\"thumbnailUrl\":\"https:\\\/\\\/kuali.com.mx\\\/web\\\/wp-content\\\/uploads\\\/2022\\\/05\\\/Vacuna-en-adolescentes.jpg\",\"keywords\":[\"COVID\",\"Guanajuato\",\"Menores de 12 a 14 a\u00f1os\",\"Pandemia\",\"Salud\",\"Vacuna\"],\"articleSection\":[\"Salud\"],\"inLanguage\":\"es\",\"potentialAction\":[{\"@type\":\"CommentAction\",\"name\":\"Comment\",\"target\":[\"https:\\\/\\\/kuali.com.mx\\\/web\\\/2022\\\/05\\\/26\\\/inicia-vacunacion-en-menores-de-12-14-anos\\\/#respond\"]}]},{\"@type\":\"WebPage\",\"@id\":\"https:\\\/\\\/kuali.com.mx\\\/web\\\/2022\\\/05\\\/26\\\/inicia-vacunacion-en-menores-de-12-14-anos\\\/\",\"url\":\"https:\\\/\\\/kuali.com.mx\\\/web\\\/2022\\\/05\\\/26\\\/inicia-vacunacion-en-menores-de-12-14-anos\\\/\",\"name\":\"INICIA VACUNACI\u00d3N EN MENORES DE 12-14 A\u00d1OS - Kuali\",\"isPartOf\":{\"@id\":\"https:\\\/\\\/kuali.com.mx\\\/web\\\/#website\"},\"primaryImageOfPage\":{\"@id\":\"https:\\\/\\\/kuali.com.mx\\\/web\\\/2022\\\/05\\\/26\\\/inicia-vacunacion-en-menores-de-12-14-anos\\\/#primaryimage\"},\"image\":{\"@id\":\"https:\\\/\\\/kuali.com.mx\\\/web\\\/2022\\\/05\\\/26\\\/inicia-vacunacion-en-menores-de-12-14-anos\\\/#primaryimage\"},\"thumbnailUrl\":\"https:\\\/\\\/kuali.com.mx\\\/web\\\/wp-content\\\/uploads\\\/2022\\\/05\\\/Vacuna-en-adolescentes.jpg\",\"datePublished\":\"2022-05-26T22:36:58+00:00\",\"dateModified\":\"2022-05-27T02:41:32+00:00\",\"author\":{\"@id\":\"https:\\\/\\\/kuali.com.mx\\\/web\\\/#\\\/schema\\\/person\\\/6f89ffa8ecba9dae50662357923c5289\"},\"breadcrumb\":{\"@id\":\"https:\\\/\\\/kuali.com.mx\\\/web\\\/2022\\\/05\\\/26\\\/inicia-vacunacion-en-menores-de-12-14-anos\\\/#breadcrumb\"},\"inLanguage\":\"es\",\"potentialAction\":[{\"@type\":\"ReadAction\",\"target\":[\"https:\\\/\\\/kuali.com.mx\\\/web\\\/2022\\\/05\\\/26\\\/inicia-vacunacion-en-menores-de-12-14-anos\\\/\"]}]},{\"@type\":\"ImageObject\",\"inLanguage\":\"es\",\"@id\":\"https:\\\/\\\/kuali.com.mx\\\/web\\\/2022\\\/05\\\/26\\\/inicia-vacunacion-en-menores-de-12-14-anos\\\/#primaryimage\",\"url\":\"https:\\\/\\\/kuali.com.mx\\\/web\\\/wp-content\\\/uploads\\\/2022\\\/05\\\/Vacuna-en-adolescentes.jpg\",\"contentUrl\":\"https:\\\/\\\/kuali.com.mx\\\/web\\\/wp-content\\\/uploads\\\/2022\\\/05\\\/Vacuna-en-adolescentes.jpg\",\"width\":1700,\"height\":750},{\"@type\":\"BreadcrumbList\",\"@id\":\"https:\\\/\\\/kuali.com.mx\\\/web\\\/2022\\\/05\\\/26\\\/inicia-vacunacion-en-menores-de-12-14-anos\\\/#breadcrumb\",\"itemListElement\":[{\"@type\":\"ListItem\",\"position\":1,\"name\":\"Inicio\",\"item\":\"https:\\\/\\\/kuali.com.mx\\\/web\\\/\"},{\"@type\":\"ListItem\",\"position\":2,\"name\":\"INICIA VACUNACI\u00d3N EN MENORES DE 12-14 A\u00d1OS\"}]},{\"@type\":\"WebSite\",\"@id\":\"https:\\\/\\\/kuali.com.mx\\\/web\\\/#website\",\"url\":\"https:\\\/\\\/kuali.com.mx\\\/web\\\/\",\"name\":\"Kuali\",\"description\":\"\",\"potentialAction\":[{\"@type\":\"SearchAction\",\"target\":{\"@type\":\"EntryPoint\",\"urlTemplate\":\"https:\\\/\\\/kuali.com.mx\\\/web\\\/?s={search_term_string}\"},\"query-input\":{\"@type\":\"PropertyValueSpecification\",\"valueRequired\":true,\"valueName\":\"search_term_string\"}}],\"inLanguage\":\"es\"},{\"@type\":\"Person\",\"@id\":\"https:\\\/\\\/kuali.com.mx\\\/web\\\/#\\\/schema\\\/person\\\/6f89ffa8ecba9dae50662357923c5289\",\"name\":\"Kuali Staff\",\"image\":{\"@type\":\"ImageObject\",\"inLanguage\":\"es\",\"@id\":\"https:\\\/\\\/secure.gravatar.com\\\/avatar\\\/f917ad82e5ab71227a733c78b6e60715476f69ee6be59feee4eb5d9920c89e0f?s=96&d=mm&r=g\",\"url\":\"https:\\\/\\\/secure.gravatar.com\\\/avatar\\\/f917ad82e5ab71227a733c78b6e60715476f69ee6be59feee4eb5d9920c89e0f?s=96&d=mm&r=g\",\"contentUrl\":\"https:\\\/\\\/secure.gravatar.com\\\/avatar\\\/f917ad82e5ab71227a733c78b6e60715476f69ee6be59feee4eb5d9920c89e0f?s=96&d=mm&r=g\",\"caption\":\"Kuali Staff\"},\"url\":\"https:\\\/\\\/kuali.com.mx\\\/web\\\/author\\\/lagarto\\\/\"}]}<\/script>\n<!-- \/ Yoast SEO plugin. -->","yoast_head_json":{"title":"INICIA VACUNACI\u00d3N EN MENORES DE 12-14 A\u00d1OS - Kuali","robots":{"index":"index","follow":"follow","max-snippet":"max-snippet:-1","max-image-preview":"max-image-preview:large","max-video-preview":"max-video-preview:-1"},"canonical":"https:\/\/kuali.com.mx\/web\/2022\/05\/26\/inicia-vacunacion-en-menores-de-12-14-anos\/","og_locale":"es_MX","og_type":"article","og_title":"INICIA VACUNACI\u00d3N EN MENORES DE 12-14 A\u00d1OS - Kuali","og_description":"Alicia Arias\/Le\u00f3n, Gto. Ya llegaron las jeringas que hac\u00edan falta y este viernes 27 de mayo inicia en el estado de Guanajuato la aplicaci\u00f3n de la vacuna contra la COVID-19 en adolescentes de 12 a 14 a\u00f1os de edad. No habr\u00e1 dosis para otros grupos de poblaci\u00f3n. Despu\u00e9s de 21 d\u00edas de haber llegado 162 [&hellip;]","og_url":"https:\/\/kuali.com.mx\/web\/2022\/05\/26\/inicia-vacunacion-en-menores-de-12-14-anos\/","og_site_name":"Kuali","article_publisher":"https:\/\/kuali.com.mx\/web\/wp-content\/uploads\/2018\/04\/cropped-kuali_logo-1-1.png","article_published_time":"2022-05-26T22:36:58+00:00","article_modified_time":"2022-05-27T02:41:32+00:00","og_image":[{"width":1700,"height":750,"url":"https:\/\/kuali.com.mx\/web\/wp-content\/uploads\/2022\/05\/Vacuna-en-adolescentes.jpg","type":"image\/jpeg"}],"author":"Kuali Staff","twitter_card":"summary_large_image","twitter_creator":"@kuali_noticias","twitter_site":"@kuali_noticias","twitter_misc":{"Escrito por":"Kuali Staff","Tiempo de lectura":"2 minutos"},"schema":{"@context":"https:\/\/schema.org","@graph":[{"@type":"Article","@id":"https:\/\/kuali.com.mx\/web\/2022\/05\/26\/inicia-vacunacion-en-menores-de-12-14-anos\/#article","isPartOf":{"@id":"https:\/\/kuali.com.mx\/web\/2022\/05\/26\/inicia-vacunacion-en-menores-de-12-14-anos\/"},"author":{"name":"Kuali Staff","@id":"https:\/\/kuali.com.mx\/web\/#\/schema\/person\/6f89ffa8ecba9dae50662357923c5289"},"headline":"INICIA VACUNACI\u00d3N EN MENORES DE 12-14 A\u00d1OS","datePublished":"2022-05-26T22:36:58+00:00","dateModified":"2022-05-27T02:41:32+00:00","mainEntityOfPage":{"@id":"https:\/\/kuali.com.mx\/web\/2022\/05\/26\/inicia-vacunacion-en-menores-de-12-14-anos\/"},"wordCount":393,"commentCount":0,"image":{"@id":"https:\/\/kuali.com.mx\/web\/2022\/05\/26\/inicia-vacunacion-en-menores-de-12-14-anos\/#primaryimage"},"thumbnailUrl":"https:\/\/kuali.com.mx\/web\/wp-content\/uploads\/2022\/05\/Vacuna-en-adolescentes.jpg","keywords":["COVID","Guanajuato","Menores de 12 a 14 a\u00f1os","Pandemia","Salud","Vacuna"],"articleSection":["Salud"],"inLanguage":"es","potentialAction":[{"@type":"CommentAction","name":"Comment","target":["https:\/\/kuali.com.mx\/web\/2022\/05\/26\/inicia-vacunacion-en-menores-de-12-14-anos\/#respond"]}]},{"@type":"WebPage","@id":"https:\/\/kuali.com.mx\/web\/2022\/05\/26\/inicia-vacunacion-en-menores-de-12-14-anos\/","url":"https:\/\/kuali.com.mx\/web\/2022\/05\/26\/inicia-vacunacion-en-menores-de-12-14-anos\/","name":"INICIA VACUNACI\u00d3N EN MENORES DE 12-14 A\u00d1OS - Kuali","isPartOf":{"@id":"https:\/\/kuali.com.mx\/web\/#website"},"primaryImageOfPage":{"@id":"https:\/\/kuali.com.mx\/web\/2022\/05\/26\/inicia-vacunacion-en-menores-de-12-14-anos\/#primaryimage"},"image":{"@id":"https:\/\/kuali.com.mx\/web\/2022\/05\/26\/inicia-vacunacion-en-menores-de-12-14-anos\/#primaryimage"},"thumbnailUrl":"https:\/\/kuali.com.mx\/web\/wp-content\/uploads\/2022\/05\/Vacuna-en-adolescentes.jpg","datePublished":"2022-05-26T22:36:58+00:00","dateModified":"2022-05-27T02:41:32+00:00","author":{"@id":"https:\/\/kuali.com.mx\/web\/#\/schema\/person\/6f89ffa8ecba9dae50662357923c5289"},"breadcrumb":{"@id":"https:\/\/kuali.com.mx\/web\/2022\/05\/26\/inicia-vacunacion-en-menores-de-12-14-anos\/#breadcrumb"},"inLanguage":"es","potentialAction":[{"@type":"ReadAction","target":["https:\/\/kuali.com.mx\/web\/2022\/05\/26\/inicia-vacunacion-en-menores-de-12-14-anos\/"]}]},{"@type":"ImageObject","inLanguage":"es","@id":"https:\/\/kuali.com.mx\/web\/2022\/05\/26\/inicia-vacunacion-en-menores-de-12-14-anos\/#primaryimage","url":"https:\/\/kuali.com.mx\/web\/wp-content\/uploads\/2022\/05\/Vacuna-en-adolescentes.jpg","contentUrl":"https:\/\/kuali.com.mx\/web\/wp-content\/uploads\/2022\/05\/Vacuna-en-adolescentes.jpg","width":1700,"height":750},{"@type":"BreadcrumbList","@id":"https:\/\/kuali.com.mx\/web\/2022\/05\/26\/inicia-vacunacion-en-menores-de-12-14-anos\/#breadcrumb","itemListElement":[{"@type":"ListItem","position":1,"name":"Inicio","item":"https:\/\/kuali.com.mx\/web\/"},{"@type":"ListItem","position":2,"name":"INICIA VACUNACI\u00d3N EN MENORES DE 12-14 A\u00d1OS"}]},{"@type":"WebSite","@id":"https:\/\/kuali.com.mx\/web\/#website","url":"https:\/\/kuali.com.mx\/web\/","name":"Kuali","description":"","potentialAction":[{"@type":"SearchAction","target":{"@type":"EntryPoint","urlTemplate":"https:\/\/kuali.com.mx\/web\/?s={search_term_string}"},"query-input":{"@type":"PropertyValueSpecification","valueRequired":true,"valueName":"search_term_string"}}],"inLanguage":"es"},{"@type":"Person","@id":"https:\/\/kuali.com.mx\/web\/#\/schema\/person\/6f89ffa8ecba9dae50662357923c5289","name":"Kuali Staff","image":{"@type":"ImageObject","inLanguage":"es","@id":"https:\/\/secure.gravatar.com\/avatar\/f917ad82e5ab71227a733c78b6e60715476f69ee6be59feee4eb5d9920c89e0f?s=96&d=mm&r=g","url":"https:\/\/secure.gravatar.com\/avatar\/f917ad82e5ab71227a733c78b6e60715476f69ee6be59feee4eb5d9920c89e0f?s=96&d=mm&r=g","contentUrl":"https:\/\/secure.gravatar.com\/avatar\/f917ad82e5ab71227a733c78b6e60715476f69ee6be59feee4eb5d9920c89e0f?s=96&d=mm&r=g","caption":"Kuali Staff"},"url":"https:\/\/kuali.com.mx\/web\/author\/lagarto\/"}]}},"_links":{"self":[{"href":"https:\/\/kuali.com.mx\/web\/wp-json\/wp\/v2\/posts\/97317","targetHints":{"allow":["GET"]}}],"collection":[{"href":"https:\/\/kuali.com.mx\/web\/wp-json\/wp\/v2\/posts"}],"about":[{"href":"https:\/\/kuali.com.mx\/web\/wp-json\/wp\/v2\/types\/post"}],"author":[{"embeddable":true,"href":"https:\/\/kuali.com.mx\/web\/wp-json\/wp\/v2\/users\/2"}],"replies":[{"embeddable":true,"href":"https:\/\/kuali.com.mx\/web\/wp-json\/wp\/v2\/comments?post=97317"}],"version-history":[{"count":2,"href":"https:\/\/kuali.com.mx\/web\/wp-json\/wp\/v2\/posts\/97317\/revisions"}],"predecessor-version":[{"id":97323,"href":"https:\/\/kuali.com.mx\/web\/wp-json\/wp\/v2\/posts\/97317\/revisions\/97323"}],"wp:featuredmedia":[{"embeddable":true,"href":"https:\/\/kuali.com.mx\/web\/wp-json\/wp\/v2\/media\/97319"}],"wp:attachment":[{"href":"https:\/\/kuali.com.mx\/web\/wp-json\/wp\/v2\/media?parent=97317"}],"wp:term":[{"taxonomy":"category","embeddable":true,"href":"https:\/\/kuali.com.mx\/web\/wp-json\/wp\/v2\/categories?post=97317"},{"taxonomy":"post_tag","embeddable":true,"href":"https:\/\/kuali.com.mx\/web\/wp-json\/wp\/v2\/tags?post=97317"}],"curies":[{"name":"wp","href":"https:\/\/api.w.org\/{rel}","templated":true}]}}