{"id":96848,"date":"2022-05-18T14:55:00","date_gmt":"2022-05-18T20:55:00","guid":{"rendered":"https:\/\/kuali.com.mx\/web\/?p=96848"},"modified":"2022-05-18T16:56:03","modified_gmt":"2022-05-18T22:56:03","slug":"critica-senador-contratacion-de-medicos-cubanos","status":"publish","type":"post","link":"https:\/\/kuali.com.mx\/web\/2022\/05\/18\/critica-senador-contratacion-de-medicos-cubanos\/","title":{"rendered":"CRITICA SENADOR CONTRATACI\u00d3N DE M\u00c9DICOS CUBANOS"},"content":{"rendered":"\n<p>El Senador Erandi Berm\u00fadez M\u00e9ndez calific\u00f3 la contrataci\u00f3n de 500 m\u00e9dicos cubanos para atender a las zonas marginadas del pa\u00eds como una falta de respeto para las y los profesionales de la salud perfectamente capacitados en M\u00e9xico que est\u00e1n desempleados.<\/p>\n\n\n\n<p>\u201cEl decir que los m\u00e9dicos cubanos eran mejores m\u00e9dicos que los mexicanos me parece una falta de respeto y el no creer en tu propio pa\u00eds, en tu propia naci\u00f3n, en los atributos y en los valores que tienen los m\u00e9dicos y enfermeras aqu\u00ed en M\u00e9xico de los cuales no tienen una estabilidad laboral porque no est\u00e1n basificados\u201d, expres\u00f3 el legislador.<\/p>\n\n\n\n<p>Berm\u00fadez M\u00e9ndez acus\u00f3 al presidente Andr\u00e9s Manuel L\u00f3pez Obrador de ser \u201ccandil de la calle, oscuridad de su casa\u201d al preferir a m\u00e9dicos de Cuba cuando en M\u00e9xico hay al menos 51 mil m\u00e9dicos y especialistas desempleados o subcontratados con p\u00e9simas condiciones laborales y bajos salarios.<\/p>\n\n\n\n<p>Asimismo, acus\u00f3 que la decisi\u00f3n del mandatario es \u00fanicamente ideol\u00f3gica: \u201cvas a cuba y dices que vas a contratar 500 m\u00e9dicos cubanos para quedar bien con el r\u00e9gimen que al final del d\u00eda es un tema ideol\u00f3gico. Fue a visitar presidentes que al final del d\u00eda tienen su misma ideolog\u00eda pol\u00edtica.\u201d<\/p>\n\n\n\n<p>En el mismo sentido, record\u00f3 que hace unos meses el presidente le prometi\u00f3 contratar a m\u00e9dicos, m\u00e9dicas y enfermeros para basificarlos ya la fecha hay reportes de que dichos contratos fueros cancelados.<\/p>\n\n\n\n<p>Finalmente, Berm\u00fadez M\u00e9ndez asegur\u00f3 que el sistema de salud en M\u00e9xico no va a mejorar \u00fanicamente por decirlo desde las ma\u00f1aneras sino que se necesita urgentemente invertir en \u00e9l.<\/p>\n\n\n\n<p>\u201cEl propio Gobierno Federal ha reconocido al sistema de salud de Guanajuato como el en el pa\u00eds aun cuando no se adhiri\u00f3 al INSABI. Y el propio residente dijo que en seis meses el sistema de salud de M\u00e9xico iba a ser como en Noruega y Canad\u00e1.<\/p>\n\n\n\n<p>Ellos de 100 pesos que tienen de ingresos, 10 pesos los destinan a salud. M\u00e9xico de 100 pesos que ingresa, 1.5 pesos van al sistema de salud. El sistema de salud no va a mejorar solamente porque el presidente todas las ma\u00f1anas salga a decirlo\u201d, expres\u00f3.<\/p>\n","protected":false},"excerpt":{"rendered":"El Senador Erandi Berm\u00fadez M\u00e9ndez calific\u00f3 la contrataci\u00f3n de 500 m\u00e9dicos cubanos para atender a las zonas marginadas del pa\u00eds como una falta de respeto para las y los profesionales de la salud perfectamente capacitados en M\u00e9xico que est\u00e1n desempleados. \u201cEl decir que los m\u00e9dicos cubanos eran mejores m\u00e9dicos que los mexicanos me parece una [&hellip;]","protected":false},"author":2,"featured_media":96162,"comment_status":"open","ping_status":"open","sticky":false,"template":"","format":"standard","meta":{"_seopress_robots_primary_cat":"none","_seopress_titles_title":"","_seopress_titles_desc":"","_seopress_robots_index":"","_monsterinsights_skip_tracking":false,"_monsterinsights_sitenote_active":false,"_monsterinsights_sitenote_note":"","_monsterinsights_sitenote_category":0,"footnotes":""},"categories":[3],"tags":[],"class_list":["post-96848","post","type-post","status-publish","format-standard","has-post-thumbnail","hentry","category-politica"],"yoast_head":"<!-- This site is optimized with the Yoast SEO plugin v27.4 - https:\/\/yoast.com\/product\/yoast-seo-wordpress\/ -->\n<title>CRITICA SENADOR CONTRATACI\u00d3N DE M\u00c9DICOS CUBANOS - Kuali<\/title>\n<meta name=\"robots\" content=\"index, follow, max-snippet:-1, max-image-preview:large, max-video-preview:-1\" \/>\n<link rel=\"canonical\" href=\"https:\/\/kuali.com.mx\/web\/2022\/05\/18\/critica-senador-contratacion-de-medicos-cubanos\/\" \/>\n<meta property=\"og:locale\" content=\"es_MX\" \/>\n<meta property=\"og:type\" content=\"article\" \/>\n<meta property=\"og:title\" content=\"CRITICA SENADOR CONTRATACI\u00d3N DE M\u00c9DICOS CUBANOS - Kuali\" \/>\n<meta property=\"og:description\" content=\"El Senador Erandi Berm\u00fadez M\u00e9ndez calific\u00f3 la contrataci\u00f3n de 500 m\u00e9dicos cubanos para atender a las zonas marginadas del pa\u00eds como una falta de respeto para las y los profesionales de la salud perfectamente capacitados en M\u00e9xico que est\u00e1n desempleados. \u201cEl decir que los m\u00e9dicos cubanos eran mejores m\u00e9dicos que los mexicanos me parece una [&hellip;]\" \/>\n<meta property=\"og:url\" content=\"https:\/\/kuali.com.mx\/web\/2022\/05\/18\/critica-senador-contratacion-de-medicos-cubanos\/\" \/>\n<meta property=\"og:site_name\" content=\"Kuali\" \/>\n<meta property=\"article:publisher\" content=\"https:\/\/kuali.com.mx\/web\/wp-content\/uploads\/2018\/04\/cropped-kuali_logo-1-1.png\" \/>\n<meta property=\"article:published_time\" content=\"2022-05-18T20:55:00+00:00\" \/>\n<meta property=\"article:modified_time\" content=\"2022-05-18T22:56:03+00:00\" \/>\n<meta property=\"og:image\" content=\"https:\/\/kuali.com.mx\/web\/wp-content\/uploads\/2022\/05\/Erandi.jpg\" \/>\n\t<meta property=\"og:image:width\" content=\"1990\" \/>\n\t<meta property=\"og:image:height\" content=\"1327\" \/>\n\t<meta property=\"og:image:type\" content=\"image\/jpeg\" \/>\n<meta name=\"author\" content=\"Kuali Staff\" \/>\n<meta name=\"twitter:card\" content=\"summary_large_image\" \/>\n<meta name=\"twitter:creator\" content=\"@kuali_noticias\" \/>\n<meta name=\"twitter:site\" content=\"@kuali_noticias\" \/>\n<meta name=\"twitter:label1\" content=\"Escrito por\" \/>\n\t<meta name=\"twitter:data1\" content=\"Kuali Staff\" \/>\n\t<meta name=\"twitter:label2\" content=\"Tiempo de lectura\" \/>\n\t<meta name=\"twitter:data2\" content=\"2 minutos\" \/>\n<script type=\"application\/ld+json\" class=\"yoast-schema-graph\">{\"@context\":\"https:\\\/\\\/schema.org\",\"@graph\":[{\"@type\":\"Article\",\"@id\":\"https:\\\/\\\/kuali.com.mx\\\/web\\\/2022\\\/05\\\/18\\\/critica-senador-contratacion-de-medicos-cubanos\\\/#article\",\"isPartOf\":{\"@id\":\"https:\\\/\\\/kuali.com.mx\\\/web\\\/2022\\\/05\\\/18\\\/critica-senador-contratacion-de-medicos-cubanos\\\/\"},\"author\":{\"name\":\"Kuali Staff\",\"@id\":\"https:\\\/\\\/kuali.com.mx\\\/web\\\/#\\\/schema\\\/person\\\/6f89ffa8ecba9dae50662357923c5289\"},\"headline\":\"CRITICA SENADOR CONTRATACI\u00d3N DE M\u00c9DICOS CUBANOS\",\"datePublished\":\"2022-05-18T20:55:00+00:00\",\"dateModified\":\"2022-05-18T22:56:03+00:00\",\"mainEntityOfPage\":{\"@id\":\"https:\\\/\\\/kuali.com.mx\\\/web\\\/2022\\\/05\\\/18\\\/critica-senador-contratacion-de-medicos-cubanos\\\/\"},\"wordCount\":394,\"commentCount\":0,\"image\":{\"@id\":\"https:\\\/\\\/kuali.com.mx\\\/web\\\/2022\\\/05\\\/18\\\/critica-senador-contratacion-de-medicos-cubanos\\\/#primaryimage\"},\"thumbnailUrl\":\"https:\\\/\\\/kuali.com.mx\\\/web\\\/wp-content\\\/uploads\\\/2022\\\/05\\\/Erandi.jpg\",\"articleSection\":[\"Pol\u00edtica\"],\"inLanguage\":\"es\",\"potentialAction\":[{\"@type\":\"CommentAction\",\"name\":\"Comment\",\"target\":[\"https:\\\/\\\/kuali.com.mx\\\/web\\\/2022\\\/05\\\/18\\\/critica-senador-contratacion-de-medicos-cubanos\\\/#respond\"]}]},{\"@type\":\"WebPage\",\"@id\":\"https:\\\/\\\/kuali.com.mx\\\/web\\\/2022\\\/05\\\/18\\\/critica-senador-contratacion-de-medicos-cubanos\\\/\",\"url\":\"https:\\\/\\\/kuali.com.mx\\\/web\\\/2022\\\/05\\\/18\\\/critica-senador-contratacion-de-medicos-cubanos\\\/\",\"name\":\"CRITICA SENADOR CONTRATACI\u00d3N DE M\u00c9DICOS CUBANOS - Kuali\",\"isPartOf\":{\"@id\":\"https:\\\/\\\/kuali.com.mx\\\/web\\\/#website\"},\"primaryImageOfPage\":{\"@id\":\"https:\\\/\\\/kuali.com.mx\\\/web\\\/2022\\\/05\\\/18\\\/critica-senador-contratacion-de-medicos-cubanos\\\/#primaryimage\"},\"image\":{\"@id\":\"https:\\\/\\\/kuali.com.mx\\\/web\\\/2022\\\/05\\\/18\\\/critica-senador-contratacion-de-medicos-cubanos\\\/#primaryimage\"},\"thumbnailUrl\":\"https:\\\/\\\/kuali.com.mx\\\/web\\\/wp-content\\\/uploads\\\/2022\\\/05\\\/Erandi.jpg\",\"datePublished\":\"2022-05-18T20:55:00+00:00\",\"dateModified\":\"2022-05-18T22:56:03+00:00\",\"author\":{\"@id\":\"https:\\\/\\\/kuali.com.mx\\\/web\\\/#\\\/schema\\\/person\\\/6f89ffa8ecba9dae50662357923c5289\"},\"breadcrumb\":{\"@id\":\"https:\\\/\\\/kuali.com.mx\\\/web\\\/2022\\\/05\\\/18\\\/critica-senador-contratacion-de-medicos-cubanos\\\/#breadcrumb\"},\"inLanguage\":\"es\",\"potentialAction\":[{\"@type\":\"ReadAction\",\"target\":[\"https:\\\/\\\/kuali.com.mx\\\/web\\\/2022\\\/05\\\/18\\\/critica-senador-contratacion-de-medicos-cubanos\\\/\"]}]},{\"@type\":\"ImageObject\",\"inLanguage\":\"es\",\"@id\":\"https:\\\/\\\/kuali.com.mx\\\/web\\\/2022\\\/05\\\/18\\\/critica-senador-contratacion-de-medicos-cubanos\\\/#primaryimage\",\"url\":\"https:\\\/\\\/kuali.com.mx\\\/web\\\/wp-content\\\/uploads\\\/2022\\\/05\\\/Erandi.jpg\",\"contentUrl\":\"https:\\\/\\\/kuali.com.mx\\\/web\\\/wp-content\\\/uploads\\\/2022\\\/05\\\/Erandi.jpg\",\"width\":1990,\"height\":1327},{\"@type\":\"BreadcrumbList\",\"@id\":\"https:\\\/\\\/kuali.com.mx\\\/web\\\/2022\\\/05\\\/18\\\/critica-senador-contratacion-de-medicos-cubanos\\\/#breadcrumb\",\"itemListElement\":[{\"@type\":\"ListItem\",\"position\":1,\"name\":\"Inicio\",\"item\":\"https:\\\/\\\/kuali.com.mx\\\/web\\\/\"},{\"@type\":\"ListItem\",\"position\":2,\"name\":\"CRITICA SENADOR CONTRATACI\u00d3N DE M\u00c9DICOS CUBANOS\"}]},{\"@type\":\"WebSite\",\"@id\":\"https:\\\/\\\/kuali.com.mx\\\/web\\\/#website\",\"url\":\"https:\\\/\\\/kuali.com.mx\\\/web\\\/\",\"name\":\"Kuali\",\"description\":\"\",\"potentialAction\":[{\"@type\":\"SearchAction\",\"target\":{\"@type\":\"EntryPoint\",\"urlTemplate\":\"https:\\\/\\\/kuali.com.mx\\\/web\\\/?s={search_term_string}\"},\"query-input\":{\"@type\":\"PropertyValueSpecification\",\"valueRequired\":true,\"valueName\":\"search_term_string\"}}],\"inLanguage\":\"es\"},{\"@type\":\"Person\",\"@id\":\"https:\\\/\\\/kuali.com.mx\\\/web\\\/#\\\/schema\\\/person\\\/6f89ffa8ecba9dae50662357923c5289\",\"name\":\"Kuali Staff\",\"image\":{\"@type\":\"ImageObject\",\"inLanguage\":\"es\",\"@id\":\"https:\\\/\\\/secure.gravatar.com\\\/avatar\\\/f917ad82e5ab71227a733c78b6e60715476f69ee6be59feee4eb5d9920c89e0f?s=96&d=mm&r=g\",\"url\":\"https:\\\/\\\/secure.gravatar.com\\\/avatar\\\/f917ad82e5ab71227a733c78b6e60715476f69ee6be59feee4eb5d9920c89e0f?s=96&d=mm&r=g\",\"contentUrl\":\"https:\\\/\\\/secure.gravatar.com\\\/avatar\\\/f917ad82e5ab71227a733c78b6e60715476f69ee6be59feee4eb5d9920c89e0f?s=96&d=mm&r=g\",\"caption\":\"Kuali Staff\"},\"url\":\"https:\\\/\\\/kuali.com.mx\\\/web\\\/author\\\/lagarto\\\/\"}]}<\/script>\n<!-- \/ Yoast SEO plugin. -->","yoast_head_json":{"title":"CRITICA SENADOR CONTRATACI\u00d3N DE M\u00c9DICOS CUBANOS - Kuali","robots":{"index":"index","follow":"follow","max-snippet":"max-snippet:-1","max-image-preview":"max-image-preview:large","max-video-preview":"max-video-preview:-1"},"canonical":"https:\/\/kuali.com.mx\/web\/2022\/05\/18\/critica-senador-contratacion-de-medicos-cubanos\/","og_locale":"es_MX","og_type":"article","og_title":"CRITICA SENADOR CONTRATACI\u00d3N DE M\u00c9DICOS CUBANOS - Kuali","og_description":"El Senador Erandi Berm\u00fadez M\u00e9ndez calific\u00f3 la contrataci\u00f3n de 500 m\u00e9dicos cubanos para atender a las zonas marginadas del pa\u00eds como una falta de respeto para las y los profesionales de la salud perfectamente capacitados en M\u00e9xico que est\u00e1n desempleados. \u201cEl decir que los m\u00e9dicos cubanos eran mejores m\u00e9dicos que los mexicanos me parece una [&hellip;]","og_url":"https:\/\/kuali.com.mx\/web\/2022\/05\/18\/critica-senador-contratacion-de-medicos-cubanos\/","og_site_name":"Kuali","article_publisher":"https:\/\/kuali.com.mx\/web\/wp-content\/uploads\/2018\/04\/cropped-kuali_logo-1-1.png","article_published_time":"2022-05-18T20:55:00+00:00","article_modified_time":"2022-05-18T22:56:03+00:00","og_image":[{"width":1990,"height":1327,"url":"https:\/\/kuali.com.mx\/web\/wp-content\/uploads\/2022\/05\/Erandi.jpg","type":"image\/jpeg"}],"author":"Kuali Staff","twitter_card":"summary_large_image","twitter_creator":"@kuali_noticias","twitter_site":"@kuali_noticias","twitter_misc":{"Escrito por":"Kuali Staff","Tiempo de lectura":"2 minutos"},"schema":{"@context":"https:\/\/schema.org","@graph":[{"@type":"Article","@id":"https:\/\/kuali.com.mx\/web\/2022\/05\/18\/critica-senador-contratacion-de-medicos-cubanos\/#article","isPartOf":{"@id":"https:\/\/kuali.com.mx\/web\/2022\/05\/18\/critica-senador-contratacion-de-medicos-cubanos\/"},"author":{"name":"Kuali Staff","@id":"https:\/\/kuali.com.mx\/web\/#\/schema\/person\/6f89ffa8ecba9dae50662357923c5289"},"headline":"CRITICA SENADOR CONTRATACI\u00d3N DE M\u00c9DICOS CUBANOS","datePublished":"2022-05-18T20:55:00+00:00","dateModified":"2022-05-18T22:56:03+00:00","mainEntityOfPage":{"@id":"https:\/\/kuali.com.mx\/web\/2022\/05\/18\/critica-senador-contratacion-de-medicos-cubanos\/"},"wordCount":394,"commentCount":0,"image":{"@id":"https:\/\/kuali.com.mx\/web\/2022\/05\/18\/critica-senador-contratacion-de-medicos-cubanos\/#primaryimage"},"thumbnailUrl":"https:\/\/kuali.com.mx\/web\/wp-content\/uploads\/2022\/05\/Erandi.jpg","articleSection":["Pol\u00edtica"],"inLanguage":"es","potentialAction":[{"@type":"CommentAction","name":"Comment","target":["https:\/\/kuali.com.mx\/web\/2022\/05\/18\/critica-senador-contratacion-de-medicos-cubanos\/#respond"]}]},{"@type":"WebPage","@id":"https:\/\/kuali.com.mx\/web\/2022\/05\/18\/critica-senador-contratacion-de-medicos-cubanos\/","url":"https:\/\/kuali.com.mx\/web\/2022\/05\/18\/critica-senador-contratacion-de-medicos-cubanos\/","name":"CRITICA SENADOR CONTRATACI\u00d3N DE M\u00c9DICOS CUBANOS - Kuali","isPartOf":{"@id":"https:\/\/kuali.com.mx\/web\/#website"},"primaryImageOfPage":{"@id":"https:\/\/kuali.com.mx\/web\/2022\/05\/18\/critica-senador-contratacion-de-medicos-cubanos\/#primaryimage"},"image":{"@id":"https:\/\/kuali.com.mx\/web\/2022\/05\/18\/critica-senador-contratacion-de-medicos-cubanos\/#primaryimage"},"thumbnailUrl":"https:\/\/kuali.com.mx\/web\/wp-content\/uploads\/2022\/05\/Erandi.jpg","datePublished":"2022-05-18T20:55:00+00:00","dateModified":"2022-05-18T22:56:03+00:00","author":{"@id":"https:\/\/kuali.com.mx\/web\/#\/schema\/person\/6f89ffa8ecba9dae50662357923c5289"},"breadcrumb":{"@id":"https:\/\/kuali.com.mx\/web\/2022\/05\/18\/critica-senador-contratacion-de-medicos-cubanos\/#breadcrumb"},"inLanguage":"es","potentialAction":[{"@type":"ReadAction","target":["https:\/\/kuali.com.mx\/web\/2022\/05\/18\/critica-senador-contratacion-de-medicos-cubanos\/"]}]},{"@type":"ImageObject","inLanguage":"es","@id":"https:\/\/kuali.com.mx\/web\/2022\/05\/18\/critica-senador-contratacion-de-medicos-cubanos\/#primaryimage","url":"https:\/\/kuali.com.mx\/web\/wp-content\/uploads\/2022\/05\/Erandi.jpg","contentUrl":"https:\/\/kuali.com.mx\/web\/wp-content\/uploads\/2022\/05\/Erandi.jpg","width":1990,"height":1327},{"@type":"BreadcrumbList","@id":"https:\/\/kuali.com.mx\/web\/2022\/05\/18\/critica-senador-contratacion-de-medicos-cubanos\/#breadcrumb","itemListElement":[{"@type":"ListItem","position":1,"name":"Inicio","item":"https:\/\/kuali.com.mx\/web\/"},{"@type":"ListItem","position":2,"name":"CRITICA SENADOR CONTRATACI\u00d3N DE M\u00c9DICOS CUBANOS"}]},{"@type":"WebSite","@id":"https:\/\/kuali.com.mx\/web\/#website","url":"https:\/\/kuali.com.mx\/web\/","name":"Kuali","description":"","potentialAction":[{"@type":"SearchAction","target":{"@type":"EntryPoint","urlTemplate":"https:\/\/kuali.com.mx\/web\/?s={search_term_string}"},"query-input":{"@type":"PropertyValueSpecification","valueRequired":true,"valueName":"search_term_string"}}],"inLanguage":"es"},{"@type":"Person","@id":"https:\/\/kuali.com.mx\/web\/#\/schema\/person\/6f89ffa8ecba9dae50662357923c5289","name":"Kuali Staff","image":{"@type":"ImageObject","inLanguage":"es","@id":"https:\/\/secure.gravatar.com\/avatar\/f917ad82e5ab71227a733c78b6e60715476f69ee6be59feee4eb5d9920c89e0f?s=96&d=mm&r=g","url":"https:\/\/secure.gravatar.com\/avatar\/f917ad82e5ab71227a733c78b6e60715476f69ee6be59feee4eb5d9920c89e0f?s=96&d=mm&r=g","contentUrl":"https:\/\/secure.gravatar.com\/avatar\/f917ad82e5ab71227a733c78b6e60715476f69ee6be59feee4eb5d9920c89e0f?s=96&d=mm&r=g","caption":"Kuali Staff"},"url":"https:\/\/kuali.com.mx\/web\/author\/lagarto\/"}]}},"_links":{"self":[{"href":"https:\/\/kuali.com.mx\/web\/wp-json\/wp\/v2\/posts\/96848","targetHints":{"allow":["GET"]}}],"collection":[{"href":"https:\/\/kuali.com.mx\/web\/wp-json\/wp\/v2\/posts"}],"about":[{"href":"https:\/\/kuali.com.mx\/web\/wp-json\/wp\/v2\/types\/post"}],"author":[{"embeddable":true,"href":"https:\/\/kuali.com.mx\/web\/wp-json\/wp\/v2\/users\/2"}],"replies":[{"embeddable":true,"href":"https:\/\/kuali.com.mx\/web\/wp-json\/wp\/v2\/comments?post=96848"}],"version-history":[{"count":1,"href":"https:\/\/kuali.com.mx\/web\/wp-json\/wp\/v2\/posts\/96848\/revisions"}],"predecessor-version":[{"id":96850,"href":"https:\/\/kuali.com.mx\/web\/wp-json\/wp\/v2\/posts\/96848\/revisions\/96850"}],"wp:featuredmedia":[{"embeddable":true,"href":"https:\/\/kuali.com.mx\/web\/wp-json\/wp\/v2\/media\/96162"}],"wp:attachment":[{"href":"https:\/\/kuali.com.mx\/web\/wp-json\/wp\/v2\/media?parent=96848"}],"wp:term":[{"taxonomy":"category","embeddable":true,"href":"https:\/\/kuali.com.mx\/web\/wp-json\/wp\/v2\/categories?post=96848"},{"taxonomy":"post_tag","embeddable":true,"href":"https:\/\/kuali.com.mx\/web\/wp-json\/wp\/v2\/tags?post=96848"}],"curies":[{"name":"wp","href":"https:\/\/api.w.org\/{rel}","templated":true}]}}