{"id":96779,"date":"2022-05-17T11:25:21","date_gmt":"2022-05-17T17:25:21","guid":{"rendered":"https:\/\/kuali.com.mx\/web\/?p=96779"},"modified":"2022-05-17T20:50:20","modified_gmt":"2022-05-18T02:50:20","slug":"nestle-apoyara-comunidades-de-silao","status":"publish","type":"post","link":"https:\/\/kuali.com.mx\/web\/2022\/05\/17\/nestle-apoyara-comunidades-de-silao\/","title":{"rendered":"NESTL\u00c9 APOYAR\u00c1 COMUNIDADES DE SILAO"},"content":{"rendered":"\n<p><strong>Kuali\/Silao, Gto.- <\/strong>Este martes, el Gobierno Municipal de Silao y la empresa Nestl\u00e9 firmaron un convenio de colaboraci\u00f3n para impulsar el desarrollo de las comunidades rurales de Silao.<\/p>\n\n\n\n<p>Con este convenio se realizar\u00e1n acciones para impulsar y propiciar una mejor calidad de vida de la poblaci\u00f3n que habita en la zona rural, as\u00ed como acercar m\u00e1s programas atendiendo tres pilares: 1) Por las personas, familias y mascotas, 2) por las comunidades y 3) Por el planeta.<\/p>\n\n\n\n<p>Se llevar\u00e1n a cabo talleres de nutrici\u00f3n, promoci\u00f3n de la inclusi\u00f3n y la diversidad, as\u00ed como la promoci\u00f3n del &nbsp;empleo digno para las juventudes.<\/p>\n\n\n\n<p>La dependencia municipal encargada de dar cumplimiento al convenio es el Sistema DIF Municipal.<\/p>\n\n\n\n<p>Durante la firma del convenio, celebrada en la comunidad de Providencia N\u00e1poles, el presidente municipal, Carlos Garc\u00eda Villase\u00f1or, reiter\u00f3 el compromiso de su administraci\u00f3n por evolucionar Silao en conjunto con la sociedad y el sector empresarial para mejorar las condiciones de vida de sus habitantes.<\/p>\n\n\n\n<p>\"Nestl\u00e9 no viene por tres a\u00f1os, viene a quedarse, tanto que se est\u00e1n ampliando y nosotros, gobierno de Silao queremos crecer junto con ellos\", dijo el alcalde al destacar la importancia del convenio porque coadyuvar\u00e1 al desarrollo de las familias silaoenses, y cit\u00f3 como el ejemplo el programa primeros 1000 d\u00edas de vida de un ni\u00f1o, que permite tener una ni\u00f1ez m\u00e1s saludable.<\/p>\n\n\n\n<p>Las instalaciones del Parque Uni\u00f3n, ubicado detr\u00e1s de Casa de la Cultura,&nbsp; servir\u00e1n para impartir los talleres que deriven de la firma de convenio.<\/p>\n\n\n\n<p>La presidenta del DIF, Ivonne Castro Tovar, agradeci\u00f3 a Nestl\u00e9 por confiar y creer en Silao pues \"esto marca el inicio de un trabajo entre gobierno, empresa y comunidad\".<\/p>\n\n\n\n<p>Fidel Rodr\u00edguez, gerente la planta Nestl\u00e9 Silao, dijo sentirse muy contento por visitar Providencia de N\u00e1poles y porque el convenio representa un ganar de ambas partes.<\/p>\n\n\n\n<p>\u201cCuando nos conocimos Carlos y yo platicamos de c\u00f3mo podemos ayudar a la comunidad, porque nosotros necesitamos talento, necesitamos gente, tenemos recurso; entonces, pensamos c\u00f3mo podemos hacer que esto se convierta en un beneficio de valor compartido, por eso hoy estamos aqu\u00ed\u201d, expres\u00f3.<\/p>\n","protected":false},"excerpt":{"rendered":"Kuali\/Silao, Gto.- Este martes, el Gobierno Municipal de Silao y la empresa Nestl\u00e9 firmaron un convenio de colaboraci\u00f3n para impulsar el desarrollo de las comunidades rurales de Silao. Con este convenio se realizar\u00e1n acciones para impulsar y propiciar una mejor calidad de vida de la poblaci\u00f3n que habita en la zona rural, as\u00ed como acercar [&hellip;]","protected":false},"author":2,"featured_media":96781,"comment_status":"open","ping_status":"open","sticky":false,"template":"","format":"standard","meta":{"_seopress_robots_primary_cat":"none","_seopress_titles_title":"","_seopress_titles_desc":"","_seopress_robots_index":"","_monsterinsights_skip_tracking":false,"_monsterinsights_sitenote_active":false,"_monsterinsights_sitenote_note":"","_monsterinsights_sitenote_category":0,"footnotes":""},"categories":[3],"tags":[397,395,12],"class_list":["post-96779","post","type-post","status-publish","format-standard","has-post-thumbnail","hentry","category-politica","tag-desarrollo-social","tag-nestle","tag-silao"],"yoast_head":"<!-- This site is optimized with the Yoast SEO plugin v27.4 - https:\/\/yoast.com\/product\/yoast-seo-wordpress\/ -->\n<title>NESTL\u00c9 APOYAR\u00c1 COMUNIDADES DE SILAO - Kuali<\/title>\n<meta name=\"robots\" content=\"index, follow, max-snippet:-1, max-image-preview:large, max-video-preview:-1\" \/>\n<link rel=\"canonical\" href=\"https:\/\/kuali.com.mx\/web\/2022\/05\/17\/nestle-apoyara-comunidades-de-silao\/\" \/>\n<meta property=\"og:locale\" content=\"es_MX\" \/>\n<meta property=\"og:type\" content=\"article\" \/>\n<meta property=\"og:title\" content=\"NESTL\u00c9 APOYAR\u00c1 COMUNIDADES DE SILAO - Kuali\" \/>\n<meta property=\"og:description\" content=\"Kuali\/Silao, Gto.- Este martes, el Gobierno Municipal de Silao y la empresa Nestl\u00e9 firmaron un convenio de colaboraci\u00f3n para impulsar el desarrollo de las comunidades rurales de Silao. Con este convenio se realizar\u00e1n acciones para impulsar y propiciar una mejor calidad de vida de la poblaci\u00f3n que habita en la zona rural, as\u00ed como acercar [&hellip;]\" \/>\n<meta property=\"og:url\" content=\"https:\/\/kuali.com.mx\/web\/2022\/05\/17\/nestle-apoyara-comunidades-de-silao\/\" \/>\n<meta property=\"og:site_name\" content=\"Kuali\" \/>\n<meta property=\"article:publisher\" content=\"https:\/\/kuali.com.mx\/web\/wp-content\/uploads\/2018\/04\/cropped-kuali_logo-1-1.png\" \/>\n<meta property=\"article:published_time\" content=\"2022-05-17T17:25:21+00:00\" \/>\n<meta property=\"article:modified_time\" content=\"2022-05-18T02:50:20+00:00\" \/>\n<meta property=\"og:image\" content=\"https:\/\/kuali.com.mx\/web\/wp-content\/uploads\/2022\/05\/Convenio-Nestle_Silao.jpg\" \/>\n\t<meta property=\"og:image:width\" content=\"1200\" \/>\n\t<meta property=\"og:image:height\" content=\"750\" \/>\n\t<meta property=\"og:image:type\" content=\"image\/jpeg\" \/>\n<meta name=\"author\" content=\"Kuali Staff\" \/>\n<meta name=\"twitter:card\" content=\"summary_large_image\" \/>\n<meta name=\"twitter:creator\" content=\"@kuali_noticias\" \/>\n<meta name=\"twitter:site\" content=\"@kuali_noticias\" \/>\n<meta name=\"twitter:label1\" content=\"Escrito por\" \/>\n\t<meta name=\"twitter:data1\" content=\"Kuali Staff\" \/>\n\t<meta name=\"twitter:label2\" content=\"Tiempo de lectura\" \/>\n\t<meta name=\"twitter:data2\" content=\"2 minutos\" \/>\n<script type=\"application\/ld+json\" class=\"yoast-schema-graph\">{\"@context\":\"https:\\\/\\\/schema.org\",\"@graph\":[{\"@type\":\"Article\",\"@id\":\"https:\\\/\\\/kuali.com.mx\\\/web\\\/2022\\\/05\\\/17\\\/nestle-apoyara-comunidades-de-silao\\\/#article\",\"isPartOf\":{\"@id\":\"https:\\\/\\\/kuali.com.mx\\\/web\\\/2022\\\/05\\\/17\\\/nestle-apoyara-comunidades-de-silao\\\/\"},\"author\":{\"name\":\"Kuali Staff\",\"@id\":\"https:\\\/\\\/kuali.com.mx\\\/web\\\/#\\\/schema\\\/person\\\/6f89ffa8ecba9dae50662357923c5289\"},\"headline\":\"NESTL\u00c9 APOYAR\u00c1 COMUNIDADES DE SILAO\",\"datePublished\":\"2022-05-17T17:25:21+00:00\",\"dateModified\":\"2022-05-18T02:50:20+00:00\",\"mainEntityOfPage\":{\"@id\":\"https:\\\/\\\/kuali.com.mx\\\/web\\\/2022\\\/05\\\/17\\\/nestle-apoyara-comunidades-de-silao\\\/\"},\"wordCount\":375,\"commentCount\":0,\"image\":{\"@id\":\"https:\\\/\\\/kuali.com.mx\\\/web\\\/2022\\\/05\\\/17\\\/nestle-apoyara-comunidades-de-silao\\\/#primaryimage\"},\"thumbnailUrl\":\"https:\\\/\\\/kuali.com.mx\\\/web\\\/wp-content\\\/uploads\\\/2022\\\/05\\\/Convenio-Nestle_Silao.jpg\",\"keywords\":[\"Desarrollo social\",\"Nestl\u00e9\",\"Silao\"],\"articleSection\":[\"Pol\u00edtica\"],\"inLanguage\":\"es\",\"potentialAction\":[{\"@type\":\"CommentAction\",\"name\":\"Comment\",\"target\":[\"https:\\\/\\\/kuali.com.mx\\\/web\\\/2022\\\/05\\\/17\\\/nestle-apoyara-comunidades-de-silao\\\/#respond\"]}]},{\"@type\":\"WebPage\",\"@id\":\"https:\\\/\\\/kuali.com.mx\\\/web\\\/2022\\\/05\\\/17\\\/nestle-apoyara-comunidades-de-silao\\\/\",\"url\":\"https:\\\/\\\/kuali.com.mx\\\/web\\\/2022\\\/05\\\/17\\\/nestle-apoyara-comunidades-de-silao\\\/\",\"name\":\"NESTL\u00c9 APOYAR\u00c1 COMUNIDADES DE SILAO - Kuali\",\"isPartOf\":{\"@id\":\"https:\\\/\\\/kuali.com.mx\\\/web\\\/#website\"},\"primaryImageOfPage\":{\"@id\":\"https:\\\/\\\/kuali.com.mx\\\/web\\\/2022\\\/05\\\/17\\\/nestle-apoyara-comunidades-de-silao\\\/#primaryimage\"},\"image\":{\"@id\":\"https:\\\/\\\/kuali.com.mx\\\/web\\\/2022\\\/05\\\/17\\\/nestle-apoyara-comunidades-de-silao\\\/#primaryimage\"},\"thumbnailUrl\":\"https:\\\/\\\/kuali.com.mx\\\/web\\\/wp-content\\\/uploads\\\/2022\\\/05\\\/Convenio-Nestle_Silao.jpg\",\"datePublished\":\"2022-05-17T17:25:21+00:00\",\"dateModified\":\"2022-05-18T02:50:20+00:00\",\"author\":{\"@id\":\"https:\\\/\\\/kuali.com.mx\\\/web\\\/#\\\/schema\\\/person\\\/6f89ffa8ecba9dae50662357923c5289\"},\"breadcrumb\":{\"@id\":\"https:\\\/\\\/kuali.com.mx\\\/web\\\/2022\\\/05\\\/17\\\/nestle-apoyara-comunidades-de-silao\\\/#breadcrumb\"},\"inLanguage\":\"es\",\"potentialAction\":[{\"@type\":\"ReadAction\",\"target\":[\"https:\\\/\\\/kuali.com.mx\\\/web\\\/2022\\\/05\\\/17\\\/nestle-apoyara-comunidades-de-silao\\\/\"]}]},{\"@type\":\"ImageObject\",\"inLanguage\":\"es\",\"@id\":\"https:\\\/\\\/kuali.com.mx\\\/web\\\/2022\\\/05\\\/17\\\/nestle-apoyara-comunidades-de-silao\\\/#primaryimage\",\"url\":\"https:\\\/\\\/kuali.com.mx\\\/web\\\/wp-content\\\/uploads\\\/2022\\\/05\\\/Convenio-Nestle_Silao.jpg\",\"contentUrl\":\"https:\\\/\\\/kuali.com.mx\\\/web\\\/wp-content\\\/uploads\\\/2022\\\/05\\\/Convenio-Nestle_Silao.jpg\",\"width\":1200,\"height\":750},{\"@type\":\"BreadcrumbList\",\"@id\":\"https:\\\/\\\/kuali.com.mx\\\/web\\\/2022\\\/05\\\/17\\\/nestle-apoyara-comunidades-de-silao\\\/#breadcrumb\",\"itemListElement\":[{\"@type\":\"ListItem\",\"position\":1,\"name\":\"Inicio\",\"item\":\"https:\\\/\\\/kuali.com.mx\\\/web\\\/\"},{\"@type\":\"ListItem\",\"position\":2,\"name\":\"NESTL\u00c9 APOYAR\u00c1 COMUNIDADES DE SILAO\"}]},{\"@type\":\"WebSite\",\"@id\":\"https:\\\/\\\/kuali.com.mx\\\/web\\\/#website\",\"url\":\"https:\\\/\\\/kuali.com.mx\\\/web\\\/\",\"name\":\"Kuali\",\"description\":\"\",\"potentialAction\":[{\"@type\":\"SearchAction\",\"target\":{\"@type\":\"EntryPoint\",\"urlTemplate\":\"https:\\\/\\\/kuali.com.mx\\\/web\\\/?s={search_term_string}\"},\"query-input\":{\"@type\":\"PropertyValueSpecification\",\"valueRequired\":true,\"valueName\":\"search_term_string\"}}],\"inLanguage\":\"es\"},{\"@type\":\"Person\",\"@id\":\"https:\\\/\\\/kuali.com.mx\\\/web\\\/#\\\/schema\\\/person\\\/6f89ffa8ecba9dae50662357923c5289\",\"name\":\"Kuali Staff\",\"image\":{\"@type\":\"ImageObject\",\"inLanguage\":\"es\",\"@id\":\"https:\\\/\\\/secure.gravatar.com\\\/avatar\\\/f917ad82e5ab71227a733c78b6e60715476f69ee6be59feee4eb5d9920c89e0f?s=96&d=mm&r=g\",\"url\":\"https:\\\/\\\/secure.gravatar.com\\\/avatar\\\/f917ad82e5ab71227a733c78b6e60715476f69ee6be59feee4eb5d9920c89e0f?s=96&d=mm&r=g\",\"contentUrl\":\"https:\\\/\\\/secure.gravatar.com\\\/avatar\\\/f917ad82e5ab71227a733c78b6e60715476f69ee6be59feee4eb5d9920c89e0f?s=96&d=mm&r=g\",\"caption\":\"Kuali Staff\"},\"url\":\"https:\\\/\\\/kuali.com.mx\\\/web\\\/author\\\/lagarto\\\/\"}]}<\/script>\n<!-- \/ Yoast SEO plugin. -->","yoast_head_json":{"title":"NESTL\u00c9 APOYAR\u00c1 COMUNIDADES DE SILAO - Kuali","robots":{"index":"index","follow":"follow","max-snippet":"max-snippet:-1","max-image-preview":"max-image-preview:large","max-video-preview":"max-video-preview:-1"},"canonical":"https:\/\/kuali.com.mx\/web\/2022\/05\/17\/nestle-apoyara-comunidades-de-silao\/","og_locale":"es_MX","og_type":"article","og_title":"NESTL\u00c9 APOYAR\u00c1 COMUNIDADES DE SILAO - Kuali","og_description":"Kuali\/Silao, Gto.- Este martes, el Gobierno Municipal de Silao y la empresa Nestl\u00e9 firmaron un convenio de colaboraci\u00f3n para impulsar el desarrollo de las comunidades rurales de Silao. Con este convenio se realizar\u00e1n acciones para impulsar y propiciar una mejor calidad de vida de la poblaci\u00f3n que habita en la zona rural, as\u00ed como acercar [&hellip;]","og_url":"https:\/\/kuali.com.mx\/web\/2022\/05\/17\/nestle-apoyara-comunidades-de-silao\/","og_site_name":"Kuali","article_publisher":"https:\/\/kuali.com.mx\/web\/wp-content\/uploads\/2018\/04\/cropped-kuali_logo-1-1.png","article_published_time":"2022-05-17T17:25:21+00:00","article_modified_time":"2022-05-18T02:50:20+00:00","og_image":[{"width":1200,"height":750,"url":"https:\/\/kuali.com.mx\/web\/wp-content\/uploads\/2022\/05\/Convenio-Nestle_Silao.jpg","type":"image\/jpeg"}],"author":"Kuali Staff","twitter_card":"summary_large_image","twitter_creator":"@kuali_noticias","twitter_site":"@kuali_noticias","twitter_misc":{"Escrito por":"Kuali Staff","Tiempo de lectura":"2 minutos"},"schema":{"@context":"https:\/\/schema.org","@graph":[{"@type":"Article","@id":"https:\/\/kuali.com.mx\/web\/2022\/05\/17\/nestle-apoyara-comunidades-de-silao\/#article","isPartOf":{"@id":"https:\/\/kuali.com.mx\/web\/2022\/05\/17\/nestle-apoyara-comunidades-de-silao\/"},"author":{"name":"Kuali Staff","@id":"https:\/\/kuali.com.mx\/web\/#\/schema\/person\/6f89ffa8ecba9dae50662357923c5289"},"headline":"NESTL\u00c9 APOYAR\u00c1 COMUNIDADES DE SILAO","datePublished":"2022-05-17T17:25:21+00:00","dateModified":"2022-05-18T02:50:20+00:00","mainEntityOfPage":{"@id":"https:\/\/kuali.com.mx\/web\/2022\/05\/17\/nestle-apoyara-comunidades-de-silao\/"},"wordCount":375,"commentCount":0,"image":{"@id":"https:\/\/kuali.com.mx\/web\/2022\/05\/17\/nestle-apoyara-comunidades-de-silao\/#primaryimage"},"thumbnailUrl":"https:\/\/kuali.com.mx\/web\/wp-content\/uploads\/2022\/05\/Convenio-Nestle_Silao.jpg","keywords":["Desarrollo social","Nestl\u00e9","Silao"],"articleSection":["Pol\u00edtica"],"inLanguage":"es","potentialAction":[{"@type":"CommentAction","name":"Comment","target":["https:\/\/kuali.com.mx\/web\/2022\/05\/17\/nestle-apoyara-comunidades-de-silao\/#respond"]}]},{"@type":"WebPage","@id":"https:\/\/kuali.com.mx\/web\/2022\/05\/17\/nestle-apoyara-comunidades-de-silao\/","url":"https:\/\/kuali.com.mx\/web\/2022\/05\/17\/nestle-apoyara-comunidades-de-silao\/","name":"NESTL\u00c9 APOYAR\u00c1 COMUNIDADES DE SILAO - Kuali","isPartOf":{"@id":"https:\/\/kuali.com.mx\/web\/#website"},"primaryImageOfPage":{"@id":"https:\/\/kuali.com.mx\/web\/2022\/05\/17\/nestle-apoyara-comunidades-de-silao\/#primaryimage"},"image":{"@id":"https:\/\/kuali.com.mx\/web\/2022\/05\/17\/nestle-apoyara-comunidades-de-silao\/#primaryimage"},"thumbnailUrl":"https:\/\/kuali.com.mx\/web\/wp-content\/uploads\/2022\/05\/Convenio-Nestle_Silao.jpg","datePublished":"2022-05-17T17:25:21+00:00","dateModified":"2022-05-18T02:50:20+00:00","author":{"@id":"https:\/\/kuali.com.mx\/web\/#\/schema\/person\/6f89ffa8ecba9dae50662357923c5289"},"breadcrumb":{"@id":"https:\/\/kuali.com.mx\/web\/2022\/05\/17\/nestle-apoyara-comunidades-de-silao\/#breadcrumb"},"inLanguage":"es","potentialAction":[{"@type":"ReadAction","target":["https:\/\/kuali.com.mx\/web\/2022\/05\/17\/nestle-apoyara-comunidades-de-silao\/"]}]},{"@type":"ImageObject","inLanguage":"es","@id":"https:\/\/kuali.com.mx\/web\/2022\/05\/17\/nestle-apoyara-comunidades-de-silao\/#primaryimage","url":"https:\/\/kuali.com.mx\/web\/wp-content\/uploads\/2022\/05\/Convenio-Nestle_Silao.jpg","contentUrl":"https:\/\/kuali.com.mx\/web\/wp-content\/uploads\/2022\/05\/Convenio-Nestle_Silao.jpg","width":1200,"height":750},{"@type":"BreadcrumbList","@id":"https:\/\/kuali.com.mx\/web\/2022\/05\/17\/nestle-apoyara-comunidades-de-silao\/#breadcrumb","itemListElement":[{"@type":"ListItem","position":1,"name":"Inicio","item":"https:\/\/kuali.com.mx\/web\/"},{"@type":"ListItem","position":2,"name":"NESTL\u00c9 APOYAR\u00c1 COMUNIDADES DE SILAO"}]},{"@type":"WebSite","@id":"https:\/\/kuali.com.mx\/web\/#website","url":"https:\/\/kuali.com.mx\/web\/","name":"Kuali","description":"","potentialAction":[{"@type":"SearchAction","target":{"@type":"EntryPoint","urlTemplate":"https:\/\/kuali.com.mx\/web\/?s={search_term_string}"},"query-input":{"@type":"PropertyValueSpecification","valueRequired":true,"valueName":"search_term_string"}}],"inLanguage":"es"},{"@type":"Person","@id":"https:\/\/kuali.com.mx\/web\/#\/schema\/person\/6f89ffa8ecba9dae50662357923c5289","name":"Kuali Staff","image":{"@type":"ImageObject","inLanguage":"es","@id":"https:\/\/secure.gravatar.com\/avatar\/f917ad82e5ab71227a733c78b6e60715476f69ee6be59feee4eb5d9920c89e0f?s=96&d=mm&r=g","url":"https:\/\/secure.gravatar.com\/avatar\/f917ad82e5ab71227a733c78b6e60715476f69ee6be59feee4eb5d9920c89e0f?s=96&d=mm&r=g","contentUrl":"https:\/\/secure.gravatar.com\/avatar\/f917ad82e5ab71227a733c78b6e60715476f69ee6be59feee4eb5d9920c89e0f?s=96&d=mm&r=g","caption":"Kuali Staff"},"url":"https:\/\/kuali.com.mx\/web\/author\/lagarto\/"}]}},"_links":{"self":[{"href":"https:\/\/kuali.com.mx\/web\/wp-json\/wp\/v2\/posts\/96779","targetHints":{"allow":["GET"]}}],"collection":[{"href":"https:\/\/kuali.com.mx\/web\/wp-json\/wp\/v2\/posts"}],"about":[{"href":"https:\/\/kuali.com.mx\/web\/wp-json\/wp\/v2\/types\/post"}],"author":[{"embeddable":true,"href":"https:\/\/kuali.com.mx\/web\/wp-json\/wp\/v2\/users\/2"}],"replies":[{"embeddable":true,"href":"https:\/\/kuali.com.mx\/web\/wp-json\/wp\/v2\/comments?post=96779"}],"version-history":[{"count":1,"href":"https:\/\/kuali.com.mx\/web\/wp-json\/wp\/v2\/posts\/96779\/revisions"}],"predecessor-version":[{"id":96782,"href":"https:\/\/kuali.com.mx\/web\/wp-json\/wp\/v2\/posts\/96779\/revisions\/96782"}],"wp:featuredmedia":[{"embeddable":true,"href":"https:\/\/kuali.com.mx\/web\/wp-json\/wp\/v2\/media\/96781"}],"wp:attachment":[{"href":"https:\/\/kuali.com.mx\/web\/wp-json\/wp\/v2\/media?parent=96779"}],"wp:term":[{"taxonomy":"category","embeddable":true,"href":"https:\/\/kuali.com.mx\/web\/wp-json\/wp\/v2\/categories?post=96779"},{"taxonomy":"post_tag","embeddable":true,"href":"https:\/\/kuali.com.mx\/web\/wp-json\/wp\/v2\/tags?post=96779"}],"curies":[{"name":"wp","href":"https:\/\/api.w.org\/{rel}","templated":true}]}}