{"id":96775,"date":"2022-05-17T16:14:48","date_gmt":"2022-05-17T22:14:48","guid":{"rendered":"https:\/\/kuali.com.mx\/web\/?p=96775"},"modified":"2022-05-17T20:57:42","modified_gmt":"2022-05-18T02:57:42","slug":"rechaza-universidad-de-guanajuato-la-homofobia","status":"publish","type":"post","link":"https:\/\/kuali.com.mx\/web\/2022\/05\/17\/rechaza-universidad-de-guanajuato-la-homofobia\/","title":{"rendered":"RECHAZA UNIVERSIDAD DE GUANAJUATO LA HOMOFOBIA"},"content":{"rendered":"\n<p><strong><em>Kuali\/Guanajuato, Gto.-<\/em><\/strong>En el marco del D\u00eda Internacional contra la Homofobia, Transfobia y Bifobia, que se conmemora este 17de mayo, integrantes del grupo organizado Abejas por la Diversidad Sexual, anunciaron que la emblem\u00e1tica escalinata del Edificio Central de la Universidad de Guanajuato (UG) se iluminar\u00e1 con los colores alusivos a la bandera de la comunidad LGBTI+.\u00a0<\/p>\n\n\n\n<p>Er\u00e9ndira Guadalupe L\u00f3pez Z\u00fa\u00f1iga, Victoria Elisa Santiago Badillo y Carlos Robles Alejo, quienes forman parte de Abejas por la Diversidad Sexual, recordaron que esta fecha permite recordar el d\u00eda en que la homosexualidad dej\u00f3 de considerarse como una enfermedad mental por parte de la Organizaci\u00f3n Mundial de la Salud en 1990. &nbsp;<\/p>\n\n\n\n<p>As\u00ed, la finalidad de esta conmemoraci\u00f3n es la expresi\u00f3n de una sociedad en la que se reconocen los derechos de las personas sin importar su orientaci\u00f3n sexual e identidad de g\u00e9nero. &nbsp;<\/p>\n\n\n\n<p>En M\u00e9xico, de acuerdo con la Encuesta Nacional de Discriminaci\u00f3n 2017, el 40% de la poblaci\u00f3n que se identifica como homosexual, bisexual, transexual u otra orientaci\u00f3n sexual, declar\u00f3 la negaci\u00f3n de sus derechos m\u00e1s b\u00e1sicos.&nbsp;<\/p>\n\n\n\n<p>Por ello, exhortaron a que esta fecha llame a la reflexi\u00f3n sobre las acciones que se han realizado y c\u00f3mo impulsar cambios que permitan que todas las personas vivan sin miedo, en una cultura de respeto, aceptaci\u00f3n y empat\u00eda.&nbsp;<\/p>\n","protected":false},"excerpt":{"rendered":"Kuali\/Guanajuato, Gto.-En el marco del D\u00eda Internacional contra la Homofobia, Transfobia y Bifobia, que se conmemora este 17de mayo, integrantes del grupo organizado Abejas por la Diversidad Sexual, anunciaron que la emblem\u00e1tica escalinata del Edificio Central de la Universidad de Guanajuato (UG) se iluminar\u00e1 con los colores alusivos a la bandera de la comunidad LGBTI+.\u00a0 [&hellip;]","protected":false},"author":2,"featured_media":96777,"comment_status":"open","ping_status":"open","sticky":false,"template":"","format":"standard","meta":{"_seopress_robots_primary_cat":"none","_seopress_titles_title":"","_seopress_titles_desc":"","_seopress_robots_index":"","_monsterinsights_skip_tracking":false,"_monsterinsights_sitenote_active":false,"_monsterinsights_sitenote_note":"","_monsterinsights_sitenote_category":0,"footnotes":""},"categories":[14],"tags":[],"class_list":["post-96775","post","type-post","status-publish","format-standard","has-post-thumbnail","hentry","category-derechos"],"yoast_head":"<!-- This site is optimized with the Yoast SEO plugin v27.4 - https:\/\/yoast.com\/product\/yoast-seo-wordpress\/ -->\n<title>RECHAZA UNIVERSIDAD DE GUANAJUATO LA HOMOFOBIA - Kuali<\/title>\n<meta name=\"robots\" content=\"index, follow, max-snippet:-1, max-image-preview:large, max-video-preview:-1\" \/>\n<link rel=\"canonical\" href=\"https:\/\/kuali.com.mx\/web\/2022\/05\/17\/rechaza-universidad-de-guanajuato-la-homofobia\/\" \/>\n<meta property=\"og:locale\" content=\"es_MX\" \/>\n<meta property=\"og:type\" content=\"article\" \/>\n<meta property=\"og:title\" content=\"RECHAZA UNIVERSIDAD DE GUANAJUATO LA HOMOFOBIA - Kuali\" \/>\n<meta property=\"og:description\" content=\"Kuali\/Guanajuato, Gto.-En el marco del D\u00eda Internacional contra la Homofobia, Transfobia y Bifobia, que se conmemora este 17de mayo, integrantes del grupo organizado Abejas por la Diversidad Sexual, anunciaron que la emblem\u00e1tica escalinata del Edificio Central de la Universidad de Guanajuato (UG) se iluminar\u00e1 con los colores alusivos a la bandera de la comunidad LGBTI+.\u00a0 [&hellip;]\" \/>\n<meta property=\"og:url\" content=\"https:\/\/kuali.com.mx\/web\/2022\/05\/17\/rechaza-universidad-de-guanajuato-la-homofobia\/\" \/>\n<meta property=\"og:site_name\" content=\"Kuali\" \/>\n<meta property=\"article:publisher\" content=\"https:\/\/kuali.com.mx\/web\/wp-content\/uploads\/2018\/04\/cropped-kuali_logo-1-1.png\" \/>\n<meta property=\"article:published_time\" content=\"2022-05-17T22:14:48+00:00\" \/>\n<meta property=\"article:modified_time\" content=\"2022-05-18T02:57:42+00:00\" \/>\n<meta property=\"og:image\" content=\"https:\/\/kuali.com.mx\/web\/wp-content\/uploads\/2022\/05\/Se-une-UG-a-la-conmemoracion-por-el-Dia-Internacional-contra-la-Homofobia-Transfobia-y-Bifobia-1.jpg\" \/>\n\t<meta property=\"og:image:width\" content=\"1280\" \/>\n\t<meta property=\"og:image:height\" content=\"718\" \/>\n\t<meta property=\"og:image:type\" content=\"image\/jpeg\" \/>\n<meta name=\"author\" content=\"Kuali Staff\" \/>\n<meta name=\"twitter:card\" content=\"summary_large_image\" \/>\n<meta name=\"twitter:creator\" content=\"@kuali_noticias\" \/>\n<meta name=\"twitter:site\" content=\"@kuali_noticias\" \/>\n<meta name=\"twitter:label1\" content=\"Escrito por\" \/>\n\t<meta name=\"twitter:data1\" content=\"Kuali Staff\" \/>\n\t<meta name=\"twitter:label2\" content=\"Tiempo de lectura\" \/>\n\t<meta name=\"twitter:data2\" content=\"1 minuto\" \/>\n<script type=\"application\/ld+json\" class=\"yoast-schema-graph\">{\"@context\":\"https:\\\/\\\/schema.org\",\"@graph\":[{\"@type\":\"Article\",\"@id\":\"https:\\\/\\\/kuali.com.mx\\\/web\\\/2022\\\/05\\\/17\\\/rechaza-universidad-de-guanajuato-la-homofobia\\\/#article\",\"isPartOf\":{\"@id\":\"https:\\\/\\\/kuali.com.mx\\\/web\\\/2022\\\/05\\\/17\\\/rechaza-universidad-de-guanajuato-la-homofobia\\\/\"},\"author\":{\"name\":\"Kuali Staff\",\"@id\":\"https:\\\/\\\/kuali.com.mx\\\/web\\\/#\\\/schema\\\/person\\\/6f89ffa8ecba9dae50662357923c5289\"},\"headline\":\"RECHAZA UNIVERSIDAD DE GUANAJUATO LA HOMOFOBIA\",\"datePublished\":\"2022-05-17T22:14:48+00:00\",\"dateModified\":\"2022-05-18T02:57:42+00:00\",\"mainEntityOfPage\":{\"@id\":\"https:\\\/\\\/kuali.com.mx\\\/web\\\/2022\\\/05\\\/17\\\/rechaza-universidad-de-guanajuato-la-homofobia\\\/\"},\"wordCount\":243,\"commentCount\":0,\"image\":{\"@id\":\"https:\\\/\\\/kuali.com.mx\\\/web\\\/2022\\\/05\\\/17\\\/rechaza-universidad-de-guanajuato-la-homofobia\\\/#primaryimage\"},\"thumbnailUrl\":\"https:\\\/\\\/kuali.com.mx\\\/web\\\/wp-content\\\/uploads\\\/2022\\\/05\\\/Se-une-UG-a-la-conmemoracion-por-el-Dia-Internacional-contra-la-Homofobia-Transfobia-y-Bifobia-1.jpg\",\"articleSection\":[\"Derechos Humanos\"],\"inLanguage\":\"es\",\"potentialAction\":[{\"@type\":\"CommentAction\",\"name\":\"Comment\",\"target\":[\"https:\\\/\\\/kuali.com.mx\\\/web\\\/2022\\\/05\\\/17\\\/rechaza-universidad-de-guanajuato-la-homofobia\\\/#respond\"]}]},{\"@type\":\"WebPage\",\"@id\":\"https:\\\/\\\/kuali.com.mx\\\/web\\\/2022\\\/05\\\/17\\\/rechaza-universidad-de-guanajuato-la-homofobia\\\/\",\"url\":\"https:\\\/\\\/kuali.com.mx\\\/web\\\/2022\\\/05\\\/17\\\/rechaza-universidad-de-guanajuato-la-homofobia\\\/\",\"name\":\"RECHAZA UNIVERSIDAD DE GUANAJUATO LA HOMOFOBIA - Kuali\",\"isPartOf\":{\"@id\":\"https:\\\/\\\/kuali.com.mx\\\/web\\\/#website\"},\"primaryImageOfPage\":{\"@id\":\"https:\\\/\\\/kuali.com.mx\\\/web\\\/2022\\\/05\\\/17\\\/rechaza-universidad-de-guanajuato-la-homofobia\\\/#primaryimage\"},\"image\":{\"@id\":\"https:\\\/\\\/kuali.com.mx\\\/web\\\/2022\\\/05\\\/17\\\/rechaza-universidad-de-guanajuato-la-homofobia\\\/#primaryimage\"},\"thumbnailUrl\":\"https:\\\/\\\/kuali.com.mx\\\/web\\\/wp-content\\\/uploads\\\/2022\\\/05\\\/Se-une-UG-a-la-conmemoracion-por-el-Dia-Internacional-contra-la-Homofobia-Transfobia-y-Bifobia-1.jpg\",\"datePublished\":\"2022-05-17T22:14:48+00:00\",\"dateModified\":\"2022-05-18T02:57:42+00:00\",\"author\":{\"@id\":\"https:\\\/\\\/kuali.com.mx\\\/web\\\/#\\\/schema\\\/person\\\/6f89ffa8ecba9dae50662357923c5289\"},\"breadcrumb\":{\"@id\":\"https:\\\/\\\/kuali.com.mx\\\/web\\\/2022\\\/05\\\/17\\\/rechaza-universidad-de-guanajuato-la-homofobia\\\/#breadcrumb\"},\"inLanguage\":\"es\",\"potentialAction\":[{\"@type\":\"ReadAction\",\"target\":[\"https:\\\/\\\/kuali.com.mx\\\/web\\\/2022\\\/05\\\/17\\\/rechaza-universidad-de-guanajuato-la-homofobia\\\/\"]}]},{\"@type\":\"ImageObject\",\"inLanguage\":\"es\",\"@id\":\"https:\\\/\\\/kuali.com.mx\\\/web\\\/2022\\\/05\\\/17\\\/rechaza-universidad-de-guanajuato-la-homofobia\\\/#primaryimage\",\"url\":\"https:\\\/\\\/kuali.com.mx\\\/web\\\/wp-content\\\/uploads\\\/2022\\\/05\\\/Se-une-UG-a-la-conmemoracion-por-el-Dia-Internacional-contra-la-Homofobia-Transfobia-y-Bifobia-1.jpg\",\"contentUrl\":\"https:\\\/\\\/kuali.com.mx\\\/web\\\/wp-content\\\/uploads\\\/2022\\\/05\\\/Se-une-UG-a-la-conmemoracion-por-el-Dia-Internacional-contra-la-Homofobia-Transfobia-y-Bifobia-1.jpg\",\"width\":1280,\"height\":718},{\"@type\":\"BreadcrumbList\",\"@id\":\"https:\\\/\\\/kuali.com.mx\\\/web\\\/2022\\\/05\\\/17\\\/rechaza-universidad-de-guanajuato-la-homofobia\\\/#breadcrumb\",\"itemListElement\":[{\"@type\":\"ListItem\",\"position\":1,\"name\":\"Inicio\",\"item\":\"https:\\\/\\\/kuali.com.mx\\\/web\\\/\"},{\"@type\":\"ListItem\",\"position\":2,\"name\":\"RECHAZA UNIVERSIDAD DE GUANAJUATO LA HOMOFOBIA\"}]},{\"@type\":\"WebSite\",\"@id\":\"https:\\\/\\\/kuali.com.mx\\\/web\\\/#website\",\"url\":\"https:\\\/\\\/kuali.com.mx\\\/web\\\/\",\"name\":\"Kuali\",\"description\":\"\",\"potentialAction\":[{\"@type\":\"SearchAction\",\"target\":{\"@type\":\"EntryPoint\",\"urlTemplate\":\"https:\\\/\\\/kuali.com.mx\\\/web\\\/?s={search_term_string}\"},\"query-input\":{\"@type\":\"PropertyValueSpecification\",\"valueRequired\":true,\"valueName\":\"search_term_string\"}}],\"inLanguage\":\"es\"},{\"@type\":\"Person\",\"@id\":\"https:\\\/\\\/kuali.com.mx\\\/web\\\/#\\\/schema\\\/person\\\/6f89ffa8ecba9dae50662357923c5289\",\"name\":\"Kuali Staff\",\"image\":{\"@type\":\"ImageObject\",\"inLanguage\":\"es\",\"@id\":\"https:\\\/\\\/secure.gravatar.com\\\/avatar\\\/f917ad82e5ab71227a733c78b6e60715476f69ee6be59feee4eb5d9920c89e0f?s=96&d=mm&r=g\",\"url\":\"https:\\\/\\\/secure.gravatar.com\\\/avatar\\\/f917ad82e5ab71227a733c78b6e60715476f69ee6be59feee4eb5d9920c89e0f?s=96&d=mm&r=g\",\"contentUrl\":\"https:\\\/\\\/secure.gravatar.com\\\/avatar\\\/f917ad82e5ab71227a733c78b6e60715476f69ee6be59feee4eb5d9920c89e0f?s=96&d=mm&r=g\",\"caption\":\"Kuali Staff\"},\"url\":\"https:\\\/\\\/kuali.com.mx\\\/web\\\/author\\\/lagarto\\\/\"}]}<\/script>\n<!-- \/ Yoast SEO plugin. -->","yoast_head_json":{"title":"RECHAZA UNIVERSIDAD DE GUANAJUATO LA HOMOFOBIA - Kuali","robots":{"index":"index","follow":"follow","max-snippet":"max-snippet:-1","max-image-preview":"max-image-preview:large","max-video-preview":"max-video-preview:-1"},"canonical":"https:\/\/kuali.com.mx\/web\/2022\/05\/17\/rechaza-universidad-de-guanajuato-la-homofobia\/","og_locale":"es_MX","og_type":"article","og_title":"RECHAZA UNIVERSIDAD DE GUANAJUATO LA HOMOFOBIA - Kuali","og_description":"Kuali\/Guanajuato, Gto.-En el marco del D\u00eda Internacional contra la Homofobia, Transfobia y Bifobia, que se conmemora este 17de mayo, integrantes del grupo organizado Abejas por la Diversidad Sexual, anunciaron que la emblem\u00e1tica escalinata del Edificio Central de la Universidad de Guanajuato (UG) se iluminar\u00e1 con los colores alusivos a la bandera de la comunidad LGBTI+.\u00a0 [&hellip;]","og_url":"https:\/\/kuali.com.mx\/web\/2022\/05\/17\/rechaza-universidad-de-guanajuato-la-homofobia\/","og_site_name":"Kuali","article_publisher":"https:\/\/kuali.com.mx\/web\/wp-content\/uploads\/2018\/04\/cropped-kuali_logo-1-1.png","article_published_time":"2022-05-17T22:14:48+00:00","article_modified_time":"2022-05-18T02:57:42+00:00","og_image":[{"width":1280,"height":718,"url":"https:\/\/kuali.com.mx\/web\/wp-content\/uploads\/2022\/05\/Se-une-UG-a-la-conmemoracion-por-el-Dia-Internacional-contra-la-Homofobia-Transfobia-y-Bifobia-1.jpg","type":"image\/jpeg"}],"author":"Kuali Staff","twitter_card":"summary_large_image","twitter_creator":"@kuali_noticias","twitter_site":"@kuali_noticias","twitter_misc":{"Escrito por":"Kuali Staff","Tiempo de lectura":"1 minuto"},"schema":{"@context":"https:\/\/schema.org","@graph":[{"@type":"Article","@id":"https:\/\/kuali.com.mx\/web\/2022\/05\/17\/rechaza-universidad-de-guanajuato-la-homofobia\/#article","isPartOf":{"@id":"https:\/\/kuali.com.mx\/web\/2022\/05\/17\/rechaza-universidad-de-guanajuato-la-homofobia\/"},"author":{"name":"Kuali Staff","@id":"https:\/\/kuali.com.mx\/web\/#\/schema\/person\/6f89ffa8ecba9dae50662357923c5289"},"headline":"RECHAZA UNIVERSIDAD DE GUANAJUATO LA HOMOFOBIA","datePublished":"2022-05-17T22:14:48+00:00","dateModified":"2022-05-18T02:57:42+00:00","mainEntityOfPage":{"@id":"https:\/\/kuali.com.mx\/web\/2022\/05\/17\/rechaza-universidad-de-guanajuato-la-homofobia\/"},"wordCount":243,"commentCount":0,"image":{"@id":"https:\/\/kuali.com.mx\/web\/2022\/05\/17\/rechaza-universidad-de-guanajuato-la-homofobia\/#primaryimage"},"thumbnailUrl":"https:\/\/kuali.com.mx\/web\/wp-content\/uploads\/2022\/05\/Se-une-UG-a-la-conmemoracion-por-el-Dia-Internacional-contra-la-Homofobia-Transfobia-y-Bifobia-1.jpg","articleSection":["Derechos Humanos"],"inLanguage":"es","potentialAction":[{"@type":"CommentAction","name":"Comment","target":["https:\/\/kuali.com.mx\/web\/2022\/05\/17\/rechaza-universidad-de-guanajuato-la-homofobia\/#respond"]}]},{"@type":"WebPage","@id":"https:\/\/kuali.com.mx\/web\/2022\/05\/17\/rechaza-universidad-de-guanajuato-la-homofobia\/","url":"https:\/\/kuali.com.mx\/web\/2022\/05\/17\/rechaza-universidad-de-guanajuato-la-homofobia\/","name":"RECHAZA UNIVERSIDAD DE GUANAJUATO LA HOMOFOBIA - Kuali","isPartOf":{"@id":"https:\/\/kuali.com.mx\/web\/#website"},"primaryImageOfPage":{"@id":"https:\/\/kuali.com.mx\/web\/2022\/05\/17\/rechaza-universidad-de-guanajuato-la-homofobia\/#primaryimage"},"image":{"@id":"https:\/\/kuali.com.mx\/web\/2022\/05\/17\/rechaza-universidad-de-guanajuato-la-homofobia\/#primaryimage"},"thumbnailUrl":"https:\/\/kuali.com.mx\/web\/wp-content\/uploads\/2022\/05\/Se-une-UG-a-la-conmemoracion-por-el-Dia-Internacional-contra-la-Homofobia-Transfobia-y-Bifobia-1.jpg","datePublished":"2022-05-17T22:14:48+00:00","dateModified":"2022-05-18T02:57:42+00:00","author":{"@id":"https:\/\/kuali.com.mx\/web\/#\/schema\/person\/6f89ffa8ecba9dae50662357923c5289"},"breadcrumb":{"@id":"https:\/\/kuali.com.mx\/web\/2022\/05\/17\/rechaza-universidad-de-guanajuato-la-homofobia\/#breadcrumb"},"inLanguage":"es","potentialAction":[{"@type":"ReadAction","target":["https:\/\/kuali.com.mx\/web\/2022\/05\/17\/rechaza-universidad-de-guanajuato-la-homofobia\/"]}]},{"@type":"ImageObject","inLanguage":"es","@id":"https:\/\/kuali.com.mx\/web\/2022\/05\/17\/rechaza-universidad-de-guanajuato-la-homofobia\/#primaryimage","url":"https:\/\/kuali.com.mx\/web\/wp-content\/uploads\/2022\/05\/Se-une-UG-a-la-conmemoracion-por-el-Dia-Internacional-contra-la-Homofobia-Transfobia-y-Bifobia-1.jpg","contentUrl":"https:\/\/kuali.com.mx\/web\/wp-content\/uploads\/2022\/05\/Se-une-UG-a-la-conmemoracion-por-el-Dia-Internacional-contra-la-Homofobia-Transfobia-y-Bifobia-1.jpg","width":1280,"height":718},{"@type":"BreadcrumbList","@id":"https:\/\/kuali.com.mx\/web\/2022\/05\/17\/rechaza-universidad-de-guanajuato-la-homofobia\/#breadcrumb","itemListElement":[{"@type":"ListItem","position":1,"name":"Inicio","item":"https:\/\/kuali.com.mx\/web\/"},{"@type":"ListItem","position":2,"name":"RECHAZA UNIVERSIDAD DE GUANAJUATO LA HOMOFOBIA"}]},{"@type":"WebSite","@id":"https:\/\/kuali.com.mx\/web\/#website","url":"https:\/\/kuali.com.mx\/web\/","name":"Kuali","description":"","potentialAction":[{"@type":"SearchAction","target":{"@type":"EntryPoint","urlTemplate":"https:\/\/kuali.com.mx\/web\/?s={search_term_string}"},"query-input":{"@type":"PropertyValueSpecification","valueRequired":true,"valueName":"search_term_string"}}],"inLanguage":"es"},{"@type":"Person","@id":"https:\/\/kuali.com.mx\/web\/#\/schema\/person\/6f89ffa8ecba9dae50662357923c5289","name":"Kuali Staff","image":{"@type":"ImageObject","inLanguage":"es","@id":"https:\/\/secure.gravatar.com\/avatar\/f917ad82e5ab71227a733c78b6e60715476f69ee6be59feee4eb5d9920c89e0f?s=96&d=mm&r=g","url":"https:\/\/secure.gravatar.com\/avatar\/f917ad82e5ab71227a733c78b6e60715476f69ee6be59feee4eb5d9920c89e0f?s=96&d=mm&r=g","contentUrl":"https:\/\/secure.gravatar.com\/avatar\/f917ad82e5ab71227a733c78b6e60715476f69ee6be59feee4eb5d9920c89e0f?s=96&d=mm&r=g","caption":"Kuali Staff"},"url":"https:\/\/kuali.com.mx\/web\/author\/lagarto\/"}]}},"_links":{"self":[{"href":"https:\/\/kuali.com.mx\/web\/wp-json\/wp\/v2\/posts\/96775","targetHints":{"allow":["GET"]}}],"collection":[{"href":"https:\/\/kuali.com.mx\/web\/wp-json\/wp\/v2\/posts"}],"about":[{"href":"https:\/\/kuali.com.mx\/web\/wp-json\/wp\/v2\/types\/post"}],"author":[{"embeddable":true,"href":"https:\/\/kuali.com.mx\/web\/wp-json\/wp\/v2\/users\/2"}],"replies":[{"embeddable":true,"href":"https:\/\/kuali.com.mx\/web\/wp-json\/wp\/v2\/comments?post=96775"}],"version-history":[{"count":2,"href":"https:\/\/kuali.com.mx\/web\/wp-json\/wp\/v2\/posts\/96775\/revisions"}],"predecessor-version":[{"id":96810,"href":"https:\/\/kuali.com.mx\/web\/wp-json\/wp\/v2\/posts\/96775\/revisions\/96810"}],"wp:featuredmedia":[{"embeddable":true,"href":"https:\/\/kuali.com.mx\/web\/wp-json\/wp\/v2\/media\/96777"}],"wp:attachment":[{"href":"https:\/\/kuali.com.mx\/web\/wp-json\/wp\/v2\/media?parent=96775"}],"wp:term":[{"taxonomy":"category","embeddable":true,"href":"https:\/\/kuali.com.mx\/web\/wp-json\/wp\/v2\/categories?post=96775"},{"taxonomy":"post_tag","embeddable":true,"href":"https:\/\/kuali.com.mx\/web\/wp-json\/wp\/v2\/tags?post=96775"}],"curies":[{"name":"wp","href":"https:\/\/api.w.org\/{rel}","templated":true}]}}