{"id":96556,"date":"2022-05-14T17:01:13","date_gmt":"2022-05-14T23:01:13","guid":{"rendered":"https:\/\/kuali.com.mx\/web\/?p=96556"},"modified":"2022-05-14T18:49:42","modified_gmt":"2022-05-15T00:49:42","slug":"hay-intranquilidad-por-fosa-clandestina-ciceg","status":"publish","type":"post","link":"https:\/\/kuali.com.mx\/web\/2022\/05\/14\/hay-intranquilidad-por-fosa-clandestina-ciceg\/","title":{"rendered":"HAY INTRANQUILIDAD POR FOSA CLANDESTINA: CICEG"},"content":{"rendered":"\n<p><strong>Alicia Arias\/Le\u00f3n, Gto.- <\/strong>Tras el hallazgo de 18 cuerpos en una fosa clandestina en la comunidad Hacienda Arriba de esta ciudad, el l\u00edder de los industriales del calzado, Alfredo Padilla Villalpando, declar\u00f3 que conf\u00eda en el trabajo de las autoridades municipales a quienes otorga el beneficio de la duda.<\/p>\n\n\n\n<p>\u201cYo veo que las autoridades est\u00e1n haciendo su trabajo. Cada vez los veo m\u00e1s interesados en sacar a adelante todos estos temas que nos brincan aqu\u00ed y en diferentes estados\u201d, dijo en entrevista el presidente de la C\u00e1mara de la Industria del Calzado del Estado de Guanajuato (CICEG), quien aclar\u00f3 que conoce el tema solo por lo que han difundido los medios de comunicaci\u00f3n.<\/p>\n\n\n\n<p>Tras advertir que no es su deseo politizar coment\u00f3 que hay que darle tiempo a las autoridades: \u201cEs muy interesante dejarlos trabajar para que nos den resultados lo m\u00e1s pronto que se pueda\u201d.<\/p>\n\n\n\n<p>Opin\u00f3 que hechos como el hallazgo de cosas clandestinas en este municipio genera intranquilidad a todos los ciudadanos, aunque aclar\u00f3 que no es un problema que se presenta a nivel nacional. \u201cAcabo de venir de dos tres estados y es el mismo tema y l\u00f3gicamente yo soy de aqu\u00ed de Le\u00f3n y me preocupo por los de Le\u00f3n\u201d.<\/p>\n\n\n\n<p>\u201cSi le doy la oportunidad, el beneficio de la duda para que ellos se est\u00e9n aplicando cada vez mejor\u201d, concluy\u00f3 el presidente de los industriales del calzado.<\/p>\n\n\n\n<p>El 12 de mayo el colectivo Madres Guerreras de Le\u00f3n inform\u00f3 sobre el hallazgo de 18 cuerpos en una fosa clandestina, ubicada en Hacienda Arriba, una comunidad rural que limita con el estado de Jalisco.<\/p>\n\n\n\n<p>Los trabajos de b\u00fasqueda de cuerpos humanos en el lugar comenzaron a finales de abril con la participaci\u00f3n de la Comisi\u00f3n de B\u00fasqueda del Estado de Guanajuato, la Fiscal\u00eda General del Estado de Guanajuato (FGEG), la C\u00e9lula Municipal y colectivos.<\/p>\n\n\n\n<p>Adem\u00e1s de informar que fueron 18 los cuerpos encontrados, las Madres Guerreras de Le\u00f3n hicieron un llamado \u201ca los familiares que tienen un familiar desaparecido, que se hagan la prueba de ADN para descartar que se trate de su familiar\u201d.<\/p>\n","protected":false},"excerpt":{"rendered":"Alicia Arias\/Le\u00f3n, Gto.- Tras el hallazgo de 18 cuerpos en una fosa clandestina en la comunidad Hacienda Arriba de esta ciudad, el l\u00edder de los industriales del calzado, Alfredo Padilla Villalpando, declar\u00f3 que conf\u00eda en el trabajo de las autoridades municipales a quienes otorga el beneficio de la duda. \u201cYo veo que las autoridades est\u00e1n [&hellip;]","protected":false},"author":2,"featured_media":96553,"comment_status":"open","ping_status":"open","sticky":false,"template":"","format":"standard","meta":{"_seopress_robots_primary_cat":"none","_seopress_titles_title":"","_seopress_titles_desc":"","_seopress_robots_index":"","_monsterinsights_skip_tracking":false,"_monsterinsights_sitenote_active":false,"_monsterinsights_sitenote_note":"","_monsterinsights_sitenote_category":0,"footnotes":""},"categories":[3,69],"tags":[358,10,336],"class_list":["post-96556","post","type-post","status-publish","format-standard","has-post-thumbnail","hentry","category-politica","category-slider","tag-fosas-clandestinas","tag-leon","tag-personas-desaparecidas"],"yoast_head":"<!-- This site is optimized with the Yoast SEO plugin v27.4 - https:\/\/yoast.com\/product\/yoast-seo-wordpress\/ -->\n<title>HAY INTRANQUILIDAD POR FOSA CLANDESTINA: CICEG - Kuali<\/title>\n<meta name=\"robots\" content=\"index, follow, max-snippet:-1, max-image-preview:large, max-video-preview:-1\" \/>\n<link rel=\"canonical\" href=\"https:\/\/kuali.com.mx\/web\/2022\/05\/14\/hay-intranquilidad-por-fosa-clandestina-ciceg\/\" \/>\n<meta property=\"og:locale\" content=\"es_MX\" \/>\n<meta property=\"og:type\" content=\"article\" \/>\n<meta property=\"og:title\" content=\"HAY INTRANQUILIDAD POR FOSA CLANDESTINA: CICEG - Kuali\" \/>\n<meta property=\"og:description\" content=\"Alicia Arias\/Le\u00f3n, Gto.- Tras el hallazgo de 18 cuerpos en una fosa clandestina en la comunidad Hacienda Arriba de esta ciudad, el l\u00edder de los industriales del calzado, Alfredo Padilla Villalpando, declar\u00f3 que conf\u00eda en el trabajo de las autoridades municipales a quienes otorga el beneficio de la duda. \u201cYo veo que las autoridades est\u00e1n [&hellip;]\" \/>\n<meta property=\"og:url\" content=\"https:\/\/kuali.com.mx\/web\/2022\/05\/14\/hay-intranquilidad-por-fosa-clandestina-ciceg\/\" \/>\n<meta property=\"og:site_name\" content=\"Kuali\" \/>\n<meta property=\"article:publisher\" content=\"https:\/\/kuali.com.mx\/web\/wp-content\/uploads\/2018\/04\/cropped-kuali_logo-1-1.png\" \/>\n<meta property=\"article:published_time\" content=\"2022-05-14T23:01:13+00:00\" \/>\n<meta property=\"article:modified_time\" content=\"2022-05-15T00:49:42+00:00\" \/>\n<meta property=\"og:image\" content=\"https:\/\/kuali.com.mx\/web\/wp-content\/uploads\/2022\/05\/Alfredo-Padilla.jpg\" \/>\n\t<meta property=\"og:image:width\" content=\"1900\" \/>\n\t<meta property=\"og:image:height\" content=\"750\" \/>\n\t<meta property=\"og:image:type\" content=\"image\/jpeg\" \/>\n<meta name=\"author\" content=\"Kuali Staff\" \/>\n<meta name=\"twitter:card\" content=\"summary_large_image\" \/>\n<meta name=\"twitter:creator\" content=\"@kuali_noticias\" \/>\n<meta name=\"twitter:site\" content=\"@kuali_noticias\" \/>\n<meta name=\"twitter:label1\" content=\"Escrito por\" \/>\n\t<meta name=\"twitter:data1\" content=\"Kuali Staff\" \/>\n\t<meta name=\"twitter:label2\" content=\"Tiempo de lectura\" \/>\n\t<meta name=\"twitter:data2\" content=\"2 minutos\" \/>\n<script type=\"application\/ld+json\" class=\"yoast-schema-graph\">{\"@context\":\"https:\\\/\\\/schema.org\",\"@graph\":[{\"@type\":\"Article\",\"@id\":\"https:\\\/\\\/kuali.com.mx\\\/web\\\/2022\\\/05\\\/14\\\/hay-intranquilidad-por-fosa-clandestina-ciceg\\\/#article\",\"isPartOf\":{\"@id\":\"https:\\\/\\\/kuali.com.mx\\\/web\\\/2022\\\/05\\\/14\\\/hay-intranquilidad-por-fosa-clandestina-ciceg\\\/\"},\"author\":{\"name\":\"Kuali Staff\",\"@id\":\"https:\\\/\\\/kuali.com.mx\\\/web\\\/#\\\/schema\\\/person\\\/6f89ffa8ecba9dae50662357923c5289\"},\"headline\":\"HAY INTRANQUILIDAD POR FOSA CLANDESTINA: CICEG\",\"datePublished\":\"2022-05-14T23:01:13+00:00\",\"dateModified\":\"2022-05-15T00:49:42+00:00\",\"mainEntityOfPage\":{\"@id\":\"https:\\\/\\\/kuali.com.mx\\\/web\\\/2022\\\/05\\\/14\\\/hay-intranquilidad-por-fosa-clandestina-ciceg\\\/\"},\"wordCount\":371,\"commentCount\":0,\"image\":{\"@id\":\"https:\\\/\\\/kuali.com.mx\\\/web\\\/2022\\\/05\\\/14\\\/hay-intranquilidad-por-fosa-clandestina-ciceg\\\/#primaryimage\"},\"thumbnailUrl\":\"https:\\\/\\\/kuali.com.mx\\\/web\\\/wp-content\\\/uploads\\\/2022\\\/05\\\/Alfredo-Padilla.jpg\",\"keywords\":[\"Fosas Clandestinas\",\"Le\u00f3n\",\"Personas desaparecidas\"],\"articleSection\":[\"Pol\u00edtica\",\"slider\"],\"inLanguage\":\"es\",\"potentialAction\":[{\"@type\":\"CommentAction\",\"name\":\"Comment\",\"target\":[\"https:\\\/\\\/kuali.com.mx\\\/web\\\/2022\\\/05\\\/14\\\/hay-intranquilidad-por-fosa-clandestina-ciceg\\\/#respond\"]}]},{\"@type\":\"WebPage\",\"@id\":\"https:\\\/\\\/kuali.com.mx\\\/web\\\/2022\\\/05\\\/14\\\/hay-intranquilidad-por-fosa-clandestina-ciceg\\\/\",\"url\":\"https:\\\/\\\/kuali.com.mx\\\/web\\\/2022\\\/05\\\/14\\\/hay-intranquilidad-por-fosa-clandestina-ciceg\\\/\",\"name\":\"HAY INTRANQUILIDAD POR FOSA CLANDESTINA: CICEG - Kuali\",\"isPartOf\":{\"@id\":\"https:\\\/\\\/kuali.com.mx\\\/web\\\/#website\"},\"primaryImageOfPage\":{\"@id\":\"https:\\\/\\\/kuali.com.mx\\\/web\\\/2022\\\/05\\\/14\\\/hay-intranquilidad-por-fosa-clandestina-ciceg\\\/#primaryimage\"},\"image\":{\"@id\":\"https:\\\/\\\/kuali.com.mx\\\/web\\\/2022\\\/05\\\/14\\\/hay-intranquilidad-por-fosa-clandestina-ciceg\\\/#primaryimage\"},\"thumbnailUrl\":\"https:\\\/\\\/kuali.com.mx\\\/web\\\/wp-content\\\/uploads\\\/2022\\\/05\\\/Alfredo-Padilla.jpg\",\"datePublished\":\"2022-05-14T23:01:13+00:00\",\"dateModified\":\"2022-05-15T00:49:42+00:00\",\"author\":{\"@id\":\"https:\\\/\\\/kuali.com.mx\\\/web\\\/#\\\/schema\\\/person\\\/6f89ffa8ecba9dae50662357923c5289\"},\"breadcrumb\":{\"@id\":\"https:\\\/\\\/kuali.com.mx\\\/web\\\/2022\\\/05\\\/14\\\/hay-intranquilidad-por-fosa-clandestina-ciceg\\\/#breadcrumb\"},\"inLanguage\":\"es\",\"potentialAction\":[{\"@type\":\"ReadAction\",\"target\":[\"https:\\\/\\\/kuali.com.mx\\\/web\\\/2022\\\/05\\\/14\\\/hay-intranquilidad-por-fosa-clandestina-ciceg\\\/\"]}]},{\"@type\":\"ImageObject\",\"inLanguage\":\"es\",\"@id\":\"https:\\\/\\\/kuali.com.mx\\\/web\\\/2022\\\/05\\\/14\\\/hay-intranquilidad-por-fosa-clandestina-ciceg\\\/#primaryimage\",\"url\":\"https:\\\/\\\/kuali.com.mx\\\/web\\\/wp-content\\\/uploads\\\/2022\\\/05\\\/Alfredo-Padilla.jpg\",\"contentUrl\":\"https:\\\/\\\/kuali.com.mx\\\/web\\\/wp-content\\\/uploads\\\/2022\\\/05\\\/Alfredo-Padilla.jpg\",\"width\":1900,\"height\":750},{\"@type\":\"BreadcrumbList\",\"@id\":\"https:\\\/\\\/kuali.com.mx\\\/web\\\/2022\\\/05\\\/14\\\/hay-intranquilidad-por-fosa-clandestina-ciceg\\\/#breadcrumb\",\"itemListElement\":[{\"@type\":\"ListItem\",\"position\":1,\"name\":\"Inicio\",\"item\":\"https:\\\/\\\/kuali.com.mx\\\/web\\\/\"},{\"@type\":\"ListItem\",\"position\":2,\"name\":\"HAY INTRANQUILIDAD POR FOSA CLANDESTINA: CICEG\"}]},{\"@type\":\"WebSite\",\"@id\":\"https:\\\/\\\/kuali.com.mx\\\/web\\\/#website\",\"url\":\"https:\\\/\\\/kuali.com.mx\\\/web\\\/\",\"name\":\"Kuali\",\"description\":\"\",\"potentialAction\":[{\"@type\":\"SearchAction\",\"target\":{\"@type\":\"EntryPoint\",\"urlTemplate\":\"https:\\\/\\\/kuali.com.mx\\\/web\\\/?s={search_term_string}\"},\"query-input\":{\"@type\":\"PropertyValueSpecification\",\"valueRequired\":true,\"valueName\":\"search_term_string\"}}],\"inLanguage\":\"es\"},{\"@type\":\"Person\",\"@id\":\"https:\\\/\\\/kuali.com.mx\\\/web\\\/#\\\/schema\\\/person\\\/6f89ffa8ecba9dae50662357923c5289\",\"name\":\"Kuali Staff\",\"image\":{\"@type\":\"ImageObject\",\"inLanguage\":\"es\",\"@id\":\"https:\\\/\\\/secure.gravatar.com\\\/avatar\\\/f917ad82e5ab71227a733c78b6e60715476f69ee6be59feee4eb5d9920c89e0f?s=96&d=mm&r=g\",\"url\":\"https:\\\/\\\/secure.gravatar.com\\\/avatar\\\/f917ad82e5ab71227a733c78b6e60715476f69ee6be59feee4eb5d9920c89e0f?s=96&d=mm&r=g\",\"contentUrl\":\"https:\\\/\\\/secure.gravatar.com\\\/avatar\\\/f917ad82e5ab71227a733c78b6e60715476f69ee6be59feee4eb5d9920c89e0f?s=96&d=mm&r=g\",\"caption\":\"Kuali Staff\"},\"url\":\"https:\\\/\\\/kuali.com.mx\\\/web\\\/author\\\/lagarto\\\/\"}]}<\/script>\n<!-- \/ Yoast SEO plugin. -->","yoast_head_json":{"title":"HAY INTRANQUILIDAD POR FOSA CLANDESTINA: CICEG - Kuali","robots":{"index":"index","follow":"follow","max-snippet":"max-snippet:-1","max-image-preview":"max-image-preview:large","max-video-preview":"max-video-preview:-1"},"canonical":"https:\/\/kuali.com.mx\/web\/2022\/05\/14\/hay-intranquilidad-por-fosa-clandestina-ciceg\/","og_locale":"es_MX","og_type":"article","og_title":"HAY INTRANQUILIDAD POR FOSA CLANDESTINA: CICEG - Kuali","og_description":"Alicia Arias\/Le\u00f3n, Gto.- Tras el hallazgo de 18 cuerpos en una fosa clandestina en la comunidad Hacienda Arriba de esta ciudad, el l\u00edder de los industriales del calzado, Alfredo Padilla Villalpando, declar\u00f3 que conf\u00eda en el trabajo de las autoridades municipales a quienes otorga el beneficio de la duda. \u201cYo veo que las autoridades est\u00e1n [&hellip;]","og_url":"https:\/\/kuali.com.mx\/web\/2022\/05\/14\/hay-intranquilidad-por-fosa-clandestina-ciceg\/","og_site_name":"Kuali","article_publisher":"https:\/\/kuali.com.mx\/web\/wp-content\/uploads\/2018\/04\/cropped-kuali_logo-1-1.png","article_published_time":"2022-05-14T23:01:13+00:00","article_modified_time":"2022-05-15T00:49:42+00:00","og_image":[{"width":1900,"height":750,"url":"https:\/\/kuali.com.mx\/web\/wp-content\/uploads\/2022\/05\/Alfredo-Padilla.jpg","type":"image\/jpeg"}],"author":"Kuali Staff","twitter_card":"summary_large_image","twitter_creator":"@kuali_noticias","twitter_site":"@kuali_noticias","twitter_misc":{"Escrito por":"Kuali Staff","Tiempo de lectura":"2 minutos"},"schema":{"@context":"https:\/\/schema.org","@graph":[{"@type":"Article","@id":"https:\/\/kuali.com.mx\/web\/2022\/05\/14\/hay-intranquilidad-por-fosa-clandestina-ciceg\/#article","isPartOf":{"@id":"https:\/\/kuali.com.mx\/web\/2022\/05\/14\/hay-intranquilidad-por-fosa-clandestina-ciceg\/"},"author":{"name":"Kuali Staff","@id":"https:\/\/kuali.com.mx\/web\/#\/schema\/person\/6f89ffa8ecba9dae50662357923c5289"},"headline":"HAY INTRANQUILIDAD POR FOSA CLANDESTINA: CICEG","datePublished":"2022-05-14T23:01:13+00:00","dateModified":"2022-05-15T00:49:42+00:00","mainEntityOfPage":{"@id":"https:\/\/kuali.com.mx\/web\/2022\/05\/14\/hay-intranquilidad-por-fosa-clandestina-ciceg\/"},"wordCount":371,"commentCount":0,"image":{"@id":"https:\/\/kuali.com.mx\/web\/2022\/05\/14\/hay-intranquilidad-por-fosa-clandestina-ciceg\/#primaryimage"},"thumbnailUrl":"https:\/\/kuali.com.mx\/web\/wp-content\/uploads\/2022\/05\/Alfredo-Padilla.jpg","keywords":["Fosas Clandestinas","Le\u00f3n","Personas desaparecidas"],"articleSection":["Pol\u00edtica","slider"],"inLanguage":"es","potentialAction":[{"@type":"CommentAction","name":"Comment","target":["https:\/\/kuali.com.mx\/web\/2022\/05\/14\/hay-intranquilidad-por-fosa-clandestina-ciceg\/#respond"]}]},{"@type":"WebPage","@id":"https:\/\/kuali.com.mx\/web\/2022\/05\/14\/hay-intranquilidad-por-fosa-clandestina-ciceg\/","url":"https:\/\/kuali.com.mx\/web\/2022\/05\/14\/hay-intranquilidad-por-fosa-clandestina-ciceg\/","name":"HAY INTRANQUILIDAD POR FOSA CLANDESTINA: CICEG - Kuali","isPartOf":{"@id":"https:\/\/kuali.com.mx\/web\/#website"},"primaryImageOfPage":{"@id":"https:\/\/kuali.com.mx\/web\/2022\/05\/14\/hay-intranquilidad-por-fosa-clandestina-ciceg\/#primaryimage"},"image":{"@id":"https:\/\/kuali.com.mx\/web\/2022\/05\/14\/hay-intranquilidad-por-fosa-clandestina-ciceg\/#primaryimage"},"thumbnailUrl":"https:\/\/kuali.com.mx\/web\/wp-content\/uploads\/2022\/05\/Alfredo-Padilla.jpg","datePublished":"2022-05-14T23:01:13+00:00","dateModified":"2022-05-15T00:49:42+00:00","author":{"@id":"https:\/\/kuali.com.mx\/web\/#\/schema\/person\/6f89ffa8ecba9dae50662357923c5289"},"breadcrumb":{"@id":"https:\/\/kuali.com.mx\/web\/2022\/05\/14\/hay-intranquilidad-por-fosa-clandestina-ciceg\/#breadcrumb"},"inLanguage":"es","potentialAction":[{"@type":"ReadAction","target":["https:\/\/kuali.com.mx\/web\/2022\/05\/14\/hay-intranquilidad-por-fosa-clandestina-ciceg\/"]}]},{"@type":"ImageObject","inLanguage":"es","@id":"https:\/\/kuali.com.mx\/web\/2022\/05\/14\/hay-intranquilidad-por-fosa-clandestina-ciceg\/#primaryimage","url":"https:\/\/kuali.com.mx\/web\/wp-content\/uploads\/2022\/05\/Alfredo-Padilla.jpg","contentUrl":"https:\/\/kuali.com.mx\/web\/wp-content\/uploads\/2022\/05\/Alfredo-Padilla.jpg","width":1900,"height":750},{"@type":"BreadcrumbList","@id":"https:\/\/kuali.com.mx\/web\/2022\/05\/14\/hay-intranquilidad-por-fosa-clandestina-ciceg\/#breadcrumb","itemListElement":[{"@type":"ListItem","position":1,"name":"Inicio","item":"https:\/\/kuali.com.mx\/web\/"},{"@type":"ListItem","position":2,"name":"HAY INTRANQUILIDAD POR FOSA CLANDESTINA: CICEG"}]},{"@type":"WebSite","@id":"https:\/\/kuali.com.mx\/web\/#website","url":"https:\/\/kuali.com.mx\/web\/","name":"Kuali","description":"","potentialAction":[{"@type":"SearchAction","target":{"@type":"EntryPoint","urlTemplate":"https:\/\/kuali.com.mx\/web\/?s={search_term_string}"},"query-input":{"@type":"PropertyValueSpecification","valueRequired":true,"valueName":"search_term_string"}}],"inLanguage":"es"},{"@type":"Person","@id":"https:\/\/kuali.com.mx\/web\/#\/schema\/person\/6f89ffa8ecba9dae50662357923c5289","name":"Kuali Staff","image":{"@type":"ImageObject","inLanguage":"es","@id":"https:\/\/secure.gravatar.com\/avatar\/f917ad82e5ab71227a733c78b6e60715476f69ee6be59feee4eb5d9920c89e0f?s=96&d=mm&r=g","url":"https:\/\/secure.gravatar.com\/avatar\/f917ad82e5ab71227a733c78b6e60715476f69ee6be59feee4eb5d9920c89e0f?s=96&d=mm&r=g","contentUrl":"https:\/\/secure.gravatar.com\/avatar\/f917ad82e5ab71227a733c78b6e60715476f69ee6be59feee4eb5d9920c89e0f?s=96&d=mm&r=g","caption":"Kuali Staff"},"url":"https:\/\/kuali.com.mx\/web\/author\/lagarto\/"}]}},"_links":{"self":[{"href":"https:\/\/kuali.com.mx\/web\/wp-json\/wp\/v2\/posts\/96556","targetHints":{"allow":["GET"]}}],"collection":[{"href":"https:\/\/kuali.com.mx\/web\/wp-json\/wp\/v2\/posts"}],"about":[{"href":"https:\/\/kuali.com.mx\/web\/wp-json\/wp\/v2\/types\/post"}],"author":[{"embeddable":true,"href":"https:\/\/kuali.com.mx\/web\/wp-json\/wp\/v2\/users\/2"}],"replies":[{"embeddable":true,"href":"https:\/\/kuali.com.mx\/web\/wp-json\/wp\/v2\/comments?post=96556"}],"version-history":[{"count":3,"href":"https:\/\/kuali.com.mx\/web\/wp-json\/wp\/v2\/posts\/96556\/revisions"}],"predecessor-version":[{"id":96579,"href":"https:\/\/kuali.com.mx\/web\/wp-json\/wp\/v2\/posts\/96556\/revisions\/96579"}],"wp:featuredmedia":[{"embeddable":true,"href":"https:\/\/kuali.com.mx\/web\/wp-json\/wp\/v2\/media\/96553"}],"wp:attachment":[{"href":"https:\/\/kuali.com.mx\/web\/wp-json\/wp\/v2\/media?parent=96556"}],"wp:term":[{"taxonomy":"category","embeddable":true,"href":"https:\/\/kuali.com.mx\/web\/wp-json\/wp\/v2\/categories?post=96556"},{"taxonomy":"post_tag","embeddable":true,"href":"https:\/\/kuali.com.mx\/web\/wp-json\/wp\/v2\/tags?post=96556"}],"curies":[{"name":"wp","href":"https:\/\/api.w.org\/{rel}","templated":true}]}}