{"id":96324,"date":"2022-05-10T18:00:25","date_gmt":"2022-05-11T00:00:25","guid":{"rendered":"https:\/\/kuali.com.mx\/web\/?p=96324"},"modified":"2022-05-10T18:06:27","modified_gmt":"2022-05-11T00:06:27","slug":"despiden-al-director-de-la-policia-de-irapuato","status":"publish","type":"post","link":"https:\/\/kuali.com.mx\/web\/2022\/05\/10\/despiden-al-director-de-la-policia-de-irapuato\/","title":{"rendered":"DESPIDEN AL DIRECTOR DE LA POLIC\u00cdA DE IRAPUATO"},"content":{"rendered":"\n<p><strong><em>Carlos Garc\u00eda\/Irapuato, Gto.-<\/em><\/strong> El director de la Polic\u00eda de Irapuato, Rub\u00e9n Omar Jaramillo Mariscal, fue cesado del cargo por los abusos de autoridad que cometieron polic\u00edas contra mujeres que fueron arrestadas durante la manifestaci\u00f3n del primero de mayo, donde fue incendiada una oficina gubernamental y se intent\u00f3 quemar la puerta de la presidencia municipal.<\/p>\n\n\n\n<p>\u201cLa restauraci\u00f3n del orden p\u00fablico no puede ser argumento para violentar los derechos humanos de las mujeres, los actos de autoridad fuera del marco de la ley deben ser reconocidos y sometidos a un riguroso escrutinio que deriven en sanciones ejemplares y sobre todo debe haber garant\u00edas de no repetici\u00f3n\u201d, se\u00f1al\u00f3 la presidenta panista de Irapuato, Lorena Alfaro Garc\u00eda.<\/p>\n\n\n\n<p>La ma\u00f1ana de este 10 de mayo fue cesado Jaramillo Mariscal y su lugar fue ocupado por el comandante J. Reyes M\u00e9ndez Jim\u00e9nez, anunci\u00f3.<\/p>\n\n\n\n<p>La manifestaci\u00f3n del primero de mayo se realiz\u00f3 sin incidentes del Parque Irekua hasta la presidencia municipal.&nbsp;&nbsp; A la protesta contra los feminicidios y las desapariciones se uni\u00f3 el \u201cBloque Negro\u201d, integrado por mujeres encapuchadas que prendieron fuego a una oficina, caus\u00f3 da\u00f1os e intent\u00f3 quemar la puerta del palacio municipal.<\/p>\n\n\n\n<p>En ese momento, mujeres polic\u00edas comenzaron a arrestar a manifestantes, en videos qued\u00f3 documentado que dos mujeres polic\u00edas golpearon con el pu\u00f1o cerrado a una manifestante.<\/p>\n\n\n\n<p>En otra grabaci\u00f3n se observa que una polic\u00eda encapuchada cachetea a mujeres que ya estaban esposadas.&nbsp; &nbsp;&nbsp;<\/p>\n\n\n\n<p>El saldo de la manifestaci\u00f3n fue de 28 mujeres arrestadas \u2013 cinco menores de edad- y 11 polic\u00edas lesionadas, de acuerdo con el reporte oficial.<\/p>\n\n\n\n<p>\u201cUna de las heridas m\u00e1s profundas de reparar es la confrontaci\u00f3n ocurrida entre mujeres, algunas manifestantes y algunas polic\u00edas, porque en ambas partes queda latente la agresi\u00f3n f\u00edsica y verbal, el sometimiento y la vulnerabilidad\u201d, expuso Alfaro Garc\u00eda.<\/p>\n\n\n\n<p>Agreg\u00f3 que hay tres tipos de violencia: la que viven las mujeres de manera cotidiana; la que infunde miedo, confrontaci\u00f3n, miedo y encono promovido por \u201cotros intereses\u201d contra el orden y la tranquilidad p\u00fablica; y la violencia generada por el mal uso de la fuerza p\u00fablica.<\/p>\n\n\n\n<p>\u201cPor mandato tengo la obligaci\u00f3n de defender y proteger el orden p\u00fablico\u201d, argument\u00f3 al tiempo de recalcar que tambi\u00e9n promueve y defiende los derechos de las mujeres.<\/p>\n\n\n\n<p>El gobierno de Irapuato colabora con las investigaciones de la Fiscal\u00eda General del Estado (FGE) y de la Procuradur\u00eda de los Derechos Humanos del Estado de Guanajuato (Prodheg) para que se deslinden responsabilidades y se apliquen sanciones, se\u00f1al\u00f3 Lorena Alfaro.<\/p>\n\n\n\n<p>El Ayuntamiento realiza una revisi\u00f3n exhaustiva del reglamento que propuso la Prodheg para las manifestaciones, anunci\u00f3.<\/p>\n\n\n\n<p>\u201cLa construcci\u00f3n de la paz debe basarse en el respeto de sociedades, con un di\u00e1logo franco y sincero que las diferencias sean el motor para encontrar los motivos que nos unan\u201d, se\u00f1al\u00f3 la alcaldesa.<\/p>\n","protected":false},"excerpt":{"rendered":"Carlos Garc\u00eda\/Irapuato, Gto.- El director de la Polic\u00eda de Irapuato, Rub\u00e9n Omar Jaramillo Mariscal, fue cesado del cargo por los abusos de autoridad que cometieron polic\u00edas contra mujeres que fueron arrestadas durante la manifestaci\u00f3n del primero de mayo, donde fue incendiada una oficina gubernamental y se intent\u00f3 quemar la puerta de la presidencia municipal. \u201cLa [&hellip;]","protected":false},"author":2,"featured_media":95878,"comment_status":"open","ping_status":"open","sticky":false,"template":"","format":"standard","meta":{"_seopress_robots_primary_cat":"none","_seopress_titles_title":"","_seopress_titles_desc":"","_seopress_robots_index":"","_monsterinsights_skip_tracking":false,"_monsterinsights_sitenote_active":false,"_monsterinsights_sitenote_note":"","_monsterinsights_sitenote_category":0,"footnotes":""},"categories":[14,69],"tags":[],"class_list":["post-96324","post","type-post","status-publish","format-standard","has-post-thumbnail","hentry","category-derechos","category-slider"],"yoast_head":"<!-- This site is optimized with the Yoast SEO plugin v27.4 - https:\/\/yoast.com\/product\/yoast-seo-wordpress\/ -->\n<title>DESPIDEN AL DIRECTOR DE LA POLIC\u00cdA DE IRAPUATO - Kuali<\/title>\n<meta name=\"robots\" content=\"index, follow, max-snippet:-1, max-image-preview:large, max-video-preview:-1\" \/>\n<link rel=\"canonical\" href=\"https:\/\/kuali.com.mx\/web\/2022\/05\/10\/despiden-al-director-de-la-policia-de-irapuato\/\" \/>\n<meta property=\"og:locale\" content=\"es_MX\" \/>\n<meta property=\"og:type\" content=\"article\" \/>\n<meta property=\"og:title\" content=\"DESPIDEN AL DIRECTOR DE LA POLIC\u00cdA DE IRAPUATO - Kuali\" \/>\n<meta property=\"og:description\" content=\"Carlos Garc\u00eda\/Irapuato, Gto.- El director de la Polic\u00eda de Irapuato, Rub\u00e9n Omar Jaramillo Mariscal, fue cesado del cargo por los abusos de autoridad que cometieron polic\u00edas contra mujeres que fueron arrestadas durante la manifestaci\u00f3n del primero de mayo, donde fue incendiada una oficina gubernamental y se intent\u00f3 quemar la puerta de la presidencia municipal. \u201cLa [&hellip;]\" \/>\n<meta property=\"og:url\" content=\"https:\/\/kuali.com.mx\/web\/2022\/05\/10\/despiden-al-director-de-la-policia-de-irapuato\/\" \/>\n<meta property=\"og:site_name\" content=\"Kuali\" \/>\n<meta property=\"article:publisher\" content=\"https:\/\/kuali.com.mx\/web\/wp-content\/uploads\/2018\/04\/cropped-kuali_logo-1-1.png\" \/>\n<meta property=\"article:published_time\" content=\"2022-05-11T00:00:25+00:00\" \/>\n<meta property=\"article:modified_time\" content=\"2022-05-11T00:06:27+00:00\" \/>\n<meta property=\"og:image\" content=\"https:\/\/kuali.com.mx\/web\/wp-content\/uploads\/2022\/05\/Arresto-mujeres-Irapuato.png\" \/>\n\t<meta property=\"og:image:width\" content=\"1343\" \/>\n\t<meta property=\"og:image:height\" content=\"683\" \/>\n\t<meta property=\"og:image:type\" content=\"image\/png\" \/>\n<meta name=\"author\" content=\"Kuali Staff\" \/>\n<meta name=\"twitter:card\" content=\"summary_large_image\" \/>\n<meta name=\"twitter:creator\" content=\"@kuali_noticias\" \/>\n<meta name=\"twitter:site\" content=\"@kuali_noticias\" \/>\n<meta name=\"twitter:label1\" content=\"Escrito por\" \/>\n\t<meta name=\"twitter:data1\" content=\"Kuali Staff\" \/>\n\t<meta name=\"twitter:label2\" content=\"Tiempo de lectura\" \/>\n\t<meta name=\"twitter:data2\" content=\"3 minutos\" \/>\n<script type=\"application\/ld+json\" class=\"yoast-schema-graph\">{\"@context\":\"https:\\\/\\\/schema.org\",\"@graph\":[{\"@type\":\"Article\",\"@id\":\"https:\\\/\\\/kuali.com.mx\\\/web\\\/2022\\\/05\\\/10\\\/despiden-al-director-de-la-policia-de-irapuato\\\/#article\",\"isPartOf\":{\"@id\":\"https:\\\/\\\/kuali.com.mx\\\/web\\\/2022\\\/05\\\/10\\\/despiden-al-director-de-la-policia-de-irapuato\\\/\"},\"author\":{\"name\":\"Kuali Staff\",\"@id\":\"https:\\\/\\\/kuali.com.mx\\\/web\\\/#\\\/schema\\\/person\\\/6f89ffa8ecba9dae50662357923c5289\"},\"headline\":\"DESPIDEN AL DIRECTOR DE LA POLIC\u00cdA DE IRAPUATO\",\"datePublished\":\"2022-05-11T00:00:25+00:00\",\"dateModified\":\"2022-05-11T00:06:27+00:00\",\"mainEntityOfPage\":{\"@id\":\"https:\\\/\\\/kuali.com.mx\\\/web\\\/2022\\\/05\\\/10\\\/despiden-al-director-de-la-policia-de-irapuato\\\/\"},\"wordCount\":510,\"commentCount\":0,\"image\":{\"@id\":\"https:\\\/\\\/kuali.com.mx\\\/web\\\/2022\\\/05\\\/10\\\/despiden-al-director-de-la-policia-de-irapuato\\\/#primaryimage\"},\"thumbnailUrl\":\"https:\\\/\\\/kuali.com.mx\\\/web\\\/wp-content\\\/uploads\\\/2022\\\/05\\\/Arresto-mujeres-Irapuato.png\",\"articleSection\":[\"Derechos Humanos\",\"slider\"],\"inLanguage\":\"es\",\"potentialAction\":[{\"@type\":\"CommentAction\",\"name\":\"Comment\",\"target\":[\"https:\\\/\\\/kuali.com.mx\\\/web\\\/2022\\\/05\\\/10\\\/despiden-al-director-de-la-policia-de-irapuato\\\/#respond\"]}]},{\"@type\":\"WebPage\",\"@id\":\"https:\\\/\\\/kuali.com.mx\\\/web\\\/2022\\\/05\\\/10\\\/despiden-al-director-de-la-policia-de-irapuato\\\/\",\"url\":\"https:\\\/\\\/kuali.com.mx\\\/web\\\/2022\\\/05\\\/10\\\/despiden-al-director-de-la-policia-de-irapuato\\\/\",\"name\":\"DESPIDEN AL DIRECTOR DE LA POLIC\u00cdA DE IRAPUATO - Kuali\",\"isPartOf\":{\"@id\":\"https:\\\/\\\/kuali.com.mx\\\/web\\\/#website\"},\"primaryImageOfPage\":{\"@id\":\"https:\\\/\\\/kuali.com.mx\\\/web\\\/2022\\\/05\\\/10\\\/despiden-al-director-de-la-policia-de-irapuato\\\/#primaryimage\"},\"image\":{\"@id\":\"https:\\\/\\\/kuali.com.mx\\\/web\\\/2022\\\/05\\\/10\\\/despiden-al-director-de-la-policia-de-irapuato\\\/#primaryimage\"},\"thumbnailUrl\":\"https:\\\/\\\/kuali.com.mx\\\/web\\\/wp-content\\\/uploads\\\/2022\\\/05\\\/Arresto-mujeres-Irapuato.png\",\"datePublished\":\"2022-05-11T00:00:25+00:00\",\"dateModified\":\"2022-05-11T00:06:27+00:00\",\"author\":{\"@id\":\"https:\\\/\\\/kuali.com.mx\\\/web\\\/#\\\/schema\\\/person\\\/6f89ffa8ecba9dae50662357923c5289\"},\"breadcrumb\":{\"@id\":\"https:\\\/\\\/kuali.com.mx\\\/web\\\/2022\\\/05\\\/10\\\/despiden-al-director-de-la-policia-de-irapuato\\\/#breadcrumb\"},\"inLanguage\":\"es\",\"potentialAction\":[{\"@type\":\"ReadAction\",\"target\":[\"https:\\\/\\\/kuali.com.mx\\\/web\\\/2022\\\/05\\\/10\\\/despiden-al-director-de-la-policia-de-irapuato\\\/\"]}]},{\"@type\":\"ImageObject\",\"inLanguage\":\"es\",\"@id\":\"https:\\\/\\\/kuali.com.mx\\\/web\\\/2022\\\/05\\\/10\\\/despiden-al-director-de-la-policia-de-irapuato\\\/#primaryimage\",\"url\":\"https:\\\/\\\/kuali.com.mx\\\/web\\\/wp-content\\\/uploads\\\/2022\\\/05\\\/Arresto-mujeres-Irapuato.png\",\"contentUrl\":\"https:\\\/\\\/kuali.com.mx\\\/web\\\/wp-content\\\/uploads\\\/2022\\\/05\\\/Arresto-mujeres-Irapuato.png\",\"width\":1343,\"height\":683},{\"@type\":\"BreadcrumbList\",\"@id\":\"https:\\\/\\\/kuali.com.mx\\\/web\\\/2022\\\/05\\\/10\\\/despiden-al-director-de-la-policia-de-irapuato\\\/#breadcrumb\",\"itemListElement\":[{\"@type\":\"ListItem\",\"position\":1,\"name\":\"Inicio\",\"item\":\"https:\\\/\\\/kuali.com.mx\\\/web\\\/\"},{\"@type\":\"ListItem\",\"position\":2,\"name\":\"DESPIDEN AL DIRECTOR DE LA POLIC\u00cdA DE IRAPUATO\"}]},{\"@type\":\"WebSite\",\"@id\":\"https:\\\/\\\/kuali.com.mx\\\/web\\\/#website\",\"url\":\"https:\\\/\\\/kuali.com.mx\\\/web\\\/\",\"name\":\"Kuali\",\"description\":\"\",\"potentialAction\":[{\"@type\":\"SearchAction\",\"target\":{\"@type\":\"EntryPoint\",\"urlTemplate\":\"https:\\\/\\\/kuali.com.mx\\\/web\\\/?s={search_term_string}\"},\"query-input\":{\"@type\":\"PropertyValueSpecification\",\"valueRequired\":true,\"valueName\":\"search_term_string\"}}],\"inLanguage\":\"es\"},{\"@type\":\"Person\",\"@id\":\"https:\\\/\\\/kuali.com.mx\\\/web\\\/#\\\/schema\\\/person\\\/6f89ffa8ecba9dae50662357923c5289\",\"name\":\"Kuali Staff\",\"image\":{\"@type\":\"ImageObject\",\"inLanguage\":\"es\",\"@id\":\"https:\\\/\\\/secure.gravatar.com\\\/avatar\\\/f917ad82e5ab71227a733c78b6e60715476f69ee6be59feee4eb5d9920c89e0f?s=96&d=mm&r=g\",\"url\":\"https:\\\/\\\/secure.gravatar.com\\\/avatar\\\/f917ad82e5ab71227a733c78b6e60715476f69ee6be59feee4eb5d9920c89e0f?s=96&d=mm&r=g\",\"contentUrl\":\"https:\\\/\\\/secure.gravatar.com\\\/avatar\\\/f917ad82e5ab71227a733c78b6e60715476f69ee6be59feee4eb5d9920c89e0f?s=96&d=mm&r=g\",\"caption\":\"Kuali Staff\"},\"url\":\"https:\\\/\\\/kuali.com.mx\\\/web\\\/author\\\/lagarto\\\/\"}]}<\/script>\n<!-- \/ Yoast SEO plugin. -->","yoast_head_json":{"title":"DESPIDEN AL DIRECTOR DE LA POLIC\u00cdA DE IRAPUATO - Kuali","robots":{"index":"index","follow":"follow","max-snippet":"max-snippet:-1","max-image-preview":"max-image-preview:large","max-video-preview":"max-video-preview:-1"},"canonical":"https:\/\/kuali.com.mx\/web\/2022\/05\/10\/despiden-al-director-de-la-policia-de-irapuato\/","og_locale":"es_MX","og_type":"article","og_title":"DESPIDEN AL DIRECTOR DE LA POLIC\u00cdA DE IRAPUATO - Kuali","og_description":"Carlos Garc\u00eda\/Irapuato, Gto.- El director de la Polic\u00eda de Irapuato, Rub\u00e9n Omar Jaramillo Mariscal, fue cesado del cargo por los abusos de autoridad que cometieron polic\u00edas contra mujeres que fueron arrestadas durante la manifestaci\u00f3n del primero de mayo, donde fue incendiada una oficina gubernamental y se intent\u00f3 quemar la puerta de la presidencia municipal. \u201cLa [&hellip;]","og_url":"https:\/\/kuali.com.mx\/web\/2022\/05\/10\/despiden-al-director-de-la-policia-de-irapuato\/","og_site_name":"Kuali","article_publisher":"https:\/\/kuali.com.mx\/web\/wp-content\/uploads\/2018\/04\/cropped-kuali_logo-1-1.png","article_published_time":"2022-05-11T00:00:25+00:00","article_modified_time":"2022-05-11T00:06:27+00:00","og_image":[{"width":1343,"height":683,"url":"https:\/\/kuali.com.mx\/web\/wp-content\/uploads\/2022\/05\/Arresto-mujeres-Irapuato.png","type":"image\/png"}],"author":"Kuali Staff","twitter_card":"summary_large_image","twitter_creator":"@kuali_noticias","twitter_site":"@kuali_noticias","twitter_misc":{"Escrito por":"Kuali Staff","Tiempo de lectura":"3 minutos"},"schema":{"@context":"https:\/\/schema.org","@graph":[{"@type":"Article","@id":"https:\/\/kuali.com.mx\/web\/2022\/05\/10\/despiden-al-director-de-la-policia-de-irapuato\/#article","isPartOf":{"@id":"https:\/\/kuali.com.mx\/web\/2022\/05\/10\/despiden-al-director-de-la-policia-de-irapuato\/"},"author":{"name":"Kuali Staff","@id":"https:\/\/kuali.com.mx\/web\/#\/schema\/person\/6f89ffa8ecba9dae50662357923c5289"},"headline":"DESPIDEN AL DIRECTOR DE LA POLIC\u00cdA DE IRAPUATO","datePublished":"2022-05-11T00:00:25+00:00","dateModified":"2022-05-11T00:06:27+00:00","mainEntityOfPage":{"@id":"https:\/\/kuali.com.mx\/web\/2022\/05\/10\/despiden-al-director-de-la-policia-de-irapuato\/"},"wordCount":510,"commentCount":0,"image":{"@id":"https:\/\/kuali.com.mx\/web\/2022\/05\/10\/despiden-al-director-de-la-policia-de-irapuato\/#primaryimage"},"thumbnailUrl":"https:\/\/kuali.com.mx\/web\/wp-content\/uploads\/2022\/05\/Arresto-mujeres-Irapuato.png","articleSection":["Derechos Humanos","slider"],"inLanguage":"es","potentialAction":[{"@type":"CommentAction","name":"Comment","target":["https:\/\/kuali.com.mx\/web\/2022\/05\/10\/despiden-al-director-de-la-policia-de-irapuato\/#respond"]}]},{"@type":"WebPage","@id":"https:\/\/kuali.com.mx\/web\/2022\/05\/10\/despiden-al-director-de-la-policia-de-irapuato\/","url":"https:\/\/kuali.com.mx\/web\/2022\/05\/10\/despiden-al-director-de-la-policia-de-irapuato\/","name":"DESPIDEN AL DIRECTOR DE LA POLIC\u00cdA DE IRAPUATO - Kuali","isPartOf":{"@id":"https:\/\/kuali.com.mx\/web\/#website"},"primaryImageOfPage":{"@id":"https:\/\/kuali.com.mx\/web\/2022\/05\/10\/despiden-al-director-de-la-policia-de-irapuato\/#primaryimage"},"image":{"@id":"https:\/\/kuali.com.mx\/web\/2022\/05\/10\/despiden-al-director-de-la-policia-de-irapuato\/#primaryimage"},"thumbnailUrl":"https:\/\/kuali.com.mx\/web\/wp-content\/uploads\/2022\/05\/Arresto-mujeres-Irapuato.png","datePublished":"2022-05-11T00:00:25+00:00","dateModified":"2022-05-11T00:06:27+00:00","author":{"@id":"https:\/\/kuali.com.mx\/web\/#\/schema\/person\/6f89ffa8ecba9dae50662357923c5289"},"breadcrumb":{"@id":"https:\/\/kuali.com.mx\/web\/2022\/05\/10\/despiden-al-director-de-la-policia-de-irapuato\/#breadcrumb"},"inLanguage":"es","potentialAction":[{"@type":"ReadAction","target":["https:\/\/kuali.com.mx\/web\/2022\/05\/10\/despiden-al-director-de-la-policia-de-irapuato\/"]}]},{"@type":"ImageObject","inLanguage":"es","@id":"https:\/\/kuali.com.mx\/web\/2022\/05\/10\/despiden-al-director-de-la-policia-de-irapuato\/#primaryimage","url":"https:\/\/kuali.com.mx\/web\/wp-content\/uploads\/2022\/05\/Arresto-mujeres-Irapuato.png","contentUrl":"https:\/\/kuali.com.mx\/web\/wp-content\/uploads\/2022\/05\/Arresto-mujeres-Irapuato.png","width":1343,"height":683},{"@type":"BreadcrumbList","@id":"https:\/\/kuali.com.mx\/web\/2022\/05\/10\/despiden-al-director-de-la-policia-de-irapuato\/#breadcrumb","itemListElement":[{"@type":"ListItem","position":1,"name":"Inicio","item":"https:\/\/kuali.com.mx\/web\/"},{"@type":"ListItem","position":2,"name":"DESPIDEN AL DIRECTOR DE LA POLIC\u00cdA DE IRAPUATO"}]},{"@type":"WebSite","@id":"https:\/\/kuali.com.mx\/web\/#website","url":"https:\/\/kuali.com.mx\/web\/","name":"Kuali","description":"","potentialAction":[{"@type":"SearchAction","target":{"@type":"EntryPoint","urlTemplate":"https:\/\/kuali.com.mx\/web\/?s={search_term_string}"},"query-input":{"@type":"PropertyValueSpecification","valueRequired":true,"valueName":"search_term_string"}}],"inLanguage":"es"},{"@type":"Person","@id":"https:\/\/kuali.com.mx\/web\/#\/schema\/person\/6f89ffa8ecba9dae50662357923c5289","name":"Kuali Staff","image":{"@type":"ImageObject","inLanguage":"es","@id":"https:\/\/secure.gravatar.com\/avatar\/f917ad82e5ab71227a733c78b6e60715476f69ee6be59feee4eb5d9920c89e0f?s=96&d=mm&r=g","url":"https:\/\/secure.gravatar.com\/avatar\/f917ad82e5ab71227a733c78b6e60715476f69ee6be59feee4eb5d9920c89e0f?s=96&d=mm&r=g","contentUrl":"https:\/\/secure.gravatar.com\/avatar\/f917ad82e5ab71227a733c78b6e60715476f69ee6be59feee4eb5d9920c89e0f?s=96&d=mm&r=g","caption":"Kuali Staff"},"url":"https:\/\/kuali.com.mx\/web\/author\/lagarto\/"}]}},"_links":{"self":[{"href":"https:\/\/kuali.com.mx\/web\/wp-json\/wp\/v2\/posts\/96324","targetHints":{"allow":["GET"]}}],"collection":[{"href":"https:\/\/kuali.com.mx\/web\/wp-json\/wp\/v2\/posts"}],"about":[{"href":"https:\/\/kuali.com.mx\/web\/wp-json\/wp\/v2\/types\/post"}],"author":[{"embeddable":true,"href":"https:\/\/kuali.com.mx\/web\/wp-json\/wp\/v2\/users\/2"}],"replies":[{"embeddable":true,"href":"https:\/\/kuali.com.mx\/web\/wp-json\/wp\/v2\/comments?post=96324"}],"version-history":[{"count":1,"href":"https:\/\/kuali.com.mx\/web\/wp-json\/wp\/v2\/posts\/96324\/revisions"}],"predecessor-version":[{"id":96326,"href":"https:\/\/kuali.com.mx\/web\/wp-json\/wp\/v2\/posts\/96324\/revisions\/96326"}],"wp:featuredmedia":[{"embeddable":true,"href":"https:\/\/kuali.com.mx\/web\/wp-json\/wp\/v2\/media\/95878"}],"wp:attachment":[{"href":"https:\/\/kuali.com.mx\/web\/wp-json\/wp\/v2\/media?parent=96324"}],"wp:term":[{"taxonomy":"category","embeddable":true,"href":"https:\/\/kuali.com.mx\/web\/wp-json\/wp\/v2\/categories?post=96324"},{"taxonomy":"post_tag","embeddable":true,"href":"https:\/\/kuali.com.mx\/web\/wp-json\/wp\/v2\/tags?post=96324"}],"curies":[{"name":"wp","href":"https:\/\/api.w.org\/{rel}","templated":true}]}}