{"id":95917,"date":"2022-05-02T15:19:05","date_gmt":"2022-05-02T21:19:05","guid":{"rendered":"https:\/\/kuali.com.mx\/web\/?p=95917"},"modified":"2022-05-02T17:36:36","modified_gmt":"2022-05-02T23:36:36","slug":"propone-senador-que-acoso-sexual-sea-delito-federal","status":"publish","type":"post","link":"https:\/\/kuali.com.mx\/web\/2022\/05\/02\/propone-senador-que-acoso-sexual-sea-delito-federal\/","title":{"rendered":"PROPONE SENADOR QUE ACOSO SEXUAL SEA DELITO FEDERAL"},"content":{"rendered":"\n<p><strong><em>Kuali\/Le\u00f3n, Gto.-<\/em><\/strong> El senador Erandi Berm\u00fadez M\u00e9ndez lament\u00f3 la ola de violencia contra las mujeres que se ha ido agravando en M\u00e9xico en los \u00faltimos a\u00f1os.<\/p>\n\n\n\n<p>En ese sentido, inform\u00f3 que recientemente present\u00f3 una iniciativa que busca tipificar el acoso sexual como un delito en el C\u00f3digo Penal Federal, la cual, actualmente se encuentra en proceso de an\u00e1lisis en Comisiones de la C\u00e1mara Alta.<\/p>\n\n\n\n<p>Actualmente el acoso sexual no es considerado un delito por lo que no puede ser perseguido ni castigado penalmente.<\/p>\n\n\n\n<p>Erandi Berm\u00fadez explic\u00f3 que actualmente existen \u201cmuchas iniciativas para castigar el acoso, para castigar el ciberacoso, para castigar muchas de estas conductas que son reprobables y que los ciudadanos y la sociedad entera tenemos que trabajar para que estas conductas, que luego se convierten en apolog\u00edas del delito, dejen de existir\u201d.<\/p>\n\n\n\n<p>Asimismo, el legislador dijo que otro pendiente de M\u00e9xico con las mujeres es la asignaci\u00f3n presupuestal para programas que atiendan a las mujeres:<\/p>\n\n\n\n<p>\u201cSe ha pedido que se aumente el presupuesto. El presupuesto para atenci\u00f3n a mujeres es solamente del 0.016 %, es muy bajo. Sin embargo, la vida de una mujer no la podemos tasar en pesos y centavos<\/p>\n","protected":false},"excerpt":{"rendered":"Kuali\/Le\u00f3n, Gto.- El senador Erandi Berm\u00fadez M\u00e9ndez lament\u00f3 la ola de violencia contra las mujeres que se ha ido agravando en M\u00e9xico en los \u00faltimos a\u00f1os. En ese sentido, inform\u00f3 que recientemente present\u00f3 una iniciativa que busca tipificar el acoso sexual como un delito en el C\u00f3digo Penal Federal, la cual, actualmente se encuentra en [&hellip;]","protected":false},"author":2,"featured_media":55570,"comment_status":"open","ping_status":"open","sticky":false,"template":"","format":"standard","meta":{"_seopress_robots_primary_cat":"none","_seopress_titles_title":"","_seopress_titles_desc":"","_seopress_robots_index":"","_monsterinsights_skip_tracking":false,"_monsterinsights_sitenote_active":false,"_monsterinsights_sitenote_note":"","_monsterinsights_sitenote_category":0,"footnotes":""},"categories":[3],"tags":[],"class_list":["post-95917","post","type-post","status-publish","format-standard","has-post-thumbnail","hentry","category-politica"],"yoast_head":"<!-- This site is optimized with the Yoast SEO plugin v27.4 - https:\/\/yoast.com\/product\/yoast-seo-wordpress\/ -->\n<title>PROPONE SENADOR QUE ACOSO SEXUAL SEA DELITO FEDERAL - Kuali<\/title>\n<meta name=\"robots\" content=\"index, follow, max-snippet:-1, max-image-preview:large, max-video-preview:-1\" \/>\n<link rel=\"canonical\" href=\"https:\/\/kuali.com.mx\/web\/2022\/05\/02\/propone-senador-que-acoso-sexual-sea-delito-federal\/\" \/>\n<meta property=\"og:locale\" content=\"es_MX\" \/>\n<meta property=\"og:type\" content=\"article\" \/>\n<meta property=\"og:title\" content=\"PROPONE SENADOR QUE ACOSO SEXUAL SEA DELITO FEDERAL - Kuali\" \/>\n<meta property=\"og:description\" content=\"Kuali\/Le\u00f3n, Gto.- El senador Erandi Berm\u00fadez M\u00e9ndez lament\u00f3 la ola de violencia contra las mujeres que se ha ido agravando en M\u00e9xico en los \u00faltimos a\u00f1os. En ese sentido, inform\u00f3 que recientemente present\u00f3 una iniciativa que busca tipificar el acoso sexual como un delito en el C\u00f3digo Penal Federal, la cual, actualmente se encuentra en [&hellip;]\" \/>\n<meta property=\"og:url\" content=\"https:\/\/kuali.com.mx\/web\/2022\/05\/02\/propone-senador-que-acoso-sexual-sea-delito-federal\/\" \/>\n<meta property=\"og:site_name\" content=\"Kuali\" \/>\n<meta property=\"article:publisher\" content=\"https:\/\/kuali.com.mx\/web\/wp-content\/uploads\/2018\/04\/cropped-kuali_logo-1-1.png\" \/>\n<meta property=\"article:published_time\" content=\"2022-05-02T21:19:05+00:00\" \/>\n<meta property=\"article:modified_time\" content=\"2022-05-02T23:36:36+00:00\" \/>\n<meta property=\"og:image\" content=\"https:\/\/kuali.com.mx\/web\/wp-content\/uploads\/2019\/05\/acoso-sexual.jpg\" \/>\n\t<meta property=\"og:image:width\" content=\"1843\" \/>\n\t<meta property=\"og:image:height\" content=\"750\" \/>\n\t<meta property=\"og:image:type\" content=\"image\/jpeg\" \/>\n<meta name=\"author\" content=\"Kuali Staff\" \/>\n<meta name=\"twitter:card\" content=\"summary_large_image\" \/>\n<meta name=\"twitter:creator\" content=\"@kuali_noticias\" \/>\n<meta name=\"twitter:site\" content=\"@kuali_noticias\" \/>\n<meta name=\"twitter:label1\" content=\"Escrito por\" \/>\n\t<meta name=\"twitter:data1\" content=\"Kuali Staff\" \/>\n\t<meta name=\"twitter:label2\" content=\"Tiempo de lectura\" \/>\n\t<meta name=\"twitter:data2\" content=\"1 minuto\" \/>\n<script type=\"application\/ld+json\" class=\"yoast-schema-graph\">{\"@context\":\"https:\\\/\\\/schema.org\",\"@graph\":[{\"@type\":\"Article\",\"@id\":\"https:\\\/\\\/kuali.com.mx\\\/web\\\/2022\\\/05\\\/02\\\/propone-senador-que-acoso-sexual-sea-delito-federal\\\/#article\",\"isPartOf\":{\"@id\":\"https:\\\/\\\/kuali.com.mx\\\/web\\\/2022\\\/05\\\/02\\\/propone-senador-que-acoso-sexual-sea-delito-federal\\\/\"},\"author\":{\"name\":\"Kuali Staff\",\"@id\":\"https:\\\/\\\/kuali.com.mx\\\/web\\\/#\\\/schema\\\/person\\\/6f89ffa8ecba9dae50662357923c5289\"},\"headline\":\"PROPONE SENADOR QUE ACOSO SEXUAL SEA DELITO FEDERAL\",\"datePublished\":\"2022-05-02T21:19:05+00:00\",\"dateModified\":\"2022-05-02T23:36:36+00:00\",\"mainEntityOfPage\":{\"@id\":\"https:\\\/\\\/kuali.com.mx\\\/web\\\/2022\\\/05\\\/02\\\/propone-senador-que-acoso-sexual-sea-delito-federal\\\/\"},\"wordCount\":215,\"commentCount\":0,\"image\":{\"@id\":\"https:\\\/\\\/kuali.com.mx\\\/web\\\/2022\\\/05\\\/02\\\/propone-senador-que-acoso-sexual-sea-delito-federal\\\/#primaryimage\"},\"thumbnailUrl\":\"https:\\\/\\\/kuali.com.mx\\\/web\\\/wp-content\\\/uploads\\\/2019\\\/05\\\/acoso-sexual.jpg\",\"articleSection\":[\"Pol\u00edtica\"],\"inLanguage\":\"es\",\"potentialAction\":[{\"@type\":\"CommentAction\",\"name\":\"Comment\",\"target\":[\"https:\\\/\\\/kuali.com.mx\\\/web\\\/2022\\\/05\\\/02\\\/propone-senador-que-acoso-sexual-sea-delito-federal\\\/#respond\"]}]},{\"@type\":\"WebPage\",\"@id\":\"https:\\\/\\\/kuali.com.mx\\\/web\\\/2022\\\/05\\\/02\\\/propone-senador-que-acoso-sexual-sea-delito-federal\\\/\",\"url\":\"https:\\\/\\\/kuali.com.mx\\\/web\\\/2022\\\/05\\\/02\\\/propone-senador-que-acoso-sexual-sea-delito-federal\\\/\",\"name\":\"PROPONE SENADOR QUE ACOSO SEXUAL SEA DELITO FEDERAL - Kuali\",\"isPartOf\":{\"@id\":\"https:\\\/\\\/kuali.com.mx\\\/web\\\/#website\"},\"primaryImageOfPage\":{\"@id\":\"https:\\\/\\\/kuali.com.mx\\\/web\\\/2022\\\/05\\\/02\\\/propone-senador-que-acoso-sexual-sea-delito-federal\\\/#primaryimage\"},\"image\":{\"@id\":\"https:\\\/\\\/kuali.com.mx\\\/web\\\/2022\\\/05\\\/02\\\/propone-senador-que-acoso-sexual-sea-delito-federal\\\/#primaryimage\"},\"thumbnailUrl\":\"https:\\\/\\\/kuali.com.mx\\\/web\\\/wp-content\\\/uploads\\\/2019\\\/05\\\/acoso-sexual.jpg\",\"datePublished\":\"2022-05-02T21:19:05+00:00\",\"dateModified\":\"2022-05-02T23:36:36+00:00\",\"author\":{\"@id\":\"https:\\\/\\\/kuali.com.mx\\\/web\\\/#\\\/schema\\\/person\\\/6f89ffa8ecba9dae50662357923c5289\"},\"breadcrumb\":{\"@id\":\"https:\\\/\\\/kuali.com.mx\\\/web\\\/2022\\\/05\\\/02\\\/propone-senador-que-acoso-sexual-sea-delito-federal\\\/#breadcrumb\"},\"inLanguage\":\"es\",\"potentialAction\":[{\"@type\":\"ReadAction\",\"target\":[\"https:\\\/\\\/kuali.com.mx\\\/web\\\/2022\\\/05\\\/02\\\/propone-senador-que-acoso-sexual-sea-delito-federal\\\/\"]}]},{\"@type\":\"ImageObject\",\"inLanguage\":\"es\",\"@id\":\"https:\\\/\\\/kuali.com.mx\\\/web\\\/2022\\\/05\\\/02\\\/propone-senador-que-acoso-sexual-sea-delito-federal\\\/#primaryimage\",\"url\":\"https:\\\/\\\/kuali.com.mx\\\/web\\\/wp-content\\\/uploads\\\/2019\\\/05\\\/acoso-sexual.jpg\",\"contentUrl\":\"https:\\\/\\\/kuali.com.mx\\\/web\\\/wp-content\\\/uploads\\\/2019\\\/05\\\/acoso-sexual.jpg\",\"width\":1843,\"height\":750},{\"@type\":\"BreadcrumbList\",\"@id\":\"https:\\\/\\\/kuali.com.mx\\\/web\\\/2022\\\/05\\\/02\\\/propone-senador-que-acoso-sexual-sea-delito-federal\\\/#breadcrumb\",\"itemListElement\":[{\"@type\":\"ListItem\",\"position\":1,\"name\":\"Inicio\",\"item\":\"https:\\\/\\\/kuali.com.mx\\\/web\\\/\"},{\"@type\":\"ListItem\",\"position\":2,\"name\":\"PROPONE SENADOR QUE ACOSO SEXUAL SEA DELITO FEDERAL\"}]},{\"@type\":\"WebSite\",\"@id\":\"https:\\\/\\\/kuali.com.mx\\\/web\\\/#website\",\"url\":\"https:\\\/\\\/kuali.com.mx\\\/web\\\/\",\"name\":\"Kuali\",\"description\":\"\",\"potentialAction\":[{\"@type\":\"SearchAction\",\"target\":{\"@type\":\"EntryPoint\",\"urlTemplate\":\"https:\\\/\\\/kuali.com.mx\\\/web\\\/?s={search_term_string}\"},\"query-input\":{\"@type\":\"PropertyValueSpecification\",\"valueRequired\":true,\"valueName\":\"search_term_string\"}}],\"inLanguage\":\"es\"},{\"@type\":\"Person\",\"@id\":\"https:\\\/\\\/kuali.com.mx\\\/web\\\/#\\\/schema\\\/person\\\/6f89ffa8ecba9dae50662357923c5289\",\"name\":\"Kuali Staff\",\"image\":{\"@type\":\"ImageObject\",\"inLanguage\":\"es\",\"@id\":\"https:\\\/\\\/secure.gravatar.com\\\/avatar\\\/f917ad82e5ab71227a733c78b6e60715476f69ee6be59feee4eb5d9920c89e0f?s=96&d=mm&r=g\",\"url\":\"https:\\\/\\\/secure.gravatar.com\\\/avatar\\\/f917ad82e5ab71227a733c78b6e60715476f69ee6be59feee4eb5d9920c89e0f?s=96&d=mm&r=g\",\"contentUrl\":\"https:\\\/\\\/secure.gravatar.com\\\/avatar\\\/f917ad82e5ab71227a733c78b6e60715476f69ee6be59feee4eb5d9920c89e0f?s=96&d=mm&r=g\",\"caption\":\"Kuali Staff\"},\"url\":\"https:\\\/\\\/kuali.com.mx\\\/web\\\/author\\\/lagarto\\\/\"}]}<\/script>\n<!-- \/ Yoast SEO plugin. -->","yoast_head_json":{"title":"PROPONE SENADOR QUE ACOSO SEXUAL SEA DELITO FEDERAL - Kuali","robots":{"index":"index","follow":"follow","max-snippet":"max-snippet:-1","max-image-preview":"max-image-preview:large","max-video-preview":"max-video-preview:-1"},"canonical":"https:\/\/kuali.com.mx\/web\/2022\/05\/02\/propone-senador-que-acoso-sexual-sea-delito-federal\/","og_locale":"es_MX","og_type":"article","og_title":"PROPONE SENADOR QUE ACOSO SEXUAL SEA DELITO FEDERAL - Kuali","og_description":"Kuali\/Le\u00f3n, Gto.- El senador Erandi Berm\u00fadez M\u00e9ndez lament\u00f3 la ola de violencia contra las mujeres que se ha ido agravando en M\u00e9xico en los \u00faltimos a\u00f1os. En ese sentido, inform\u00f3 que recientemente present\u00f3 una iniciativa que busca tipificar el acoso sexual como un delito en el C\u00f3digo Penal Federal, la cual, actualmente se encuentra en [&hellip;]","og_url":"https:\/\/kuali.com.mx\/web\/2022\/05\/02\/propone-senador-que-acoso-sexual-sea-delito-federal\/","og_site_name":"Kuali","article_publisher":"https:\/\/kuali.com.mx\/web\/wp-content\/uploads\/2018\/04\/cropped-kuali_logo-1-1.png","article_published_time":"2022-05-02T21:19:05+00:00","article_modified_time":"2022-05-02T23:36:36+00:00","og_image":[{"width":1843,"height":750,"url":"https:\/\/kuali.com.mx\/web\/wp-content\/uploads\/2019\/05\/acoso-sexual.jpg","type":"image\/jpeg"}],"author":"Kuali Staff","twitter_card":"summary_large_image","twitter_creator":"@kuali_noticias","twitter_site":"@kuali_noticias","twitter_misc":{"Escrito por":"Kuali Staff","Tiempo de lectura":"1 minuto"},"schema":{"@context":"https:\/\/schema.org","@graph":[{"@type":"Article","@id":"https:\/\/kuali.com.mx\/web\/2022\/05\/02\/propone-senador-que-acoso-sexual-sea-delito-federal\/#article","isPartOf":{"@id":"https:\/\/kuali.com.mx\/web\/2022\/05\/02\/propone-senador-que-acoso-sexual-sea-delito-federal\/"},"author":{"name":"Kuali Staff","@id":"https:\/\/kuali.com.mx\/web\/#\/schema\/person\/6f89ffa8ecba9dae50662357923c5289"},"headline":"PROPONE SENADOR QUE ACOSO SEXUAL SEA DELITO FEDERAL","datePublished":"2022-05-02T21:19:05+00:00","dateModified":"2022-05-02T23:36:36+00:00","mainEntityOfPage":{"@id":"https:\/\/kuali.com.mx\/web\/2022\/05\/02\/propone-senador-que-acoso-sexual-sea-delito-federal\/"},"wordCount":215,"commentCount":0,"image":{"@id":"https:\/\/kuali.com.mx\/web\/2022\/05\/02\/propone-senador-que-acoso-sexual-sea-delito-federal\/#primaryimage"},"thumbnailUrl":"https:\/\/kuali.com.mx\/web\/wp-content\/uploads\/2019\/05\/acoso-sexual.jpg","articleSection":["Pol\u00edtica"],"inLanguage":"es","potentialAction":[{"@type":"CommentAction","name":"Comment","target":["https:\/\/kuali.com.mx\/web\/2022\/05\/02\/propone-senador-que-acoso-sexual-sea-delito-federal\/#respond"]}]},{"@type":"WebPage","@id":"https:\/\/kuali.com.mx\/web\/2022\/05\/02\/propone-senador-que-acoso-sexual-sea-delito-federal\/","url":"https:\/\/kuali.com.mx\/web\/2022\/05\/02\/propone-senador-que-acoso-sexual-sea-delito-federal\/","name":"PROPONE SENADOR QUE ACOSO SEXUAL SEA DELITO FEDERAL - Kuali","isPartOf":{"@id":"https:\/\/kuali.com.mx\/web\/#website"},"primaryImageOfPage":{"@id":"https:\/\/kuali.com.mx\/web\/2022\/05\/02\/propone-senador-que-acoso-sexual-sea-delito-federal\/#primaryimage"},"image":{"@id":"https:\/\/kuali.com.mx\/web\/2022\/05\/02\/propone-senador-que-acoso-sexual-sea-delito-federal\/#primaryimage"},"thumbnailUrl":"https:\/\/kuali.com.mx\/web\/wp-content\/uploads\/2019\/05\/acoso-sexual.jpg","datePublished":"2022-05-02T21:19:05+00:00","dateModified":"2022-05-02T23:36:36+00:00","author":{"@id":"https:\/\/kuali.com.mx\/web\/#\/schema\/person\/6f89ffa8ecba9dae50662357923c5289"},"breadcrumb":{"@id":"https:\/\/kuali.com.mx\/web\/2022\/05\/02\/propone-senador-que-acoso-sexual-sea-delito-federal\/#breadcrumb"},"inLanguage":"es","potentialAction":[{"@type":"ReadAction","target":["https:\/\/kuali.com.mx\/web\/2022\/05\/02\/propone-senador-que-acoso-sexual-sea-delito-federal\/"]}]},{"@type":"ImageObject","inLanguage":"es","@id":"https:\/\/kuali.com.mx\/web\/2022\/05\/02\/propone-senador-que-acoso-sexual-sea-delito-federal\/#primaryimage","url":"https:\/\/kuali.com.mx\/web\/wp-content\/uploads\/2019\/05\/acoso-sexual.jpg","contentUrl":"https:\/\/kuali.com.mx\/web\/wp-content\/uploads\/2019\/05\/acoso-sexual.jpg","width":1843,"height":750},{"@type":"BreadcrumbList","@id":"https:\/\/kuali.com.mx\/web\/2022\/05\/02\/propone-senador-que-acoso-sexual-sea-delito-federal\/#breadcrumb","itemListElement":[{"@type":"ListItem","position":1,"name":"Inicio","item":"https:\/\/kuali.com.mx\/web\/"},{"@type":"ListItem","position":2,"name":"PROPONE SENADOR QUE ACOSO SEXUAL SEA DELITO FEDERAL"}]},{"@type":"WebSite","@id":"https:\/\/kuali.com.mx\/web\/#website","url":"https:\/\/kuali.com.mx\/web\/","name":"Kuali","description":"","potentialAction":[{"@type":"SearchAction","target":{"@type":"EntryPoint","urlTemplate":"https:\/\/kuali.com.mx\/web\/?s={search_term_string}"},"query-input":{"@type":"PropertyValueSpecification","valueRequired":true,"valueName":"search_term_string"}}],"inLanguage":"es"},{"@type":"Person","@id":"https:\/\/kuali.com.mx\/web\/#\/schema\/person\/6f89ffa8ecba9dae50662357923c5289","name":"Kuali Staff","image":{"@type":"ImageObject","inLanguage":"es","@id":"https:\/\/secure.gravatar.com\/avatar\/f917ad82e5ab71227a733c78b6e60715476f69ee6be59feee4eb5d9920c89e0f?s=96&d=mm&r=g","url":"https:\/\/secure.gravatar.com\/avatar\/f917ad82e5ab71227a733c78b6e60715476f69ee6be59feee4eb5d9920c89e0f?s=96&d=mm&r=g","contentUrl":"https:\/\/secure.gravatar.com\/avatar\/f917ad82e5ab71227a733c78b6e60715476f69ee6be59feee4eb5d9920c89e0f?s=96&d=mm&r=g","caption":"Kuali Staff"},"url":"https:\/\/kuali.com.mx\/web\/author\/lagarto\/"}]}},"_links":{"self":[{"href":"https:\/\/kuali.com.mx\/web\/wp-json\/wp\/v2\/posts\/95917","targetHints":{"allow":["GET"]}}],"collection":[{"href":"https:\/\/kuali.com.mx\/web\/wp-json\/wp\/v2\/posts"}],"about":[{"href":"https:\/\/kuali.com.mx\/web\/wp-json\/wp\/v2\/types\/post"}],"author":[{"embeddable":true,"href":"https:\/\/kuali.com.mx\/web\/wp-json\/wp\/v2\/users\/2"}],"replies":[{"embeddable":true,"href":"https:\/\/kuali.com.mx\/web\/wp-json\/wp\/v2\/comments?post=95917"}],"version-history":[{"count":1,"href":"https:\/\/kuali.com.mx\/web\/wp-json\/wp\/v2\/posts\/95917\/revisions"}],"predecessor-version":[{"id":95919,"href":"https:\/\/kuali.com.mx\/web\/wp-json\/wp\/v2\/posts\/95917\/revisions\/95919"}],"wp:featuredmedia":[{"embeddable":true,"href":"https:\/\/kuali.com.mx\/web\/wp-json\/wp\/v2\/media\/55570"}],"wp:attachment":[{"href":"https:\/\/kuali.com.mx\/web\/wp-json\/wp\/v2\/media?parent=95917"}],"wp:term":[{"taxonomy":"category","embeddable":true,"href":"https:\/\/kuali.com.mx\/web\/wp-json\/wp\/v2\/categories?post=95917"},{"taxonomy":"post_tag","embeddable":true,"href":"https:\/\/kuali.com.mx\/web\/wp-json\/wp\/v2\/tags?post=95917"}],"curies":[{"name":"wp","href":"https:\/\/api.w.org\/{rel}","templated":true}]}}