{"id":95914,"date":"2022-05-02T15:26:25","date_gmt":"2022-05-02T21:26:25","guid":{"rendered":"https:\/\/kuali.com.mx\/web\/?p=95914"},"modified":"2022-05-02T16:15:46","modified_gmt":"2022-05-02T22:15:46","slug":"evaden-informar-sobre-cuerpos-en-fosa-clandestina","status":"publish","type":"post","link":"https:\/\/kuali.com.mx\/web\/2022\/05\/02\/evaden-informar-sobre-cuerpos-en-fosa-clandestina\/","title":{"rendered":"EVADEN INFORMAR SOBRE CUERPOS EN FOSA CLANDESTINA"},"content":{"rendered":"\n<p><strong><em>Sandra Flores\/Le\u00f3n, Gto.-<\/em><\/strong>El gobierno de Le\u00f3n no puede dar a conocer cu\u00e1ntos cuerpos han sido descubiertos en la fosa clandestina en la comunidad de Hacienda Arriba, donde se realiza una b\u00fasqueda en tres hect\u00e1reas de tierra, se\u00f1al\u00f3 el comisionado de Prevenci\u00f3n y Atenci\u00f3n Ciudadana de la Secretar\u00eda de Seguridad P\u00fablica (SSP), V\u00edctor Aguirre Armenta.<\/p>\n\n\n\n<p>\u201cDesafortunadamente por el tema de reserva de datos no podemos proporcionar ubicaci\u00f3n, ni precisar hallazgos\u201d, sostuvo.<\/p>\n\n\n\n<p>En el lugar han sido descubiertos al menos 13 cuerpos, pero la Fiscal\u00eda General del Estado, la Secretar\u00eda de Gobierno, ni el gobierno de Le\u00f3n proporcionan informaci\u00f3n.&nbsp; El tema de las fosas clandestinas se maneja con total hermetismo.<\/p>\n\n\n\n<p>La C\u00e9lula de B\u00fasqueda de Le\u00f3n da un apoyo \u201chumanitario\u201d a las familias que buscan en campo -en fosas clandestinas- a personas desaparecidas, se\u00f1al\u00f3.<\/p>\n\n\n\n<p>Agreg\u00f3 que ellos realizan b\u00fasquedas en campo y cuando hay un descubriendo lo reportan a la Fiscal\u00eda General del Estado.<\/p>\n\n\n\n<p>\u201cA partir de ese momento es la investigaci\u00f3n de un delito, contin\u00faa la excavaci\u00f3n con los arque\u00f3logos y ellos determinan si hay una, dos o tres cuerpos\u201d, refiri\u00f3.<\/p>\n\n\n\n<p>Los cuerpos fueron encontrados en una zona de tres hect\u00e1reas y la C\u00e9lula de B\u00fasqueda de Le\u00f3n sigue trabajando en otras zonas del lugar, dijo V\u00edctor Aguirre.<\/p>\n\n\n\n<p>\u201cSigue trabajando de manera paralela con la Fiscal\u00eda y esta semana contin\u00faan los trabajos\u201d, concluy\u00f3.<\/p>\n","protected":false},"excerpt":{"rendered":"Sandra Flores\/Le\u00f3n, Gto.-El gobierno de Le\u00f3n no puede dar a conocer cu\u00e1ntos cuerpos han sido descubiertos en la fosa clandestina en la comunidad de Hacienda Arriba, donde se realiza una b\u00fasqueda en tres hect\u00e1reas de tierra, se\u00f1al\u00f3 el comisionado de Prevenci\u00f3n y Atenci\u00f3n Ciudadana de la Secretar\u00eda de Seguridad P\u00fablica (SSP), V\u00edctor Aguirre Armenta. \u201cDesafortunadamente [&hellip;]","protected":false},"author":2,"featured_media":76083,"comment_status":"open","ping_status":"open","sticky":false,"template":"","format":"standard","meta":{"_seopress_robots_primary_cat":"none","_seopress_titles_title":"","_seopress_titles_desc":"","_seopress_robots_index":"","_monsterinsights_skip_tracking":false,"_monsterinsights_sitenote_active":false,"_monsterinsights_sitenote_note":"","_monsterinsights_sitenote_category":0,"footnotes":""},"categories":[14],"tags":[],"class_list":["post-95914","post","type-post","status-publish","format-standard","has-post-thumbnail","hentry","category-derechos"],"yoast_head":"<!-- This site is optimized with the Yoast SEO plugin v27.4 - https:\/\/yoast.com\/product\/yoast-seo-wordpress\/ -->\n<title>EVADEN INFORMAR SOBRE CUERPOS EN FOSA CLANDESTINA - Kuali<\/title>\n<meta name=\"robots\" content=\"index, follow, max-snippet:-1, max-image-preview:large, max-video-preview:-1\" \/>\n<link rel=\"canonical\" href=\"https:\/\/kuali.com.mx\/web\/2022\/05\/02\/evaden-informar-sobre-cuerpos-en-fosa-clandestina\/\" \/>\n<meta property=\"og:locale\" content=\"es_MX\" \/>\n<meta property=\"og:type\" content=\"article\" \/>\n<meta property=\"og:title\" content=\"EVADEN INFORMAR SOBRE CUERPOS EN FOSA CLANDESTINA - Kuali\" \/>\n<meta property=\"og:description\" content=\"Sandra Flores\/Le\u00f3n, Gto.-El gobierno de Le\u00f3n no puede dar a conocer cu\u00e1ntos cuerpos han sido descubiertos en la fosa clandestina en la comunidad de Hacienda Arriba, donde se realiza una b\u00fasqueda en tres hect\u00e1reas de tierra, se\u00f1al\u00f3 el comisionado de Prevenci\u00f3n y Atenci\u00f3n Ciudadana de la Secretar\u00eda de Seguridad P\u00fablica (SSP), V\u00edctor Aguirre Armenta. \u201cDesafortunadamente [&hellip;]\" \/>\n<meta property=\"og:url\" content=\"https:\/\/kuali.com.mx\/web\/2022\/05\/02\/evaden-informar-sobre-cuerpos-en-fosa-clandestina\/\" \/>\n<meta property=\"og:site_name\" content=\"Kuali\" \/>\n<meta property=\"article:publisher\" content=\"https:\/\/kuali.com.mx\/web\/wp-content\/uploads\/2018\/04\/cropped-kuali_logo-1-1.png\" \/>\n<meta property=\"article:published_time\" content=\"2022-05-02T21:26:25+00:00\" \/>\n<meta property=\"article:modified_time\" content=\"2022-05-02T22:15:46+00:00\" \/>\n<meta property=\"og:image\" content=\"https:\/\/kuali.com.mx\/web\/wp-content\/uploads\/2020\/10\/B\u00daSQUEDA-FOSAS-e1604013688278.jpg\" \/>\n\t<meta property=\"og:image:width\" content=\"717\" \/>\n\t<meta property=\"og:image:height\" content=\"456\" \/>\n\t<meta property=\"og:image:type\" content=\"image\/jpeg\" \/>\n<meta name=\"author\" content=\"Kuali Staff\" \/>\n<meta name=\"twitter:card\" content=\"summary_large_image\" \/>\n<meta name=\"twitter:creator\" content=\"@kuali_noticias\" \/>\n<meta name=\"twitter:site\" content=\"@kuali_noticias\" \/>\n<meta name=\"twitter:label1\" content=\"Escrito por\" \/>\n\t<meta name=\"twitter:data1\" content=\"Kuali Staff\" \/>\n\t<meta name=\"twitter:label2\" content=\"Tiempo de lectura\" \/>\n\t<meta name=\"twitter:data2\" content=\"1 minuto\" \/>\n<script type=\"application\/ld+json\" class=\"yoast-schema-graph\">{\"@context\":\"https:\\\/\\\/schema.org\",\"@graph\":[{\"@type\":\"Article\",\"@id\":\"https:\\\/\\\/kuali.com.mx\\\/web\\\/2022\\\/05\\\/02\\\/evaden-informar-sobre-cuerpos-en-fosa-clandestina\\\/#article\",\"isPartOf\":{\"@id\":\"https:\\\/\\\/kuali.com.mx\\\/web\\\/2022\\\/05\\\/02\\\/evaden-informar-sobre-cuerpos-en-fosa-clandestina\\\/\"},\"author\":{\"name\":\"Kuali Staff\",\"@id\":\"https:\\\/\\\/kuali.com.mx\\\/web\\\/#\\\/schema\\\/person\\\/6f89ffa8ecba9dae50662357923c5289\"},\"headline\":\"EVADEN INFORMAR SOBRE CUERPOS EN FOSA CLANDESTINA\",\"datePublished\":\"2022-05-02T21:26:25+00:00\",\"dateModified\":\"2022-05-02T22:15:46+00:00\",\"mainEntityOfPage\":{\"@id\":\"https:\\\/\\\/kuali.com.mx\\\/web\\\/2022\\\/05\\\/02\\\/evaden-informar-sobre-cuerpos-en-fosa-clandestina\\\/\"},\"wordCount\":265,\"commentCount\":0,\"image\":{\"@id\":\"https:\\\/\\\/kuali.com.mx\\\/web\\\/2022\\\/05\\\/02\\\/evaden-informar-sobre-cuerpos-en-fosa-clandestina\\\/#primaryimage\"},\"thumbnailUrl\":\"https:\\\/\\\/kuali.com.mx\\\/web\\\/wp-content\\\/uploads\\\/2020\\\/10\\\/B\u00daSQUEDA-FOSAS-e1604013688278.jpg\",\"articleSection\":[\"Derechos Humanos\"],\"inLanguage\":\"es\",\"potentialAction\":[{\"@type\":\"CommentAction\",\"name\":\"Comment\",\"target\":[\"https:\\\/\\\/kuali.com.mx\\\/web\\\/2022\\\/05\\\/02\\\/evaden-informar-sobre-cuerpos-en-fosa-clandestina\\\/#respond\"]}]},{\"@type\":\"WebPage\",\"@id\":\"https:\\\/\\\/kuali.com.mx\\\/web\\\/2022\\\/05\\\/02\\\/evaden-informar-sobre-cuerpos-en-fosa-clandestina\\\/\",\"url\":\"https:\\\/\\\/kuali.com.mx\\\/web\\\/2022\\\/05\\\/02\\\/evaden-informar-sobre-cuerpos-en-fosa-clandestina\\\/\",\"name\":\"EVADEN INFORMAR SOBRE CUERPOS EN FOSA CLANDESTINA - Kuali\",\"isPartOf\":{\"@id\":\"https:\\\/\\\/kuali.com.mx\\\/web\\\/#website\"},\"primaryImageOfPage\":{\"@id\":\"https:\\\/\\\/kuali.com.mx\\\/web\\\/2022\\\/05\\\/02\\\/evaden-informar-sobre-cuerpos-en-fosa-clandestina\\\/#primaryimage\"},\"image\":{\"@id\":\"https:\\\/\\\/kuali.com.mx\\\/web\\\/2022\\\/05\\\/02\\\/evaden-informar-sobre-cuerpos-en-fosa-clandestina\\\/#primaryimage\"},\"thumbnailUrl\":\"https:\\\/\\\/kuali.com.mx\\\/web\\\/wp-content\\\/uploads\\\/2020\\\/10\\\/B\u00daSQUEDA-FOSAS-e1604013688278.jpg\",\"datePublished\":\"2022-05-02T21:26:25+00:00\",\"dateModified\":\"2022-05-02T22:15:46+00:00\",\"author\":{\"@id\":\"https:\\\/\\\/kuali.com.mx\\\/web\\\/#\\\/schema\\\/person\\\/6f89ffa8ecba9dae50662357923c5289\"},\"breadcrumb\":{\"@id\":\"https:\\\/\\\/kuali.com.mx\\\/web\\\/2022\\\/05\\\/02\\\/evaden-informar-sobre-cuerpos-en-fosa-clandestina\\\/#breadcrumb\"},\"inLanguage\":\"es\",\"potentialAction\":[{\"@type\":\"ReadAction\",\"target\":[\"https:\\\/\\\/kuali.com.mx\\\/web\\\/2022\\\/05\\\/02\\\/evaden-informar-sobre-cuerpos-en-fosa-clandestina\\\/\"]}]},{\"@type\":\"ImageObject\",\"inLanguage\":\"es\",\"@id\":\"https:\\\/\\\/kuali.com.mx\\\/web\\\/2022\\\/05\\\/02\\\/evaden-informar-sobre-cuerpos-en-fosa-clandestina\\\/#primaryimage\",\"url\":\"https:\\\/\\\/kuali.com.mx\\\/web\\\/wp-content\\\/uploads\\\/2020\\\/10\\\/B\u00daSQUEDA-FOSAS-e1604013688278.jpg\",\"contentUrl\":\"https:\\\/\\\/kuali.com.mx\\\/web\\\/wp-content\\\/uploads\\\/2020\\\/10\\\/B\u00daSQUEDA-FOSAS-e1604013688278.jpg\",\"width\":717,\"height\":456},{\"@type\":\"BreadcrumbList\",\"@id\":\"https:\\\/\\\/kuali.com.mx\\\/web\\\/2022\\\/05\\\/02\\\/evaden-informar-sobre-cuerpos-en-fosa-clandestina\\\/#breadcrumb\",\"itemListElement\":[{\"@type\":\"ListItem\",\"position\":1,\"name\":\"Inicio\",\"item\":\"https:\\\/\\\/kuali.com.mx\\\/web\\\/\"},{\"@type\":\"ListItem\",\"position\":2,\"name\":\"EVADEN INFORMAR SOBRE CUERPOS EN FOSA CLANDESTINA\"}]},{\"@type\":\"WebSite\",\"@id\":\"https:\\\/\\\/kuali.com.mx\\\/web\\\/#website\",\"url\":\"https:\\\/\\\/kuali.com.mx\\\/web\\\/\",\"name\":\"Kuali\",\"description\":\"\",\"potentialAction\":[{\"@type\":\"SearchAction\",\"target\":{\"@type\":\"EntryPoint\",\"urlTemplate\":\"https:\\\/\\\/kuali.com.mx\\\/web\\\/?s={search_term_string}\"},\"query-input\":{\"@type\":\"PropertyValueSpecification\",\"valueRequired\":true,\"valueName\":\"search_term_string\"}}],\"inLanguage\":\"es\"},{\"@type\":\"Person\",\"@id\":\"https:\\\/\\\/kuali.com.mx\\\/web\\\/#\\\/schema\\\/person\\\/6f89ffa8ecba9dae50662357923c5289\",\"name\":\"Kuali Staff\",\"image\":{\"@type\":\"ImageObject\",\"inLanguage\":\"es\",\"@id\":\"https:\\\/\\\/secure.gravatar.com\\\/avatar\\\/f917ad82e5ab71227a733c78b6e60715476f69ee6be59feee4eb5d9920c89e0f?s=96&d=mm&r=g\",\"url\":\"https:\\\/\\\/secure.gravatar.com\\\/avatar\\\/f917ad82e5ab71227a733c78b6e60715476f69ee6be59feee4eb5d9920c89e0f?s=96&d=mm&r=g\",\"contentUrl\":\"https:\\\/\\\/secure.gravatar.com\\\/avatar\\\/f917ad82e5ab71227a733c78b6e60715476f69ee6be59feee4eb5d9920c89e0f?s=96&d=mm&r=g\",\"caption\":\"Kuali Staff\"},\"url\":\"https:\\\/\\\/kuali.com.mx\\\/web\\\/author\\\/lagarto\\\/\"}]}<\/script>\n<!-- \/ Yoast SEO plugin. -->","yoast_head_json":{"title":"EVADEN INFORMAR SOBRE CUERPOS EN FOSA CLANDESTINA - Kuali","robots":{"index":"index","follow":"follow","max-snippet":"max-snippet:-1","max-image-preview":"max-image-preview:large","max-video-preview":"max-video-preview:-1"},"canonical":"https:\/\/kuali.com.mx\/web\/2022\/05\/02\/evaden-informar-sobre-cuerpos-en-fosa-clandestina\/","og_locale":"es_MX","og_type":"article","og_title":"EVADEN INFORMAR SOBRE CUERPOS EN FOSA CLANDESTINA - Kuali","og_description":"Sandra Flores\/Le\u00f3n, Gto.-El gobierno de Le\u00f3n no puede dar a conocer cu\u00e1ntos cuerpos han sido descubiertos en la fosa clandestina en la comunidad de Hacienda Arriba, donde se realiza una b\u00fasqueda en tres hect\u00e1reas de tierra, se\u00f1al\u00f3 el comisionado de Prevenci\u00f3n y Atenci\u00f3n Ciudadana de la Secretar\u00eda de Seguridad P\u00fablica (SSP), V\u00edctor Aguirre Armenta. \u201cDesafortunadamente [&hellip;]","og_url":"https:\/\/kuali.com.mx\/web\/2022\/05\/02\/evaden-informar-sobre-cuerpos-en-fosa-clandestina\/","og_site_name":"Kuali","article_publisher":"https:\/\/kuali.com.mx\/web\/wp-content\/uploads\/2018\/04\/cropped-kuali_logo-1-1.png","article_published_time":"2022-05-02T21:26:25+00:00","article_modified_time":"2022-05-02T22:15:46+00:00","og_image":[{"width":717,"height":456,"url":"https:\/\/kuali.com.mx\/web\/wp-content\/uploads\/2020\/10\/B\u00daSQUEDA-FOSAS-e1604013688278.jpg","type":"image\/jpeg"}],"author":"Kuali Staff","twitter_card":"summary_large_image","twitter_creator":"@kuali_noticias","twitter_site":"@kuali_noticias","twitter_misc":{"Escrito por":"Kuali Staff","Tiempo de lectura":"1 minuto"},"schema":{"@context":"https:\/\/schema.org","@graph":[{"@type":"Article","@id":"https:\/\/kuali.com.mx\/web\/2022\/05\/02\/evaden-informar-sobre-cuerpos-en-fosa-clandestina\/#article","isPartOf":{"@id":"https:\/\/kuali.com.mx\/web\/2022\/05\/02\/evaden-informar-sobre-cuerpos-en-fosa-clandestina\/"},"author":{"name":"Kuali Staff","@id":"https:\/\/kuali.com.mx\/web\/#\/schema\/person\/6f89ffa8ecba9dae50662357923c5289"},"headline":"EVADEN INFORMAR SOBRE CUERPOS EN FOSA CLANDESTINA","datePublished":"2022-05-02T21:26:25+00:00","dateModified":"2022-05-02T22:15:46+00:00","mainEntityOfPage":{"@id":"https:\/\/kuali.com.mx\/web\/2022\/05\/02\/evaden-informar-sobre-cuerpos-en-fosa-clandestina\/"},"wordCount":265,"commentCount":0,"image":{"@id":"https:\/\/kuali.com.mx\/web\/2022\/05\/02\/evaden-informar-sobre-cuerpos-en-fosa-clandestina\/#primaryimage"},"thumbnailUrl":"https:\/\/kuali.com.mx\/web\/wp-content\/uploads\/2020\/10\/B\u00daSQUEDA-FOSAS-e1604013688278.jpg","articleSection":["Derechos Humanos"],"inLanguage":"es","potentialAction":[{"@type":"CommentAction","name":"Comment","target":["https:\/\/kuali.com.mx\/web\/2022\/05\/02\/evaden-informar-sobre-cuerpos-en-fosa-clandestina\/#respond"]}]},{"@type":"WebPage","@id":"https:\/\/kuali.com.mx\/web\/2022\/05\/02\/evaden-informar-sobre-cuerpos-en-fosa-clandestina\/","url":"https:\/\/kuali.com.mx\/web\/2022\/05\/02\/evaden-informar-sobre-cuerpos-en-fosa-clandestina\/","name":"EVADEN INFORMAR SOBRE CUERPOS EN FOSA CLANDESTINA - Kuali","isPartOf":{"@id":"https:\/\/kuali.com.mx\/web\/#website"},"primaryImageOfPage":{"@id":"https:\/\/kuali.com.mx\/web\/2022\/05\/02\/evaden-informar-sobre-cuerpos-en-fosa-clandestina\/#primaryimage"},"image":{"@id":"https:\/\/kuali.com.mx\/web\/2022\/05\/02\/evaden-informar-sobre-cuerpos-en-fosa-clandestina\/#primaryimage"},"thumbnailUrl":"https:\/\/kuali.com.mx\/web\/wp-content\/uploads\/2020\/10\/B\u00daSQUEDA-FOSAS-e1604013688278.jpg","datePublished":"2022-05-02T21:26:25+00:00","dateModified":"2022-05-02T22:15:46+00:00","author":{"@id":"https:\/\/kuali.com.mx\/web\/#\/schema\/person\/6f89ffa8ecba9dae50662357923c5289"},"breadcrumb":{"@id":"https:\/\/kuali.com.mx\/web\/2022\/05\/02\/evaden-informar-sobre-cuerpos-en-fosa-clandestina\/#breadcrumb"},"inLanguage":"es","potentialAction":[{"@type":"ReadAction","target":["https:\/\/kuali.com.mx\/web\/2022\/05\/02\/evaden-informar-sobre-cuerpos-en-fosa-clandestina\/"]}]},{"@type":"ImageObject","inLanguage":"es","@id":"https:\/\/kuali.com.mx\/web\/2022\/05\/02\/evaden-informar-sobre-cuerpos-en-fosa-clandestina\/#primaryimage","url":"https:\/\/kuali.com.mx\/web\/wp-content\/uploads\/2020\/10\/B\u00daSQUEDA-FOSAS-e1604013688278.jpg","contentUrl":"https:\/\/kuali.com.mx\/web\/wp-content\/uploads\/2020\/10\/B\u00daSQUEDA-FOSAS-e1604013688278.jpg","width":717,"height":456},{"@type":"BreadcrumbList","@id":"https:\/\/kuali.com.mx\/web\/2022\/05\/02\/evaden-informar-sobre-cuerpos-en-fosa-clandestina\/#breadcrumb","itemListElement":[{"@type":"ListItem","position":1,"name":"Inicio","item":"https:\/\/kuali.com.mx\/web\/"},{"@type":"ListItem","position":2,"name":"EVADEN INFORMAR SOBRE CUERPOS EN FOSA CLANDESTINA"}]},{"@type":"WebSite","@id":"https:\/\/kuali.com.mx\/web\/#website","url":"https:\/\/kuali.com.mx\/web\/","name":"Kuali","description":"","potentialAction":[{"@type":"SearchAction","target":{"@type":"EntryPoint","urlTemplate":"https:\/\/kuali.com.mx\/web\/?s={search_term_string}"},"query-input":{"@type":"PropertyValueSpecification","valueRequired":true,"valueName":"search_term_string"}}],"inLanguage":"es"},{"@type":"Person","@id":"https:\/\/kuali.com.mx\/web\/#\/schema\/person\/6f89ffa8ecba9dae50662357923c5289","name":"Kuali Staff","image":{"@type":"ImageObject","inLanguage":"es","@id":"https:\/\/secure.gravatar.com\/avatar\/f917ad82e5ab71227a733c78b6e60715476f69ee6be59feee4eb5d9920c89e0f?s=96&d=mm&r=g","url":"https:\/\/secure.gravatar.com\/avatar\/f917ad82e5ab71227a733c78b6e60715476f69ee6be59feee4eb5d9920c89e0f?s=96&d=mm&r=g","contentUrl":"https:\/\/secure.gravatar.com\/avatar\/f917ad82e5ab71227a733c78b6e60715476f69ee6be59feee4eb5d9920c89e0f?s=96&d=mm&r=g","caption":"Kuali Staff"},"url":"https:\/\/kuali.com.mx\/web\/author\/lagarto\/"}]}},"_links":{"self":[{"href":"https:\/\/kuali.com.mx\/web\/wp-json\/wp\/v2\/posts\/95914","targetHints":{"allow":["GET"]}}],"collection":[{"href":"https:\/\/kuali.com.mx\/web\/wp-json\/wp\/v2\/posts"}],"about":[{"href":"https:\/\/kuali.com.mx\/web\/wp-json\/wp\/v2\/types\/post"}],"author":[{"embeddable":true,"href":"https:\/\/kuali.com.mx\/web\/wp-json\/wp\/v2\/users\/2"}],"replies":[{"embeddable":true,"href":"https:\/\/kuali.com.mx\/web\/wp-json\/wp\/v2\/comments?post=95914"}],"version-history":[{"count":1,"href":"https:\/\/kuali.com.mx\/web\/wp-json\/wp\/v2\/posts\/95914\/revisions"}],"predecessor-version":[{"id":95916,"href":"https:\/\/kuali.com.mx\/web\/wp-json\/wp\/v2\/posts\/95914\/revisions\/95916"}],"wp:featuredmedia":[{"embeddable":true,"href":"https:\/\/kuali.com.mx\/web\/wp-json\/wp\/v2\/media\/76083"}],"wp:attachment":[{"href":"https:\/\/kuali.com.mx\/web\/wp-json\/wp\/v2\/media?parent=95914"}],"wp:term":[{"taxonomy":"category","embeddable":true,"href":"https:\/\/kuali.com.mx\/web\/wp-json\/wp\/v2\/categories?post=95914"},{"taxonomy":"post_tag","embeddable":true,"href":"https:\/\/kuali.com.mx\/web\/wp-json\/wp\/v2\/tags?post=95914"}],"curies":[{"name":"wp","href":"https:\/\/api.w.org\/{rel}","templated":true}]}}