{"id":95898,"date":"2022-05-02T15:20:33","date_gmt":"2022-05-02T21:20:33","guid":{"rendered":"https:\/\/kuali.com.mx\/web\/?p=95898"},"modified":"2022-05-02T15:28:57","modified_gmt":"2022-05-02T21:28:57","slug":"ofertan-mil-700-empleos-en-celaya","status":"publish","type":"post","link":"https:\/\/kuali.com.mx\/web\/2022\/05\/02\/ofertan-mil-700-empleos-en-celaya\/","title":{"rendered":"OFERTAN MIL 700 EMPLEOS EN CELAYA"},"content":{"rendered":"\n<p><strong><em>Kuali\/Celaya, Gto.-<\/em><\/strong>\u201cEn Guanajuato tenemos la cultura del empleo, somos gente de trabajo; en Guanajuato no estiramos la mano a ver qu\u00e9 nos den, en Guanajuato nos arremangamos y nos ponemos a chambear\u201d, dijo el Gobernador de Guanajuato, Diego Sinhue Rodr\u00edguez Vallejo, en la Feria de Enlace Laboral Celaya 2022.<\/p>\n\n\n\n<p>En el rumbo por una mejor oportunidad de desarrollo personal se vinculan buscadores de empleo con empresas que ofrecen 1,700 alternativas de trabajo para mejorar la calidad de vida de los guanajuatenses.<\/p>\n\n\n\n<p>\u201cMe da mucho gusto comprobar que el trabajo honrado sigue teniendo un alto valor entre nuestras mujeres y nuestros hombres. Los guanajuatenses que no queremos d\u00e1divas, queremos oportunidades para escribir nosotros mismos nuestra historia de \u00e9xito.<\/p>\n\n\n\n<p>\u201cPorque el trabajo es el mayor patrimonio de las personas y las familias; al igual que la educaci\u00f3n y la capacitaci\u00f3n para el trabajo, son los mejores caminos para salir adelante y combatir la desigualdad\u201d, dijo el Gobernador.<\/p>\n\n\n\n<p>En Guanajuato, explic\u00f3, el sector empresarial arriesga el capital y crea fuentes de trabajo, en tanto, el Gobierno genera las condiciones id\u00f3nea para que haya confianza e impulsa pol\u00edticas p\u00fablicas exitosas como la atracci\u00f3n de inversiones.<\/p>\n\n\n\n<p>Prueba de ello, agreg\u00f3, es que en la presente administraci\u00f3n estatal, se han concretado 74 proyectos de inversi\u00f3n, por un monto global de m\u00e1s de 3 mil 224 millones de d\u00f3lares para 35 mil 689 empleos comprometidos.<\/p>\n\n\n\n<p>Dijo que con respecto al 2020, hoy Guanajuato se coloca en el s\u00e9ptimo lugar nacional en recuperaci\u00f3n de empleos y se refleja en el n\u00famero de afiliados al Seguro Social, que tuvo un crecimiento del 4.3 por ciento.<\/p>\n\n\n\n<p>\u201cEn Guanajuato nos sentimos muy orgullosos del sector empresarial, que siempre se ha distinguido por su compromiso y su responsabilidad social.<\/p>\n\n\n\n<p>\u201cPara los que buscan empleo, yo les digo que no se les va a cerrar el mundo. En Guanajuato hay oportunidades y las vamos a seguir provocando para que ustedes las puedan aprovechar. Les deseo el mayor de los \u00e9xitos\u201d, dijo el Gobernador.<\/p>\n\n\n\n<p>En esta feria de Enlace Laboral asistieron 45 empresas con una oferta diversa de mil 707 empleos para profesionales, puestos t\u00e9cnicos, administrativos, operadores en general y diversos oficios; se registraron poco m\u00e1s de mil 200 buscadores de trabajo.<\/p>\n\n\n\n<p>Esta es una labor interinstitucional de los tres niveles de gobierno para la promoci\u00f3n de programas y servicios de desarrollo social, salud y educaci\u00f3n que promueven mejorar la calidad de vida de las personas.<\/p>\n\n\n\n<p>Con la estrategia de Enlace Laboral se atiende a la poblaci\u00f3n desempleada y subempleada para facilitar su inserci\u00f3n en el mercado laboral, mediante servicios de informaci\u00f3n, vinculaci\u00f3n y capacitaci\u00f3n, desde el Gobierno Estatal y de manera articulada con el Servicio Nacional de Empleo y con la Secretar\u00eda del Trabajo y Previsi\u00f3n Social del Gobierno Federal.<\/p>\n\n\n\n<p>En el evento estuvieron presentes el Secretario de Desarrollo Econ\u00f3mico Sustentable, Mauricio Usabiaga D\u00edaz Barriga; el Presidente Municipal de Celaya, Francisco Javier Mendoza M\u00e1rquez; adem\u00e1s de funcionarios estatales; diputadas, diputados, presidentes de algunos municipios.<\/p>\n","protected":false},"excerpt":{"rendered":"Kuali\/Celaya, Gto.-\u201cEn Guanajuato tenemos la cultura del empleo, somos gente de trabajo; en Guanajuato no estiramos la mano a ver qu\u00e9 nos den, en Guanajuato nos arremangamos y nos ponemos a chambear\u201d, dijo el Gobernador de Guanajuato, Diego Sinhue Rodr\u00edguez Vallejo, en la Feria de Enlace Laboral Celaya 2022. En el rumbo por una mejor [&hellip;]","protected":false},"author":2,"featured_media":95900,"comment_status":"open","ping_status":"open","sticky":false,"template":"","format":"standard","meta":{"_seopress_robots_primary_cat":"none","_seopress_titles_title":"","_seopress_titles_desc":"","_seopress_robots_index":"","_monsterinsights_skip_tracking":false,"_monsterinsights_sitenote_active":false,"_monsterinsights_sitenote_note":"","_monsterinsights_sitenote_category":0,"footnotes":""},"categories":[3],"tags":[],"class_list":["post-95898","post","type-post","status-publish","format-standard","has-post-thumbnail","hentry","category-politica"],"yoast_head":"<!-- This site is optimized with the Yoast SEO plugin v27.4 - https:\/\/yoast.com\/product\/yoast-seo-wordpress\/ -->\n<title>OFERTAN MIL 700 EMPLEOS EN CELAYA - Kuali<\/title>\n<meta name=\"robots\" content=\"index, follow, max-snippet:-1, max-image-preview:large, max-video-preview:-1\" \/>\n<link rel=\"canonical\" href=\"https:\/\/kuali.com.mx\/web\/2022\/05\/02\/ofertan-mil-700-empleos-en-celaya\/\" \/>\n<meta property=\"og:locale\" content=\"es_MX\" \/>\n<meta property=\"og:type\" content=\"article\" \/>\n<meta property=\"og:title\" content=\"OFERTAN MIL 700 EMPLEOS EN CELAYA - Kuali\" \/>\n<meta property=\"og:description\" content=\"Kuali\/Celaya, Gto.-\u201cEn Guanajuato tenemos la cultura del empleo, somos gente de trabajo; en Guanajuato no estiramos la mano a ver qu\u00e9 nos den, en Guanajuato nos arremangamos y nos ponemos a chambear\u201d, dijo el Gobernador de Guanajuato, Diego Sinhue Rodr\u00edguez Vallejo, en la Feria de Enlace Laboral Celaya 2022. En el rumbo por una mejor [&hellip;]\" \/>\n<meta property=\"og:url\" content=\"https:\/\/kuali.com.mx\/web\/2022\/05\/02\/ofertan-mil-700-empleos-en-celaya\/\" \/>\n<meta property=\"og:site_name\" content=\"Kuali\" \/>\n<meta property=\"article:publisher\" content=\"https:\/\/kuali.com.mx\/web\/wp-content\/uploads\/2018\/04\/cropped-kuali_logo-1-1.png\" \/>\n<meta property=\"article:published_time\" content=\"2022-05-02T21:20:33+00:00\" \/>\n<meta property=\"article:modified_time\" content=\"2022-05-02T21:28:57+00:00\" \/>\n<meta property=\"og:image\" content=\"https:\/\/kuali.com.mx\/web\/wp-content\/uploads\/2022\/05\/Feria-de-empleo-Celaya-2.jpg\" \/>\n\t<meta property=\"og:image:width\" content=\"1950\" \/>\n\t<meta property=\"og:image:height\" content=\"1159\" \/>\n\t<meta property=\"og:image:type\" content=\"image\/jpeg\" \/>\n<meta name=\"author\" content=\"Kuali Staff\" \/>\n<meta name=\"twitter:card\" content=\"summary_large_image\" \/>\n<meta name=\"twitter:creator\" content=\"@kuali_noticias\" \/>\n<meta name=\"twitter:site\" content=\"@kuali_noticias\" \/>\n<meta name=\"twitter:label1\" content=\"Escrito por\" \/>\n\t<meta name=\"twitter:data1\" content=\"Kuali Staff\" \/>\n\t<meta name=\"twitter:label2\" content=\"Tiempo de lectura\" \/>\n\t<meta name=\"twitter:data2\" content=\"3 minutos\" \/>\n<script type=\"application\/ld+json\" class=\"yoast-schema-graph\">{\"@context\":\"https:\\\/\\\/schema.org\",\"@graph\":[{\"@type\":\"Article\",\"@id\":\"https:\\\/\\\/kuali.com.mx\\\/web\\\/2022\\\/05\\\/02\\\/ofertan-mil-700-empleos-en-celaya\\\/#article\",\"isPartOf\":{\"@id\":\"https:\\\/\\\/kuali.com.mx\\\/web\\\/2022\\\/05\\\/02\\\/ofertan-mil-700-empleos-en-celaya\\\/\"},\"author\":{\"name\":\"Kuali Staff\",\"@id\":\"https:\\\/\\\/kuali.com.mx\\\/web\\\/#\\\/schema\\\/person\\\/6f89ffa8ecba9dae50662357923c5289\"},\"headline\":\"OFERTAN MIL 700 EMPLEOS EN CELAYA\",\"datePublished\":\"2022-05-02T21:20:33+00:00\",\"dateModified\":\"2022-05-02T21:28:57+00:00\",\"mainEntityOfPage\":{\"@id\":\"https:\\\/\\\/kuali.com.mx\\\/web\\\/2022\\\/05\\\/02\\\/ofertan-mil-700-empleos-en-celaya\\\/\"},\"wordCount\":517,\"commentCount\":0,\"image\":{\"@id\":\"https:\\\/\\\/kuali.com.mx\\\/web\\\/2022\\\/05\\\/02\\\/ofertan-mil-700-empleos-en-celaya\\\/#primaryimage\"},\"thumbnailUrl\":\"https:\\\/\\\/kuali.com.mx\\\/web\\\/wp-content\\\/uploads\\\/2022\\\/05\\\/Feria-de-empleo-Celaya-2.jpg\",\"articleSection\":[\"Pol\u00edtica\"],\"inLanguage\":\"es\",\"potentialAction\":[{\"@type\":\"CommentAction\",\"name\":\"Comment\",\"target\":[\"https:\\\/\\\/kuali.com.mx\\\/web\\\/2022\\\/05\\\/02\\\/ofertan-mil-700-empleos-en-celaya\\\/#respond\"]}]},{\"@type\":\"WebPage\",\"@id\":\"https:\\\/\\\/kuali.com.mx\\\/web\\\/2022\\\/05\\\/02\\\/ofertan-mil-700-empleos-en-celaya\\\/\",\"url\":\"https:\\\/\\\/kuali.com.mx\\\/web\\\/2022\\\/05\\\/02\\\/ofertan-mil-700-empleos-en-celaya\\\/\",\"name\":\"OFERTAN MIL 700 EMPLEOS EN CELAYA - Kuali\",\"isPartOf\":{\"@id\":\"https:\\\/\\\/kuali.com.mx\\\/web\\\/#website\"},\"primaryImageOfPage\":{\"@id\":\"https:\\\/\\\/kuali.com.mx\\\/web\\\/2022\\\/05\\\/02\\\/ofertan-mil-700-empleos-en-celaya\\\/#primaryimage\"},\"image\":{\"@id\":\"https:\\\/\\\/kuali.com.mx\\\/web\\\/2022\\\/05\\\/02\\\/ofertan-mil-700-empleos-en-celaya\\\/#primaryimage\"},\"thumbnailUrl\":\"https:\\\/\\\/kuali.com.mx\\\/web\\\/wp-content\\\/uploads\\\/2022\\\/05\\\/Feria-de-empleo-Celaya-2.jpg\",\"datePublished\":\"2022-05-02T21:20:33+00:00\",\"dateModified\":\"2022-05-02T21:28:57+00:00\",\"author\":{\"@id\":\"https:\\\/\\\/kuali.com.mx\\\/web\\\/#\\\/schema\\\/person\\\/6f89ffa8ecba9dae50662357923c5289\"},\"breadcrumb\":{\"@id\":\"https:\\\/\\\/kuali.com.mx\\\/web\\\/2022\\\/05\\\/02\\\/ofertan-mil-700-empleos-en-celaya\\\/#breadcrumb\"},\"inLanguage\":\"es\",\"potentialAction\":[{\"@type\":\"ReadAction\",\"target\":[\"https:\\\/\\\/kuali.com.mx\\\/web\\\/2022\\\/05\\\/02\\\/ofertan-mil-700-empleos-en-celaya\\\/\"]}]},{\"@type\":\"ImageObject\",\"inLanguage\":\"es\",\"@id\":\"https:\\\/\\\/kuali.com.mx\\\/web\\\/2022\\\/05\\\/02\\\/ofertan-mil-700-empleos-en-celaya\\\/#primaryimage\",\"url\":\"https:\\\/\\\/kuali.com.mx\\\/web\\\/wp-content\\\/uploads\\\/2022\\\/05\\\/Feria-de-empleo-Celaya-2.jpg\",\"contentUrl\":\"https:\\\/\\\/kuali.com.mx\\\/web\\\/wp-content\\\/uploads\\\/2022\\\/05\\\/Feria-de-empleo-Celaya-2.jpg\",\"width\":1950,\"height\":1159},{\"@type\":\"BreadcrumbList\",\"@id\":\"https:\\\/\\\/kuali.com.mx\\\/web\\\/2022\\\/05\\\/02\\\/ofertan-mil-700-empleos-en-celaya\\\/#breadcrumb\",\"itemListElement\":[{\"@type\":\"ListItem\",\"position\":1,\"name\":\"Inicio\",\"item\":\"https:\\\/\\\/kuali.com.mx\\\/web\\\/\"},{\"@type\":\"ListItem\",\"position\":2,\"name\":\"OFERTAN MIL 700 EMPLEOS EN CELAYA\"}]},{\"@type\":\"WebSite\",\"@id\":\"https:\\\/\\\/kuali.com.mx\\\/web\\\/#website\",\"url\":\"https:\\\/\\\/kuali.com.mx\\\/web\\\/\",\"name\":\"Kuali\",\"description\":\"\",\"potentialAction\":[{\"@type\":\"SearchAction\",\"target\":{\"@type\":\"EntryPoint\",\"urlTemplate\":\"https:\\\/\\\/kuali.com.mx\\\/web\\\/?s={search_term_string}\"},\"query-input\":{\"@type\":\"PropertyValueSpecification\",\"valueRequired\":true,\"valueName\":\"search_term_string\"}}],\"inLanguage\":\"es\"},{\"@type\":\"Person\",\"@id\":\"https:\\\/\\\/kuali.com.mx\\\/web\\\/#\\\/schema\\\/person\\\/6f89ffa8ecba9dae50662357923c5289\",\"name\":\"Kuali Staff\",\"image\":{\"@type\":\"ImageObject\",\"inLanguage\":\"es\",\"@id\":\"https:\\\/\\\/secure.gravatar.com\\\/avatar\\\/f917ad82e5ab71227a733c78b6e60715476f69ee6be59feee4eb5d9920c89e0f?s=96&d=mm&r=g\",\"url\":\"https:\\\/\\\/secure.gravatar.com\\\/avatar\\\/f917ad82e5ab71227a733c78b6e60715476f69ee6be59feee4eb5d9920c89e0f?s=96&d=mm&r=g\",\"contentUrl\":\"https:\\\/\\\/secure.gravatar.com\\\/avatar\\\/f917ad82e5ab71227a733c78b6e60715476f69ee6be59feee4eb5d9920c89e0f?s=96&d=mm&r=g\",\"caption\":\"Kuali Staff\"},\"url\":\"https:\\\/\\\/kuali.com.mx\\\/web\\\/author\\\/lagarto\\\/\"}]}<\/script>\n<!-- \/ Yoast SEO plugin. -->","yoast_head_json":{"title":"OFERTAN MIL 700 EMPLEOS EN CELAYA - Kuali","robots":{"index":"index","follow":"follow","max-snippet":"max-snippet:-1","max-image-preview":"max-image-preview:large","max-video-preview":"max-video-preview:-1"},"canonical":"https:\/\/kuali.com.mx\/web\/2022\/05\/02\/ofertan-mil-700-empleos-en-celaya\/","og_locale":"es_MX","og_type":"article","og_title":"OFERTAN MIL 700 EMPLEOS EN CELAYA - Kuali","og_description":"Kuali\/Celaya, Gto.-\u201cEn Guanajuato tenemos la cultura del empleo, somos gente de trabajo; en Guanajuato no estiramos la mano a ver qu\u00e9 nos den, en Guanajuato nos arremangamos y nos ponemos a chambear\u201d, dijo el Gobernador de Guanajuato, Diego Sinhue Rodr\u00edguez Vallejo, en la Feria de Enlace Laboral Celaya 2022. En el rumbo por una mejor [&hellip;]","og_url":"https:\/\/kuali.com.mx\/web\/2022\/05\/02\/ofertan-mil-700-empleos-en-celaya\/","og_site_name":"Kuali","article_publisher":"https:\/\/kuali.com.mx\/web\/wp-content\/uploads\/2018\/04\/cropped-kuali_logo-1-1.png","article_published_time":"2022-05-02T21:20:33+00:00","article_modified_time":"2022-05-02T21:28:57+00:00","og_image":[{"width":1950,"height":1159,"url":"https:\/\/kuali.com.mx\/web\/wp-content\/uploads\/2022\/05\/Feria-de-empleo-Celaya-2.jpg","type":"image\/jpeg"}],"author":"Kuali Staff","twitter_card":"summary_large_image","twitter_creator":"@kuali_noticias","twitter_site":"@kuali_noticias","twitter_misc":{"Escrito por":"Kuali Staff","Tiempo de lectura":"3 minutos"},"schema":{"@context":"https:\/\/schema.org","@graph":[{"@type":"Article","@id":"https:\/\/kuali.com.mx\/web\/2022\/05\/02\/ofertan-mil-700-empleos-en-celaya\/#article","isPartOf":{"@id":"https:\/\/kuali.com.mx\/web\/2022\/05\/02\/ofertan-mil-700-empleos-en-celaya\/"},"author":{"name":"Kuali Staff","@id":"https:\/\/kuali.com.mx\/web\/#\/schema\/person\/6f89ffa8ecba9dae50662357923c5289"},"headline":"OFERTAN MIL 700 EMPLEOS EN CELAYA","datePublished":"2022-05-02T21:20:33+00:00","dateModified":"2022-05-02T21:28:57+00:00","mainEntityOfPage":{"@id":"https:\/\/kuali.com.mx\/web\/2022\/05\/02\/ofertan-mil-700-empleos-en-celaya\/"},"wordCount":517,"commentCount":0,"image":{"@id":"https:\/\/kuali.com.mx\/web\/2022\/05\/02\/ofertan-mil-700-empleos-en-celaya\/#primaryimage"},"thumbnailUrl":"https:\/\/kuali.com.mx\/web\/wp-content\/uploads\/2022\/05\/Feria-de-empleo-Celaya-2.jpg","articleSection":["Pol\u00edtica"],"inLanguage":"es","potentialAction":[{"@type":"CommentAction","name":"Comment","target":["https:\/\/kuali.com.mx\/web\/2022\/05\/02\/ofertan-mil-700-empleos-en-celaya\/#respond"]}]},{"@type":"WebPage","@id":"https:\/\/kuali.com.mx\/web\/2022\/05\/02\/ofertan-mil-700-empleos-en-celaya\/","url":"https:\/\/kuali.com.mx\/web\/2022\/05\/02\/ofertan-mil-700-empleos-en-celaya\/","name":"OFERTAN MIL 700 EMPLEOS EN CELAYA - Kuali","isPartOf":{"@id":"https:\/\/kuali.com.mx\/web\/#website"},"primaryImageOfPage":{"@id":"https:\/\/kuali.com.mx\/web\/2022\/05\/02\/ofertan-mil-700-empleos-en-celaya\/#primaryimage"},"image":{"@id":"https:\/\/kuali.com.mx\/web\/2022\/05\/02\/ofertan-mil-700-empleos-en-celaya\/#primaryimage"},"thumbnailUrl":"https:\/\/kuali.com.mx\/web\/wp-content\/uploads\/2022\/05\/Feria-de-empleo-Celaya-2.jpg","datePublished":"2022-05-02T21:20:33+00:00","dateModified":"2022-05-02T21:28:57+00:00","author":{"@id":"https:\/\/kuali.com.mx\/web\/#\/schema\/person\/6f89ffa8ecba9dae50662357923c5289"},"breadcrumb":{"@id":"https:\/\/kuali.com.mx\/web\/2022\/05\/02\/ofertan-mil-700-empleos-en-celaya\/#breadcrumb"},"inLanguage":"es","potentialAction":[{"@type":"ReadAction","target":["https:\/\/kuali.com.mx\/web\/2022\/05\/02\/ofertan-mil-700-empleos-en-celaya\/"]}]},{"@type":"ImageObject","inLanguage":"es","@id":"https:\/\/kuali.com.mx\/web\/2022\/05\/02\/ofertan-mil-700-empleos-en-celaya\/#primaryimage","url":"https:\/\/kuali.com.mx\/web\/wp-content\/uploads\/2022\/05\/Feria-de-empleo-Celaya-2.jpg","contentUrl":"https:\/\/kuali.com.mx\/web\/wp-content\/uploads\/2022\/05\/Feria-de-empleo-Celaya-2.jpg","width":1950,"height":1159},{"@type":"BreadcrumbList","@id":"https:\/\/kuali.com.mx\/web\/2022\/05\/02\/ofertan-mil-700-empleos-en-celaya\/#breadcrumb","itemListElement":[{"@type":"ListItem","position":1,"name":"Inicio","item":"https:\/\/kuali.com.mx\/web\/"},{"@type":"ListItem","position":2,"name":"OFERTAN MIL 700 EMPLEOS EN CELAYA"}]},{"@type":"WebSite","@id":"https:\/\/kuali.com.mx\/web\/#website","url":"https:\/\/kuali.com.mx\/web\/","name":"Kuali","description":"","potentialAction":[{"@type":"SearchAction","target":{"@type":"EntryPoint","urlTemplate":"https:\/\/kuali.com.mx\/web\/?s={search_term_string}"},"query-input":{"@type":"PropertyValueSpecification","valueRequired":true,"valueName":"search_term_string"}}],"inLanguage":"es"},{"@type":"Person","@id":"https:\/\/kuali.com.mx\/web\/#\/schema\/person\/6f89ffa8ecba9dae50662357923c5289","name":"Kuali Staff","image":{"@type":"ImageObject","inLanguage":"es","@id":"https:\/\/secure.gravatar.com\/avatar\/f917ad82e5ab71227a733c78b6e60715476f69ee6be59feee4eb5d9920c89e0f?s=96&d=mm&r=g","url":"https:\/\/secure.gravatar.com\/avatar\/f917ad82e5ab71227a733c78b6e60715476f69ee6be59feee4eb5d9920c89e0f?s=96&d=mm&r=g","contentUrl":"https:\/\/secure.gravatar.com\/avatar\/f917ad82e5ab71227a733c78b6e60715476f69ee6be59feee4eb5d9920c89e0f?s=96&d=mm&r=g","caption":"Kuali Staff"},"url":"https:\/\/kuali.com.mx\/web\/author\/lagarto\/"}]}},"_links":{"self":[{"href":"https:\/\/kuali.com.mx\/web\/wp-json\/wp\/v2\/posts\/95898","targetHints":{"allow":["GET"]}}],"collection":[{"href":"https:\/\/kuali.com.mx\/web\/wp-json\/wp\/v2\/posts"}],"about":[{"href":"https:\/\/kuali.com.mx\/web\/wp-json\/wp\/v2\/types\/post"}],"author":[{"embeddable":true,"href":"https:\/\/kuali.com.mx\/web\/wp-json\/wp\/v2\/users\/2"}],"replies":[{"embeddable":true,"href":"https:\/\/kuali.com.mx\/web\/wp-json\/wp\/v2\/comments?post=95898"}],"version-history":[{"count":1,"href":"https:\/\/kuali.com.mx\/web\/wp-json\/wp\/v2\/posts\/95898\/revisions"}],"predecessor-version":[{"id":95901,"href":"https:\/\/kuali.com.mx\/web\/wp-json\/wp\/v2\/posts\/95898\/revisions\/95901"}],"wp:featuredmedia":[{"embeddable":true,"href":"https:\/\/kuali.com.mx\/web\/wp-json\/wp\/v2\/media\/95900"}],"wp:attachment":[{"href":"https:\/\/kuali.com.mx\/web\/wp-json\/wp\/v2\/media?parent=95898"}],"wp:term":[{"taxonomy":"category","embeddable":true,"href":"https:\/\/kuali.com.mx\/web\/wp-json\/wp\/v2\/categories?post=95898"},{"taxonomy":"post_tag","embeddable":true,"href":"https:\/\/kuali.com.mx\/web\/wp-json\/wp\/v2\/tags?post=95898"}],"curies":[{"name":"wp","href":"https:\/\/api.w.org\/{rel}","templated":true}]}}