{"id":95886,"date":"2022-05-02T12:50:06","date_gmt":"2022-05-02T18:50:06","guid":{"rendered":"https:\/\/kuali.com.mx\/web\/?p=95886"},"modified":"2022-05-02T15:29:52","modified_gmt":"2022-05-02T21:29:52","slug":"se-consolida-lafc-en-la-cima-del-oeste","status":"publish","type":"post","link":"https:\/\/kuali.com.mx\/web\/2022\/05\/02\/se-consolida-lafc-en-la-cima-del-oeste\/","title":{"rendered":"SE CONSOLIDA LAFC EN LA CIMA\u00a0DEL OESTE"},"content":{"rendered":"\n<p><strong><em>MariLuz Medina\/Fotos:Israel Gonz\u00e1lez\/Los \u00c1ngeles,C.A<\/em><\/strong>.- Un triunfo logrado en los \u00faltimos minutos, ha consolidado a LAFC como l\u00edder de la Conferencia del Oeste tras vencer 2 por 0 a Minnesota United FC, en partido de la 9na. semana del campeonato 2022 de la Major League Soccer.<\/p>\n\n\n\n<p>El cotejo que se efectu\u00f3 en el Banc of California ante entusiasta p\u00fablico que una vez m\u00e1s lleno el graderio, tuvo dos tiempos muy diferentes, siendo el segundo emocionanrte, pues los visitantes tuvieron opciones de anotar, que desperdiciaron.<\/p>\n\n\n\n<p>El ariete de LAFC, Carlos Vela y recien renovado con el equipo realiz\u00f3 un buen partido, pero no pudo anotar, as\u00ed como tampoco Chicho Arango empero antes de las anotaciones que sellaron la victoria, los aficionados ahogaron los gritos ante los tiros de los aurinegros que rozaban el marco visitante, pero no iban al fondo de las redes.<\/p>\n\n\n\n<figure class=\"wp-block-image size-large\"><img loading=\"lazy\" decoding=\"async\" width=\"1024\" height=\"579\" src=\"https:\/\/kuali.com.mx\/web\/wp-content\/uploads\/2022\/05\/LAFC-2-1024x579.jpg\" alt=\"\" class=\"wp-image-95889\" srcset=\"https:\/\/kuali.com.mx\/web\/wp-content\/uploads\/2022\/05\/LAFC-2-1024x579.jpg 1024w, https:\/\/kuali.com.mx\/web\/wp-content\/uploads\/2022\/05\/LAFC-2-300x170.jpg 300w, https:\/\/kuali.com.mx\/web\/wp-content\/uploads\/2022\/05\/LAFC-2-768x434.jpg 768w, https:\/\/kuali.com.mx\/web\/wp-content\/uploads\/2022\/05\/LAFC-2-1536x869.jpg 1536w, https:\/\/kuali.com.mx\/web\/wp-content\/uploads\/2022\/05\/LAFC-2-2048x1159.jpg 2048w\" sizes=\"auto, (max-width: 1024px) 100vw, 1024px\" \/><\/figure>\n\n\n\n<p>Fue hasta el 82' que Ryan Hollingshead lleg\u00f3 por sorpresa desde atr\u00e1s para empujar una pelota que se paseaba frente a la l\u00ednea de gol a media altura.<\/p>\n\n\n\n<p>El segundo tanto de los angelinos se present\u00f3 hasta el 92', cuando Jos\u00e9 Cifuentes empuj\u00f3 un bal\u00f3n que de nueva cuenta llegaba como centro desde la banda izquierda, ahora a centro de Ginella.<\/p>\n\n\n\n<figure class=\"wp-block-image size-large\"><img loading=\"lazy\" decoding=\"async\" width=\"1024\" height=\"631\" src=\"https:\/\/kuali.com.mx\/web\/wp-content\/uploads\/2022\/05\/LAFC-3-1024x631.jpg\" alt=\"\" class=\"wp-image-95890\" srcset=\"https:\/\/kuali.com.mx\/web\/wp-content\/uploads\/2022\/05\/LAFC-3-1024x631.jpg 1024w, https:\/\/kuali.com.mx\/web\/wp-content\/uploads\/2022\/05\/LAFC-3-300x185.jpg 300w, https:\/\/kuali.com.mx\/web\/wp-content\/uploads\/2022\/05\/LAFC-3-768x473.jpg 768w, https:\/\/kuali.com.mx\/web\/wp-content\/uploads\/2022\/05\/LAFC-3-1536x947.jpg 1536w, https:\/\/kuali.com.mx\/web\/wp-content\/uploads\/2022\/05\/LAFC-3-2048x1263.jpg 2048w\" sizes=\"auto, (max-width: 1024px) 100vw, 1024px\" \/><\/figure>\n\n\n\n<p>El 10 de LAFC, Carlos Vela dur\u00f3 88' minutos en el campo y su equipo es l\u00edder de la Conferencia Oeste con 22 puntos en 9 partidos, dos unidades m\u00e1s que Austin FC, su m\u00e1s cercano perseguidor, que tiene 20.<\/p>\n","protected":false},"excerpt":{"rendered":"MariLuz Medina\/Fotos:Israel Gonz\u00e1lez\/Los \u00c1ngeles,C.A.- Un triunfo logrado en los \u00faltimos minutos, ha consolidado a LAFC como l\u00edder de la Conferencia del Oeste tras vencer 2 por 0 a Minnesota United FC, en partido de la 9na. semana del campeonato 2022 de la Major League Soccer. El cotejo que se efectu\u00f3 en el Banc of California [&hellip;]","protected":false},"author":2,"featured_media":95888,"comment_status":"open","ping_status":"open","sticky":false,"template":"","format":"standard","meta":{"_seopress_robots_primary_cat":"none","_seopress_titles_title":"","_seopress_titles_desc":"","_seopress_robots_index":"","_monsterinsights_skip_tracking":false,"_monsterinsights_sitenote_active":false,"_monsterinsights_sitenote_note":"","_monsterinsights_sitenote_category":0,"footnotes":""},"categories":[16],"tags":[],"class_list":["post-95886","post","type-post","status-publish","format-standard","has-post-thumbnail","hentry","category-deportes"],"yoast_head":"<!-- This site is optimized with the Yoast SEO plugin v27.4 - https:\/\/yoast.com\/product\/yoast-seo-wordpress\/ -->\n<title>SE CONSOLIDA LAFC EN LA CIMA\u00a0DEL OESTE - Kuali<\/title>\n<meta name=\"robots\" content=\"index, follow, max-snippet:-1, max-image-preview:large, max-video-preview:-1\" \/>\n<link rel=\"canonical\" href=\"https:\/\/kuali.com.mx\/web\/2022\/05\/02\/se-consolida-lafc-en-la-cima-del-oeste\/\" \/>\n<meta property=\"og:locale\" content=\"es_MX\" \/>\n<meta property=\"og:type\" content=\"article\" \/>\n<meta property=\"og:title\" content=\"SE CONSOLIDA LAFC EN LA CIMA\u00a0DEL OESTE - Kuali\" \/>\n<meta property=\"og:description\" content=\"MariLuz Medina\/Fotos:Israel Gonz\u00e1lez\/Los \u00c1ngeles,C.A.- Un triunfo logrado en los \u00faltimos minutos, ha consolidado a LAFC como l\u00edder de la Conferencia del Oeste tras vencer 2 por 0 a Minnesota United FC, en partido de la 9na. semana del campeonato 2022 de la Major League Soccer. El cotejo que se efectu\u00f3 en el Banc of California [&hellip;]\" \/>\n<meta property=\"og:url\" content=\"https:\/\/kuali.com.mx\/web\/2022\/05\/02\/se-consolida-lafc-en-la-cima-del-oeste\/\" \/>\n<meta property=\"og:site_name\" content=\"Kuali\" \/>\n<meta property=\"article:publisher\" content=\"https:\/\/kuali.com.mx\/web\/wp-content\/uploads\/2018\/04\/cropped-kuali_logo-1-1.png\" \/>\n<meta property=\"article:published_time\" content=\"2022-05-02T18:50:06+00:00\" \/>\n<meta property=\"article:modified_time\" content=\"2022-05-02T21:29:52+00:00\" \/>\n<meta property=\"og:image\" content=\"https:\/\/kuali.com.mx\/web\/wp-content\/uploads\/2022\/05\/LAFC-1.jpg\" \/>\n\t<meta property=\"og:image:width\" content=\"2245\" \/>\n\t<meta property=\"og:image:height\" content=\"1345\" \/>\n\t<meta property=\"og:image:type\" content=\"image\/jpeg\" \/>\n<meta name=\"author\" content=\"Kuali Staff\" \/>\n<meta name=\"twitter:card\" content=\"summary_large_image\" \/>\n<meta name=\"twitter:creator\" content=\"@kuali_noticias\" \/>\n<meta name=\"twitter:site\" content=\"@kuali_noticias\" \/>\n<meta name=\"twitter:label1\" content=\"Escrito por\" \/>\n\t<meta name=\"twitter:data1\" content=\"Kuali Staff\" \/>\n\t<meta name=\"twitter:label2\" content=\"Tiempo de lectura\" \/>\n\t<meta name=\"twitter:data2\" content=\"1 minuto\" \/>\n<script type=\"application\/ld+json\" class=\"yoast-schema-graph\">{\"@context\":\"https:\\\/\\\/schema.org\",\"@graph\":[{\"@type\":\"Article\",\"@id\":\"https:\\\/\\\/kuali.com.mx\\\/web\\\/2022\\\/05\\\/02\\\/se-consolida-lafc-en-la-cima-del-oeste\\\/#article\",\"isPartOf\":{\"@id\":\"https:\\\/\\\/kuali.com.mx\\\/web\\\/2022\\\/05\\\/02\\\/se-consolida-lafc-en-la-cima-del-oeste\\\/\"},\"author\":{\"name\":\"Kuali Staff\",\"@id\":\"https:\\\/\\\/kuali.com.mx\\\/web\\\/#\\\/schema\\\/person\\\/6f89ffa8ecba9dae50662357923c5289\"},\"headline\":\"SE CONSOLIDA LAFC EN LA CIMA\u00a0DEL OESTE\",\"datePublished\":\"2022-05-02T18:50:06+00:00\",\"dateModified\":\"2022-05-02T21:29:52+00:00\",\"mainEntityOfPage\":{\"@id\":\"https:\\\/\\\/kuali.com.mx\\\/web\\\/2022\\\/05\\\/02\\\/se-consolida-lafc-en-la-cima-del-oeste\\\/\"},\"wordCount\":259,\"commentCount\":0,\"image\":{\"@id\":\"https:\\\/\\\/kuali.com.mx\\\/web\\\/2022\\\/05\\\/02\\\/se-consolida-lafc-en-la-cima-del-oeste\\\/#primaryimage\"},\"thumbnailUrl\":\"https:\\\/\\\/kuali.com.mx\\\/web\\\/wp-content\\\/uploads\\\/2022\\\/05\\\/LAFC-1.jpg\",\"articleSection\":[\"Deportes\"],\"inLanguage\":\"es\",\"potentialAction\":[{\"@type\":\"CommentAction\",\"name\":\"Comment\",\"target\":[\"https:\\\/\\\/kuali.com.mx\\\/web\\\/2022\\\/05\\\/02\\\/se-consolida-lafc-en-la-cima-del-oeste\\\/#respond\"]}]},{\"@type\":\"WebPage\",\"@id\":\"https:\\\/\\\/kuali.com.mx\\\/web\\\/2022\\\/05\\\/02\\\/se-consolida-lafc-en-la-cima-del-oeste\\\/\",\"url\":\"https:\\\/\\\/kuali.com.mx\\\/web\\\/2022\\\/05\\\/02\\\/se-consolida-lafc-en-la-cima-del-oeste\\\/\",\"name\":\"SE CONSOLIDA LAFC EN LA CIMA\u00a0DEL OESTE - Kuali\",\"isPartOf\":{\"@id\":\"https:\\\/\\\/kuali.com.mx\\\/web\\\/#website\"},\"primaryImageOfPage\":{\"@id\":\"https:\\\/\\\/kuali.com.mx\\\/web\\\/2022\\\/05\\\/02\\\/se-consolida-lafc-en-la-cima-del-oeste\\\/#primaryimage\"},\"image\":{\"@id\":\"https:\\\/\\\/kuali.com.mx\\\/web\\\/2022\\\/05\\\/02\\\/se-consolida-lafc-en-la-cima-del-oeste\\\/#primaryimage\"},\"thumbnailUrl\":\"https:\\\/\\\/kuali.com.mx\\\/web\\\/wp-content\\\/uploads\\\/2022\\\/05\\\/LAFC-1.jpg\",\"datePublished\":\"2022-05-02T18:50:06+00:00\",\"dateModified\":\"2022-05-02T21:29:52+00:00\",\"author\":{\"@id\":\"https:\\\/\\\/kuali.com.mx\\\/web\\\/#\\\/schema\\\/person\\\/6f89ffa8ecba9dae50662357923c5289\"},\"breadcrumb\":{\"@id\":\"https:\\\/\\\/kuali.com.mx\\\/web\\\/2022\\\/05\\\/02\\\/se-consolida-lafc-en-la-cima-del-oeste\\\/#breadcrumb\"},\"inLanguage\":\"es\",\"potentialAction\":[{\"@type\":\"ReadAction\",\"target\":[\"https:\\\/\\\/kuali.com.mx\\\/web\\\/2022\\\/05\\\/02\\\/se-consolida-lafc-en-la-cima-del-oeste\\\/\"]}]},{\"@type\":\"ImageObject\",\"inLanguage\":\"es\",\"@id\":\"https:\\\/\\\/kuali.com.mx\\\/web\\\/2022\\\/05\\\/02\\\/se-consolida-lafc-en-la-cima-del-oeste\\\/#primaryimage\",\"url\":\"https:\\\/\\\/kuali.com.mx\\\/web\\\/wp-content\\\/uploads\\\/2022\\\/05\\\/LAFC-1.jpg\",\"contentUrl\":\"https:\\\/\\\/kuali.com.mx\\\/web\\\/wp-content\\\/uploads\\\/2022\\\/05\\\/LAFC-1.jpg\",\"width\":2245,\"height\":1345},{\"@type\":\"BreadcrumbList\",\"@id\":\"https:\\\/\\\/kuali.com.mx\\\/web\\\/2022\\\/05\\\/02\\\/se-consolida-lafc-en-la-cima-del-oeste\\\/#breadcrumb\",\"itemListElement\":[{\"@type\":\"ListItem\",\"position\":1,\"name\":\"Inicio\",\"item\":\"https:\\\/\\\/kuali.com.mx\\\/web\\\/\"},{\"@type\":\"ListItem\",\"position\":2,\"name\":\"SE CONSOLIDA LAFC EN LA CIMA\u00a0DEL OESTE\"}]},{\"@type\":\"WebSite\",\"@id\":\"https:\\\/\\\/kuali.com.mx\\\/web\\\/#website\",\"url\":\"https:\\\/\\\/kuali.com.mx\\\/web\\\/\",\"name\":\"Kuali\",\"description\":\"\",\"potentialAction\":[{\"@type\":\"SearchAction\",\"target\":{\"@type\":\"EntryPoint\",\"urlTemplate\":\"https:\\\/\\\/kuali.com.mx\\\/web\\\/?s={search_term_string}\"},\"query-input\":{\"@type\":\"PropertyValueSpecification\",\"valueRequired\":true,\"valueName\":\"search_term_string\"}}],\"inLanguage\":\"es\"},{\"@type\":\"Person\",\"@id\":\"https:\\\/\\\/kuali.com.mx\\\/web\\\/#\\\/schema\\\/person\\\/6f89ffa8ecba9dae50662357923c5289\",\"name\":\"Kuali Staff\",\"image\":{\"@type\":\"ImageObject\",\"inLanguage\":\"es\",\"@id\":\"https:\\\/\\\/secure.gravatar.com\\\/avatar\\\/f917ad82e5ab71227a733c78b6e60715476f69ee6be59feee4eb5d9920c89e0f?s=96&d=mm&r=g\",\"url\":\"https:\\\/\\\/secure.gravatar.com\\\/avatar\\\/f917ad82e5ab71227a733c78b6e60715476f69ee6be59feee4eb5d9920c89e0f?s=96&d=mm&r=g\",\"contentUrl\":\"https:\\\/\\\/secure.gravatar.com\\\/avatar\\\/f917ad82e5ab71227a733c78b6e60715476f69ee6be59feee4eb5d9920c89e0f?s=96&d=mm&r=g\",\"caption\":\"Kuali Staff\"},\"url\":\"https:\\\/\\\/kuali.com.mx\\\/web\\\/author\\\/lagarto\\\/\"}]}<\/script>\n<!-- \/ Yoast SEO plugin. -->","yoast_head_json":{"title":"SE CONSOLIDA LAFC EN LA CIMA\u00a0DEL OESTE - Kuali","robots":{"index":"index","follow":"follow","max-snippet":"max-snippet:-1","max-image-preview":"max-image-preview:large","max-video-preview":"max-video-preview:-1"},"canonical":"https:\/\/kuali.com.mx\/web\/2022\/05\/02\/se-consolida-lafc-en-la-cima-del-oeste\/","og_locale":"es_MX","og_type":"article","og_title":"SE CONSOLIDA LAFC EN LA CIMA\u00a0DEL OESTE - Kuali","og_description":"MariLuz Medina\/Fotos:Israel Gonz\u00e1lez\/Los \u00c1ngeles,C.A.- Un triunfo logrado en los \u00faltimos minutos, ha consolidado a LAFC como l\u00edder de la Conferencia del Oeste tras vencer 2 por 0 a Minnesota United FC, en partido de la 9na. semana del campeonato 2022 de la Major League Soccer. El cotejo que se efectu\u00f3 en el Banc of California [&hellip;]","og_url":"https:\/\/kuali.com.mx\/web\/2022\/05\/02\/se-consolida-lafc-en-la-cima-del-oeste\/","og_site_name":"Kuali","article_publisher":"https:\/\/kuali.com.mx\/web\/wp-content\/uploads\/2018\/04\/cropped-kuali_logo-1-1.png","article_published_time":"2022-05-02T18:50:06+00:00","article_modified_time":"2022-05-02T21:29:52+00:00","og_image":[{"width":2245,"height":1345,"url":"https:\/\/kuali.com.mx\/web\/wp-content\/uploads\/2022\/05\/LAFC-1.jpg","type":"image\/jpeg"}],"author":"Kuali Staff","twitter_card":"summary_large_image","twitter_creator":"@kuali_noticias","twitter_site":"@kuali_noticias","twitter_misc":{"Escrito por":"Kuali Staff","Tiempo de lectura":"1 minuto"},"schema":{"@context":"https:\/\/schema.org","@graph":[{"@type":"Article","@id":"https:\/\/kuali.com.mx\/web\/2022\/05\/02\/se-consolida-lafc-en-la-cima-del-oeste\/#article","isPartOf":{"@id":"https:\/\/kuali.com.mx\/web\/2022\/05\/02\/se-consolida-lafc-en-la-cima-del-oeste\/"},"author":{"name":"Kuali Staff","@id":"https:\/\/kuali.com.mx\/web\/#\/schema\/person\/6f89ffa8ecba9dae50662357923c5289"},"headline":"SE CONSOLIDA LAFC EN LA CIMA\u00a0DEL OESTE","datePublished":"2022-05-02T18:50:06+00:00","dateModified":"2022-05-02T21:29:52+00:00","mainEntityOfPage":{"@id":"https:\/\/kuali.com.mx\/web\/2022\/05\/02\/se-consolida-lafc-en-la-cima-del-oeste\/"},"wordCount":259,"commentCount":0,"image":{"@id":"https:\/\/kuali.com.mx\/web\/2022\/05\/02\/se-consolida-lafc-en-la-cima-del-oeste\/#primaryimage"},"thumbnailUrl":"https:\/\/kuali.com.mx\/web\/wp-content\/uploads\/2022\/05\/LAFC-1.jpg","articleSection":["Deportes"],"inLanguage":"es","potentialAction":[{"@type":"CommentAction","name":"Comment","target":["https:\/\/kuali.com.mx\/web\/2022\/05\/02\/se-consolida-lafc-en-la-cima-del-oeste\/#respond"]}]},{"@type":"WebPage","@id":"https:\/\/kuali.com.mx\/web\/2022\/05\/02\/se-consolida-lafc-en-la-cima-del-oeste\/","url":"https:\/\/kuali.com.mx\/web\/2022\/05\/02\/se-consolida-lafc-en-la-cima-del-oeste\/","name":"SE CONSOLIDA LAFC EN LA CIMA\u00a0DEL OESTE - Kuali","isPartOf":{"@id":"https:\/\/kuali.com.mx\/web\/#website"},"primaryImageOfPage":{"@id":"https:\/\/kuali.com.mx\/web\/2022\/05\/02\/se-consolida-lafc-en-la-cima-del-oeste\/#primaryimage"},"image":{"@id":"https:\/\/kuali.com.mx\/web\/2022\/05\/02\/se-consolida-lafc-en-la-cima-del-oeste\/#primaryimage"},"thumbnailUrl":"https:\/\/kuali.com.mx\/web\/wp-content\/uploads\/2022\/05\/LAFC-1.jpg","datePublished":"2022-05-02T18:50:06+00:00","dateModified":"2022-05-02T21:29:52+00:00","author":{"@id":"https:\/\/kuali.com.mx\/web\/#\/schema\/person\/6f89ffa8ecba9dae50662357923c5289"},"breadcrumb":{"@id":"https:\/\/kuali.com.mx\/web\/2022\/05\/02\/se-consolida-lafc-en-la-cima-del-oeste\/#breadcrumb"},"inLanguage":"es","potentialAction":[{"@type":"ReadAction","target":["https:\/\/kuali.com.mx\/web\/2022\/05\/02\/se-consolida-lafc-en-la-cima-del-oeste\/"]}]},{"@type":"ImageObject","inLanguage":"es","@id":"https:\/\/kuali.com.mx\/web\/2022\/05\/02\/se-consolida-lafc-en-la-cima-del-oeste\/#primaryimage","url":"https:\/\/kuali.com.mx\/web\/wp-content\/uploads\/2022\/05\/LAFC-1.jpg","contentUrl":"https:\/\/kuali.com.mx\/web\/wp-content\/uploads\/2022\/05\/LAFC-1.jpg","width":2245,"height":1345},{"@type":"BreadcrumbList","@id":"https:\/\/kuali.com.mx\/web\/2022\/05\/02\/se-consolida-lafc-en-la-cima-del-oeste\/#breadcrumb","itemListElement":[{"@type":"ListItem","position":1,"name":"Inicio","item":"https:\/\/kuali.com.mx\/web\/"},{"@type":"ListItem","position":2,"name":"SE CONSOLIDA LAFC EN LA CIMA\u00a0DEL OESTE"}]},{"@type":"WebSite","@id":"https:\/\/kuali.com.mx\/web\/#website","url":"https:\/\/kuali.com.mx\/web\/","name":"Kuali","description":"","potentialAction":[{"@type":"SearchAction","target":{"@type":"EntryPoint","urlTemplate":"https:\/\/kuali.com.mx\/web\/?s={search_term_string}"},"query-input":{"@type":"PropertyValueSpecification","valueRequired":true,"valueName":"search_term_string"}}],"inLanguage":"es"},{"@type":"Person","@id":"https:\/\/kuali.com.mx\/web\/#\/schema\/person\/6f89ffa8ecba9dae50662357923c5289","name":"Kuali Staff","image":{"@type":"ImageObject","inLanguage":"es","@id":"https:\/\/secure.gravatar.com\/avatar\/f917ad82e5ab71227a733c78b6e60715476f69ee6be59feee4eb5d9920c89e0f?s=96&d=mm&r=g","url":"https:\/\/secure.gravatar.com\/avatar\/f917ad82e5ab71227a733c78b6e60715476f69ee6be59feee4eb5d9920c89e0f?s=96&d=mm&r=g","contentUrl":"https:\/\/secure.gravatar.com\/avatar\/f917ad82e5ab71227a733c78b6e60715476f69ee6be59feee4eb5d9920c89e0f?s=96&d=mm&r=g","caption":"Kuali Staff"},"url":"https:\/\/kuali.com.mx\/web\/author\/lagarto\/"}]}},"_links":{"self":[{"href":"https:\/\/kuali.com.mx\/web\/wp-json\/wp\/v2\/posts\/95886","targetHints":{"allow":["GET"]}}],"collection":[{"href":"https:\/\/kuali.com.mx\/web\/wp-json\/wp\/v2\/posts"}],"about":[{"href":"https:\/\/kuali.com.mx\/web\/wp-json\/wp\/v2\/types\/post"}],"author":[{"embeddable":true,"href":"https:\/\/kuali.com.mx\/web\/wp-json\/wp\/v2\/users\/2"}],"replies":[{"embeddable":true,"href":"https:\/\/kuali.com.mx\/web\/wp-json\/wp\/v2\/comments?post=95886"}],"version-history":[{"count":2,"href":"https:\/\/kuali.com.mx\/web\/wp-json\/wp\/v2\/posts\/95886\/revisions"}],"predecessor-version":[{"id":95903,"href":"https:\/\/kuali.com.mx\/web\/wp-json\/wp\/v2\/posts\/95886\/revisions\/95903"}],"wp:featuredmedia":[{"embeddable":true,"href":"https:\/\/kuali.com.mx\/web\/wp-json\/wp\/v2\/media\/95888"}],"wp:attachment":[{"href":"https:\/\/kuali.com.mx\/web\/wp-json\/wp\/v2\/media?parent=95886"}],"wp:term":[{"taxonomy":"category","embeddable":true,"href":"https:\/\/kuali.com.mx\/web\/wp-json\/wp\/v2\/categories?post=95886"},{"taxonomy":"post_tag","embeddable":true,"href":"https:\/\/kuali.com.mx\/web\/wp-json\/wp\/v2\/tags?post=95886"}],"curies":[{"name":"wp","href":"https:\/\/api.w.org\/{rel}","templated":true}]}}