{"id":95841,"date":"2022-04-30T20:18:44","date_gmt":"2022-05-01T02:18:44","guid":{"rendered":"https:\/\/kuali.com.mx\/web\/?p=95841"},"modified":"2022-05-03T15:28:19","modified_gmt":"2022-05-03T21:28:19","slug":"indigna-a-padres-de-angel-liberacion-de-guardia-nacional","status":"publish","type":"post","link":"https:\/\/kuali.com.mx\/web\/2022\/04\/30\/indigna-a-padres-de-angel-liberacion-de-guardia-nacional\/","title":{"rendered":"INDIGNA A PADRES DE \u00c1NGEL LIBERACI\u00d3N DE GUARDIA NACIONAL"},"content":{"rendered":"\n<p><strong><em>Carlos Garc\u00eda\/Irapuato, Gto.-<\/em><\/strong> Es indignante la liberaci\u00f3n del elemento de la Guardia Nacional que asesin\u00f3 a balazos al estudiante de la Universidad de Guanajuato (UG), \u00c1ngel Yael Ignacio Rangel, se\u00f1alaron Norma Luc\u00eda  Rangel S\u00e1nchez y Gerardo Ignacio Campos, padres del universitario.<\/p>\n\n\n\n<p>Un Juez de Control Federal no vincul\u00f3 a proceso penal al guardia nacional, pero la Fiscal\u00eda General de la Republica (FGR) judicializ\u00f3 el crimen como tentativa de homicidio, revel\u00f3 el rector de la UG, Luis Felipe Guerrero Agripino.<\/p>\n\n\n\n<p>\u201cEsta resoluci\u00f3n es indignante. Exigimos justicia, la muerte de \u00c1ngel no puede quedar impune\u201d, difundieron a trav\u00e9s de una carta enviada a los medios de comunicaci\u00f3n.<\/p>\n\n\n\n<p>Pidieron que el homicidio de \u00c1ngel sea el inicio a un camino distinto y que este tipo de historias dejen de ser cotidianas en Guanajuato y en M\u00e9xico.<\/p>\n\n\n\n<p>\u201c\u00a1Basta ya de vivir acostumbrados a estas injusticias!\u201d, clamaron.<\/p>\n\n\n\n<p>Norma y Gerardo manifestaron que est\u00e1n conscientes que la vida de \u00c1ngel no ser\u00e1 devuelta.<\/p>\n\n\n\n<p>\u201cEsto puede parar para que no haya un \u00c1ngel m\u00e1s, que ninguna madre tenga que vivir esto\u201d, se\u00f1alaron.<\/p>\n\n\n\n<p>Los padres de \u00c1ngel informaron que la Guardia Nacional los cit\u00f3, pero no aceptaron la invitaci\u00f3n realizada por la Oficial Mayor, Evangelina Hern\u00e1ndez.<\/p>\n\n\n\n<p>\u201cEsperaremos hasta que haya una explicaci\u00f3n que consideremos justa y sea congruente con los hechos, esperamos acciones inmediatas del Ministerio P\u00fablico Federal y exigimos como padres de familia una investigaci\u00f3n profunda, exhaustiva y rigurosa\u201d, solicitaron.<\/p>\n\n\n\n<p>La sociedad no olvidar\u00e1 que la Guardia Nacional atac\u00f3 a cuatro estudiantes de la Universidad de Guanajuato, donde muri\u00f3 \u00c1ngel y result\u00f3 lesionada Alejandra Carrillo Franco, puntualizaron.<\/p>\n\n\n\n<p>\u201cMi hijo muri\u00f3 y eso no va a cambiar, pero la impartici\u00f3n de justicia en nuestro pa\u00eds si puede ser diferente\u201d, argumentaron.<\/p>\n\n\n\n<p>\u201c\u00a1Hagamos justicia en memoria de \u00c1ngel, para beneficio de todos los estudiantes del pa\u00eds!\u201d, pidieron los padres del estudiante de Agronom\u00eda.<\/p>\n\n\n\n<p>El mi\u00e9rcoles, cuatro estudiantes de la UG conviv\u00edan en el interior de una camioneta, en las inmediaciones de la comunidad El Copal del municipio de Irapuato, donde est\u00e1n las instalaciones de la universidad.<\/p>\n\n\n\n<p>Al lugar llegaron elementos de la Guardia Nacional y uno de ellos dispar\u00f3 contra los universitarios de manera \u201cunilateral\u201d, reconoci\u00f3 la dependencia en un comunicado.<\/p>\n","protected":false},"excerpt":{"rendered":"Carlos Garc\u00eda\/Irapuato, Gto.- Es indignante la liberaci\u00f3n del elemento de la Guardia Nacional que asesin\u00f3 a balazos al estudiante de la Universidad de Guanajuato (UG), \u00c1ngel Yael Ignacio Rangel, se\u00f1alaron Norma Luc\u00eda Rangel S\u00e1nchez y Gerardo Ignacio Campos, padres del universitario. Un Juez de Control Federal no vincul\u00f3 a proceso penal al guardia nacional, pero [&hellip;]","protected":false},"author":2,"featured_media":95719,"comment_status":"open","ping_status":"open","sticky":false,"template":"","format":"standard","meta":{"_seopress_robots_primary_cat":"none","_seopress_titles_title":"","_seopress_titles_desc":"","_seopress_robots_index":"","_monsterinsights_skip_tracking":false,"_monsterinsights_sitenote_active":false,"_monsterinsights_sitenote_note":"","_monsterinsights_sitenote_category":0,"footnotes":""},"categories":[14,69],"tags":[],"class_list":["post-95841","post","type-post","status-publish","format-standard","has-post-thumbnail","hentry","category-derechos","category-slider"],"yoast_head":"<!-- This site is optimized with the Yoast SEO plugin v27.4 - https:\/\/yoast.com\/product\/yoast-seo-wordpress\/ -->\n<title>INDIGNA A PADRES DE \u00c1NGEL LIBERACI\u00d3N DE GUARDIA NACIONAL - Kuali<\/title>\n<meta name=\"robots\" content=\"index, follow, max-snippet:-1, max-image-preview:large, max-video-preview:-1\" \/>\n<link rel=\"canonical\" href=\"https:\/\/kuali.com.mx\/web\/2022\/04\/30\/indigna-a-padres-de-angel-liberacion-de-guardia-nacional\/\" \/>\n<meta property=\"og:locale\" content=\"es_MX\" \/>\n<meta property=\"og:type\" content=\"article\" \/>\n<meta property=\"og:title\" content=\"INDIGNA A PADRES DE \u00c1NGEL LIBERACI\u00d3N DE GUARDIA NACIONAL - Kuali\" \/>\n<meta property=\"og:description\" content=\"Carlos Garc\u00eda\/Irapuato, Gto.- Es indignante la liberaci\u00f3n del elemento de la Guardia Nacional que asesin\u00f3 a balazos al estudiante de la Universidad de Guanajuato (UG), \u00c1ngel Yael Ignacio Rangel, se\u00f1alaron Norma Luc\u00eda Rangel S\u00e1nchez y Gerardo Ignacio Campos, padres del universitario. Un Juez de Control Federal no vincul\u00f3 a proceso penal al guardia nacional, pero [&hellip;]\" \/>\n<meta property=\"og:url\" content=\"https:\/\/kuali.com.mx\/web\/2022\/04\/30\/indigna-a-padres-de-angel-liberacion-de-guardia-nacional\/\" \/>\n<meta property=\"og:site_name\" content=\"Kuali\" \/>\n<meta property=\"article:publisher\" content=\"https:\/\/kuali.com.mx\/web\/wp-content\/uploads\/2018\/04\/cropped-kuali_logo-1-1.png\" \/>\n<meta property=\"article:published_time\" content=\"2022-05-01T02:18:44+00:00\" \/>\n<meta property=\"article:modified_time\" content=\"2022-05-03T21:28:19+00:00\" \/>\n<meta property=\"og:image\" content=\"https:\/\/kuali.com.mx\/web\/wp-content\/uploads\/2022\/04\/Manifestacion-asesinato-estudiante-UG.jpeg\" \/>\n\t<meta property=\"og:image:width\" content=\"1741\" \/>\n\t<meta property=\"og:image:height\" content=\"750\" \/>\n\t<meta property=\"og:image:type\" content=\"image\/jpeg\" \/>\n<meta name=\"author\" content=\"Kuali Staff\" \/>\n<meta name=\"twitter:card\" content=\"summary_large_image\" \/>\n<meta name=\"twitter:creator\" content=\"@kuali_noticias\" \/>\n<meta name=\"twitter:site\" content=\"@kuali_noticias\" \/>\n<meta name=\"twitter:label1\" content=\"Escrito por\" \/>\n\t<meta name=\"twitter:data1\" content=\"Kuali Staff\" \/>\n\t<meta name=\"twitter:label2\" content=\"Tiempo de lectura\" \/>\n\t<meta name=\"twitter:data2\" content=\"2 minutos\" \/>\n<script type=\"application\/ld+json\" class=\"yoast-schema-graph\">{\"@context\":\"https:\\\/\\\/schema.org\",\"@graph\":[{\"@type\":\"Article\",\"@id\":\"https:\\\/\\\/kuali.com.mx\\\/web\\\/2022\\\/04\\\/30\\\/indigna-a-padres-de-angel-liberacion-de-guardia-nacional\\\/#article\",\"isPartOf\":{\"@id\":\"https:\\\/\\\/kuali.com.mx\\\/web\\\/2022\\\/04\\\/30\\\/indigna-a-padres-de-angel-liberacion-de-guardia-nacional\\\/\"},\"author\":{\"name\":\"Kuali Staff\",\"@id\":\"https:\\\/\\\/kuali.com.mx\\\/web\\\/#\\\/schema\\\/person\\\/6f89ffa8ecba9dae50662357923c5289\"},\"headline\":\"INDIGNA A PADRES DE \u00c1NGEL LIBERACI\u00d3N DE GUARDIA NACIONAL\",\"datePublished\":\"2022-05-01T02:18:44+00:00\",\"dateModified\":\"2022-05-03T21:28:19+00:00\",\"mainEntityOfPage\":{\"@id\":\"https:\\\/\\\/kuali.com.mx\\\/web\\\/2022\\\/04\\\/30\\\/indigna-a-padres-de-angel-liberacion-de-guardia-nacional\\\/\"},\"wordCount\":398,\"commentCount\":0,\"image\":{\"@id\":\"https:\\\/\\\/kuali.com.mx\\\/web\\\/2022\\\/04\\\/30\\\/indigna-a-padres-de-angel-liberacion-de-guardia-nacional\\\/#primaryimage\"},\"thumbnailUrl\":\"https:\\\/\\\/kuali.com.mx\\\/web\\\/wp-content\\\/uploads\\\/2022\\\/04\\\/Manifestacion-asesinato-estudiante-UG.jpeg\",\"articleSection\":[\"Derechos Humanos\",\"slider\"],\"inLanguage\":\"es\",\"potentialAction\":[{\"@type\":\"CommentAction\",\"name\":\"Comment\",\"target\":[\"https:\\\/\\\/kuali.com.mx\\\/web\\\/2022\\\/04\\\/30\\\/indigna-a-padres-de-angel-liberacion-de-guardia-nacional\\\/#respond\"]}]},{\"@type\":\"WebPage\",\"@id\":\"https:\\\/\\\/kuali.com.mx\\\/web\\\/2022\\\/04\\\/30\\\/indigna-a-padres-de-angel-liberacion-de-guardia-nacional\\\/\",\"url\":\"https:\\\/\\\/kuali.com.mx\\\/web\\\/2022\\\/04\\\/30\\\/indigna-a-padres-de-angel-liberacion-de-guardia-nacional\\\/\",\"name\":\"INDIGNA A PADRES DE \u00c1NGEL LIBERACI\u00d3N DE GUARDIA NACIONAL - Kuali\",\"isPartOf\":{\"@id\":\"https:\\\/\\\/kuali.com.mx\\\/web\\\/#website\"},\"primaryImageOfPage\":{\"@id\":\"https:\\\/\\\/kuali.com.mx\\\/web\\\/2022\\\/04\\\/30\\\/indigna-a-padres-de-angel-liberacion-de-guardia-nacional\\\/#primaryimage\"},\"image\":{\"@id\":\"https:\\\/\\\/kuali.com.mx\\\/web\\\/2022\\\/04\\\/30\\\/indigna-a-padres-de-angel-liberacion-de-guardia-nacional\\\/#primaryimage\"},\"thumbnailUrl\":\"https:\\\/\\\/kuali.com.mx\\\/web\\\/wp-content\\\/uploads\\\/2022\\\/04\\\/Manifestacion-asesinato-estudiante-UG.jpeg\",\"datePublished\":\"2022-05-01T02:18:44+00:00\",\"dateModified\":\"2022-05-03T21:28:19+00:00\",\"author\":{\"@id\":\"https:\\\/\\\/kuali.com.mx\\\/web\\\/#\\\/schema\\\/person\\\/6f89ffa8ecba9dae50662357923c5289\"},\"breadcrumb\":{\"@id\":\"https:\\\/\\\/kuali.com.mx\\\/web\\\/2022\\\/04\\\/30\\\/indigna-a-padres-de-angel-liberacion-de-guardia-nacional\\\/#breadcrumb\"},\"inLanguage\":\"es\",\"potentialAction\":[{\"@type\":\"ReadAction\",\"target\":[\"https:\\\/\\\/kuali.com.mx\\\/web\\\/2022\\\/04\\\/30\\\/indigna-a-padres-de-angel-liberacion-de-guardia-nacional\\\/\"]}]},{\"@type\":\"ImageObject\",\"inLanguage\":\"es\",\"@id\":\"https:\\\/\\\/kuali.com.mx\\\/web\\\/2022\\\/04\\\/30\\\/indigna-a-padres-de-angel-liberacion-de-guardia-nacional\\\/#primaryimage\",\"url\":\"https:\\\/\\\/kuali.com.mx\\\/web\\\/wp-content\\\/uploads\\\/2022\\\/04\\\/Manifestacion-asesinato-estudiante-UG.jpeg\",\"contentUrl\":\"https:\\\/\\\/kuali.com.mx\\\/web\\\/wp-content\\\/uploads\\\/2022\\\/04\\\/Manifestacion-asesinato-estudiante-UG.jpeg\",\"width\":1741,\"height\":750},{\"@type\":\"BreadcrumbList\",\"@id\":\"https:\\\/\\\/kuali.com.mx\\\/web\\\/2022\\\/04\\\/30\\\/indigna-a-padres-de-angel-liberacion-de-guardia-nacional\\\/#breadcrumb\",\"itemListElement\":[{\"@type\":\"ListItem\",\"position\":1,\"name\":\"Inicio\",\"item\":\"https:\\\/\\\/kuali.com.mx\\\/web\\\/\"},{\"@type\":\"ListItem\",\"position\":2,\"name\":\"INDIGNA A PADRES DE \u00c1NGEL LIBERACI\u00d3N DE GUARDIA NACIONAL\"}]},{\"@type\":\"WebSite\",\"@id\":\"https:\\\/\\\/kuali.com.mx\\\/web\\\/#website\",\"url\":\"https:\\\/\\\/kuali.com.mx\\\/web\\\/\",\"name\":\"Kuali\",\"description\":\"\",\"potentialAction\":[{\"@type\":\"SearchAction\",\"target\":{\"@type\":\"EntryPoint\",\"urlTemplate\":\"https:\\\/\\\/kuali.com.mx\\\/web\\\/?s={search_term_string}\"},\"query-input\":{\"@type\":\"PropertyValueSpecification\",\"valueRequired\":true,\"valueName\":\"search_term_string\"}}],\"inLanguage\":\"es\"},{\"@type\":\"Person\",\"@id\":\"https:\\\/\\\/kuali.com.mx\\\/web\\\/#\\\/schema\\\/person\\\/6f89ffa8ecba9dae50662357923c5289\",\"name\":\"Kuali Staff\",\"image\":{\"@type\":\"ImageObject\",\"inLanguage\":\"es\",\"@id\":\"https:\\\/\\\/secure.gravatar.com\\\/avatar\\\/f917ad82e5ab71227a733c78b6e60715476f69ee6be59feee4eb5d9920c89e0f?s=96&d=mm&r=g\",\"url\":\"https:\\\/\\\/secure.gravatar.com\\\/avatar\\\/f917ad82e5ab71227a733c78b6e60715476f69ee6be59feee4eb5d9920c89e0f?s=96&d=mm&r=g\",\"contentUrl\":\"https:\\\/\\\/secure.gravatar.com\\\/avatar\\\/f917ad82e5ab71227a733c78b6e60715476f69ee6be59feee4eb5d9920c89e0f?s=96&d=mm&r=g\",\"caption\":\"Kuali Staff\"},\"url\":\"https:\\\/\\\/kuali.com.mx\\\/web\\\/author\\\/lagarto\\\/\"}]}<\/script>\n<!-- \/ Yoast SEO plugin. -->","yoast_head_json":{"title":"INDIGNA A PADRES DE \u00c1NGEL LIBERACI\u00d3N DE GUARDIA NACIONAL - Kuali","robots":{"index":"index","follow":"follow","max-snippet":"max-snippet:-1","max-image-preview":"max-image-preview:large","max-video-preview":"max-video-preview:-1"},"canonical":"https:\/\/kuali.com.mx\/web\/2022\/04\/30\/indigna-a-padres-de-angel-liberacion-de-guardia-nacional\/","og_locale":"es_MX","og_type":"article","og_title":"INDIGNA A PADRES DE \u00c1NGEL LIBERACI\u00d3N DE GUARDIA NACIONAL - Kuali","og_description":"Carlos Garc\u00eda\/Irapuato, Gto.- Es indignante la liberaci\u00f3n del elemento de la Guardia Nacional que asesin\u00f3 a balazos al estudiante de la Universidad de Guanajuato (UG), \u00c1ngel Yael Ignacio Rangel, se\u00f1alaron Norma Luc\u00eda Rangel S\u00e1nchez y Gerardo Ignacio Campos, padres del universitario. Un Juez de Control Federal no vincul\u00f3 a proceso penal al guardia nacional, pero [&hellip;]","og_url":"https:\/\/kuali.com.mx\/web\/2022\/04\/30\/indigna-a-padres-de-angel-liberacion-de-guardia-nacional\/","og_site_name":"Kuali","article_publisher":"https:\/\/kuali.com.mx\/web\/wp-content\/uploads\/2018\/04\/cropped-kuali_logo-1-1.png","article_published_time":"2022-05-01T02:18:44+00:00","article_modified_time":"2022-05-03T21:28:19+00:00","og_image":[{"width":1741,"height":750,"url":"https:\/\/kuali.com.mx\/web\/wp-content\/uploads\/2022\/04\/Manifestacion-asesinato-estudiante-UG.jpeg","type":"image\/jpeg"}],"author":"Kuali Staff","twitter_card":"summary_large_image","twitter_creator":"@kuali_noticias","twitter_site":"@kuali_noticias","twitter_misc":{"Escrito por":"Kuali Staff","Tiempo de lectura":"2 minutos"},"schema":{"@context":"https:\/\/schema.org","@graph":[{"@type":"Article","@id":"https:\/\/kuali.com.mx\/web\/2022\/04\/30\/indigna-a-padres-de-angel-liberacion-de-guardia-nacional\/#article","isPartOf":{"@id":"https:\/\/kuali.com.mx\/web\/2022\/04\/30\/indigna-a-padres-de-angel-liberacion-de-guardia-nacional\/"},"author":{"name":"Kuali Staff","@id":"https:\/\/kuali.com.mx\/web\/#\/schema\/person\/6f89ffa8ecba9dae50662357923c5289"},"headline":"INDIGNA A PADRES DE \u00c1NGEL LIBERACI\u00d3N DE GUARDIA NACIONAL","datePublished":"2022-05-01T02:18:44+00:00","dateModified":"2022-05-03T21:28:19+00:00","mainEntityOfPage":{"@id":"https:\/\/kuali.com.mx\/web\/2022\/04\/30\/indigna-a-padres-de-angel-liberacion-de-guardia-nacional\/"},"wordCount":398,"commentCount":0,"image":{"@id":"https:\/\/kuali.com.mx\/web\/2022\/04\/30\/indigna-a-padres-de-angel-liberacion-de-guardia-nacional\/#primaryimage"},"thumbnailUrl":"https:\/\/kuali.com.mx\/web\/wp-content\/uploads\/2022\/04\/Manifestacion-asesinato-estudiante-UG.jpeg","articleSection":["Derechos Humanos","slider"],"inLanguage":"es","potentialAction":[{"@type":"CommentAction","name":"Comment","target":["https:\/\/kuali.com.mx\/web\/2022\/04\/30\/indigna-a-padres-de-angel-liberacion-de-guardia-nacional\/#respond"]}]},{"@type":"WebPage","@id":"https:\/\/kuali.com.mx\/web\/2022\/04\/30\/indigna-a-padres-de-angel-liberacion-de-guardia-nacional\/","url":"https:\/\/kuali.com.mx\/web\/2022\/04\/30\/indigna-a-padres-de-angel-liberacion-de-guardia-nacional\/","name":"INDIGNA A PADRES DE \u00c1NGEL LIBERACI\u00d3N DE GUARDIA NACIONAL - Kuali","isPartOf":{"@id":"https:\/\/kuali.com.mx\/web\/#website"},"primaryImageOfPage":{"@id":"https:\/\/kuali.com.mx\/web\/2022\/04\/30\/indigna-a-padres-de-angel-liberacion-de-guardia-nacional\/#primaryimage"},"image":{"@id":"https:\/\/kuali.com.mx\/web\/2022\/04\/30\/indigna-a-padres-de-angel-liberacion-de-guardia-nacional\/#primaryimage"},"thumbnailUrl":"https:\/\/kuali.com.mx\/web\/wp-content\/uploads\/2022\/04\/Manifestacion-asesinato-estudiante-UG.jpeg","datePublished":"2022-05-01T02:18:44+00:00","dateModified":"2022-05-03T21:28:19+00:00","author":{"@id":"https:\/\/kuali.com.mx\/web\/#\/schema\/person\/6f89ffa8ecba9dae50662357923c5289"},"breadcrumb":{"@id":"https:\/\/kuali.com.mx\/web\/2022\/04\/30\/indigna-a-padres-de-angel-liberacion-de-guardia-nacional\/#breadcrumb"},"inLanguage":"es","potentialAction":[{"@type":"ReadAction","target":["https:\/\/kuali.com.mx\/web\/2022\/04\/30\/indigna-a-padres-de-angel-liberacion-de-guardia-nacional\/"]}]},{"@type":"ImageObject","inLanguage":"es","@id":"https:\/\/kuali.com.mx\/web\/2022\/04\/30\/indigna-a-padres-de-angel-liberacion-de-guardia-nacional\/#primaryimage","url":"https:\/\/kuali.com.mx\/web\/wp-content\/uploads\/2022\/04\/Manifestacion-asesinato-estudiante-UG.jpeg","contentUrl":"https:\/\/kuali.com.mx\/web\/wp-content\/uploads\/2022\/04\/Manifestacion-asesinato-estudiante-UG.jpeg","width":1741,"height":750},{"@type":"BreadcrumbList","@id":"https:\/\/kuali.com.mx\/web\/2022\/04\/30\/indigna-a-padres-de-angel-liberacion-de-guardia-nacional\/#breadcrumb","itemListElement":[{"@type":"ListItem","position":1,"name":"Inicio","item":"https:\/\/kuali.com.mx\/web\/"},{"@type":"ListItem","position":2,"name":"INDIGNA A PADRES DE \u00c1NGEL LIBERACI\u00d3N DE GUARDIA NACIONAL"}]},{"@type":"WebSite","@id":"https:\/\/kuali.com.mx\/web\/#website","url":"https:\/\/kuali.com.mx\/web\/","name":"Kuali","description":"","potentialAction":[{"@type":"SearchAction","target":{"@type":"EntryPoint","urlTemplate":"https:\/\/kuali.com.mx\/web\/?s={search_term_string}"},"query-input":{"@type":"PropertyValueSpecification","valueRequired":true,"valueName":"search_term_string"}}],"inLanguage":"es"},{"@type":"Person","@id":"https:\/\/kuali.com.mx\/web\/#\/schema\/person\/6f89ffa8ecba9dae50662357923c5289","name":"Kuali Staff","image":{"@type":"ImageObject","inLanguage":"es","@id":"https:\/\/secure.gravatar.com\/avatar\/f917ad82e5ab71227a733c78b6e60715476f69ee6be59feee4eb5d9920c89e0f?s=96&d=mm&r=g","url":"https:\/\/secure.gravatar.com\/avatar\/f917ad82e5ab71227a733c78b6e60715476f69ee6be59feee4eb5d9920c89e0f?s=96&d=mm&r=g","contentUrl":"https:\/\/secure.gravatar.com\/avatar\/f917ad82e5ab71227a733c78b6e60715476f69ee6be59feee4eb5d9920c89e0f?s=96&d=mm&r=g","caption":"Kuali Staff"},"url":"https:\/\/kuali.com.mx\/web\/author\/lagarto\/"}]}},"_links":{"self":[{"href":"https:\/\/kuali.com.mx\/web\/wp-json\/wp\/v2\/posts\/95841","targetHints":{"allow":["GET"]}}],"collection":[{"href":"https:\/\/kuali.com.mx\/web\/wp-json\/wp\/v2\/posts"}],"about":[{"href":"https:\/\/kuali.com.mx\/web\/wp-json\/wp\/v2\/types\/post"}],"author":[{"embeddable":true,"href":"https:\/\/kuali.com.mx\/web\/wp-json\/wp\/v2\/users\/2"}],"replies":[{"embeddable":true,"href":"https:\/\/kuali.com.mx\/web\/wp-json\/wp\/v2\/comments?post=95841"}],"version-history":[{"count":3,"href":"https:\/\/kuali.com.mx\/web\/wp-json\/wp\/v2\/posts\/95841\/revisions"}],"predecessor-version":[{"id":95958,"href":"https:\/\/kuali.com.mx\/web\/wp-json\/wp\/v2\/posts\/95841\/revisions\/95958"}],"wp:featuredmedia":[{"embeddable":true,"href":"https:\/\/kuali.com.mx\/web\/wp-json\/wp\/v2\/media\/95719"}],"wp:attachment":[{"href":"https:\/\/kuali.com.mx\/web\/wp-json\/wp\/v2\/media?parent=95841"}],"wp:term":[{"taxonomy":"category","embeddable":true,"href":"https:\/\/kuali.com.mx\/web\/wp-json\/wp\/v2\/categories?post=95841"},{"taxonomy":"post_tag","embeddable":true,"href":"https:\/\/kuali.com.mx\/web\/wp-json\/wp\/v2\/tags?post=95841"}],"curies":[{"name":"wp","href":"https:\/\/api.w.org\/{rel}","templated":true}]}}