{"id":95836,"date":"2022-04-30T18:24:22","date_gmt":"2022-05-01T00:24:22","guid":{"rendered":"https:\/\/kuali.com.mx\/web\/?p=95836"},"modified":"2022-04-30T19:49:43","modified_gmt":"2022-05-01T01:49:43","slug":"liberan-a-guardia-nacional-que-mato-a-universitario","status":"publish","type":"post","link":"https:\/\/kuali.com.mx\/web\/2022\/04\/30\/liberan-a-guardia-nacional-que-mato-a-universitario\/","title":{"rendered":"LIBERAN A GUARDIA NACIONAL QUE MAT\u00d3 A UNIVERSITARIO"},"content":{"rendered":"\n<p><strong><em>Carlos Garc\u00eda\/Irapuato, Gto<\/em><\/strong>.- Un Juez Federal de Control liber\u00f3 al elemento de la Guardia Nacional que asesin\u00f3 a un estudiante de la Universidad de Guanajuato (UG) y que lesion\u00f3 a una universitaria, lament\u00f3 el rector de la m\u00e1xima casa de estudios, Luis Felipe Guerrero Agripino.<\/p>\n\n\n\n<p>\"Lamentablemente el Juez Federal de Control, derivado de la formulaci\u00f3n de imputaci\u00f3n realizada por la Fiscal\u00eda General de la Rep\u00fablica, dict\u00f3 un auto de no vinculaci\u00f3n a proceso al elemento de la Guardia Nacional que fue detenido\", se\u00f1al\u00f3 el catedr\u00e1tico.<\/p>\n\n\n\n<p>A la UG le sorprende que la Fiscal\u00eda General de la Rep\u00fablica haya formulado una imputaci\u00f3n por el delito de tentativa de homicidio cuando fue privado de la vida el estudiante \u00c1ngel \u00a0Yael Ignacio Rangel y la estudiante Alejandra Carrillo Franco fue lesionada de gravedad, dijo.<\/p>\n\n\n\n<p>\"Dicha imputaci\u00f3n no corresponde con lo informado por la Guardia Nacional en el comunicado de prensa 055\/Nacional\", refiri\u00f3 Guerrero Agripino.<\/p>\n\n\n\n<p>En ese comunicado se reconoci\u00f3 que el elemento federal dispar\u00f3 de manera unilateral.<\/p>\n\n\n\n<p>\"Hay indicios para presumir que el hecho tiene varias implicaciones y que es factible que haya m\u00e1s elementos involucrados en lo ocurrido\", expuso.<\/p>\n\n\n\n<p>La Fiscal\u00eda General de la Rep\u00fablica debe realizar una investigaci\u00f3n profunda, exhaustiva y rigurosa acorde a la gravedad del ataque, exigi\u00f3.<\/p>\n\n\n\n<p>\"\u00a1Exigimos Justicia!\", remat\u00f3.<\/p>\n","protected":false},"excerpt":{"rendered":"Carlos Garc\u00eda\/Irapuato, Gto.- Un Juez Federal de Control liber\u00f3 al elemento de la Guardia Nacional que asesin\u00f3 a un estudiante de la Universidad de Guanajuato (UG) y que lesion\u00f3 a una universitaria, lament\u00f3 el rector de la m\u00e1xima casa de estudios, Luis Felipe Guerrero Agripino. \"Lamentablemente el Juez Federal de Control, derivado de la formulaci\u00f3n [&hellip;]","protected":false},"author":2,"featured_media":66243,"comment_status":"open","ping_status":"open","sticky":false,"template":"","format":"standard","meta":{"_seopress_robots_primary_cat":"none","_seopress_titles_title":"","_seopress_titles_desc":"","_seopress_robots_index":"","_monsterinsights_skip_tracking":false,"_monsterinsights_sitenote_active":false,"_monsterinsights_sitenote_note":"","_monsterinsights_sitenote_category":0,"footnotes":""},"categories":[14,69],"tags":[],"class_list":["post-95836","post","type-post","status-publish","format-standard","has-post-thumbnail","hentry","category-derechos","category-slider"],"yoast_head":"<!-- This site is optimized with the Yoast SEO plugin v27.4 - https:\/\/yoast.com\/product\/yoast-seo-wordpress\/ -->\n<title>LIBERAN A GUARDIA NACIONAL QUE MAT\u00d3 A UNIVERSITARIO - Kuali<\/title>\n<meta name=\"robots\" content=\"index, follow, max-snippet:-1, max-image-preview:large, max-video-preview:-1\" \/>\n<link rel=\"canonical\" href=\"https:\/\/kuali.com.mx\/web\/2022\/04\/30\/liberan-a-guardia-nacional-que-mato-a-universitario\/\" \/>\n<meta property=\"og:locale\" content=\"es_MX\" \/>\n<meta property=\"og:type\" content=\"article\" \/>\n<meta property=\"og:title\" content=\"LIBERAN A GUARDIA NACIONAL QUE MAT\u00d3 A UNIVERSITARIO - Kuali\" \/>\n<meta property=\"og:description\" content=\"Carlos Garc\u00eda\/Irapuato, Gto.- Un Juez Federal de Control liber\u00f3 al elemento de la Guardia Nacional que asesin\u00f3 a un estudiante de la Universidad de Guanajuato (UG) y que lesion\u00f3 a una universitaria, lament\u00f3 el rector de la m\u00e1xima casa de estudios, Luis Felipe Guerrero Agripino. &quot;Lamentablemente el Juez Federal de Control, derivado de la formulaci\u00f3n [&hellip;]\" \/>\n<meta property=\"og:url\" content=\"https:\/\/kuali.com.mx\/web\/2022\/04\/30\/liberan-a-guardia-nacional-que-mato-a-universitario\/\" \/>\n<meta property=\"og:site_name\" content=\"Kuali\" \/>\n<meta property=\"article:publisher\" content=\"https:\/\/kuali.com.mx\/web\/wp-content\/uploads\/2018\/04\/cropped-kuali_logo-1-1.png\" \/>\n<meta property=\"article:published_time\" content=\"2022-05-01T00:24:22+00:00\" \/>\n<meta property=\"article:modified_time\" content=\"2022-05-01T01:49:43+00:00\" \/>\n<meta property=\"og:image\" content=\"https:\/\/kuali.com.mx\/web\/wp-content\/uploads\/2020\/02\/GN-1.jpg\" \/>\n\t<meta property=\"og:image:width\" content=\"1833\" \/>\n\t<meta property=\"og:image:height\" content=\"750\" \/>\n\t<meta property=\"og:image:type\" content=\"image\/jpeg\" \/>\n<meta name=\"author\" content=\"Kuali Staff\" \/>\n<meta name=\"twitter:card\" content=\"summary_large_image\" \/>\n<meta name=\"twitter:creator\" content=\"@kuali_noticias\" \/>\n<meta name=\"twitter:site\" content=\"@kuali_noticias\" \/>\n<meta name=\"twitter:label1\" content=\"Escrito por\" \/>\n\t<meta name=\"twitter:data1\" content=\"Kuali Staff\" \/>\n\t<meta name=\"twitter:label2\" content=\"Tiempo de lectura\" \/>\n\t<meta name=\"twitter:data2\" content=\"1 minuto\" \/>\n<script type=\"application\/ld+json\" class=\"yoast-schema-graph\">{\"@context\":\"https:\\\/\\\/schema.org\",\"@graph\":[{\"@type\":\"Article\",\"@id\":\"https:\\\/\\\/kuali.com.mx\\\/web\\\/2022\\\/04\\\/30\\\/liberan-a-guardia-nacional-que-mato-a-universitario\\\/#article\",\"isPartOf\":{\"@id\":\"https:\\\/\\\/kuali.com.mx\\\/web\\\/2022\\\/04\\\/30\\\/liberan-a-guardia-nacional-que-mato-a-universitario\\\/\"},\"author\":{\"name\":\"Kuali Staff\",\"@id\":\"https:\\\/\\\/kuali.com.mx\\\/web\\\/#\\\/schema\\\/person\\\/6f89ffa8ecba9dae50662357923c5289\"},\"headline\":\"LIBERAN A GUARDIA NACIONAL QUE MAT\u00d3 A UNIVERSITARIO\",\"datePublished\":\"2022-05-01T00:24:22+00:00\",\"dateModified\":\"2022-05-01T01:49:43+00:00\",\"mainEntityOfPage\":{\"@id\":\"https:\\\/\\\/kuali.com.mx\\\/web\\\/2022\\\/04\\\/30\\\/liberan-a-guardia-nacional-que-mato-a-universitario\\\/\"},\"wordCount\":238,\"commentCount\":0,\"image\":{\"@id\":\"https:\\\/\\\/kuali.com.mx\\\/web\\\/2022\\\/04\\\/30\\\/liberan-a-guardia-nacional-que-mato-a-universitario\\\/#primaryimage\"},\"thumbnailUrl\":\"https:\\\/\\\/kuali.com.mx\\\/web\\\/wp-content\\\/uploads\\\/2020\\\/02\\\/GN-1.jpg\",\"articleSection\":[\"Derechos Humanos\",\"slider\"],\"inLanguage\":\"es\",\"potentialAction\":[{\"@type\":\"CommentAction\",\"name\":\"Comment\",\"target\":[\"https:\\\/\\\/kuali.com.mx\\\/web\\\/2022\\\/04\\\/30\\\/liberan-a-guardia-nacional-que-mato-a-universitario\\\/#respond\"]}]},{\"@type\":\"WebPage\",\"@id\":\"https:\\\/\\\/kuali.com.mx\\\/web\\\/2022\\\/04\\\/30\\\/liberan-a-guardia-nacional-que-mato-a-universitario\\\/\",\"url\":\"https:\\\/\\\/kuali.com.mx\\\/web\\\/2022\\\/04\\\/30\\\/liberan-a-guardia-nacional-que-mato-a-universitario\\\/\",\"name\":\"LIBERAN A GUARDIA NACIONAL QUE MAT\u00d3 A UNIVERSITARIO - Kuali\",\"isPartOf\":{\"@id\":\"https:\\\/\\\/kuali.com.mx\\\/web\\\/#website\"},\"primaryImageOfPage\":{\"@id\":\"https:\\\/\\\/kuali.com.mx\\\/web\\\/2022\\\/04\\\/30\\\/liberan-a-guardia-nacional-que-mato-a-universitario\\\/#primaryimage\"},\"image\":{\"@id\":\"https:\\\/\\\/kuali.com.mx\\\/web\\\/2022\\\/04\\\/30\\\/liberan-a-guardia-nacional-que-mato-a-universitario\\\/#primaryimage\"},\"thumbnailUrl\":\"https:\\\/\\\/kuali.com.mx\\\/web\\\/wp-content\\\/uploads\\\/2020\\\/02\\\/GN-1.jpg\",\"datePublished\":\"2022-05-01T00:24:22+00:00\",\"dateModified\":\"2022-05-01T01:49:43+00:00\",\"author\":{\"@id\":\"https:\\\/\\\/kuali.com.mx\\\/web\\\/#\\\/schema\\\/person\\\/6f89ffa8ecba9dae50662357923c5289\"},\"breadcrumb\":{\"@id\":\"https:\\\/\\\/kuali.com.mx\\\/web\\\/2022\\\/04\\\/30\\\/liberan-a-guardia-nacional-que-mato-a-universitario\\\/#breadcrumb\"},\"inLanguage\":\"es\",\"potentialAction\":[{\"@type\":\"ReadAction\",\"target\":[\"https:\\\/\\\/kuali.com.mx\\\/web\\\/2022\\\/04\\\/30\\\/liberan-a-guardia-nacional-que-mato-a-universitario\\\/\"]}]},{\"@type\":\"ImageObject\",\"inLanguage\":\"es\",\"@id\":\"https:\\\/\\\/kuali.com.mx\\\/web\\\/2022\\\/04\\\/30\\\/liberan-a-guardia-nacional-que-mato-a-universitario\\\/#primaryimage\",\"url\":\"https:\\\/\\\/kuali.com.mx\\\/web\\\/wp-content\\\/uploads\\\/2020\\\/02\\\/GN-1.jpg\",\"contentUrl\":\"https:\\\/\\\/kuali.com.mx\\\/web\\\/wp-content\\\/uploads\\\/2020\\\/02\\\/GN-1.jpg\",\"width\":1833,\"height\":750},{\"@type\":\"BreadcrumbList\",\"@id\":\"https:\\\/\\\/kuali.com.mx\\\/web\\\/2022\\\/04\\\/30\\\/liberan-a-guardia-nacional-que-mato-a-universitario\\\/#breadcrumb\",\"itemListElement\":[{\"@type\":\"ListItem\",\"position\":1,\"name\":\"Inicio\",\"item\":\"https:\\\/\\\/kuali.com.mx\\\/web\\\/\"},{\"@type\":\"ListItem\",\"position\":2,\"name\":\"LIBERAN A GUARDIA NACIONAL QUE MAT\u00d3 A UNIVERSITARIO\"}]},{\"@type\":\"WebSite\",\"@id\":\"https:\\\/\\\/kuali.com.mx\\\/web\\\/#website\",\"url\":\"https:\\\/\\\/kuali.com.mx\\\/web\\\/\",\"name\":\"Kuali\",\"description\":\"\",\"potentialAction\":[{\"@type\":\"SearchAction\",\"target\":{\"@type\":\"EntryPoint\",\"urlTemplate\":\"https:\\\/\\\/kuali.com.mx\\\/web\\\/?s={search_term_string}\"},\"query-input\":{\"@type\":\"PropertyValueSpecification\",\"valueRequired\":true,\"valueName\":\"search_term_string\"}}],\"inLanguage\":\"es\"},{\"@type\":\"Person\",\"@id\":\"https:\\\/\\\/kuali.com.mx\\\/web\\\/#\\\/schema\\\/person\\\/6f89ffa8ecba9dae50662357923c5289\",\"name\":\"Kuali Staff\",\"image\":{\"@type\":\"ImageObject\",\"inLanguage\":\"es\",\"@id\":\"https:\\\/\\\/secure.gravatar.com\\\/avatar\\\/f917ad82e5ab71227a733c78b6e60715476f69ee6be59feee4eb5d9920c89e0f?s=96&d=mm&r=g\",\"url\":\"https:\\\/\\\/secure.gravatar.com\\\/avatar\\\/f917ad82e5ab71227a733c78b6e60715476f69ee6be59feee4eb5d9920c89e0f?s=96&d=mm&r=g\",\"contentUrl\":\"https:\\\/\\\/secure.gravatar.com\\\/avatar\\\/f917ad82e5ab71227a733c78b6e60715476f69ee6be59feee4eb5d9920c89e0f?s=96&d=mm&r=g\",\"caption\":\"Kuali Staff\"},\"url\":\"https:\\\/\\\/kuali.com.mx\\\/web\\\/author\\\/lagarto\\\/\"}]}<\/script>\n<!-- \/ Yoast SEO plugin. -->","yoast_head_json":{"title":"LIBERAN A GUARDIA NACIONAL QUE MAT\u00d3 A UNIVERSITARIO - Kuali","robots":{"index":"index","follow":"follow","max-snippet":"max-snippet:-1","max-image-preview":"max-image-preview:large","max-video-preview":"max-video-preview:-1"},"canonical":"https:\/\/kuali.com.mx\/web\/2022\/04\/30\/liberan-a-guardia-nacional-que-mato-a-universitario\/","og_locale":"es_MX","og_type":"article","og_title":"LIBERAN A GUARDIA NACIONAL QUE MAT\u00d3 A UNIVERSITARIO - Kuali","og_description":"Carlos Garc\u00eda\/Irapuato, Gto.- Un Juez Federal de Control liber\u00f3 al elemento de la Guardia Nacional que asesin\u00f3 a un estudiante de la Universidad de Guanajuato (UG) y que lesion\u00f3 a una universitaria, lament\u00f3 el rector de la m\u00e1xima casa de estudios, Luis Felipe Guerrero Agripino. \"Lamentablemente el Juez Federal de Control, derivado de la formulaci\u00f3n [&hellip;]","og_url":"https:\/\/kuali.com.mx\/web\/2022\/04\/30\/liberan-a-guardia-nacional-que-mato-a-universitario\/","og_site_name":"Kuali","article_publisher":"https:\/\/kuali.com.mx\/web\/wp-content\/uploads\/2018\/04\/cropped-kuali_logo-1-1.png","article_published_time":"2022-05-01T00:24:22+00:00","article_modified_time":"2022-05-01T01:49:43+00:00","og_image":[{"width":1833,"height":750,"url":"https:\/\/kuali.com.mx\/web\/wp-content\/uploads\/2020\/02\/GN-1.jpg","type":"image\/jpeg"}],"author":"Kuali Staff","twitter_card":"summary_large_image","twitter_creator":"@kuali_noticias","twitter_site":"@kuali_noticias","twitter_misc":{"Escrito por":"Kuali Staff","Tiempo de lectura":"1 minuto"},"schema":{"@context":"https:\/\/schema.org","@graph":[{"@type":"Article","@id":"https:\/\/kuali.com.mx\/web\/2022\/04\/30\/liberan-a-guardia-nacional-que-mato-a-universitario\/#article","isPartOf":{"@id":"https:\/\/kuali.com.mx\/web\/2022\/04\/30\/liberan-a-guardia-nacional-que-mato-a-universitario\/"},"author":{"name":"Kuali Staff","@id":"https:\/\/kuali.com.mx\/web\/#\/schema\/person\/6f89ffa8ecba9dae50662357923c5289"},"headline":"LIBERAN A GUARDIA NACIONAL QUE MAT\u00d3 A UNIVERSITARIO","datePublished":"2022-05-01T00:24:22+00:00","dateModified":"2022-05-01T01:49:43+00:00","mainEntityOfPage":{"@id":"https:\/\/kuali.com.mx\/web\/2022\/04\/30\/liberan-a-guardia-nacional-que-mato-a-universitario\/"},"wordCount":238,"commentCount":0,"image":{"@id":"https:\/\/kuali.com.mx\/web\/2022\/04\/30\/liberan-a-guardia-nacional-que-mato-a-universitario\/#primaryimage"},"thumbnailUrl":"https:\/\/kuali.com.mx\/web\/wp-content\/uploads\/2020\/02\/GN-1.jpg","articleSection":["Derechos Humanos","slider"],"inLanguage":"es","potentialAction":[{"@type":"CommentAction","name":"Comment","target":["https:\/\/kuali.com.mx\/web\/2022\/04\/30\/liberan-a-guardia-nacional-que-mato-a-universitario\/#respond"]}]},{"@type":"WebPage","@id":"https:\/\/kuali.com.mx\/web\/2022\/04\/30\/liberan-a-guardia-nacional-que-mato-a-universitario\/","url":"https:\/\/kuali.com.mx\/web\/2022\/04\/30\/liberan-a-guardia-nacional-que-mato-a-universitario\/","name":"LIBERAN A GUARDIA NACIONAL QUE MAT\u00d3 A UNIVERSITARIO - Kuali","isPartOf":{"@id":"https:\/\/kuali.com.mx\/web\/#website"},"primaryImageOfPage":{"@id":"https:\/\/kuali.com.mx\/web\/2022\/04\/30\/liberan-a-guardia-nacional-que-mato-a-universitario\/#primaryimage"},"image":{"@id":"https:\/\/kuali.com.mx\/web\/2022\/04\/30\/liberan-a-guardia-nacional-que-mato-a-universitario\/#primaryimage"},"thumbnailUrl":"https:\/\/kuali.com.mx\/web\/wp-content\/uploads\/2020\/02\/GN-1.jpg","datePublished":"2022-05-01T00:24:22+00:00","dateModified":"2022-05-01T01:49:43+00:00","author":{"@id":"https:\/\/kuali.com.mx\/web\/#\/schema\/person\/6f89ffa8ecba9dae50662357923c5289"},"breadcrumb":{"@id":"https:\/\/kuali.com.mx\/web\/2022\/04\/30\/liberan-a-guardia-nacional-que-mato-a-universitario\/#breadcrumb"},"inLanguage":"es","potentialAction":[{"@type":"ReadAction","target":["https:\/\/kuali.com.mx\/web\/2022\/04\/30\/liberan-a-guardia-nacional-que-mato-a-universitario\/"]}]},{"@type":"ImageObject","inLanguage":"es","@id":"https:\/\/kuali.com.mx\/web\/2022\/04\/30\/liberan-a-guardia-nacional-que-mato-a-universitario\/#primaryimage","url":"https:\/\/kuali.com.mx\/web\/wp-content\/uploads\/2020\/02\/GN-1.jpg","contentUrl":"https:\/\/kuali.com.mx\/web\/wp-content\/uploads\/2020\/02\/GN-1.jpg","width":1833,"height":750},{"@type":"BreadcrumbList","@id":"https:\/\/kuali.com.mx\/web\/2022\/04\/30\/liberan-a-guardia-nacional-que-mato-a-universitario\/#breadcrumb","itemListElement":[{"@type":"ListItem","position":1,"name":"Inicio","item":"https:\/\/kuali.com.mx\/web\/"},{"@type":"ListItem","position":2,"name":"LIBERAN A GUARDIA NACIONAL QUE MAT\u00d3 A UNIVERSITARIO"}]},{"@type":"WebSite","@id":"https:\/\/kuali.com.mx\/web\/#website","url":"https:\/\/kuali.com.mx\/web\/","name":"Kuali","description":"","potentialAction":[{"@type":"SearchAction","target":{"@type":"EntryPoint","urlTemplate":"https:\/\/kuali.com.mx\/web\/?s={search_term_string}"},"query-input":{"@type":"PropertyValueSpecification","valueRequired":true,"valueName":"search_term_string"}}],"inLanguage":"es"},{"@type":"Person","@id":"https:\/\/kuali.com.mx\/web\/#\/schema\/person\/6f89ffa8ecba9dae50662357923c5289","name":"Kuali Staff","image":{"@type":"ImageObject","inLanguage":"es","@id":"https:\/\/secure.gravatar.com\/avatar\/f917ad82e5ab71227a733c78b6e60715476f69ee6be59feee4eb5d9920c89e0f?s=96&d=mm&r=g","url":"https:\/\/secure.gravatar.com\/avatar\/f917ad82e5ab71227a733c78b6e60715476f69ee6be59feee4eb5d9920c89e0f?s=96&d=mm&r=g","contentUrl":"https:\/\/secure.gravatar.com\/avatar\/f917ad82e5ab71227a733c78b6e60715476f69ee6be59feee4eb5d9920c89e0f?s=96&d=mm&r=g","caption":"Kuali Staff"},"url":"https:\/\/kuali.com.mx\/web\/author\/lagarto\/"}]}},"_links":{"self":[{"href":"https:\/\/kuali.com.mx\/web\/wp-json\/wp\/v2\/posts\/95836","targetHints":{"allow":["GET"]}}],"collection":[{"href":"https:\/\/kuali.com.mx\/web\/wp-json\/wp\/v2\/posts"}],"about":[{"href":"https:\/\/kuali.com.mx\/web\/wp-json\/wp\/v2\/types\/post"}],"author":[{"embeddable":true,"href":"https:\/\/kuali.com.mx\/web\/wp-json\/wp\/v2\/users\/2"}],"replies":[{"embeddable":true,"href":"https:\/\/kuali.com.mx\/web\/wp-json\/wp\/v2\/comments?post=95836"}],"version-history":[{"count":2,"href":"https:\/\/kuali.com.mx\/web\/wp-json\/wp\/v2\/posts\/95836\/revisions"}],"predecessor-version":[{"id":95840,"href":"https:\/\/kuali.com.mx\/web\/wp-json\/wp\/v2\/posts\/95836\/revisions\/95840"}],"wp:featuredmedia":[{"embeddable":true,"href":"https:\/\/kuali.com.mx\/web\/wp-json\/wp\/v2\/media\/66243"}],"wp:attachment":[{"href":"https:\/\/kuali.com.mx\/web\/wp-json\/wp\/v2\/media?parent=95836"}],"wp:term":[{"taxonomy":"category","embeddable":true,"href":"https:\/\/kuali.com.mx\/web\/wp-json\/wp\/v2\/categories?post=95836"},{"taxonomy":"post_tag","embeddable":true,"href":"https:\/\/kuali.com.mx\/web\/wp-json\/wp\/v2\/tags?post=95836"}],"curies":[{"name":"wp","href":"https:\/\/api.w.org\/{rel}","templated":true}]}}