{"id":92564,"date":"2022-02-23T11:52:03","date_gmt":"2022-02-23T17:52:03","guid":{"rendered":"https:\/\/kuali.com.mx\/web\/?p=92564"},"modified":"2022-02-23T11:52:04","modified_gmt":"2022-02-23T17:52:04","slug":"analizan-ley-de-primer-empleo-para-jovenes","status":"publish","type":"post","link":"https:\/\/kuali.com.mx\/web\/2022\/02\/23\/analizan-ley-de-primer-empleo-para-jovenes\/","title":{"rendered":"ANALIZAN LEY DE PRIMER EMPLEO PARA J\u00d3VENES"},"content":{"rendered":"\n<p><strong><em>Kuali\/Le\u00f3n, Gto<\/em><\/strong>. En sesi\u00f3n de la Comisi\u00f3n de Desarrollo Econ\u00f3mico y Social se radic\u00f3 y aprob\u00f3 la metodolog\u00eda de an\u00e1lisis de la iniciativa de Ley del Primer Empleo y Primera Empresa para J\u00f3venes del Estado y los Municipios de Guanajuato.\u00a0\u00a0\u00a0<\/p>\n\n\n\n<p>Para su estudio se remitir\u00e1 a las Secretar\u00edas de Desarrollo Econ\u00f3mico Sustentable y de Fianzas, Inversi\u00f3n y Administraci\u00f3n; as\u00ed como a la Coordinaci\u00f3n General Jur\u00eddica, quienes contar\u00e1n con un plazo de 20 d\u00edas h\u00e1biles para enviar sus comentarios.<\/p>\n\n\n\n<p>Adem\u00e1s, se solicitar\u00e1 a la Unidad de Estudios de las Finanzas P\u00fablicas, elabore un estudio de impacto presupuestal de la iniciativa; se habilitar\u00e1 un micrositio en la p\u00e1gina de internet del Congreso del Estado para consulta ciudadana, por el mismo periodo, y se realizar\u00e1n mesas de trabajo.<\/p>\n\n\n\n<p>De igual manera, se aprobaron los dict\u00e1menes de dos propuestas legales, en los cuales se ordena su archivo definitivo.<\/p>\n\n\n\n<p>La primera, una iniciativa para crear la Ley de Fomento al Primer Empleo para el Estado de Guanajuato; la segunda, un punto de acuerdo para exhortar al titular del Poder Ejecutivo, a trav\u00e9s de la Secretar\u00eda de Desarrollo Econ\u00f3mico Sustentable, para que llevara a cabo un an\u00e1lisis detallado del impacto econ\u00f3mico de la escasez de chips en la industria automotriz en Guanajuato y las propuestas de pol\u00edtica p\u00fablica para aminorar sus efectos; as\u00ed como a presentar un informe detallado sobre las acciones para promover la diversificaci\u00f3n econ\u00f3mica en materia de atracci\u00f3n de inversiones en nuevas tecnolog\u00edas, la creaci\u00f3n de capital humano, sustentabilidad energ\u00e9tica y recursos naturales para soportar nuevas industrias.<\/p>\n\n\n\n<p>El diputado Alejandro Arias \u00c1vila habl\u00f3 respecto al dictamen de la Ley de Fomento al Primer Empleo. En ese sentido, manifest\u00f3 que, si bien encontraron coincidencias con las diferentes autoridades y votar\u00edan con el sentido del dictamen, estaban convencidos de la necesidad de seguir impulsando acciones en pro de mayores oportunidades para las y los j\u00f3venes y, se\u00f1al\u00f3 que continuar\u00e1n promoviendo iniciativas, desde otro enfoque, para apoyar la demanda de este sector.<\/p>\n\n\n\n<p>En la reuni\u00f3n estuvieron presentes los diputados Miguel \u00c1ngel Salim Alle (presidente), Alejandro Arias \u00c1vila y V\u00edctor Manuel Zanella Huerta; as\u00ed como las diputadas Janet Melanie Murillo Ch\u00e1vez y Martha Edith Moreno Valencia. Adem\u00e1s, los acompa\u00f1\u00f3 el diputado Gerardo Fern\u00e1ndez Gonz\u00e1lez.<\/p>\n","protected":false},"excerpt":{"rendered":"Kuali\/Le\u00f3n, Gto. En sesi\u00f3n de la Comisi\u00f3n de Desarrollo Econ\u00f3mico y Social se radic\u00f3 y aprob\u00f3 la metodolog\u00eda de an\u00e1lisis de la iniciativa de Ley del Primer Empleo y Primera Empresa para J\u00f3venes del Estado y los Municipios de Guanajuato.\u00a0\u00a0\u00a0 Para su estudio se remitir\u00e1 a las Secretar\u00edas de Desarrollo Econ\u00f3mico Sustentable y de Fianzas, [&hellip;]","protected":false},"author":2,"featured_media":92566,"comment_status":"open","ping_status":"open","sticky":false,"template":"","format":"standard","meta":{"_seopress_robots_primary_cat":"none","_seopress_titles_title":"","_seopress_titles_desc":"","_seopress_robots_index":"","_monsterinsights_skip_tracking":false,"_monsterinsights_sitenote_active":false,"_monsterinsights_sitenote_note":"","_monsterinsights_sitenote_category":0,"footnotes":""},"categories":[3,69],"tags":[125,9,124],"class_list":["post-92564","post","type-post","status-publish","format-standard","has-post-thumbnail","hentry","category-politica","category-slider","tag-empleo","tag-guanajuato","tag-jovenes"],"yoast_head":"<!-- This site is optimized with the Yoast SEO plugin v27.4 - https:\/\/yoast.com\/product\/yoast-seo-wordpress\/ -->\n<title>ANALIZAN LEY DE PRIMER EMPLEO PARA J\u00d3VENES - Kuali<\/title>\n<meta name=\"robots\" content=\"index, follow, max-snippet:-1, max-image-preview:large, max-video-preview:-1\" \/>\n<link rel=\"canonical\" href=\"https:\/\/kuali.com.mx\/web\/2022\/02\/23\/analizan-ley-de-primer-empleo-para-jovenes\/\" \/>\n<meta property=\"og:locale\" content=\"es_MX\" \/>\n<meta property=\"og:type\" content=\"article\" \/>\n<meta property=\"og:title\" content=\"ANALIZAN LEY DE PRIMER EMPLEO PARA J\u00d3VENES - Kuali\" \/>\n<meta property=\"og:description\" content=\"Kuali\/Le\u00f3n, Gto. En sesi\u00f3n de la Comisi\u00f3n de Desarrollo Econ\u00f3mico y Social se radic\u00f3 y aprob\u00f3 la metodolog\u00eda de an\u00e1lisis de la iniciativa de Ley del Primer Empleo y Primera Empresa para J\u00f3venes del Estado y los Municipios de Guanajuato.\u00a0\u00a0\u00a0 Para su estudio se remitir\u00e1 a las Secretar\u00edas de Desarrollo Econ\u00f3mico Sustentable y de Fianzas, [&hellip;]\" \/>\n<meta property=\"og:url\" content=\"https:\/\/kuali.com.mx\/web\/2022\/02\/23\/analizan-ley-de-primer-empleo-para-jovenes\/\" \/>\n<meta property=\"og:site_name\" content=\"Kuali\" \/>\n<meta property=\"article:publisher\" content=\"https:\/\/kuali.com.mx\/web\/wp-content\/uploads\/2018\/04\/cropped-kuali_logo-1-1.png\" \/>\n<meta property=\"article:published_time\" content=\"2022-02-23T17:52:03+00:00\" \/>\n<meta property=\"article:modified_time\" content=\"2022-02-23T17:52:04+00:00\" \/>\n<meta property=\"og:image\" content=\"https:\/\/kuali.com.mx\/web\/wp-content\/uploads\/2022\/02\/JOVENES.jpg\" \/>\n\t<meta property=\"og:image:width\" content=\"1811\" \/>\n\t<meta property=\"og:image:height\" content=\"750\" \/>\n\t<meta property=\"og:image:type\" content=\"image\/jpeg\" \/>\n<meta name=\"author\" content=\"Kuali Staff\" \/>\n<meta name=\"twitter:card\" content=\"summary_large_image\" \/>\n<meta name=\"twitter:creator\" content=\"@kuali_noticias\" \/>\n<meta name=\"twitter:site\" content=\"@kuali_noticias\" \/>\n<meta name=\"twitter:label1\" content=\"Escrito por\" \/>\n\t<meta name=\"twitter:data1\" content=\"Kuali Staff\" \/>\n\t<meta name=\"twitter:label2\" content=\"Tiempo de lectura\" \/>\n\t<meta name=\"twitter:data2\" content=\"2 minutos\" \/>\n<script type=\"application\/ld+json\" class=\"yoast-schema-graph\">{\"@context\":\"https:\\\/\\\/schema.org\",\"@graph\":[{\"@type\":\"Article\",\"@id\":\"https:\\\/\\\/kuali.com.mx\\\/web\\\/2022\\\/02\\\/23\\\/analizan-ley-de-primer-empleo-para-jovenes\\\/#article\",\"isPartOf\":{\"@id\":\"https:\\\/\\\/kuali.com.mx\\\/web\\\/2022\\\/02\\\/23\\\/analizan-ley-de-primer-empleo-para-jovenes\\\/\"},\"author\":{\"name\":\"Kuali Staff\",\"@id\":\"https:\\\/\\\/kuali.com.mx\\\/web\\\/#\\\/schema\\\/person\\\/6f89ffa8ecba9dae50662357923c5289\"},\"headline\":\"ANALIZAN LEY DE PRIMER EMPLEO PARA J\u00d3VENES\",\"datePublished\":\"2022-02-23T17:52:03+00:00\",\"dateModified\":\"2022-02-23T17:52:04+00:00\",\"mainEntityOfPage\":{\"@id\":\"https:\\\/\\\/kuali.com.mx\\\/web\\\/2022\\\/02\\\/23\\\/analizan-ley-de-primer-empleo-para-jovenes\\\/\"},\"wordCount\":419,\"commentCount\":0,\"image\":{\"@id\":\"https:\\\/\\\/kuali.com.mx\\\/web\\\/2022\\\/02\\\/23\\\/analizan-ley-de-primer-empleo-para-jovenes\\\/#primaryimage\"},\"thumbnailUrl\":\"https:\\\/\\\/kuali.com.mx\\\/web\\\/wp-content\\\/uploads\\\/2022\\\/02\\\/JOVENES.jpg\",\"keywords\":[\"Empleo\",\"Guanajuato\",\"J\u00f3venes\"],\"articleSection\":[\"Pol\u00edtica\",\"slider\"],\"inLanguage\":\"es\",\"potentialAction\":[{\"@type\":\"CommentAction\",\"name\":\"Comment\",\"target\":[\"https:\\\/\\\/kuali.com.mx\\\/web\\\/2022\\\/02\\\/23\\\/analizan-ley-de-primer-empleo-para-jovenes\\\/#respond\"]}]},{\"@type\":\"WebPage\",\"@id\":\"https:\\\/\\\/kuali.com.mx\\\/web\\\/2022\\\/02\\\/23\\\/analizan-ley-de-primer-empleo-para-jovenes\\\/\",\"url\":\"https:\\\/\\\/kuali.com.mx\\\/web\\\/2022\\\/02\\\/23\\\/analizan-ley-de-primer-empleo-para-jovenes\\\/\",\"name\":\"ANALIZAN LEY DE PRIMER EMPLEO PARA J\u00d3VENES - Kuali\",\"isPartOf\":{\"@id\":\"https:\\\/\\\/kuali.com.mx\\\/web\\\/#website\"},\"primaryImageOfPage\":{\"@id\":\"https:\\\/\\\/kuali.com.mx\\\/web\\\/2022\\\/02\\\/23\\\/analizan-ley-de-primer-empleo-para-jovenes\\\/#primaryimage\"},\"image\":{\"@id\":\"https:\\\/\\\/kuali.com.mx\\\/web\\\/2022\\\/02\\\/23\\\/analizan-ley-de-primer-empleo-para-jovenes\\\/#primaryimage\"},\"thumbnailUrl\":\"https:\\\/\\\/kuali.com.mx\\\/web\\\/wp-content\\\/uploads\\\/2022\\\/02\\\/JOVENES.jpg\",\"datePublished\":\"2022-02-23T17:52:03+00:00\",\"dateModified\":\"2022-02-23T17:52:04+00:00\",\"author\":{\"@id\":\"https:\\\/\\\/kuali.com.mx\\\/web\\\/#\\\/schema\\\/person\\\/6f89ffa8ecba9dae50662357923c5289\"},\"breadcrumb\":{\"@id\":\"https:\\\/\\\/kuali.com.mx\\\/web\\\/2022\\\/02\\\/23\\\/analizan-ley-de-primer-empleo-para-jovenes\\\/#breadcrumb\"},\"inLanguage\":\"es\",\"potentialAction\":[{\"@type\":\"ReadAction\",\"target\":[\"https:\\\/\\\/kuali.com.mx\\\/web\\\/2022\\\/02\\\/23\\\/analizan-ley-de-primer-empleo-para-jovenes\\\/\"]}]},{\"@type\":\"ImageObject\",\"inLanguage\":\"es\",\"@id\":\"https:\\\/\\\/kuali.com.mx\\\/web\\\/2022\\\/02\\\/23\\\/analizan-ley-de-primer-empleo-para-jovenes\\\/#primaryimage\",\"url\":\"https:\\\/\\\/kuali.com.mx\\\/web\\\/wp-content\\\/uploads\\\/2022\\\/02\\\/JOVENES.jpg\",\"contentUrl\":\"https:\\\/\\\/kuali.com.mx\\\/web\\\/wp-content\\\/uploads\\\/2022\\\/02\\\/JOVENES.jpg\",\"width\":1811,\"height\":750},{\"@type\":\"BreadcrumbList\",\"@id\":\"https:\\\/\\\/kuali.com.mx\\\/web\\\/2022\\\/02\\\/23\\\/analizan-ley-de-primer-empleo-para-jovenes\\\/#breadcrumb\",\"itemListElement\":[{\"@type\":\"ListItem\",\"position\":1,\"name\":\"Inicio\",\"item\":\"https:\\\/\\\/kuali.com.mx\\\/web\\\/\"},{\"@type\":\"ListItem\",\"position\":2,\"name\":\"ANALIZAN LEY DE PRIMER EMPLEO PARA J\u00d3VENES\"}]},{\"@type\":\"WebSite\",\"@id\":\"https:\\\/\\\/kuali.com.mx\\\/web\\\/#website\",\"url\":\"https:\\\/\\\/kuali.com.mx\\\/web\\\/\",\"name\":\"Kuali\",\"description\":\"\",\"potentialAction\":[{\"@type\":\"SearchAction\",\"target\":{\"@type\":\"EntryPoint\",\"urlTemplate\":\"https:\\\/\\\/kuali.com.mx\\\/web\\\/?s={search_term_string}\"},\"query-input\":{\"@type\":\"PropertyValueSpecification\",\"valueRequired\":true,\"valueName\":\"search_term_string\"}}],\"inLanguage\":\"es\"},{\"@type\":\"Person\",\"@id\":\"https:\\\/\\\/kuali.com.mx\\\/web\\\/#\\\/schema\\\/person\\\/6f89ffa8ecba9dae50662357923c5289\",\"name\":\"Kuali Staff\",\"image\":{\"@type\":\"ImageObject\",\"inLanguage\":\"es\",\"@id\":\"https:\\\/\\\/secure.gravatar.com\\\/avatar\\\/f917ad82e5ab71227a733c78b6e60715476f69ee6be59feee4eb5d9920c89e0f?s=96&d=mm&r=g\",\"url\":\"https:\\\/\\\/secure.gravatar.com\\\/avatar\\\/f917ad82e5ab71227a733c78b6e60715476f69ee6be59feee4eb5d9920c89e0f?s=96&d=mm&r=g\",\"contentUrl\":\"https:\\\/\\\/secure.gravatar.com\\\/avatar\\\/f917ad82e5ab71227a733c78b6e60715476f69ee6be59feee4eb5d9920c89e0f?s=96&d=mm&r=g\",\"caption\":\"Kuali Staff\"},\"url\":\"https:\\\/\\\/kuali.com.mx\\\/web\\\/author\\\/lagarto\\\/\"}]}<\/script>\n<!-- \/ Yoast SEO plugin. -->","yoast_head_json":{"title":"ANALIZAN LEY DE PRIMER EMPLEO PARA J\u00d3VENES - Kuali","robots":{"index":"index","follow":"follow","max-snippet":"max-snippet:-1","max-image-preview":"max-image-preview:large","max-video-preview":"max-video-preview:-1"},"canonical":"https:\/\/kuali.com.mx\/web\/2022\/02\/23\/analizan-ley-de-primer-empleo-para-jovenes\/","og_locale":"es_MX","og_type":"article","og_title":"ANALIZAN LEY DE PRIMER EMPLEO PARA J\u00d3VENES - Kuali","og_description":"Kuali\/Le\u00f3n, Gto. En sesi\u00f3n de la Comisi\u00f3n de Desarrollo Econ\u00f3mico y Social se radic\u00f3 y aprob\u00f3 la metodolog\u00eda de an\u00e1lisis de la iniciativa de Ley del Primer Empleo y Primera Empresa para J\u00f3venes del Estado y los Municipios de Guanajuato.\u00a0\u00a0\u00a0 Para su estudio se remitir\u00e1 a las Secretar\u00edas de Desarrollo Econ\u00f3mico Sustentable y de Fianzas, [&hellip;]","og_url":"https:\/\/kuali.com.mx\/web\/2022\/02\/23\/analizan-ley-de-primer-empleo-para-jovenes\/","og_site_name":"Kuali","article_publisher":"https:\/\/kuali.com.mx\/web\/wp-content\/uploads\/2018\/04\/cropped-kuali_logo-1-1.png","article_published_time":"2022-02-23T17:52:03+00:00","article_modified_time":"2022-02-23T17:52:04+00:00","og_image":[{"width":1811,"height":750,"url":"https:\/\/kuali.com.mx\/web\/wp-content\/uploads\/2022\/02\/JOVENES.jpg","type":"image\/jpeg"}],"author":"Kuali Staff","twitter_card":"summary_large_image","twitter_creator":"@kuali_noticias","twitter_site":"@kuali_noticias","twitter_misc":{"Escrito por":"Kuali Staff","Tiempo de lectura":"2 minutos"},"schema":{"@context":"https:\/\/schema.org","@graph":[{"@type":"Article","@id":"https:\/\/kuali.com.mx\/web\/2022\/02\/23\/analizan-ley-de-primer-empleo-para-jovenes\/#article","isPartOf":{"@id":"https:\/\/kuali.com.mx\/web\/2022\/02\/23\/analizan-ley-de-primer-empleo-para-jovenes\/"},"author":{"name":"Kuali Staff","@id":"https:\/\/kuali.com.mx\/web\/#\/schema\/person\/6f89ffa8ecba9dae50662357923c5289"},"headline":"ANALIZAN LEY DE PRIMER EMPLEO PARA J\u00d3VENES","datePublished":"2022-02-23T17:52:03+00:00","dateModified":"2022-02-23T17:52:04+00:00","mainEntityOfPage":{"@id":"https:\/\/kuali.com.mx\/web\/2022\/02\/23\/analizan-ley-de-primer-empleo-para-jovenes\/"},"wordCount":419,"commentCount":0,"image":{"@id":"https:\/\/kuali.com.mx\/web\/2022\/02\/23\/analizan-ley-de-primer-empleo-para-jovenes\/#primaryimage"},"thumbnailUrl":"https:\/\/kuali.com.mx\/web\/wp-content\/uploads\/2022\/02\/JOVENES.jpg","keywords":["Empleo","Guanajuato","J\u00f3venes"],"articleSection":["Pol\u00edtica","slider"],"inLanguage":"es","potentialAction":[{"@type":"CommentAction","name":"Comment","target":["https:\/\/kuali.com.mx\/web\/2022\/02\/23\/analizan-ley-de-primer-empleo-para-jovenes\/#respond"]}]},{"@type":"WebPage","@id":"https:\/\/kuali.com.mx\/web\/2022\/02\/23\/analizan-ley-de-primer-empleo-para-jovenes\/","url":"https:\/\/kuali.com.mx\/web\/2022\/02\/23\/analizan-ley-de-primer-empleo-para-jovenes\/","name":"ANALIZAN LEY DE PRIMER EMPLEO PARA J\u00d3VENES - Kuali","isPartOf":{"@id":"https:\/\/kuali.com.mx\/web\/#website"},"primaryImageOfPage":{"@id":"https:\/\/kuali.com.mx\/web\/2022\/02\/23\/analizan-ley-de-primer-empleo-para-jovenes\/#primaryimage"},"image":{"@id":"https:\/\/kuali.com.mx\/web\/2022\/02\/23\/analizan-ley-de-primer-empleo-para-jovenes\/#primaryimage"},"thumbnailUrl":"https:\/\/kuali.com.mx\/web\/wp-content\/uploads\/2022\/02\/JOVENES.jpg","datePublished":"2022-02-23T17:52:03+00:00","dateModified":"2022-02-23T17:52:04+00:00","author":{"@id":"https:\/\/kuali.com.mx\/web\/#\/schema\/person\/6f89ffa8ecba9dae50662357923c5289"},"breadcrumb":{"@id":"https:\/\/kuali.com.mx\/web\/2022\/02\/23\/analizan-ley-de-primer-empleo-para-jovenes\/#breadcrumb"},"inLanguage":"es","potentialAction":[{"@type":"ReadAction","target":["https:\/\/kuali.com.mx\/web\/2022\/02\/23\/analizan-ley-de-primer-empleo-para-jovenes\/"]}]},{"@type":"ImageObject","inLanguage":"es","@id":"https:\/\/kuali.com.mx\/web\/2022\/02\/23\/analizan-ley-de-primer-empleo-para-jovenes\/#primaryimage","url":"https:\/\/kuali.com.mx\/web\/wp-content\/uploads\/2022\/02\/JOVENES.jpg","contentUrl":"https:\/\/kuali.com.mx\/web\/wp-content\/uploads\/2022\/02\/JOVENES.jpg","width":1811,"height":750},{"@type":"BreadcrumbList","@id":"https:\/\/kuali.com.mx\/web\/2022\/02\/23\/analizan-ley-de-primer-empleo-para-jovenes\/#breadcrumb","itemListElement":[{"@type":"ListItem","position":1,"name":"Inicio","item":"https:\/\/kuali.com.mx\/web\/"},{"@type":"ListItem","position":2,"name":"ANALIZAN LEY DE PRIMER EMPLEO PARA J\u00d3VENES"}]},{"@type":"WebSite","@id":"https:\/\/kuali.com.mx\/web\/#website","url":"https:\/\/kuali.com.mx\/web\/","name":"Kuali","description":"","potentialAction":[{"@type":"SearchAction","target":{"@type":"EntryPoint","urlTemplate":"https:\/\/kuali.com.mx\/web\/?s={search_term_string}"},"query-input":{"@type":"PropertyValueSpecification","valueRequired":true,"valueName":"search_term_string"}}],"inLanguage":"es"},{"@type":"Person","@id":"https:\/\/kuali.com.mx\/web\/#\/schema\/person\/6f89ffa8ecba9dae50662357923c5289","name":"Kuali Staff","image":{"@type":"ImageObject","inLanguage":"es","@id":"https:\/\/secure.gravatar.com\/avatar\/f917ad82e5ab71227a733c78b6e60715476f69ee6be59feee4eb5d9920c89e0f?s=96&d=mm&r=g","url":"https:\/\/secure.gravatar.com\/avatar\/f917ad82e5ab71227a733c78b6e60715476f69ee6be59feee4eb5d9920c89e0f?s=96&d=mm&r=g","contentUrl":"https:\/\/secure.gravatar.com\/avatar\/f917ad82e5ab71227a733c78b6e60715476f69ee6be59feee4eb5d9920c89e0f?s=96&d=mm&r=g","caption":"Kuali Staff"},"url":"https:\/\/kuali.com.mx\/web\/author\/lagarto\/"}]}},"_links":{"self":[{"href":"https:\/\/kuali.com.mx\/web\/wp-json\/wp\/v2\/posts\/92564","targetHints":{"allow":["GET"]}}],"collection":[{"href":"https:\/\/kuali.com.mx\/web\/wp-json\/wp\/v2\/posts"}],"about":[{"href":"https:\/\/kuali.com.mx\/web\/wp-json\/wp\/v2\/types\/post"}],"author":[{"embeddable":true,"href":"https:\/\/kuali.com.mx\/web\/wp-json\/wp\/v2\/users\/2"}],"replies":[{"embeddable":true,"href":"https:\/\/kuali.com.mx\/web\/wp-json\/wp\/v2\/comments?post=92564"}],"version-history":[{"count":1,"href":"https:\/\/kuali.com.mx\/web\/wp-json\/wp\/v2\/posts\/92564\/revisions"}],"predecessor-version":[{"id":92567,"href":"https:\/\/kuali.com.mx\/web\/wp-json\/wp\/v2\/posts\/92564\/revisions\/92567"}],"wp:featuredmedia":[{"embeddable":true,"href":"https:\/\/kuali.com.mx\/web\/wp-json\/wp\/v2\/media\/92566"}],"wp:attachment":[{"href":"https:\/\/kuali.com.mx\/web\/wp-json\/wp\/v2\/media?parent=92564"}],"wp:term":[{"taxonomy":"category","embeddable":true,"href":"https:\/\/kuali.com.mx\/web\/wp-json\/wp\/v2\/categories?post=92564"},{"taxonomy":"post_tag","embeddable":true,"href":"https:\/\/kuali.com.mx\/web\/wp-json\/wp\/v2\/tags?post=92564"}],"curies":[{"name":"wp","href":"https:\/\/api.w.org\/{rel}","templated":true}]}}