{"id":90891,"date":"2022-01-17T12:03:00","date_gmt":"2022-01-17T18:03:00","guid":{"rendered":"https:\/\/kuali.com.mx\/web\/?p=90891"},"modified":"2022-01-17T20:05:58","modified_gmt":"2022-01-18T02:05:58","slug":"vigila-guardia-nacional-la-capital","status":"publish","type":"post","link":"https:\/\/kuali.com.mx\/web\/2022\/01\/17\/vigila-guardia-nacional-la-capital\/","title":{"rendered":"VIGILA GUARDIA NACIONAL  LA CAPITAL"},"content":{"rendered":"\n<p><strong><em>Kuali\/Guanajuato, Gto.-<\/em><\/strong>La Secretar\u00eda de Seguridad Ciudadana de la capital retom\u00f3 los operativos de prevenci\u00f3n en coordinaci\u00f3n con la Guardia Nacional.<\/p>\n\n\n\n<p>Los patrullajes de seguridad y vigilancia se llevan a cabo en callejones y colonias, pero tambi\u00e9n en las comunidades del municipio.<\/p>\n\n\n\n<p>El secretario de Seguridad Ciudadana, Samuel Ugalde Garc\u00eda, inform\u00f3 que por indicaciones del Presidente Municipal, Alejandro Navarro, se da continuidad al trabajo con la Guardia Nacional reforzando la operatividad y la coordinaci\u00f3n.<\/p>\n\n\n\n<p>Asegur\u00f3 que el trabajo conjunto ser\u00e1 permanente en el municipio, pero sin descuidar los dem\u00e1s operativos como el Intermunicipal, Ambiental y de G\u00e9nero.<\/p>\n\n\n\n<p>\u201cIndudablemente, la funci\u00f3n de la Polic\u00eda Municipal es preventiva, m\u00e1s que atacar el delito propiamente, es prevenir, inhibir la comisi\u00f3n de faltas administrativas y delitos; cuando hay la comisi\u00f3n de un delito en flagrancia tambi\u00e9n est\u00e1 la facultad de detener y poner a disposici\u00f3n, pero la funci\u00f3n es cien por ciento prevenir la comisi\u00f3n de faltas administrativas y de delito\u201d.<\/p>\n\n\n\n<p>Este fin de semana los elementos de la Secretar\u00eda de Seguridad Ciudadana junto con la Guardia Nacional recorrieron entre otras zonas: Santa Teresa, Paso de Perules, Puentecillas, Maluco, Cuevas, Tinaco, Santa Catarina de Cuevas, Las Teresas, Las Palomas, Cerro del Cuarto, Las Lamas, Rosita de San Juan, Plaza de Toros.<\/p>\n\n\n\n<p>En total fueron revisados 15 veh\u00edculos, 72 personas, siete motocicletas y 15 personas fueron remitidas por faltas administrativas como inhalar sustancias t\u00f3xicas en v\u00eda p\u00fablica, ingerir bebidas alcoh\u00f3licas y causar molestias.<\/p>\n","protected":false},"excerpt":{"rendered":"Kuali\/Guanajuato, Gto.-La Secretar\u00eda de Seguridad Ciudadana de la capital retom\u00f3 los operativos de prevenci\u00f3n en coordinaci\u00f3n con la Guardia Nacional. Los patrullajes de seguridad y vigilancia se llevan a cabo en callejones y colonias, pero tambi\u00e9n en las comunidades del municipio. El secretario de Seguridad Ciudadana, Samuel Ugalde Garc\u00eda, inform\u00f3 que por indicaciones del Presidente [&hellip;]","protected":false},"author":2,"featured_media":90892,"comment_status":"open","ping_status":"open","sticky":false,"template":"","format":"standard","meta":{"_seopress_robots_primary_cat":"","_seopress_titles_title":"","_seopress_titles_desc":"","_seopress_robots_index":"","_monsterinsights_skip_tracking":false,"_monsterinsights_sitenote_active":false,"_monsterinsights_sitenote_note":"","_monsterinsights_sitenote_category":0,"footnotes":""},"categories":[3],"tags":[],"class_list":["post-90891","post","type-post","status-publish","format-standard","has-post-thumbnail","hentry","category-politica"],"yoast_head":"<!-- This site is optimized with the Yoast SEO plugin v27.5 - https:\/\/yoast.com\/product\/yoast-seo-wordpress\/ -->\n<title>VIGILA GUARDIA NACIONAL LA CAPITAL - Kuali<\/title>\n<meta name=\"robots\" content=\"index, follow, max-snippet:-1, max-image-preview:large, max-video-preview:-1\" \/>\n<link rel=\"canonical\" href=\"https:\/\/kuali.com.mx\/web\/2022\/01\/17\/vigila-guardia-nacional-la-capital\/\" \/>\n<meta property=\"og:locale\" content=\"es_MX\" \/>\n<meta property=\"og:type\" content=\"article\" \/>\n<meta property=\"og:title\" content=\"VIGILA GUARDIA NACIONAL LA CAPITAL - Kuali\" \/>\n<meta property=\"og:description\" content=\"Kuali\/Guanajuato, Gto.-La Secretar\u00eda de Seguridad Ciudadana de la capital retom\u00f3 los operativos de prevenci\u00f3n en coordinaci\u00f3n con la Guardia Nacional. Los patrullajes de seguridad y vigilancia se llevan a cabo en callejones y colonias, pero tambi\u00e9n en las comunidades del municipio. El secretario de Seguridad Ciudadana, Samuel Ugalde Garc\u00eda, inform\u00f3 que por indicaciones del Presidente [&hellip;]\" \/>\n<meta property=\"og:url\" content=\"https:\/\/kuali.com.mx\/web\/2022\/01\/17\/vigila-guardia-nacional-la-capital\/\" \/>\n<meta property=\"og:site_name\" content=\"Kuali\" \/>\n<meta property=\"article:publisher\" content=\"https:\/\/kuali.com.mx\/web\/wp-content\/uploads\/2018\/04\/cropped-kuali_logo-1-1.png\" \/>\n<meta property=\"article:published_time\" content=\"2022-01-17T18:03:00+00:00\" \/>\n<meta property=\"article:modified_time\" content=\"2022-01-18T02:05:58+00:00\" \/>\n<meta property=\"og:image\" content=\"https:\/\/kuali.com.mx\/web\/wp-content\/uploads\/2022\/01\/Operativo-con-la-GN-1.jpeg\" \/>\n\t<meta property=\"og:image:width\" content=\"1600\" \/>\n\t<meta property=\"og:image:height\" content=\"720\" \/>\n\t<meta property=\"og:image:type\" content=\"image\/jpeg\" \/>\n<meta name=\"author\" content=\"Kuali Staff\" \/>\n<meta name=\"twitter:card\" content=\"summary_large_image\" \/>\n<meta name=\"twitter:image\" content=\"https:\/\/kuali.com.mx\/web\/wp-content\/uploads\/2022\/01\/Operativo-con-la-GN-1.jpeg\" \/>\n<meta name=\"twitter:creator\" content=\"@kuali_noticias\" \/>\n<meta name=\"twitter:site\" content=\"@kuali_noticias\" \/>\n<meta name=\"twitter:label1\" content=\"Escrito por\" \/>\n\t<meta name=\"twitter:data1\" content=\"Kuali Staff\" \/>\n\t<meta name=\"twitter:label2\" content=\"Tiempo de lectura\" \/>\n\t<meta name=\"twitter:data2\" content=\"2 minutos\" \/>\n<script type=\"application\/ld+json\" class=\"yoast-schema-graph\">{\"@context\":\"https:\\\/\\\/schema.org\",\"@graph\":[{\"@type\":\"Article\",\"@id\":\"https:\\\/\\\/kuali.com.mx\\\/web\\\/2022\\\/01\\\/17\\\/vigila-guardia-nacional-la-capital\\\/#article\",\"isPartOf\":{\"@id\":\"https:\\\/\\\/kuali.com.mx\\\/web\\\/2022\\\/01\\\/17\\\/vigila-guardia-nacional-la-capital\\\/\"},\"author\":{\"name\":\"Kuali Staff\",\"@id\":\"https:\\\/\\\/kuali.com.mx\\\/web\\\/#\\\/schema\\\/person\\\/6f89ffa8ecba9dae50662357923c5289\"},\"headline\":\"VIGILA GUARDIA NACIONAL LA CAPITAL\",\"datePublished\":\"2022-01-17T18:03:00+00:00\",\"dateModified\":\"2022-01-18T02:05:58+00:00\",\"mainEntityOfPage\":{\"@id\":\"https:\\\/\\\/kuali.com.mx\\\/web\\\/2022\\\/01\\\/17\\\/vigila-guardia-nacional-la-capital\\\/\"},\"wordCount\":265,\"commentCount\":0,\"image\":{\"@id\":\"https:\\\/\\\/kuali.com.mx\\\/web\\\/2022\\\/01\\\/17\\\/vigila-guardia-nacional-la-capital\\\/#primaryimage\"},\"thumbnailUrl\":\"https:\\\/\\\/kuali.com.mx\\\/web\\\/wp-content\\\/uploads\\\/2022\\\/01\\\/Operativo-con-la-GN-1.jpeg\",\"articleSection\":[\"Pol\u00edtica\"],\"inLanguage\":\"es\",\"potentialAction\":[{\"@type\":\"CommentAction\",\"name\":\"Comment\",\"target\":[\"https:\\\/\\\/kuali.com.mx\\\/web\\\/2022\\\/01\\\/17\\\/vigila-guardia-nacional-la-capital\\\/#respond\"]}]},{\"@type\":\"WebPage\",\"@id\":\"https:\\\/\\\/kuali.com.mx\\\/web\\\/2022\\\/01\\\/17\\\/vigila-guardia-nacional-la-capital\\\/\",\"url\":\"https:\\\/\\\/kuali.com.mx\\\/web\\\/2022\\\/01\\\/17\\\/vigila-guardia-nacional-la-capital\\\/\",\"name\":\"VIGILA GUARDIA NACIONAL LA CAPITAL - Kuali\",\"isPartOf\":{\"@id\":\"https:\\\/\\\/kuali.com.mx\\\/web\\\/#website\"},\"primaryImageOfPage\":{\"@id\":\"https:\\\/\\\/kuali.com.mx\\\/web\\\/2022\\\/01\\\/17\\\/vigila-guardia-nacional-la-capital\\\/#primaryimage\"},\"image\":{\"@id\":\"https:\\\/\\\/kuali.com.mx\\\/web\\\/2022\\\/01\\\/17\\\/vigila-guardia-nacional-la-capital\\\/#primaryimage\"},\"thumbnailUrl\":\"https:\\\/\\\/kuali.com.mx\\\/web\\\/wp-content\\\/uploads\\\/2022\\\/01\\\/Operativo-con-la-GN-1.jpeg\",\"datePublished\":\"2022-01-17T18:03:00+00:00\",\"dateModified\":\"2022-01-18T02:05:58+00:00\",\"author\":{\"@id\":\"https:\\\/\\\/kuali.com.mx\\\/web\\\/#\\\/schema\\\/person\\\/6f89ffa8ecba9dae50662357923c5289\"},\"breadcrumb\":{\"@id\":\"https:\\\/\\\/kuali.com.mx\\\/web\\\/2022\\\/01\\\/17\\\/vigila-guardia-nacional-la-capital\\\/#breadcrumb\"},\"inLanguage\":\"es\",\"potentialAction\":[{\"@type\":\"ReadAction\",\"target\":[\"https:\\\/\\\/kuali.com.mx\\\/web\\\/2022\\\/01\\\/17\\\/vigila-guardia-nacional-la-capital\\\/\"]}]},{\"@type\":\"ImageObject\",\"inLanguage\":\"es\",\"@id\":\"https:\\\/\\\/kuali.com.mx\\\/web\\\/2022\\\/01\\\/17\\\/vigila-guardia-nacional-la-capital\\\/#primaryimage\",\"url\":\"https:\\\/\\\/kuali.com.mx\\\/web\\\/wp-content\\\/uploads\\\/2022\\\/01\\\/Operativo-con-la-GN-1.jpeg\",\"contentUrl\":\"https:\\\/\\\/kuali.com.mx\\\/web\\\/wp-content\\\/uploads\\\/2022\\\/01\\\/Operativo-con-la-GN-1.jpeg\",\"width\":1600,\"height\":720},{\"@type\":\"BreadcrumbList\",\"@id\":\"https:\\\/\\\/kuali.com.mx\\\/web\\\/2022\\\/01\\\/17\\\/vigila-guardia-nacional-la-capital\\\/#breadcrumb\",\"itemListElement\":[{\"@type\":\"ListItem\",\"position\":1,\"name\":\"Inicio\",\"item\":\"https:\\\/\\\/kuali.com.mx\\\/web\\\/\"},{\"@type\":\"ListItem\",\"position\":2,\"name\":\"VIGILA GUARDIA NACIONAL LA CAPITAL\"}]},{\"@type\":\"WebSite\",\"@id\":\"https:\\\/\\\/kuali.com.mx\\\/web\\\/#website\",\"url\":\"https:\\\/\\\/kuali.com.mx\\\/web\\\/\",\"name\":\"Kuali\",\"description\":\"\",\"potentialAction\":[{\"@type\":\"SearchAction\",\"target\":{\"@type\":\"EntryPoint\",\"urlTemplate\":\"https:\\\/\\\/kuali.com.mx\\\/web\\\/?s={search_term_string}\"},\"query-input\":{\"@type\":\"PropertyValueSpecification\",\"valueRequired\":true,\"valueName\":\"search_term_string\"}}],\"inLanguage\":\"es\"},{\"@type\":\"Person\",\"@id\":\"https:\\\/\\\/kuali.com.mx\\\/web\\\/#\\\/schema\\\/person\\\/6f89ffa8ecba9dae50662357923c5289\",\"name\":\"Kuali Staff\",\"image\":{\"@type\":\"ImageObject\",\"inLanguage\":\"es\",\"@id\":\"https:\\\/\\\/secure.gravatar.com\\\/avatar\\\/f917ad82e5ab71227a733c78b6e60715476f69ee6be59feee4eb5d9920c89e0f?s=96&d=mm&r=g\",\"url\":\"https:\\\/\\\/secure.gravatar.com\\\/avatar\\\/f917ad82e5ab71227a733c78b6e60715476f69ee6be59feee4eb5d9920c89e0f?s=96&d=mm&r=g\",\"contentUrl\":\"https:\\\/\\\/secure.gravatar.com\\\/avatar\\\/f917ad82e5ab71227a733c78b6e60715476f69ee6be59feee4eb5d9920c89e0f?s=96&d=mm&r=g\",\"caption\":\"Kuali Staff\"},\"url\":\"https:\\\/\\\/kuali.com.mx\\\/web\\\/author\\\/lagarto\\\/\"}]}<\/script>\n<!-- \/ Yoast SEO plugin. -->","yoast_head_json":{"title":"VIGILA GUARDIA NACIONAL LA CAPITAL - Kuali","robots":{"index":"index","follow":"follow","max-snippet":"max-snippet:-1","max-image-preview":"max-image-preview:large","max-video-preview":"max-video-preview:-1"},"canonical":"https:\/\/kuali.com.mx\/web\/2022\/01\/17\/vigila-guardia-nacional-la-capital\/","og_locale":"es_MX","og_type":"article","og_title":"VIGILA GUARDIA NACIONAL LA CAPITAL - Kuali","og_description":"Kuali\/Guanajuato, Gto.-La Secretar\u00eda de Seguridad Ciudadana de la capital retom\u00f3 los operativos de prevenci\u00f3n en coordinaci\u00f3n con la Guardia Nacional. Los patrullajes de seguridad y vigilancia se llevan a cabo en callejones y colonias, pero tambi\u00e9n en las comunidades del municipio. El secretario de Seguridad Ciudadana, Samuel Ugalde Garc\u00eda, inform\u00f3 que por indicaciones del Presidente [&hellip;]","og_url":"https:\/\/kuali.com.mx\/web\/2022\/01\/17\/vigila-guardia-nacional-la-capital\/","og_site_name":"Kuali","article_publisher":"https:\/\/kuali.com.mx\/web\/wp-content\/uploads\/2018\/04\/cropped-kuali_logo-1-1.png","article_published_time":"2022-01-17T18:03:00+00:00","article_modified_time":"2022-01-18T02:05:58+00:00","og_image":[{"width":1600,"height":720,"url":"https:\/\/kuali.com.mx\/web\/wp-content\/uploads\/2022\/01\/Operativo-con-la-GN-1.jpeg","type":"image\/jpeg"}],"author":"Kuali Staff","twitter_card":"summary_large_image","twitter_image":"https:\/\/kuali.com.mx\/web\/wp-content\/uploads\/2022\/01\/Operativo-con-la-GN-1.jpeg","twitter_creator":"@kuali_noticias","twitter_site":"@kuali_noticias","twitter_misc":{"Escrito por":"Kuali Staff","Tiempo de lectura":"2 minutos"},"schema":{"@context":"https:\/\/schema.org","@graph":[{"@type":"Article","@id":"https:\/\/kuali.com.mx\/web\/2022\/01\/17\/vigila-guardia-nacional-la-capital\/#article","isPartOf":{"@id":"https:\/\/kuali.com.mx\/web\/2022\/01\/17\/vigila-guardia-nacional-la-capital\/"},"author":{"name":"Kuali Staff","@id":"https:\/\/kuali.com.mx\/web\/#\/schema\/person\/6f89ffa8ecba9dae50662357923c5289"},"headline":"VIGILA GUARDIA NACIONAL LA CAPITAL","datePublished":"2022-01-17T18:03:00+00:00","dateModified":"2022-01-18T02:05:58+00:00","mainEntityOfPage":{"@id":"https:\/\/kuali.com.mx\/web\/2022\/01\/17\/vigila-guardia-nacional-la-capital\/"},"wordCount":265,"commentCount":0,"image":{"@id":"https:\/\/kuali.com.mx\/web\/2022\/01\/17\/vigila-guardia-nacional-la-capital\/#primaryimage"},"thumbnailUrl":"https:\/\/kuali.com.mx\/web\/wp-content\/uploads\/2022\/01\/Operativo-con-la-GN-1.jpeg","articleSection":["Pol\u00edtica"],"inLanguage":"es","potentialAction":[{"@type":"CommentAction","name":"Comment","target":["https:\/\/kuali.com.mx\/web\/2022\/01\/17\/vigila-guardia-nacional-la-capital\/#respond"]}]},{"@type":"WebPage","@id":"https:\/\/kuali.com.mx\/web\/2022\/01\/17\/vigila-guardia-nacional-la-capital\/","url":"https:\/\/kuali.com.mx\/web\/2022\/01\/17\/vigila-guardia-nacional-la-capital\/","name":"VIGILA GUARDIA NACIONAL LA CAPITAL - Kuali","isPartOf":{"@id":"https:\/\/kuali.com.mx\/web\/#website"},"primaryImageOfPage":{"@id":"https:\/\/kuali.com.mx\/web\/2022\/01\/17\/vigila-guardia-nacional-la-capital\/#primaryimage"},"image":{"@id":"https:\/\/kuali.com.mx\/web\/2022\/01\/17\/vigila-guardia-nacional-la-capital\/#primaryimage"},"thumbnailUrl":"https:\/\/kuali.com.mx\/web\/wp-content\/uploads\/2022\/01\/Operativo-con-la-GN-1.jpeg","datePublished":"2022-01-17T18:03:00+00:00","dateModified":"2022-01-18T02:05:58+00:00","author":{"@id":"https:\/\/kuali.com.mx\/web\/#\/schema\/person\/6f89ffa8ecba9dae50662357923c5289"},"breadcrumb":{"@id":"https:\/\/kuali.com.mx\/web\/2022\/01\/17\/vigila-guardia-nacional-la-capital\/#breadcrumb"},"inLanguage":"es","potentialAction":[{"@type":"ReadAction","target":["https:\/\/kuali.com.mx\/web\/2022\/01\/17\/vigila-guardia-nacional-la-capital\/"]}]},{"@type":"ImageObject","inLanguage":"es","@id":"https:\/\/kuali.com.mx\/web\/2022\/01\/17\/vigila-guardia-nacional-la-capital\/#primaryimage","url":"https:\/\/kuali.com.mx\/web\/wp-content\/uploads\/2022\/01\/Operativo-con-la-GN-1.jpeg","contentUrl":"https:\/\/kuali.com.mx\/web\/wp-content\/uploads\/2022\/01\/Operativo-con-la-GN-1.jpeg","width":1600,"height":720},{"@type":"BreadcrumbList","@id":"https:\/\/kuali.com.mx\/web\/2022\/01\/17\/vigila-guardia-nacional-la-capital\/#breadcrumb","itemListElement":[{"@type":"ListItem","position":1,"name":"Inicio","item":"https:\/\/kuali.com.mx\/web\/"},{"@type":"ListItem","position":2,"name":"VIGILA GUARDIA NACIONAL LA CAPITAL"}]},{"@type":"WebSite","@id":"https:\/\/kuali.com.mx\/web\/#website","url":"https:\/\/kuali.com.mx\/web\/","name":"Kuali","description":"","potentialAction":[{"@type":"SearchAction","target":{"@type":"EntryPoint","urlTemplate":"https:\/\/kuali.com.mx\/web\/?s={search_term_string}"},"query-input":{"@type":"PropertyValueSpecification","valueRequired":true,"valueName":"search_term_string"}}],"inLanguage":"es"},{"@type":"Person","@id":"https:\/\/kuali.com.mx\/web\/#\/schema\/person\/6f89ffa8ecba9dae50662357923c5289","name":"Kuali Staff","image":{"@type":"ImageObject","inLanguage":"es","@id":"https:\/\/secure.gravatar.com\/avatar\/f917ad82e5ab71227a733c78b6e60715476f69ee6be59feee4eb5d9920c89e0f?s=96&d=mm&r=g","url":"https:\/\/secure.gravatar.com\/avatar\/f917ad82e5ab71227a733c78b6e60715476f69ee6be59feee4eb5d9920c89e0f?s=96&d=mm&r=g","contentUrl":"https:\/\/secure.gravatar.com\/avatar\/f917ad82e5ab71227a733c78b6e60715476f69ee6be59feee4eb5d9920c89e0f?s=96&d=mm&r=g","caption":"Kuali Staff"},"url":"https:\/\/kuali.com.mx\/web\/author\/lagarto\/"}]}},"_links":{"self":[{"href":"https:\/\/kuali.com.mx\/web\/wp-json\/wp\/v2\/posts\/90891","targetHints":{"allow":["GET"]}}],"collection":[{"href":"https:\/\/kuali.com.mx\/web\/wp-json\/wp\/v2\/posts"}],"about":[{"href":"https:\/\/kuali.com.mx\/web\/wp-json\/wp\/v2\/types\/post"}],"author":[{"embeddable":true,"href":"https:\/\/kuali.com.mx\/web\/wp-json\/wp\/v2\/users\/2"}],"replies":[{"embeddable":true,"href":"https:\/\/kuali.com.mx\/web\/wp-json\/wp\/v2\/comments?post=90891"}],"version-history":[{"count":1,"href":"https:\/\/kuali.com.mx\/web\/wp-json\/wp\/v2\/posts\/90891\/revisions"}],"predecessor-version":[{"id":90893,"href":"https:\/\/kuali.com.mx\/web\/wp-json\/wp\/v2\/posts\/90891\/revisions\/90893"}],"wp:featuredmedia":[{"embeddable":true,"href":"https:\/\/kuali.com.mx\/web\/wp-json\/wp\/v2\/media\/90892"}],"wp:attachment":[{"href":"https:\/\/kuali.com.mx\/web\/wp-json\/wp\/v2\/media?parent=90891"}],"wp:term":[{"taxonomy":"category","embeddable":true,"href":"https:\/\/kuali.com.mx\/web\/wp-json\/wp\/v2\/categories?post=90891"},{"taxonomy":"post_tag","embeddable":true,"href":"https:\/\/kuali.com.mx\/web\/wp-json\/wp\/v2\/tags?post=90891"}],"curies":[{"name":"wp","href":"https:\/\/api.w.org\/{rel}","templated":true}]}}