{"id":90860,"date":"2022-01-16T18:04:28","date_gmt":"2022-01-17T00:04:28","guid":{"rendered":"https:\/\/kuali.com.mx\/web\/?p=90860"},"modified":"2022-01-16T18:04:29","modified_gmt":"2022-01-17T00:04:29","slug":"baja-violencia-reportan-3-homicidios","status":"publish","type":"post","link":"https:\/\/kuali.com.mx\/web\/2022\/01\/16\/baja-violencia-reportan-3-homicidios\/","title":{"rendered":"BAJA VIOLENCIA; REPORTAN 3 HOMICIDIOS"},"content":{"rendered":"\n<p><strong><em>Sandra Flores\/Le\u00f3n, Gto.-<\/em><\/strong>En los municipios de Salvatierra, Salamanca y Jaral del Progreso fueron ejecutados tres hombres, report\u00f3 la Fiscal\u00eda General del Estado.<\/p>\n\n\n\n<p>Sobre calle Gardenia esquina con calle Tulip\u00e1n de la colonia Buena Aventura, en Salvatierra, fue asesinado un hombre. El cuerpo se encontr\u00f3 cerca de un poste de luz.<\/p>\n\n\n\n<p>En la calle\u00a0 Privada 05 de la colonia Jardines de Guanajuato, de la ciudad de Salamanca, un hombre fue ejecutado con un arma corta.<strong>\u00a0<\/strong><\/p>\n\n\n\n<p>\"Entre la calle Privada P\u00edpila y Hermanos Aldama de la colonia del Valle -en Jaral del Progreso-, se encuentra una persona fallecida\", difundi\u00f3 la Fiscal\u00eda.<\/p>\n","protected":false},"excerpt":{"rendered":"Sandra Flores\/Le\u00f3n, Gto.-En los municipios de Salvatierra, Salamanca y Jaral del Progreso fueron ejecutados tres hombres, report\u00f3 la Fiscal\u00eda General del Estado. Sobre calle Gardenia esquina con calle Tulip\u00e1n de la colonia Buena Aventura, en Salvatierra, fue asesinado un hombre. El cuerpo se encontr\u00f3 cerca de un poste de luz. En la calle\u00a0 Privada 05 [&hellip;]","protected":false},"author":2,"featured_media":50824,"comment_status":"open","ping_status":"open","sticky":false,"template":"","format":"standard","meta":{"_seopress_robots_primary_cat":"","_seopress_titles_title":"","_seopress_titles_desc":"","_seopress_robots_index":"","_monsterinsights_skip_tracking":false,"_monsterinsights_sitenote_active":false,"_monsterinsights_sitenote_note":"","_monsterinsights_sitenote_category":0,"footnotes":""},"categories":[3,69],"tags":[],"class_list":["post-90860","post","type-post","status-publish","format-standard","has-post-thumbnail","hentry","category-politica","category-slider"],"yoast_head":"<!-- This site is optimized with the Yoast SEO plugin v27.5 - https:\/\/yoast.com\/product\/yoast-seo-wordpress\/ -->\n<title>BAJA VIOLENCIA; REPORTAN 3 HOMICIDIOS - Kuali<\/title>\n<meta name=\"robots\" content=\"index, follow, max-snippet:-1, max-image-preview:large, max-video-preview:-1\" \/>\n<link rel=\"canonical\" href=\"https:\/\/kuali.com.mx\/web\/2022\/01\/16\/baja-violencia-reportan-3-homicidios\/\" \/>\n<meta property=\"og:locale\" content=\"es_MX\" \/>\n<meta property=\"og:type\" content=\"article\" \/>\n<meta property=\"og:title\" content=\"BAJA VIOLENCIA; REPORTAN 3 HOMICIDIOS - Kuali\" \/>\n<meta property=\"og:description\" content=\"Sandra Flores\/Le\u00f3n, Gto.-En los municipios de Salvatierra, Salamanca y Jaral del Progreso fueron ejecutados tres hombres, report\u00f3 la Fiscal\u00eda General del Estado. Sobre calle Gardenia esquina con calle Tulip\u00e1n de la colonia Buena Aventura, en Salvatierra, fue asesinado un hombre. El cuerpo se encontr\u00f3 cerca de un poste de luz. En la calle\u00a0 Privada 05 [&hellip;]\" \/>\n<meta property=\"og:url\" content=\"https:\/\/kuali.com.mx\/web\/2022\/01\/16\/baja-violencia-reportan-3-homicidios\/\" \/>\n<meta property=\"og:site_name\" content=\"Kuali\" \/>\n<meta property=\"article:publisher\" content=\"https:\/\/kuali.com.mx\/web\/wp-content\/uploads\/2018\/04\/cropped-kuali_logo-1-1.png\" \/>\n<meta property=\"article:published_time\" content=\"2022-01-17T00:04:28+00:00\" \/>\n<meta property=\"article:modified_time\" content=\"2022-01-17T00:04:29+00:00\" \/>\n<meta property=\"og:image\" content=\"https:\/\/kuali.com.mx\/web\/wp-content\/uploads\/2019\/02\/inseguridad-e1553122175953.jpg\" \/>\n\t<meta property=\"og:image:width\" content=\"1744\" \/>\n\t<meta property=\"og:image:height\" content=\"750\" \/>\n\t<meta property=\"og:image:type\" content=\"image\/jpeg\" \/>\n<meta name=\"author\" content=\"Kuali Staff\" \/>\n<meta name=\"twitter:card\" content=\"summary_large_image\" \/>\n<meta name=\"twitter:image\" content=\"https:\/\/kuali.com.mx\/web\/wp-content\/uploads\/2019\/02\/inseguridad-e1553122175953.jpg\" \/>\n<meta name=\"twitter:creator\" content=\"@kuali_noticias\" \/>\n<meta name=\"twitter:site\" content=\"@kuali_noticias\" \/>\n<meta name=\"twitter:label1\" content=\"Escrito por\" \/>\n\t<meta name=\"twitter:data1\" content=\"Kuali Staff\" \/>\n\t<meta name=\"twitter:label2\" content=\"Tiempo de lectura\" \/>\n\t<meta name=\"twitter:data2\" content=\"1 minuto\" \/>\n<script type=\"application\/ld+json\" class=\"yoast-schema-graph\">{\"@context\":\"https:\\\/\\\/schema.org\",\"@graph\":[{\"@type\":\"Article\",\"@id\":\"https:\\\/\\\/kuali.com.mx\\\/web\\\/2022\\\/01\\\/16\\\/baja-violencia-reportan-3-homicidios\\\/#article\",\"isPartOf\":{\"@id\":\"https:\\\/\\\/kuali.com.mx\\\/web\\\/2022\\\/01\\\/16\\\/baja-violencia-reportan-3-homicidios\\\/\"},\"author\":{\"name\":\"Kuali Staff\",\"@id\":\"https:\\\/\\\/kuali.com.mx\\\/web\\\/#\\\/schema\\\/person\\\/6f89ffa8ecba9dae50662357923c5289\"},\"headline\":\"BAJA VIOLENCIA; REPORTAN 3 HOMICIDIOS\",\"datePublished\":\"2022-01-17T00:04:28+00:00\",\"dateModified\":\"2022-01-17T00:04:29+00:00\",\"mainEntityOfPage\":{\"@id\":\"https:\\\/\\\/kuali.com.mx\\\/web\\\/2022\\\/01\\\/16\\\/baja-violencia-reportan-3-homicidios\\\/\"},\"wordCount\":110,\"commentCount\":0,\"image\":{\"@id\":\"https:\\\/\\\/kuali.com.mx\\\/web\\\/2022\\\/01\\\/16\\\/baja-violencia-reportan-3-homicidios\\\/#primaryimage\"},\"thumbnailUrl\":\"https:\\\/\\\/kuali.com.mx\\\/web\\\/wp-content\\\/uploads\\\/2019\\\/02\\\/inseguridad-e1553122175953.jpg\",\"articleSection\":[\"Pol\u00edtica\",\"slider\"],\"inLanguage\":\"es\",\"potentialAction\":[{\"@type\":\"CommentAction\",\"name\":\"Comment\",\"target\":[\"https:\\\/\\\/kuali.com.mx\\\/web\\\/2022\\\/01\\\/16\\\/baja-violencia-reportan-3-homicidios\\\/#respond\"]}]},{\"@type\":\"WebPage\",\"@id\":\"https:\\\/\\\/kuali.com.mx\\\/web\\\/2022\\\/01\\\/16\\\/baja-violencia-reportan-3-homicidios\\\/\",\"url\":\"https:\\\/\\\/kuali.com.mx\\\/web\\\/2022\\\/01\\\/16\\\/baja-violencia-reportan-3-homicidios\\\/\",\"name\":\"BAJA VIOLENCIA; REPORTAN 3 HOMICIDIOS - Kuali\",\"isPartOf\":{\"@id\":\"https:\\\/\\\/kuali.com.mx\\\/web\\\/#website\"},\"primaryImageOfPage\":{\"@id\":\"https:\\\/\\\/kuali.com.mx\\\/web\\\/2022\\\/01\\\/16\\\/baja-violencia-reportan-3-homicidios\\\/#primaryimage\"},\"image\":{\"@id\":\"https:\\\/\\\/kuali.com.mx\\\/web\\\/2022\\\/01\\\/16\\\/baja-violencia-reportan-3-homicidios\\\/#primaryimage\"},\"thumbnailUrl\":\"https:\\\/\\\/kuali.com.mx\\\/web\\\/wp-content\\\/uploads\\\/2019\\\/02\\\/inseguridad-e1553122175953.jpg\",\"datePublished\":\"2022-01-17T00:04:28+00:00\",\"dateModified\":\"2022-01-17T00:04:29+00:00\",\"author\":{\"@id\":\"https:\\\/\\\/kuali.com.mx\\\/web\\\/#\\\/schema\\\/person\\\/6f89ffa8ecba9dae50662357923c5289\"},\"breadcrumb\":{\"@id\":\"https:\\\/\\\/kuali.com.mx\\\/web\\\/2022\\\/01\\\/16\\\/baja-violencia-reportan-3-homicidios\\\/#breadcrumb\"},\"inLanguage\":\"es\",\"potentialAction\":[{\"@type\":\"ReadAction\",\"target\":[\"https:\\\/\\\/kuali.com.mx\\\/web\\\/2022\\\/01\\\/16\\\/baja-violencia-reportan-3-homicidios\\\/\"]}]},{\"@type\":\"ImageObject\",\"inLanguage\":\"es\",\"@id\":\"https:\\\/\\\/kuali.com.mx\\\/web\\\/2022\\\/01\\\/16\\\/baja-violencia-reportan-3-homicidios\\\/#primaryimage\",\"url\":\"https:\\\/\\\/kuali.com.mx\\\/web\\\/wp-content\\\/uploads\\\/2019\\\/02\\\/inseguridad-e1553122175953.jpg\",\"contentUrl\":\"https:\\\/\\\/kuali.com.mx\\\/web\\\/wp-content\\\/uploads\\\/2019\\\/02\\\/inseguridad-e1553122175953.jpg\",\"width\":1744,\"height\":750},{\"@type\":\"BreadcrumbList\",\"@id\":\"https:\\\/\\\/kuali.com.mx\\\/web\\\/2022\\\/01\\\/16\\\/baja-violencia-reportan-3-homicidios\\\/#breadcrumb\",\"itemListElement\":[{\"@type\":\"ListItem\",\"position\":1,\"name\":\"Inicio\",\"item\":\"https:\\\/\\\/kuali.com.mx\\\/web\\\/\"},{\"@type\":\"ListItem\",\"position\":2,\"name\":\"BAJA VIOLENCIA; REPORTAN 3 HOMICIDIOS\"}]},{\"@type\":\"WebSite\",\"@id\":\"https:\\\/\\\/kuali.com.mx\\\/web\\\/#website\",\"url\":\"https:\\\/\\\/kuali.com.mx\\\/web\\\/\",\"name\":\"Kuali\",\"description\":\"\",\"potentialAction\":[{\"@type\":\"SearchAction\",\"target\":{\"@type\":\"EntryPoint\",\"urlTemplate\":\"https:\\\/\\\/kuali.com.mx\\\/web\\\/?s={search_term_string}\"},\"query-input\":{\"@type\":\"PropertyValueSpecification\",\"valueRequired\":true,\"valueName\":\"search_term_string\"}}],\"inLanguage\":\"es\"},{\"@type\":\"Person\",\"@id\":\"https:\\\/\\\/kuali.com.mx\\\/web\\\/#\\\/schema\\\/person\\\/6f89ffa8ecba9dae50662357923c5289\",\"name\":\"Kuali Staff\",\"image\":{\"@type\":\"ImageObject\",\"inLanguage\":\"es\",\"@id\":\"https:\\\/\\\/secure.gravatar.com\\\/avatar\\\/f917ad82e5ab71227a733c78b6e60715476f69ee6be59feee4eb5d9920c89e0f?s=96&d=mm&r=g\",\"url\":\"https:\\\/\\\/secure.gravatar.com\\\/avatar\\\/f917ad82e5ab71227a733c78b6e60715476f69ee6be59feee4eb5d9920c89e0f?s=96&d=mm&r=g\",\"contentUrl\":\"https:\\\/\\\/secure.gravatar.com\\\/avatar\\\/f917ad82e5ab71227a733c78b6e60715476f69ee6be59feee4eb5d9920c89e0f?s=96&d=mm&r=g\",\"caption\":\"Kuali Staff\"},\"url\":\"https:\\\/\\\/kuali.com.mx\\\/web\\\/author\\\/lagarto\\\/\"}]}<\/script>\n<!-- \/ Yoast SEO plugin. -->","yoast_head_json":{"title":"BAJA VIOLENCIA; REPORTAN 3 HOMICIDIOS - Kuali","robots":{"index":"index","follow":"follow","max-snippet":"max-snippet:-1","max-image-preview":"max-image-preview:large","max-video-preview":"max-video-preview:-1"},"canonical":"https:\/\/kuali.com.mx\/web\/2022\/01\/16\/baja-violencia-reportan-3-homicidios\/","og_locale":"es_MX","og_type":"article","og_title":"BAJA VIOLENCIA; REPORTAN 3 HOMICIDIOS - Kuali","og_description":"Sandra Flores\/Le\u00f3n, Gto.-En los municipios de Salvatierra, Salamanca y Jaral del Progreso fueron ejecutados tres hombres, report\u00f3 la Fiscal\u00eda General del Estado. Sobre calle Gardenia esquina con calle Tulip\u00e1n de la colonia Buena Aventura, en Salvatierra, fue asesinado un hombre. El cuerpo se encontr\u00f3 cerca de un poste de luz. En la calle\u00a0 Privada 05 [&hellip;]","og_url":"https:\/\/kuali.com.mx\/web\/2022\/01\/16\/baja-violencia-reportan-3-homicidios\/","og_site_name":"Kuali","article_publisher":"https:\/\/kuali.com.mx\/web\/wp-content\/uploads\/2018\/04\/cropped-kuali_logo-1-1.png","article_published_time":"2022-01-17T00:04:28+00:00","article_modified_time":"2022-01-17T00:04:29+00:00","og_image":[{"width":1744,"height":750,"url":"https:\/\/kuali.com.mx\/web\/wp-content\/uploads\/2019\/02\/inseguridad-e1553122175953.jpg","type":"image\/jpeg"}],"author":"Kuali Staff","twitter_card":"summary_large_image","twitter_image":"https:\/\/kuali.com.mx\/web\/wp-content\/uploads\/2019\/02\/inseguridad-e1553122175953.jpg","twitter_creator":"@kuali_noticias","twitter_site":"@kuali_noticias","twitter_misc":{"Escrito por":"Kuali Staff","Tiempo de lectura":"1 minuto"},"schema":{"@context":"https:\/\/schema.org","@graph":[{"@type":"Article","@id":"https:\/\/kuali.com.mx\/web\/2022\/01\/16\/baja-violencia-reportan-3-homicidios\/#article","isPartOf":{"@id":"https:\/\/kuali.com.mx\/web\/2022\/01\/16\/baja-violencia-reportan-3-homicidios\/"},"author":{"name":"Kuali Staff","@id":"https:\/\/kuali.com.mx\/web\/#\/schema\/person\/6f89ffa8ecba9dae50662357923c5289"},"headline":"BAJA VIOLENCIA; REPORTAN 3 HOMICIDIOS","datePublished":"2022-01-17T00:04:28+00:00","dateModified":"2022-01-17T00:04:29+00:00","mainEntityOfPage":{"@id":"https:\/\/kuali.com.mx\/web\/2022\/01\/16\/baja-violencia-reportan-3-homicidios\/"},"wordCount":110,"commentCount":0,"image":{"@id":"https:\/\/kuali.com.mx\/web\/2022\/01\/16\/baja-violencia-reportan-3-homicidios\/#primaryimage"},"thumbnailUrl":"https:\/\/kuali.com.mx\/web\/wp-content\/uploads\/2019\/02\/inseguridad-e1553122175953.jpg","articleSection":["Pol\u00edtica","slider"],"inLanguage":"es","potentialAction":[{"@type":"CommentAction","name":"Comment","target":["https:\/\/kuali.com.mx\/web\/2022\/01\/16\/baja-violencia-reportan-3-homicidios\/#respond"]}]},{"@type":"WebPage","@id":"https:\/\/kuali.com.mx\/web\/2022\/01\/16\/baja-violencia-reportan-3-homicidios\/","url":"https:\/\/kuali.com.mx\/web\/2022\/01\/16\/baja-violencia-reportan-3-homicidios\/","name":"BAJA VIOLENCIA; REPORTAN 3 HOMICIDIOS - Kuali","isPartOf":{"@id":"https:\/\/kuali.com.mx\/web\/#website"},"primaryImageOfPage":{"@id":"https:\/\/kuali.com.mx\/web\/2022\/01\/16\/baja-violencia-reportan-3-homicidios\/#primaryimage"},"image":{"@id":"https:\/\/kuali.com.mx\/web\/2022\/01\/16\/baja-violencia-reportan-3-homicidios\/#primaryimage"},"thumbnailUrl":"https:\/\/kuali.com.mx\/web\/wp-content\/uploads\/2019\/02\/inseguridad-e1553122175953.jpg","datePublished":"2022-01-17T00:04:28+00:00","dateModified":"2022-01-17T00:04:29+00:00","author":{"@id":"https:\/\/kuali.com.mx\/web\/#\/schema\/person\/6f89ffa8ecba9dae50662357923c5289"},"breadcrumb":{"@id":"https:\/\/kuali.com.mx\/web\/2022\/01\/16\/baja-violencia-reportan-3-homicidios\/#breadcrumb"},"inLanguage":"es","potentialAction":[{"@type":"ReadAction","target":["https:\/\/kuali.com.mx\/web\/2022\/01\/16\/baja-violencia-reportan-3-homicidios\/"]}]},{"@type":"ImageObject","inLanguage":"es","@id":"https:\/\/kuali.com.mx\/web\/2022\/01\/16\/baja-violencia-reportan-3-homicidios\/#primaryimage","url":"https:\/\/kuali.com.mx\/web\/wp-content\/uploads\/2019\/02\/inseguridad-e1553122175953.jpg","contentUrl":"https:\/\/kuali.com.mx\/web\/wp-content\/uploads\/2019\/02\/inseguridad-e1553122175953.jpg","width":1744,"height":750},{"@type":"BreadcrumbList","@id":"https:\/\/kuali.com.mx\/web\/2022\/01\/16\/baja-violencia-reportan-3-homicidios\/#breadcrumb","itemListElement":[{"@type":"ListItem","position":1,"name":"Inicio","item":"https:\/\/kuali.com.mx\/web\/"},{"@type":"ListItem","position":2,"name":"BAJA VIOLENCIA; REPORTAN 3 HOMICIDIOS"}]},{"@type":"WebSite","@id":"https:\/\/kuali.com.mx\/web\/#website","url":"https:\/\/kuali.com.mx\/web\/","name":"Kuali","description":"","potentialAction":[{"@type":"SearchAction","target":{"@type":"EntryPoint","urlTemplate":"https:\/\/kuali.com.mx\/web\/?s={search_term_string}"},"query-input":{"@type":"PropertyValueSpecification","valueRequired":true,"valueName":"search_term_string"}}],"inLanguage":"es"},{"@type":"Person","@id":"https:\/\/kuali.com.mx\/web\/#\/schema\/person\/6f89ffa8ecba9dae50662357923c5289","name":"Kuali Staff","image":{"@type":"ImageObject","inLanguage":"es","@id":"https:\/\/secure.gravatar.com\/avatar\/f917ad82e5ab71227a733c78b6e60715476f69ee6be59feee4eb5d9920c89e0f?s=96&d=mm&r=g","url":"https:\/\/secure.gravatar.com\/avatar\/f917ad82e5ab71227a733c78b6e60715476f69ee6be59feee4eb5d9920c89e0f?s=96&d=mm&r=g","contentUrl":"https:\/\/secure.gravatar.com\/avatar\/f917ad82e5ab71227a733c78b6e60715476f69ee6be59feee4eb5d9920c89e0f?s=96&d=mm&r=g","caption":"Kuali Staff"},"url":"https:\/\/kuali.com.mx\/web\/author\/lagarto\/"}]}},"_links":{"self":[{"href":"https:\/\/kuali.com.mx\/web\/wp-json\/wp\/v2\/posts\/90860","targetHints":{"allow":["GET"]}}],"collection":[{"href":"https:\/\/kuali.com.mx\/web\/wp-json\/wp\/v2\/posts"}],"about":[{"href":"https:\/\/kuali.com.mx\/web\/wp-json\/wp\/v2\/types\/post"}],"author":[{"embeddable":true,"href":"https:\/\/kuali.com.mx\/web\/wp-json\/wp\/v2\/users\/2"}],"replies":[{"embeddable":true,"href":"https:\/\/kuali.com.mx\/web\/wp-json\/wp\/v2\/comments?post=90860"}],"version-history":[{"count":1,"href":"https:\/\/kuali.com.mx\/web\/wp-json\/wp\/v2\/posts\/90860\/revisions"}],"predecessor-version":[{"id":90861,"href":"https:\/\/kuali.com.mx\/web\/wp-json\/wp\/v2\/posts\/90860\/revisions\/90861"}],"wp:featuredmedia":[{"embeddable":true,"href":"https:\/\/kuali.com.mx\/web\/wp-json\/wp\/v2\/media\/50824"}],"wp:attachment":[{"href":"https:\/\/kuali.com.mx\/web\/wp-json\/wp\/v2\/media?parent=90860"}],"wp:term":[{"taxonomy":"category","embeddable":true,"href":"https:\/\/kuali.com.mx\/web\/wp-json\/wp\/v2\/categories?post=90860"},{"taxonomy":"post_tag","embeddable":true,"href":"https:\/\/kuali.com.mx\/web\/wp-json\/wp\/v2\/tags?post=90860"}],"curies":[{"name":"wp","href":"https:\/\/api.w.org\/{rel}","templated":true}]}}