{"id":90830,"date":"2022-01-15T12:16:00","date_gmt":"2022-01-15T18:16:00","guid":{"rendered":"https:\/\/kuali.com.mx\/web\/?p=90830"},"modified":"2022-01-15T12:46:42","modified_gmt":"2022-01-15T18:46:42","slug":"tiene-covid-19-alejandra-gutierrez","status":"publish","type":"post","link":"https:\/\/kuali.com.mx\/web\/2022\/01\/15\/tiene-covid-19-alejandra-gutierrez\/","title":{"rendered":"TIENE COVID-19 ALEJANDRA GUTI\u00c9RREZ"},"content":{"rendered":"\n<p><strong><em>Carlos Garc\u00eda\/Le\u00f3n, Gto.-<\/em><\/strong> Un d\u00eda despu\u00e9s de presentar el Programa de Gobierno 2021-2024, en el Teatro Manuel Doblado, la alcaldesa de Le\u00f3n, Alejandra Guti\u00e9rrez Campos, fue notificada que dio positivo a Covid-19.<\/p>\n\n\n\n<p>El martes 11 de enero, la presentaci\u00f3n del Programa de Gobierno fue el \u00faltimo evento p\u00fablico que tuvo la presidenta municipal y su ausencia se not\u00f3 el viernes en la inauguraci\u00f3n de la Feria Estatal de Le\u00f3n.<\/p>\n\n\n\n<p>En el Teatro Manuel Doblado se dieron cita cientos de personas y funcionarios que atestiguaron la presentaci\u00f3n del Programa de Gobierno.<\/p>\n\n\n\n<figure class=\"wp-block-image size-large\"><img loading=\"lazy\" decoding=\"async\" width=\"1024\" height=\"683\" src=\"https:\/\/kuali.com.mx\/web\/wp-content\/uploads\/2022\/01\/Program-Gobierno-Alejandra-Gtz-1024x683.jpeg\" alt=\"\" class=\"wp-image-90831\" srcset=\"https:\/\/kuali.com.mx\/web\/wp-content\/uploads\/2022\/01\/Program-Gobierno-Alejandra-Gtz-1024x683.jpeg 1024w, https:\/\/kuali.com.mx\/web\/wp-content\/uploads\/2022\/01\/Program-Gobierno-Alejandra-Gtz-300x200.jpeg 300w, https:\/\/kuali.com.mx\/web\/wp-content\/uploads\/2022\/01\/Program-Gobierno-Alejandra-Gtz-768x512.jpeg 768w, https:\/\/kuali.com.mx\/web\/wp-content\/uploads\/2022\/01\/Program-Gobierno-Alejandra-Gtz-1536x1024.jpeg 1536w, https:\/\/kuali.com.mx\/web\/wp-content\/uploads\/2022\/01\/Program-Gobierno-Alejandra-Gtz.jpeg 1560w\" sizes=\"auto, (max-width: 1024px) 100vw, 1024px\" \/><\/figure>\n\n\n\n<p>A las 11 de la ma\u00f1ana de este s\u00e1bado, Alejandra Guti\u00e9rrez subi\u00f3 un video a sus redes sociales para informar que tiene Covid-19, pero que est\u00e1 asintom\u00e1tica.<\/p>\n\n\n\n<p>La alcaldesa coment\u00f3 que el viernes \u2013 el d\u00eda que se inaugur\u00f3 la Feria- recibi\u00f3 llamadas preguntando por su estado de salud porque disminuy\u00f3 su actividad p\u00fablica despu\u00e9s de la presentaci\u00f3n del Programa de Gobierno.<\/p>\n\n\n\n<p>\u201cEl lunes me hice la prueba r\u00e1pida porque varios de los de alrededor -trabajadores municipales- han estado dando positivo, como les ha pasado seguramente a todos ustedes. Di negativo en la prueba r\u00e1pida, pero tambi\u00e9n me hicieron la PCR y el mi\u00e9rcoles por la ma\u00f1ana me avisaron que hab\u00eda dado positivo\u201d, coment\u00f3 la primer edil.<\/p>\n\n\n\n<p>Guti\u00e9rrez Campos coment\u00f3 que en el momento que fue notificada como positiva tom\u00f3 la decisi\u00f3n responsable de tener una \u201cagenda intensa\u201d con reuniones virtuales y participando a distancia en la sesi\u00f3n de Ayuntamiento.<\/p>\n\n\n\n<p>\u201cAfortunadamente soy asintom\u00e1tica, estoy muy bien de salud y les agradezco la preocupaci\u00f3n\u201d, dijo.<\/p>\n\n\n\n<p>A m\u00e1s tardar el mi\u00e9rcoles retomar\u00e1 las actividades p\u00fablicas y \u201c\u00a1no bajemos la guardia!\u201d, remat\u00f3.<\/p>\n\n\n\n<p>Cabe mencionar, que el 10 de enero, el gobernador, Diego Sinhue Rodr\u00edguez Vallejo, inform\u00f3 que ten\u00eda coronavirus.<\/p>\n\n\n\n<figure class=\"wp-block-embed is-type-video is-provider-youtube wp-block-embed-youtube wp-embed-aspect-4-3 wp-has-aspect-ratio\"><div class=\"wp-block-embed__wrapper\">\n<iframe loading=\"lazy\" title=\"Alejandra Guti\u00e9rrez\" width=\"730\" height=\"548\" src=\"https:\/\/www.youtube.com\/embed\/xLg_8VOJ6SQ?feature=oembed\" frameborder=\"0\" allow=\"accelerometer; autoplay; clipboard-write; encrypted-media; gyroscope; picture-in-picture\" allowfullscreen><\/iframe>\n<\/div><\/figure>\n","protected":false},"excerpt":{"rendered":"Carlos Garc\u00eda\/Le\u00f3n, Gto.- Un d\u00eda despu\u00e9s de presentar el Programa de Gobierno 2021-2024, en el Teatro Manuel Doblado, la alcaldesa de Le\u00f3n, Alejandra Guti\u00e9rrez Campos, fue notificada que dio positivo a Covid-19. El martes 11 de enero, la presentaci\u00f3n del Programa de Gobierno fue el \u00faltimo evento p\u00fablico que tuvo la presidenta municipal y su [&hellip;]","protected":false},"author":2,"featured_media":90713,"comment_status":"open","ping_status":"open","sticky":false,"template":"","format":"standard","meta":{"_seopress_robots_primary_cat":"","_seopress_titles_title":"","_seopress_titles_desc":"","_seopress_robots_index":"","_monsterinsights_skip_tracking":false,"_monsterinsights_sitenote_active":false,"_monsterinsights_sitenote_note":"","_monsterinsights_sitenote_category":0,"footnotes":""},"categories":[7,69],"tags":[],"class_list":["post-90830","post","type-post","status-publish","format-standard","has-post-thumbnail","hentry","category-salud","category-slider"],"yoast_head":"<!-- This site is optimized with the Yoast SEO plugin v27.5 - https:\/\/yoast.com\/product\/yoast-seo-wordpress\/ -->\n<title>TIENE COVID-19 ALEJANDRA GUTI\u00c9RREZ - Kuali<\/title>\n<meta name=\"robots\" content=\"index, follow, max-snippet:-1, max-image-preview:large, max-video-preview:-1\" \/>\n<link rel=\"canonical\" href=\"https:\/\/kuali.com.mx\/web\/2022\/01\/15\/tiene-covid-19-alejandra-gutierrez\/\" \/>\n<meta property=\"og:locale\" content=\"es_MX\" \/>\n<meta property=\"og:type\" content=\"article\" \/>\n<meta property=\"og:title\" content=\"TIENE COVID-19 ALEJANDRA GUTI\u00c9RREZ - Kuali\" \/>\n<meta property=\"og:description\" content=\"Carlos Garc\u00eda\/Le\u00f3n, Gto.- Un d\u00eda despu\u00e9s de presentar el Programa de Gobierno 2021-2024, en el Teatro Manuel Doblado, la alcaldesa de Le\u00f3n, Alejandra Guti\u00e9rrez Campos, fue notificada que dio positivo a Covid-19. El martes 11 de enero, la presentaci\u00f3n del Programa de Gobierno fue el \u00faltimo evento p\u00fablico que tuvo la presidenta municipal y su [&hellip;]\" \/>\n<meta property=\"og:url\" content=\"https:\/\/kuali.com.mx\/web\/2022\/01\/15\/tiene-covid-19-alejandra-gutierrez\/\" \/>\n<meta property=\"og:site_name\" content=\"Kuali\" \/>\n<meta property=\"article:publisher\" content=\"https:\/\/kuali.com.mx\/web\/wp-content\/uploads\/2018\/04\/cropped-kuali_logo-1-1.png\" \/>\n<meta property=\"article:published_time\" content=\"2022-01-15T18:16:00+00:00\" \/>\n<meta property=\"article:modified_time\" content=\"2022-01-15T18:46:42+00:00\" \/>\n<meta property=\"og:image\" content=\"https:\/\/kuali.com.mx\/web\/wp-content\/uploads\/2022\/01\/Programa-de-gobierno-Alejandra-Gtz-1.jpeg\" \/>\n\t<meta property=\"og:image:width\" content=\"1280\" \/>\n\t<meta property=\"og:image:height\" content=\"918\" \/>\n\t<meta property=\"og:image:type\" content=\"image\/jpeg\" \/>\n<meta name=\"author\" content=\"Kuali Staff\" \/>\n<meta name=\"twitter:card\" content=\"summary_large_image\" \/>\n<meta name=\"twitter:image\" content=\"https:\/\/kuali.com.mx\/web\/wp-content\/uploads\/2022\/01\/Programa-de-gobierno-Alejandra-Gtz-1.jpeg\" \/>\n<meta name=\"twitter:creator\" content=\"@kuali_noticias\" \/>\n<meta name=\"twitter:site\" content=\"@kuali_noticias\" \/>\n<meta name=\"twitter:label1\" content=\"Escrito por\" \/>\n\t<meta name=\"twitter:data1\" content=\"Kuali Staff\" \/>\n\t<meta name=\"twitter:label2\" content=\"Tiempo de lectura\" \/>\n\t<meta name=\"twitter:data2\" content=\"2 minutos\" \/>\n<script type=\"application\/ld+json\" class=\"yoast-schema-graph\">{\"@context\":\"https:\\\/\\\/schema.org\",\"@graph\":[{\"@type\":\"Article\",\"@id\":\"https:\\\/\\\/kuali.com.mx\\\/web\\\/2022\\\/01\\\/15\\\/tiene-covid-19-alejandra-gutierrez\\\/#article\",\"isPartOf\":{\"@id\":\"https:\\\/\\\/kuali.com.mx\\\/web\\\/2022\\\/01\\\/15\\\/tiene-covid-19-alejandra-gutierrez\\\/\"},\"author\":{\"name\":\"Kuali Staff\",\"@id\":\"https:\\\/\\\/kuali.com.mx\\\/web\\\/#\\\/schema\\\/person\\\/6f89ffa8ecba9dae50662357923c5289\"},\"headline\":\"TIENE COVID-19 ALEJANDRA GUTI\u00c9RREZ\",\"datePublished\":\"2022-01-15T18:16:00+00:00\",\"dateModified\":\"2022-01-15T18:46:42+00:00\",\"mainEntityOfPage\":{\"@id\":\"https:\\\/\\\/kuali.com.mx\\\/web\\\/2022\\\/01\\\/15\\\/tiene-covid-19-alejandra-gutierrez\\\/\"},\"wordCount\":330,\"commentCount\":0,\"image\":{\"@id\":\"https:\\\/\\\/kuali.com.mx\\\/web\\\/2022\\\/01\\\/15\\\/tiene-covid-19-alejandra-gutierrez\\\/#primaryimage\"},\"thumbnailUrl\":\"https:\\\/\\\/kuali.com.mx\\\/web\\\/wp-content\\\/uploads\\\/2022\\\/01\\\/Alejandra-Gutierrez.jpeg\",\"articleSection\":[\"Salud\",\"slider\"],\"inLanguage\":\"es\",\"potentialAction\":[{\"@type\":\"CommentAction\",\"name\":\"Comment\",\"target\":[\"https:\\\/\\\/kuali.com.mx\\\/web\\\/2022\\\/01\\\/15\\\/tiene-covid-19-alejandra-gutierrez\\\/#respond\"]}]},{\"@type\":\"WebPage\",\"@id\":\"https:\\\/\\\/kuali.com.mx\\\/web\\\/2022\\\/01\\\/15\\\/tiene-covid-19-alejandra-gutierrez\\\/\",\"url\":\"https:\\\/\\\/kuali.com.mx\\\/web\\\/2022\\\/01\\\/15\\\/tiene-covid-19-alejandra-gutierrez\\\/\",\"name\":\"TIENE COVID-19 ALEJANDRA GUTI\u00c9RREZ - Kuali\",\"isPartOf\":{\"@id\":\"https:\\\/\\\/kuali.com.mx\\\/web\\\/#website\"},\"primaryImageOfPage\":{\"@id\":\"https:\\\/\\\/kuali.com.mx\\\/web\\\/2022\\\/01\\\/15\\\/tiene-covid-19-alejandra-gutierrez\\\/#primaryimage\"},\"image\":{\"@id\":\"https:\\\/\\\/kuali.com.mx\\\/web\\\/2022\\\/01\\\/15\\\/tiene-covid-19-alejandra-gutierrez\\\/#primaryimage\"},\"thumbnailUrl\":\"https:\\\/\\\/kuali.com.mx\\\/web\\\/wp-content\\\/uploads\\\/2022\\\/01\\\/Alejandra-Gutierrez.jpeg\",\"datePublished\":\"2022-01-15T18:16:00+00:00\",\"dateModified\":\"2022-01-15T18:46:42+00:00\",\"author\":{\"@id\":\"https:\\\/\\\/kuali.com.mx\\\/web\\\/#\\\/schema\\\/person\\\/6f89ffa8ecba9dae50662357923c5289\"},\"breadcrumb\":{\"@id\":\"https:\\\/\\\/kuali.com.mx\\\/web\\\/2022\\\/01\\\/15\\\/tiene-covid-19-alejandra-gutierrez\\\/#breadcrumb\"},\"inLanguage\":\"es\",\"potentialAction\":[{\"@type\":\"ReadAction\",\"target\":[\"https:\\\/\\\/kuali.com.mx\\\/web\\\/2022\\\/01\\\/15\\\/tiene-covid-19-alejandra-gutierrez\\\/\"]}]},{\"@type\":\"ImageObject\",\"inLanguage\":\"es\",\"@id\":\"https:\\\/\\\/kuali.com.mx\\\/web\\\/2022\\\/01\\\/15\\\/tiene-covid-19-alejandra-gutierrez\\\/#primaryimage\",\"url\":\"https:\\\/\\\/kuali.com.mx\\\/web\\\/wp-content\\\/uploads\\\/2022\\\/01\\\/Alejandra-Gutierrez.jpeg\",\"contentUrl\":\"https:\\\/\\\/kuali.com.mx\\\/web\\\/wp-content\\\/uploads\\\/2022\\\/01\\\/Alejandra-Gutierrez.jpeg\",\"width\":1745,\"height\":750},{\"@type\":\"BreadcrumbList\",\"@id\":\"https:\\\/\\\/kuali.com.mx\\\/web\\\/2022\\\/01\\\/15\\\/tiene-covid-19-alejandra-gutierrez\\\/#breadcrumb\",\"itemListElement\":[{\"@type\":\"ListItem\",\"position\":1,\"name\":\"Inicio\",\"item\":\"https:\\\/\\\/kuali.com.mx\\\/web\\\/\"},{\"@type\":\"ListItem\",\"position\":2,\"name\":\"TIENE COVID-19 ALEJANDRA GUTI\u00c9RREZ\"}]},{\"@type\":\"WebSite\",\"@id\":\"https:\\\/\\\/kuali.com.mx\\\/web\\\/#website\",\"url\":\"https:\\\/\\\/kuali.com.mx\\\/web\\\/\",\"name\":\"Kuali\",\"description\":\"\",\"potentialAction\":[{\"@type\":\"SearchAction\",\"target\":{\"@type\":\"EntryPoint\",\"urlTemplate\":\"https:\\\/\\\/kuali.com.mx\\\/web\\\/?s={search_term_string}\"},\"query-input\":{\"@type\":\"PropertyValueSpecification\",\"valueRequired\":true,\"valueName\":\"search_term_string\"}}],\"inLanguage\":\"es\"},{\"@type\":\"Person\",\"@id\":\"https:\\\/\\\/kuali.com.mx\\\/web\\\/#\\\/schema\\\/person\\\/6f89ffa8ecba9dae50662357923c5289\",\"name\":\"Kuali Staff\",\"image\":{\"@type\":\"ImageObject\",\"inLanguage\":\"es\",\"@id\":\"https:\\\/\\\/secure.gravatar.com\\\/avatar\\\/f917ad82e5ab71227a733c78b6e60715476f69ee6be59feee4eb5d9920c89e0f?s=96&d=mm&r=g\",\"url\":\"https:\\\/\\\/secure.gravatar.com\\\/avatar\\\/f917ad82e5ab71227a733c78b6e60715476f69ee6be59feee4eb5d9920c89e0f?s=96&d=mm&r=g\",\"contentUrl\":\"https:\\\/\\\/secure.gravatar.com\\\/avatar\\\/f917ad82e5ab71227a733c78b6e60715476f69ee6be59feee4eb5d9920c89e0f?s=96&d=mm&r=g\",\"caption\":\"Kuali Staff\"},\"url\":\"https:\\\/\\\/kuali.com.mx\\\/web\\\/author\\\/lagarto\\\/\"}]}<\/script>\n<!-- \/ Yoast SEO plugin. -->","yoast_head_json":{"title":"TIENE COVID-19 ALEJANDRA GUTI\u00c9RREZ - Kuali","robots":{"index":"index","follow":"follow","max-snippet":"max-snippet:-1","max-image-preview":"max-image-preview:large","max-video-preview":"max-video-preview:-1"},"canonical":"https:\/\/kuali.com.mx\/web\/2022\/01\/15\/tiene-covid-19-alejandra-gutierrez\/","og_locale":"es_MX","og_type":"article","og_title":"TIENE COVID-19 ALEJANDRA GUTI\u00c9RREZ - Kuali","og_description":"Carlos Garc\u00eda\/Le\u00f3n, Gto.- Un d\u00eda despu\u00e9s de presentar el Programa de Gobierno 2021-2024, en el Teatro Manuel Doblado, la alcaldesa de Le\u00f3n, Alejandra Guti\u00e9rrez Campos, fue notificada que dio positivo a Covid-19. El martes 11 de enero, la presentaci\u00f3n del Programa de Gobierno fue el \u00faltimo evento p\u00fablico que tuvo la presidenta municipal y su [&hellip;]","og_url":"https:\/\/kuali.com.mx\/web\/2022\/01\/15\/tiene-covid-19-alejandra-gutierrez\/","og_site_name":"Kuali","article_publisher":"https:\/\/kuali.com.mx\/web\/wp-content\/uploads\/2018\/04\/cropped-kuali_logo-1-1.png","article_published_time":"2022-01-15T18:16:00+00:00","article_modified_time":"2022-01-15T18:46:42+00:00","og_image":[{"width":1280,"height":918,"url":"https:\/\/kuali.com.mx\/web\/wp-content\/uploads\/2022\/01\/Programa-de-gobierno-Alejandra-Gtz-1.jpeg","type":"image\/jpeg"}],"author":"Kuali Staff","twitter_card":"summary_large_image","twitter_image":"https:\/\/kuali.com.mx\/web\/wp-content\/uploads\/2022\/01\/Programa-de-gobierno-Alejandra-Gtz-1.jpeg","twitter_creator":"@kuali_noticias","twitter_site":"@kuali_noticias","twitter_misc":{"Escrito por":"Kuali Staff","Tiempo de lectura":"2 minutos"},"schema":{"@context":"https:\/\/schema.org","@graph":[{"@type":"Article","@id":"https:\/\/kuali.com.mx\/web\/2022\/01\/15\/tiene-covid-19-alejandra-gutierrez\/#article","isPartOf":{"@id":"https:\/\/kuali.com.mx\/web\/2022\/01\/15\/tiene-covid-19-alejandra-gutierrez\/"},"author":{"name":"Kuali Staff","@id":"https:\/\/kuali.com.mx\/web\/#\/schema\/person\/6f89ffa8ecba9dae50662357923c5289"},"headline":"TIENE COVID-19 ALEJANDRA GUTI\u00c9RREZ","datePublished":"2022-01-15T18:16:00+00:00","dateModified":"2022-01-15T18:46:42+00:00","mainEntityOfPage":{"@id":"https:\/\/kuali.com.mx\/web\/2022\/01\/15\/tiene-covid-19-alejandra-gutierrez\/"},"wordCount":330,"commentCount":0,"image":{"@id":"https:\/\/kuali.com.mx\/web\/2022\/01\/15\/tiene-covid-19-alejandra-gutierrez\/#primaryimage"},"thumbnailUrl":"https:\/\/kuali.com.mx\/web\/wp-content\/uploads\/2022\/01\/Alejandra-Gutierrez.jpeg","articleSection":["Salud","slider"],"inLanguage":"es","potentialAction":[{"@type":"CommentAction","name":"Comment","target":["https:\/\/kuali.com.mx\/web\/2022\/01\/15\/tiene-covid-19-alejandra-gutierrez\/#respond"]}]},{"@type":"WebPage","@id":"https:\/\/kuali.com.mx\/web\/2022\/01\/15\/tiene-covid-19-alejandra-gutierrez\/","url":"https:\/\/kuali.com.mx\/web\/2022\/01\/15\/tiene-covid-19-alejandra-gutierrez\/","name":"TIENE COVID-19 ALEJANDRA GUTI\u00c9RREZ - Kuali","isPartOf":{"@id":"https:\/\/kuali.com.mx\/web\/#website"},"primaryImageOfPage":{"@id":"https:\/\/kuali.com.mx\/web\/2022\/01\/15\/tiene-covid-19-alejandra-gutierrez\/#primaryimage"},"image":{"@id":"https:\/\/kuali.com.mx\/web\/2022\/01\/15\/tiene-covid-19-alejandra-gutierrez\/#primaryimage"},"thumbnailUrl":"https:\/\/kuali.com.mx\/web\/wp-content\/uploads\/2022\/01\/Alejandra-Gutierrez.jpeg","datePublished":"2022-01-15T18:16:00+00:00","dateModified":"2022-01-15T18:46:42+00:00","author":{"@id":"https:\/\/kuali.com.mx\/web\/#\/schema\/person\/6f89ffa8ecba9dae50662357923c5289"},"breadcrumb":{"@id":"https:\/\/kuali.com.mx\/web\/2022\/01\/15\/tiene-covid-19-alejandra-gutierrez\/#breadcrumb"},"inLanguage":"es","potentialAction":[{"@type":"ReadAction","target":["https:\/\/kuali.com.mx\/web\/2022\/01\/15\/tiene-covid-19-alejandra-gutierrez\/"]}]},{"@type":"ImageObject","inLanguage":"es","@id":"https:\/\/kuali.com.mx\/web\/2022\/01\/15\/tiene-covid-19-alejandra-gutierrez\/#primaryimage","url":"https:\/\/kuali.com.mx\/web\/wp-content\/uploads\/2022\/01\/Alejandra-Gutierrez.jpeg","contentUrl":"https:\/\/kuali.com.mx\/web\/wp-content\/uploads\/2022\/01\/Alejandra-Gutierrez.jpeg","width":1745,"height":750},{"@type":"BreadcrumbList","@id":"https:\/\/kuali.com.mx\/web\/2022\/01\/15\/tiene-covid-19-alejandra-gutierrez\/#breadcrumb","itemListElement":[{"@type":"ListItem","position":1,"name":"Inicio","item":"https:\/\/kuali.com.mx\/web\/"},{"@type":"ListItem","position":2,"name":"TIENE COVID-19 ALEJANDRA GUTI\u00c9RREZ"}]},{"@type":"WebSite","@id":"https:\/\/kuali.com.mx\/web\/#website","url":"https:\/\/kuali.com.mx\/web\/","name":"Kuali","description":"","potentialAction":[{"@type":"SearchAction","target":{"@type":"EntryPoint","urlTemplate":"https:\/\/kuali.com.mx\/web\/?s={search_term_string}"},"query-input":{"@type":"PropertyValueSpecification","valueRequired":true,"valueName":"search_term_string"}}],"inLanguage":"es"},{"@type":"Person","@id":"https:\/\/kuali.com.mx\/web\/#\/schema\/person\/6f89ffa8ecba9dae50662357923c5289","name":"Kuali Staff","image":{"@type":"ImageObject","inLanguage":"es","@id":"https:\/\/secure.gravatar.com\/avatar\/f917ad82e5ab71227a733c78b6e60715476f69ee6be59feee4eb5d9920c89e0f?s=96&d=mm&r=g","url":"https:\/\/secure.gravatar.com\/avatar\/f917ad82e5ab71227a733c78b6e60715476f69ee6be59feee4eb5d9920c89e0f?s=96&d=mm&r=g","contentUrl":"https:\/\/secure.gravatar.com\/avatar\/f917ad82e5ab71227a733c78b6e60715476f69ee6be59feee4eb5d9920c89e0f?s=96&d=mm&r=g","caption":"Kuali Staff"},"url":"https:\/\/kuali.com.mx\/web\/author\/lagarto\/"}]}},"_links":{"self":[{"href":"https:\/\/kuali.com.mx\/web\/wp-json\/wp\/v2\/posts\/90830","targetHints":{"allow":["GET"]}}],"collection":[{"href":"https:\/\/kuali.com.mx\/web\/wp-json\/wp\/v2\/posts"}],"about":[{"href":"https:\/\/kuali.com.mx\/web\/wp-json\/wp\/v2\/types\/post"}],"author":[{"embeddable":true,"href":"https:\/\/kuali.com.mx\/web\/wp-json\/wp\/v2\/users\/2"}],"replies":[{"embeddable":true,"href":"https:\/\/kuali.com.mx\/web\/wp-json\/wp\/v2\/comments?post=90830"}],"version-history":[{"count":3,"href":"https:\/\/kuali.com.mx\/web\/wp-json\/wp\/v2\/posts\/90830\/revisions"}],"predecessor-version":[{"id":90839,"href":"https:\/\/kuali.com.mx\/web\/wp-json\/wp\/v2\/posts\/90830\/revisions\/90839"}],"wp:featuredmedia":[{"embeddable":true,"href":"https:\/\/kuali.com.mx\/web\/wp-json\/wp\/v2\/media\/90713"}],"wp:attachment":[{"href":"https:\/\/kuali.com.mx\/web\/wp-json\/wp\/v2\/media?parent=90830"}],"wp:term":[{"taxonomy":"category","embeddable":true,"href":"https:\/\/kuali.com.mx\/web\/wp-json\/wp\/v2\/categories?post=90830"},{"taxonomy":"post_tag","embeddable":true,"href":"https:\/\/kuali.com.mx\/web\/wp-json\/wp\/v2\/tags?post=90830"}],"curies":[{"name":"wp","href":"https:\/\/api.w.org\/{rel}","templated":true}]}}