{"id":90426,"date":"2022-01-02T22:05:40","date_gmt":"2022-01-03T04:05:40","guid":{"rendered":"https:\/\/kuali.com.mx\/web\/?p=90426"},"modified":"2022-01-02T22:05:42","modified_gmt":"2022-01-03T04:05:42","slug":"inicio-de-ano-con-reporte-de-8-muertes-en-el-estado","status":"publish","type":"post","link":"https:\/\/kuali.com.mx\/web\/2022\/01\/02\/inicio-de-ano-con-reporte-de-8-muertes-en-el-estado\/","title":{"rendered":"INICIO DE A\u00d1O CON REPORTE DE 8 MUERTES EN EL ESTADO"},"content":{"rendered":"\n<p><strong><em>Kuali\/Felipe Ortega\/Le\u00f3n, Gto.-<\/em><\/strong> En Apaseo el Grande se tiene de conocimiento por parte del 911 que, en la Comunidad Guadalupe del Monte, siendo en la carretera de terracer\u00eda que conduce hacia la comunidad Guadalupe del Monte conocida como la guitarra se encuentra un hombre sin vida, a simple vista tiene lesiones producidas por impactos de arma de fuego y varios casquillos percutidos.<\/p>\n\n\n\n<p>Por su parte en Valle de Santiago informan de un homicidio tras reporte de C4, donde informan de una persona que se encontr\u00f3 fallecida a la entrada de la comunidad de la Hoya de \u00c1lvarez perteneciente a esta ciudad, por el camino empedrado, al parecer presenta una lesi\u00f3n en la cabeza y trae amarrado al cuello un lazo.<\/p>\n\n\n\n<p>Al arribar al lugar, en una zona rural y cerril, cerca del camino se observa el cuerpo de un hombre sin vida, quien presenta sangrado en su corporeidad y se observa atado de una cuerda por el cuello sujeto de un \u00e1rbol. Por lo que se procede a procesar el lugar, as\u00ed como el levantamiento por parte de SEMEFO. Es identificado como Alonso, de 32 a\u00f1os.<\/p>\n\n\n\n<p>En Silao Seguridad P\u00fablica reporta a esta Fiscal\u00eda de una persona fallecida por impactos de arma de fuego, hasta el momento sin identificar, en la comunidad Baj\u00edo de Bonillas, de esta ciudad.<\/p>\n\n\n\n<p>Salamanca atienden el reporte de 911 que en la calle 18 de marzo, a un costado del canal, el Divisador, y cerca de los campos de f\u00fatbol, se encuentra una persona sin vida quien presenta impactos por disparos de arma de fuego, por el momento sin identificar. En el lugar se localiz\u00f3 una camioneta Equinox, color gris, con placas del estado de Georgia, a la cual se le aprecian impactos de bala en la puerta trasera, sobre el camino el cuerpo del hombre quien viste sudadera color negro con rojo, b\u00f3xer azul, pantal\u00f3n negro y tenis rojo<\/p>\n\n\n\n<p>Celaya y Seguridad P\u00fablica reporta a un hombre lesionado por impactos de arma de fuego, afuera del establecimiento \u201cC\u00f3digo 19\u201d en la calle Prolongaci\u00f3n Miguel Hidalgo de la colonia Las Fuentes, quien es trasladado a recibir atenci\u00f3n m\u00e9dica, sin embargo, al llegar al Hospital General, ya no presenta signos de vida.<\/p>\n\n\n\n<p>En Jer\u00e9cuaro se recibe reporte de elementos de Fuerzas de Seguridad P\u00fablica quien refiere que en la calle San Vicente, en la comunidad Ojo de Agua de la Orde\u00f1a, se encuentra un masculino sin vida en el interior de un domicilio, a quien se le observan heridas producidas con arma blanca (machete), derivado de estos hechos, fue trasladada a recibir atenci\u00f3n m\u00e9dica una femenina de 35 a\u00f1os, con heridas producidas por arma blanca (machete).<\/p>\n\n\n\n<p>En el lugar, agentes de investigaci\u00f3n tienen a la vista un hombre sin vida, en posici\u00f3n dec\u00fabito dorsal, quien es identificado como Miguel, de 38 a\u00f1os. La femenina lesionada tambi\u00e9n presenta lesiones ocasionadas con un machete, su estado de salud se reporta como delicado.<\/p>\n\n\n\n<p>En Le\u00f3n se tiene en conocimiento del hallazgo de una persona fallecida en v\u00eda p\u00fablica quien se encuentra en calidad de desconocido en camino de terracer\u00eda entre las calles Plat\u00f3n y Avenida Balc\u00f3n de la Joya de la colonia Centro Familiar Soledad de la Joya.<\/p>\n\n\n\n<p>Y en San Francisco del Rinc\u00f3n, en la ma\u00f1ana, cabina de la Agencia de Investigaci\u00f3n Criminal, y Seguridad P\u00fablica Municipal reportan el cuerpo sin vida de un hombre con signos de violencia sobre calle cipr\u00e9s y calle Ignacio Ray\u00f3n, de aproximadamente 30 a 35 a\u00f1os, de complexi\u00f3n robusta, el cual viste chamarra roja con franjas en color verde y blanco, playera blanca, cintur\u00f3n negro,&nbsp; bermuda color verde claro, con tenis gris en su pie derecho de la marca \u201cNike\", y descalzo en su otra extremidad, con lesiones de las producidas por proyectil de arma de fuego.<\/p>\n","protected":false},"excerpt":{"rendered":"Kuali\/Felipe Ortega\/Le\u00f3n, Gto.- En Apaseo el Grande se tiene de conocimiento por parte del 911 que, en la Comunidad Guadalupe del Monte, siendo en la carretera de terracer\u00eda que conduce hacia la comunidad Guadalupe del Monte conocida como la guitarra se encuentra un hombre sin vida, a simple vista tiene lesiones producidas por impactos de [&hellip;]","protected":false},"author":2,"featured_media":75333,"comment_status":"open","ping_status":"open","sticky":false,"template":"","format":"standard","meta":{"_seopress_robots_primary_cat":"","_seopress_titles_title":"","_seopress_titles_desc":"","_seopress_robots_index":"","_monsterinsights_skip_tracking":false,"_monsterinsights_sitenote_active":false,"_monsterinsights_sitenote_note":"","_monsterinsights_sitenote_category":0,"footnotes":""},"categories":[3],"tags":[],"class_list":["post-90426","post","type-post","status-publish","format-standard","has-post-thumbnail","hentry","category-politica"],"yoast_head":"<!-- This site is optimized with the Yoast SEO plugin v27.4 - https:\/\/yoast.com\/product\/yoast-seo-wordpress\/ -->\n<title>INICIO DE A\u00d1O CON REPORTE DE 8 MUERTES EN EL ESTADO - Kuali<\/title>\n<meta name=\"robots\" content=\"index, follow, max-snippet:-1, max-image-preview:large, max-video-preview:-1\" \/>\n<link rel=\"canonical\" href=\"https:\/\/kuali.com.mx\/web\/2022\/01\/02\/inicio-de-ano-con-reporte-de-8-muertes-en-el-estado\/\" \/>\n<meta property=\"og:locale\" content=\"es_MX\" \/>\n<meta property=\"og:type\" content=\"article\" \/>\n<meta property=\"og:title\" content=\"INICIO DE A\u00d1O CON REPORTE DE 8 MUERTES EN EL ESTADO - Kuali\" \/>\n<meta property=\"og:description\" content=\"Kuali\/Felipe Ortega\/Le\u00f3n, Gto.- En Apaseo el Grande se tiene de conocimiento por parte del 911 que, en la Comunidad Guadalupe del Monte, siendo en la carretera de terracer\u00eda que conduce hacia la comunidad Guadalupe del Monte conocida como la guitarra se encuentra un hombre sin vida, a simple vista tiene lesiones producidas por impactos de [&hellip;]\" \/>\n<meta property=\"og:url\" content=\"https:\/\/kuali.com.mx\/web\/2022\/01\/02\/inicio-de-ano-con-reporte-de-8-muertes-en-el-estado\/\" \/>\n<meta property=\"og:site_name\" content=\"Kuali\" \/>\n<meta property=\"article:publisher\" content=\"https:\/\/kuali.com.mx\/web\/wp-content\/uploads\/2018\/04\/cropped-kuali_logo-1-1.png\" \/>\n<meta property=\"article:published_time\" content=\"2022-01-03T04:05:40+00:00\" \/>\n<meta property=\"article:modified_time\" content=\"2022-01-03T04:05:42+00:00\" \/>\n<meta property=\"og:image\" content=\"https:\/\/kuali.com.mx\/web\/wp-content\/uploads\/2020\/10\/POLIC\u00cdA.jpg\" \/>\n\t<meta property=\"og:image:width\" content=\"1824\" \/>\n\t<meta property=\"og:image:height\" content=\"750\" \/>\n\t<meta property=\"og:image:type\" content=\"image\/jpeg\" \/>\n<meta name=\"author\" content=\"Kuali Staff\" \/>\n<meta name=\"twitter:card\" content=\"summary_large_image\" \/>\n<meta name=\"twitter:image\" content=\"https:\/\/kuali.com.mx\/web\/wp-content\/uploads\/2020\/10\/POLIC\u00cdA.jpg\" \/>\n<meta name=\"twitter:creator\" content=\"@kuali_noticias\" \/>\n<meta name=\"twitter:site\" content=\"@kuali_noticias\" \/>\n<meta name=\"twitter:label1\" content=\"Escrito por\" \/>\n\t<meta name=\"twitter:data1\" content=\"Kuali Staff\" \/>\n\t<meta name=\"twitter:label2\" content=\"Tiempo de lectura\" \/>\n\t<meta name=\"twitter:data2\" content=\"3 minutos\" \/>\n<script type=\"application\/ld+json\" class=\"yoast-schema-graph\">{\"@context\":\"https:\\\/\\\/schema.org\",\"@graph\":[{\"@type\":\"Article\",\"@id\":\"https:\\\/\\\/kuali.com.mx\\\/web\\\/2022\\\/01\\\/02\\\/inicio-de-ano-con-reporte-de-8-muertes-en-el-estado\\\/#article\",\"isPartOf\":{\"@id\":\"https:\\\/\\\/kuali.com.mx\\\/web\\\/2022\\\/01\\\/02\\\/inicio-de-ano-con-reporte-de-8-muertes-en-el-estado\\\/\"},\"author\":{\"name\":\"Kuali Staff\",\"@id\":\"https:\\\/\\\/kuali.com.mx\\\/web\\\/#\\\/schema\\\/person\\\/6f89ffa8ecba9dae50662357923c5289\"},\"headline\":\"INICIO DE A\u00d1O CON REPORTE DE 8 MUERTES EN EL ESTADO\",\"datePublished\":\"2022-01-03T04:05:40+00:00\",\"dateModified\":\"2022-01-03T04:05:42+00:00\",\"mainEntityOfPage\":{\"@id\":\"https:\\\/\\\/kuali.com.mx\\\/web\\\/2022\\\/01\\\/02\\\/inicio-de-ano-con-reporte-de-8-muertes-en-el-estado\\\/\"},\"wordCount\":672,\"commentCount\":0,\"image\":{\"@id\":\"https:\\\/\\\/kuali.com.mx\\\/web\\\/2022\\\/01\\\/02\\\/inicio-de-ano-con-reporte-de-8-muertes-en-el-estado\\\/#primaryimage\"},\"thumbnailUrl\":\"https:\\\/\\\/kuali.com.mx\\\/web\\\/wp-content\\\/uploads\\\/2020\\\/10\\\/POLIC\u00cdA.jpg\",\"articleSection\":[\"Pol\u00edtica\"],\"inLanguage\":\"es\",\"potentialAction\":[{\"@type\":\"CommentAction\",\"name\":\"Comment\",\"target\":[\"https:\\\/\\\/kuali.com.mx\\\/web\\\/2022\\\/01\\\/02\\\/inicio-de-ano-con-reporte-de-8-muertes-en-el-estado\\\/#respond\"]}]},{\"@type\":\"WebPage\",\"@id\":\"https:\\\/\\\/kuali.com.mx\\\/web\\\/2022\\\/01\\\/02\\\/inicio-de-ano-con-reporte-de-8-muertes-en-el-estado\\\/\",\"url\":\"https:\\\/\\\/kuali.com.mx\\\/web\\\/2022\\\/01\\\/02\\\/inicio-de-ano-con-reporte-de-8-muertes-en-el-estado\\\/\",\"name\":\"INICIO DE A\u00d1O CON REPORTE DE 8 MUERTES EN EL ESTADO - Kuali\",\"isPartOf\":{\"@id\":\"https:\\\/\\\/kuali.com.mx\\\/web\\\/#website\"},\"primaryImageOfPage\":{\"@id\":\"https:\\\/\\\/kuali.com.mx\\\/web\\\/2022\\\/01\\\/02\\\/inicio-de-ano-con-reporte-de-8-muertes-en-el-estado\\\/#primaryimage\"},\"image\":{\"@id\":\"https:\\\/\\\/kuali.com.mx\\\/web\\\/2022\\\/01\\\/02\\\/inicio-de-ano-con-reporte-de-8-muertes-en-el-estado\\\/#primaryimage\"},\"thumbnailUrl\":\"https:\\\/\\\/kuali.com.mx\\\/web\\\/wp-content\\\/uploads\\\/2020\\\/10\\\/POLIC\u00cdA.jpg\",\"datePublished\":\"2022-01-03T04:05:40+00:00\",\"dateModified\":\"2022-01-03T04:05:42+00:00\",\"author\":{\"@id\":\"https:\\\/\\\/kuali.com.mx\\\/web\\\/#\\\/schema\\\/person\\\/6f89ffa8ecba9dae50662357923c5289\"},\"breadcrumb\":{\"@id\":\"https:\\\/\\\/kuali.com.mx\\\/web\\\/2022\\\/01\\\/02\\\/inicio-de-ano-con-reporte-de-8-muertes-en-el-estado\\\/#breadcrumb\"},\"inLanguage\":\"es\",\"potentialAction\":[{\"@type\":\"ReadAction\",\"target\":[\"https:\\\/\\\/kuali.com.mx\\\/web\\\/2022\\\/01\\\/02\\\/inicio-de-ano-con-reporte-de-8-muertes-en-el-estado\\\/\"]}]},{\"@type\":\"ImageObject\",\"inLanguage\":\"es\",\"@id\":\"https:\\\/\\\/kuali.com.mx\\\/web\\\/2022\\\/01\\\/02\\\/inicio-de-ano-con-reporte-de-8-muertes-en-el-estado\\\/#primaryimage\",\"url\":\"https:\\\/\\\/kuali.com.mx\\\/web\\\/wp-content\\\/uploads\\\/2020\\\/10\\\/POLIC\u00cdA.jpg\",\"contentUrl\":\"https:\\\/\\\/kuali.com.mx\\\/web\\\/wp-content\\\/uploads\\\/2020\\\/10\\\/POLIC\u00cdA.jpg\",\"width\":1824,\"height\":750},{\"@type\":\"BreadcrumbList\",\"@id\":\"https:\\\/\\\/kuali.com.mx\\\/web\\\/2022\\\/01\\\/02\\\/inicio-de-ano-con-reporte-de-8-muertes-en-el-estado\\\/#breadcrumb\",\"itemListElement\":[{\"@type\":\"ListItem\",\"position\":1,\"name\":\"Inicio\",\"item\":\"https:\\\/\\\/kuali.com.mx\\\/web\\\/\"},{\"@type\":\"ListItem\",\"position\":2,\"name\":\"INICIO DE A\u00d1O CON REPORTE DE 8 MUERTES EN EL ESTADO\"}]},{\"@type\":\"WebSite\",\"@id\":\"https:\\\/\\\/kuali.com.mx\\\/web\\\/#website\",\"url\":\"https:\\\/\\\/kuali.com.mx\\\/web\\\/\",\"name\":\"Kuali\",\"description\":\"\",\"potentialAction\":[{\"@type\":\"SearchAction\",\"target\":{\"@type\":\"EntryPoint\",\"urlTemplate\":\"https:\\\/\\\/kuali.com.mx\\\/web\\\/?s={search_term_string}\"},\"query-input\":{\"@type\":\"PropertyValueSpecification\",\"valueRequired\":true,\"valueName\":\"search_term_string\"}}],\"inLanguage\":\"es\"},{\"@type\":\"Person\",\"@id\":\"https:\\\/\\\/kuali.com.mx\\\/web\\\/#\\\/schema\\\/person\\\/6f89ffa8ecba9dae50662357923c5289\",\"name\":\"Kuali Staff\",\"image\":{\"@type\":\"ImageObject\",\"inLanguage\":\"es\",\"@id\":\"https:\\\/\\\/secure.gravatar.com\\\/avatar\\\/f917ad82e5ab71227a733c78b6e60715476f69ee6be59feee4eb5d9920c89e0f?s=96&d=mm&r=g\",\"url\":\"https:\\\/\\\/secure.gravatar.com\\\/avatar\\\/f917ad82e5ab71227a733c78b6e60715476f69ee6be59feee4eb5d9920c89e0f?s=96&d=mm&r=g\",\"contentUrl\":\"https:\\\/\\\/secure.gravatar.com\\\/avatar\\\/f917ad82e5ab71227a733c78b6e60715476f69ee6be59feee4eb5d9920c89e0f?s=96&d=mm&r=g\",\"caption\":\"Kuali Staff\"},\"url\":\"https:\\\/\\\/kuali.com.mx\\\/web\\\/author\\\/lagarto\\\/\"}]}<\/script>\n<!-- \/ Yoast SEO plugin. -->","yoast_head_json":{"title":"INICIO DE A\u00d1O CON REPORTE DE 8 MUERTES EN EL ESTADO - Kuali","robots":{"index":"index","follow":"follow","max-snippet":"max-snippet:-1","max-image-preview":"max-image-preview:large","max-video-preview":"max-video-preview:-1"},"canonical":"https:\/\/kuali.com.mx\/web\/2022\/01\/02\/inicio-de-ano-con-reporte-de-8-muertes-en-el-estado\/","og_locale":"es_MX","og_type":"article","og_title":"INICIO DE A\u00d1O CON REPORTE DE 8 MUERTES EN EL ESTADO - Kuali","og_description":"Kuali\/Felipe Ortega\/Le\u00f3n, Gto.- En Apaseo el Grande se tiene de conocimiento por parte del 911 que, en la Comunidad Guadalupe del Monte, siendo en la carretera de terracer\u00eda que conduce hacia la comunidad Guadalupe del Monte conocida como la guitarra se encuentra un hombre sin vida, a simple vista tiene lesiones producidas por impactos de [&hellip;]","og_url":"https:\/\/kuali.com.mx\/web\/2022\/01\/02\/inicio-de-ano-con-reporte-de-8-muertes-en-el-estado\/","og_site_name":"Kuali","article_publisher":"https:\/\/kuali.com.mx\/web\/wp-content\/uploads\/2018\/04\/cropped-kuali_logo-1-1.png","article_published_time":"2022-01-03T04:05:40+00:00","article_modified_time":"2022-01-03T04:05:42+00:00","og_image":[{"width":1824,"height":750,"url":"https:\/\/kuali.com.mx\/web\/wp-content\/uploads\/2020\/10\/POLIC\u00cdA.jpg","type":"image\/jpeg"}],"author":"Kuali Staff","twitter_card":"summary_large_image","twitter_image":"https:\/\/kuali.com.mx\/web\/wp-content\/uploads\/2020\/10\/POLIC\u00cdA.jpg","twitter_creator":"@kuali_noticias","twitter_site":"@kuali_noticias","twitter_misc":{"Escrito por":"Kuali Staff","Tiempo de lectura":"3 minutos"},"schema":{"@context":"https:\/\/schema.org","@graph":[{"@type":"Article","@id":"https:\/\/kuali.com.mx\/web\/2022\/01\/02\/inicio-de-ano-con-reporte-de-8-muertes-en-el-estado\/#article","isPartOf":{"@id":"https:\/\/kuali.com.mx\/web\/2022\/01\/02\/inicio-de-ano-con-reporte-de-8-muertes-en-el-estado\/"},"author":{"name":"Kuali Staff","@id":"https:\/\/kuali.com.mx\/web\/#\/schema\/person\/6f89ffa8ecba9dae50662357923c5289"},"headline":"INICIO DE A\u00d1O CON REPORTE DE 8 MUERTES EN EL ESTADO","datePublished":"2022-01-03T04:05:40+00:00","dateModified":"2022-01-03T04:05:42+00:00","mainEntityOfPage":{"@id":"https:\/\/kuali.com.mx\/web\/2022\/01\/02\/inicio-de-ano-con-reporte-de-8-muertes-en-el-estado\/"},"wordCount":672,"commentCount":0,"image":{"@id":"https:\/\/kuali.com.mx\/web\/2022\/01\/02\/inicio-de-ano-con-reporte-de-8-muertes-en-el-estado\/#primaryimage"},"thumbnailUrl":"https:\/\/kuali.com.mx\/web\/wp-content\/uploads\/2020\/10\/POLIC\u00cdA.jpg","articleSection":["Pol\u00edtica"],"inLanguage":"es","potentialAction":[{"@type":"CommentAction","name":"Comment","target":["https:\/\/kuali.com.mx\/web\/2022\/01\/02\/inicio-de-ano-con-reporte-de-8-muertes-en-el-estado\/#respond"]}]},{"@type":"WebPage","@id":"https:\/\/kuali.com.mx\/web\/2022\/01\/02\/inicio-de-ano-con-reporte-de-8-muertes-en-el-estado\/","url":"https:\/\/kuali.com.mx\/web\/2022\/01\/02\/inicio-de-ano-con-reporte-de-8-muertes-en-el-estado\/","name":"INICIO DE A\u00d1O CON REPORTE DE 8 MUERTES EN EL ESTADO - Kuali","isPartOf":{"@id":"https:\/\/kuali.com.mx\/web\/#website"},"primaryImageOfPage":{"@id":"https:\/\/kuali.com.mx\/web\/2022\/01\/02\/inicio-de-ano-con-reporte-de-8-muertes-en-el-estado\/#primaryimage"},"image":{"@id":"https:\/\/kuali.com.mx\/web\/2022\/01\/02\/inicio-de-ano-con-reporte-de-8-muertes-en-el-estado\/#primaryimage"},"thumbnailUrl":"https:\/\/kuali.com.mx\/web\/wp-content\/uploads\/2020\/10\/POLIC\u00cdA.jpg","datePublished":"2022-01-03T04:05:40+00:00","dateModified":"2022-01-03T04:05:42+00:00","author":{"@id":"https:\/\/kuali.com.mx\/web\/#\/schema\/person\/6f89ffa8ecba9dae50662357923c5289"},"breadcrumb":{"@id":"https:\/\/kuali.com.mx\/web\/2022\/01\/02\/inicio-de-ano-con-reporte-de-8-muertes-en-el-estado\/#breadcrumb"},"inLanguage":"es","potentialAction":[{"@type":"ReadAction","target":["https:\/\/kuali.com.mx\/web\/2022\/01\/02\/inicio-de-ano-con-reporte-de-8-muertes-en-el-estado\/"]}]},{"@type":"ImageObject","inLanguage":"es","@id":"https:\/\/kuali.com.mx\/web\/2022\/01\/02\/inicio-de-ano-con-reporte-de-8-muertes-en-el-estado\/#primaryimage","url":"https:\/\/kuali.com.mx\/web\/wp-content\/uploads\/2020\/10\/POLIC\u00cdA.jpg","contentUrl":"https:\/\/kuali.com.mx\/web\/wp-content\/uploads\/2020\/10\/POLIC\u00cdA.jpg","width":1824,"height":750},{"@type":"BreadcrumbList","@id":"https:\/\/kuali.com.mx\/web\/2022\/01\/02\/inicio-de-ano-con-reporte-de-8-muertes-en-el-estado\/#breadcrumb","itemListElement":[{"@type":"ListItem","position":1,"name":"Inicio","item":"https:\/\/kuali.com.mx\/web\/"},{"@type":"ListItem","position":2,"name":"INICIO DE A\u00d1O CON REPORTE DE 8 MUERTES EN EL ESTADO"}]},{"@type":"WebSite","@id":"https:\/\/kuali.com.mx\/web\/#website","url":"https:\/\/kuali.com.mx\/web\/","name":"Kuali","description":"","potentialAction":[{"@type":"SearchAction","target":{"@type":"EntryPoint","urlTemplate":"https:\/\/kuali.com.mx\/web\/?s={search_term_string}"},"query-input":{"@type":"PropertyValueSpecification","valueRequired":true,"valueName":"search_term_string"}}],"inLanguage":"es"},{"@type":"Person","@id":"https:\/\/kuali.com.mx\/web\/#\/schema\/person\/6f89ffa8ecba9dae50662357923c5289","name":"Kuali Staff","image":{"@type":"ImageObject","inLanguage":"es","@id":"https:\/\/secure.gravatar.com\/avatar\/f917ad82e5ab71227a733c78b6e60715476f69ee6be59feee4eb5d9920c89e0f?s=96&d=mm&r=g","url":"https:\/\/secure.gravatar.com\/avatar\/f917ad82e5ab71227a733c78b6e60715476f69ee6be59feee4eb5d9920c89e0f?s=96&d=mm&r=g","contentUrl":"https:\/\/secure.gravatar.com\/avatar\/f917ad82e5ab71227a733c78b6e60715476f69ee6be59feee4eb5d9920c89e0f?s=96&d=mm&r=g","caption":"Kuali Staff"},"url":"https:\/\/kuali.com.mx\/web\/author\/lagarto\/"}]}},"_links":{"self":[{"href":"https:\/\/kuali.com.mx\/web\/wp-json\/wp\/v2\/posts\/90426","targetHints":{"allow":["GET"]}}],"collection":[{"href":"https:\/\/kuali.com.mx\/web\/wp-json\/wp\/v2\/posts"}],"about":[{"href":"https:\/\/kuali.com.mx\/web\/wp-json\/wp\/v2\/types\/post"}],"author":[{"embeddable":true,"href":"https:\/\/kuali.com.mx\/web\/wp-json\/wp\/v2\/users\/2"}],"replies":[{"embeddable":true,"href":"https:\/\/kuali.com.mx\/web\/wp-json\/wp\/v2\/comments?post=90426"}],"version-history":[{"count":1,"href":"https:\/\/kuali.com.mx\/web\/wp-json\/wp\/v2\/posts\/90426\/revisions"}],"predecessor-version":[{"id":90427,"href":"https:\/\/kuali.com.mx\/web\/wp-json\/wp\/v2\/posts\/90426\/revisions\/90427"}],"wp:featuredmedia":[{"embeddable":true,"href":"https:\/\/kuali.com.mx\/web\/wp-json\/wp\/v2\/media\/75333"}],"wp:attachment":[{"href":"https:\/\/kuali.com.mx\/web\/wp-json\/wp\/v2\/media?parent=90426"}],"wp:term":[{"taxonomy":"category","embeddable":true,"href":"https:\/\/kuali.com.mx\/web\/wp-json\/wp\/v2\/categories?post=90426"},{"taxonomy":"post_tag","embeddable":true,"href":"https:\/\/kuali.com.mx\/web\/wp-json\/wp\/v2\/tags?post=90426"}],"curies":[{"name":"wp","href":"https:\/\/api.w.org\/{rel}","templated":true}]}}