{"id":84905,"date":"2021-07-23T14:21:39","date_gmt":"2021-07-23T20:21:39","guid":{"rendered":"http:\/\/kuali.com.mx\/web\/?p=84905"},"modified":"2021-07-23T14:22:50","modified_gmt":"2021-07-23T20:22:50","slug":"desecha-ine-denuncia-contra-trejo-pureco","status":"publish","type":"post","link":"https:\/\/kuali.com.mx\/web\/2021\/07\/23\/desecha-ine-denuncia-contra-trejo-pureco\/","title":{"rendered":"DESECHA INE DENUNCIA CONTRA TREJO PURECO"},"content":{"rendered":"\n<p><strong><em>Kuali\/San Miguel de Allende, Gto.-<\/em><\/strong>El Consejo General del Instituto Nacional Electoral (INE) declar\u00f3 infundada la queja en contra del PRI y su candidato a la Presidencia Municipal de San Miguel de Allende, Mauricio Trejo Pureco, por supuestos gastos excesivos de campa\u00f1a.<\/p>\n\n\n\n<p>El Procedimiento Administrativo Sancionador, bajo el expediente INE\/Q-COF-UTF\/798\/2021\/Gto., fue declarado infundado por el \u00f3rgano electoral federal.<\/p>\n\n\n\n<p>El PAN y el candidato a la Presidencia Municipal de San Miguel de Allende, Luis Alberto Villarreal Garc\u00eda, interpusieron la queja en contra de Trejo Pureco por supuestamente rebasar topes de campa\u00f1a, para lo cual no report\u00f3 eventos o los report\u00f3 sin gastos.<\/p>\n\n\n\n<p>\"En su momento, el PRI dio a conocer documentaci\u00f3n para demostrar que su candidato a la Presidencia Municipal de San Miguel de Allende report\u00f3 en tiempo y forma al INE 129 eventos realizados\", se\u00f1al\u00f3 el Comit\u00e9 Estatal del PRI.<\/p>\n\n\n\n<p>Cabe recordar que Mauricio Trejo esta vinculado a proceso penal por un peculado de casi 800 mil pesos, que se realiz\u00f3 cuando fue alcalde en el periodo 2012-2015.  <\/p>\n\n\n\n<p>El Congreso del Estado puso una denuncia penal porque detect\u00f3 que con dinero p\u00fablico se pagaron los honorarios de dos trabajadores del bar El Grito, propiedad de Trejo Pureco.   Tambi\u00e9n esta en curso otra investigaci\u00f3n del Ministerio P\u00fablico por la compra de l\u00e1mparas a sobreprecio.<\/p>\n","protected":false},"excerpt":{"rendered":"Kuali\/San Miguel de Allende, Gto.-El Consejo General del Instituto Nacional Electoral (INE) declar\u00f3 infundada la queja en contra del PRI y su candidato a la Presidencia Municipal de San Miguel de Allende, Mauricio Trejo Pureco, por supuestos gastos excesivos de campa\u00f1a. El Procedimiento Administrativo Sancionador, bajo el expediente INE\/Q-COF-UTF\/798\/2021\/Gto., fue declarado infundado por el \u00f3rgano [&hellip;]","protected":false},"author":2,"featured_media":84906,"comment_status":"open","ping_status":"open","sticky":false,"template":"","format":"standard","meta":{"_seopress_robots_primary_cat":"","_seopress_titles_title":"","_seopress_titles_desc":"","_seopress_robots_index":"","_monsterinsights_skip_tracking":false,"_monsterinsights_sitenote_active":false,"_monsterinsights_sitenote_note":"","_monsterinsights_sitenote_category":0,"footnotes":""},"categories":[3],"tags":[88,91,89,87],"class_list":["post-84905","post","type-post","status-publish","format-standard","has-post-thumbnail","hentry","category-politica","tag-mauricio-trejo-pureco","tag-pan","tag-pri","tag-san-miguel-de-allende"],"yoast_head":"<!-- This site is optimized with the Yoast SEO plugin v27.4 - https:\/\/yoast.com\/product\/yoast-seo-wordpress\/ -->\n<title>DESECHA INE DENUNCIA CONTRA TREJO PURECO - Kuali<\/title>\n<meta name=\"robots\" content=\"index, follow, max-snippet:-1, max-image-preview:large, max-video-preview:-1\" \/>\n<link rel=\"canonical\" href=\"https:\/\/kuali.com.mx\/web\/2021\/07\/23\/desecha-ine-denuncia-contra-trejo-pureco\/\" \/>\n<meta property=\"og:locale\" content=\"es_MX\" \/>\n<meta property=\"og:type\" content=\"article\" \/>\n<meta property=\"og:title\" content=\"DESECHA INE DENUNCIA CONTRA TREJO PURECO - Kuali\" \/>\n<meta property=\"og:description\" content=\"Kuali\/San Miguel de Allende, Gto.-El Consejo General del Instituto Nacional Electoral (INE) declar\u00f3 infundada la queja en contra del PRI y su candidato a la Presidencia Municipal de San Miguel de Allende, Mauricio Trejo Pureco, por supuestos gastos excesivos de campa\u00f1a. El Procedimiento Administrativo Sancionador, bajo el expediente INE\/Q-COF-UTF\/798\/2021\/Gto., fue declarado infundado por el \u00f3rgano [&hellip;]\" \/>\n<meta property=\"og:url\" content=\"https:\/\/kuali.com.mx\/web\/2021\/07\/23\/desecha-ine-denuncia-contra-trejo-pureco\/\" \/>\n<meta property=\"og:site_name\" content=\"Kuali\" \/>\n<meta property=\"article:publisher\" content=\"https:\/\/kuali.com.mx\/web\/wp-content\/uploads\/2018\/04\/cropped-kuali_logo-1-1.png\" \/>\n<meta property=\"article:published_time\" content=\"2021-07-23T20:21:39+00:00\" \/>\n<meta property=\"article:modified_time\" content=\"2021-07-23T20:22:50+00:00\" \/>\n<meta property=\"og:image\" content=\"https:\/\/kuali.com.mx\/web\/wp-content\/uploads\/2021\/07\/Trejo-Pureco-eleccion.jpg\" \/>\n\t<meta property=\"og:image:width\" content=\"1280\" \/>\n\t<meta property=\"og:image:height\" content=\"854\" \/>\n\t<meta property=\"og:image:type\" content=\"image\/jpeg\" \/>\n<meta name=\"author\" content=\"Kuali Staff\" \/>\n<meta name=\"twitter:card\" content=\"summary_large_image\" \/>\n<meta name=\"twitter:image\" content=\"https:\/\/kuali.com.mx\/web\/wp-content\/uploads\/2021\/07\/Trejo-Pureco-eleccion.jpg\" \/>\n<meta name=\"twitter:creator\" content=\"@kuali_noticias\" \/>\n<meta name=\"twitter:site\" content=\"@kuali_noticias\" \/>\n<meta name=\"twitter:label1\" content=\"Escrito por\" \/>\n\t<meta name=\"twitter:data1\" content=\"Kuali Staff\" \/>\n\t<meta name=\"twitter:label2\" content=\"Tiempo de lectura\" \/>\n\t<meta name=\"twitter:data2\" content=\"1 minuto\" \/>\n<script type=\"application\/ld+json\" class=\"yoast-schema-graph\">{\"@context\":\"https:\\\/\\\/schema.org\",\"@graph\":[{\"@type\":\"Article\",\"@id\":\"https:\\\/\\\/kuali.com.mx\\\/web\\\/2021\\\/07\\\/23\\\/desecha-ine-denuncia-contra-trejo-pureco\\\/#article\",\"isPartOf\":{\"@id\":\"https:\\\/\\\/kuali.com.mx\\\/web\\\/2021\\\/07\\\/23\\\/desecha-ine-denuncia-contra-trejo-pureco\\\/\"},\"author\":{\"name\":\"Kuali Staff\",\"@id\":\"https:\\\/\\\/kuali.com.mx\\\/web\\\/#\\\/schema\\\/person\\\/6f89ffa8ecba9dae50662357923c5289\"},\"headline\":\"DESECHA INE DENUNCIA CONTRA TREJO PURECO\",\"datePublished\":\"2021-07-23T20:21:39+00:00\",\"dateModified\":\"2021-07-23T20:22:50+00:00\",\"mainEntityOfPage\":{\"@id\":\"https:\\\/\\\/kuali.com.mx\\\/web\\\/2021\\\/07\\\/23\\\/desecha-ine-denuncia-contra-trejo-pureco\\\/\"},\"wordCount\":231,\"commentCount\":0,\"image\":{\"@id\":\"https:\\\/\\\/kuali.com.mx\\\/web\\\/2021\\\/07\\\/23\\\/desecha-ine-denuncia-contra-trejo-pureco\\\/#primaryimage\"},\"thumbnailUrl\":\"https:\\\/\\\/kuali.com.mx\\\/web\\\/wp-content\\\/uploads\\\/2021\\\/07\\\/Trejo-Pureco-eleccion.jpg\",\"keywords\":[\"Mauricio Trejo Pureco\",\"PAN\",\"PRI\",\"San Miguel de Allende\"],\"articleSection\":[\"Pol\u00edtica\"],\"inLanguage\":\"es\",\"potentialAction\":[{\"@type\":\"CommentAction\",\"name\":\"Comment\",\"target\":[\"https:\\\/\\\/kuali.com.mx\\\/web\\\/2021\\\/07\\\/23\\\/desecha-ine-denuncia-contra-trejo-pureco\\\/#respond\"]}]},{\"@type\":\"WebPage\",\"@id\":\"https:\\\/\\\/kuali.com.mx\\\/web\\\/2021\\\/07\\\/23\\\/desecha-ine-denuncia-contra-trejo-pureco\\\/\",\"url\":\"https:\\\/\\\/kuali.com.mx\\\/web\\\/2021\\\/07\\\/23\\\/desecha-ine-denuncia-contra-trejo-pureco\\\/\",\"name\":\"DESECHA INE DENUNCIA CONTRA TREJO PURECO - Kuali\",\"isPartOf\":{\"@id\":\"https:\\\/\\\/kuali.com.mx\\\/web\\\/#website\"},\"primaryImageOfPage\":{\"@id\":\"https:\\\/\\\/kuali.com.mx\\\/web\\\/2021\\\/07\\\/23\\\/desecha-ine-denuncia-contra-trejo-pureco\\\/#primaryimage\"},\"image\":{\"@id\":\"https:\\\/\\\/kuali.com.mx\\\/web\\\/2021\\\/07\\\/23\\\/desecha-ine-denuncia-contra-trejo-pureco\\\/#primaryimage\"},\"thumbnailUrl\":\"https:\\\/\\\/kuali.com.mx\\\/web\\\/wp-content\\\/uploads\\\/2021\\\/07\\\/Trejo-Pureco-eleccion.jpg\",\"datePublished\":\"2021-07-23T20:21:39+00:00\",\"dateModified\":\"2021-07-23T20:22:50+00:00\",\"author\":{\"@id\":\"https:\\\/\\\/kuali.com.mx\\\/web\\\/#\\\/schema\\\/person\\\/6f89ffa8ecba9dae50662357923c5289\"},\"breadcrumb\":{\"@id\":\"https:\\\/\\\/kuali.com.mx\\\/web\\\/2021\\\/07\\\/23\\\/desecha-ine-denuncia-contra-trejo-pureco\\\/#breadcrumb\"},\"inLanguage\":\"es\",\"potentialAction\":[{\"@type\":\"ReadAction\",\"target\":[\"https:\\\/\\\/kuali.com.mx\\\/web\\\/2021\\\/07\\\/23\\\/desecha-ine-denuncia-contra-trejo-pureco\\\/\"]}]},{\"@type\":\"ImageObject\",\"inLanguage\":\"es\",\"@id\":\"https:\\\/\\\/kuali.com.mx\\\/web\\\/2021\\\/07\\\/23\\\/desecha-ine-denuncia-contra-trejo-pureco\\\/#primaryimage\",\"url\":\"https:\\\/\\\/kuali.com.mx\\\/web\\\/wp-content\\\/uploads\\\/2021\\\/07\\\/Trejo-Pureco-eleccion.jpg\",\"contentUrl\":\"https:\\\/\\\/kuali.com.mx\\\/web\\\/wp-content\\\/uploads\\\/2021\\\/07\\\/Trejo-Pureco-eleccion.jpg\",\"width\":1280,\"height\":854},{\"@type\":\"BreadcrumbList\",\"@id\":\"https:\\\/\\\/kuali.com.mx\\\/web\\\/2021\\\/07\\\/23\\\/desecha-ine-denuncia-contra-trejo-pureco\\\/#breadcrumb\",\"itemListElement\":[{\"@type\":\"ListItem\",\"position\":1,\"name\":\"Inicio\",\"item\":\"https:\\\/\\\/kuali.com.mx\\\/web\\\/\"},{\"@type\":\"ListItem\",\"position\":2,\"name\":\"DESECHA INE DENUNCIA CONTRA TREJO PURECO\"}]},{\"@type\":\"WebSite\",\"@id\":\"https:\\\/\\\/kuali.com.mx\\\/web\\\/#website\",\"url\":\"https:\\\/\\\/kuali.com.mx\\\/web\\\/\",\"name\":\"Kuali\",\"description\":\"\",\"potentialAction\":[{\"@type\":\"SearchAction\",\"target\":{\"@type\":\"EntryPoint\",\"urlTemplate\":\"https:\\\/\\\/kuali.com.mx\\\/web\\\/?s={search_term_string}\"},\"query-input\":{\"@type\":\"PropertyValueSpecification\",\"valueRequired\":true,\"valueName\":\"search_term_string\"}}],\"inLanguage\":\"es\"},{\"@type\":\"Person\",\"@id\":\"https:\\\/\\\/kuali.com.mx\\\/web\\\/#\\\/schema\\\/person\\\/6f89ffa8ecba9dae50662357923c5289\",\"name\":\"Kuali Staff\",\"image\":{\"@type\":\"ImageObject\",\"inLanguage\":\"es\",\"@id\":\"https:\\\/\\\/secure.gravatar.com\\\/avatar\\\/f917ad82e5ab71227a733c78b6e60715476f69ee6be59feee4eb5d9920c89e0f?s=96&d=mm&r=g\",\"url\":\"https:\\\/\\\/secure.gravatar.com\\\/avatar\\\/f917ad82e5ab71227a733c78b6e60715476f69ee6be59feee4eb5d9920c89e0f?s=96&d=mm&r=g\",\"contentUrl\":\"https:\\\/\\\/secure.gravatar.com\\\/avatar\\\/f917ad82e5ab71227a733c78b6e60715476f69ee6be59feee4eb5d9920c89e0f?s=96&d=mm&r=g\",\"caption\":\"Kuali Staff\"},\"url\":\"https:\\\/\\\/kuali.com.mx\\\/web\\\/author\\\/lagarto\\\/\"}]}<\/script>\n<!-- \/ Yoast SEO plugin. -->","yoast_head_json":{"title":"DESECHA INE DENUNCIA CONTRA TREJO PURECO - Kuali","robots":{"index":"index","follow":"follow","max-snippet":"max-snippet:-1","max-image-preview":"max-image-preview:large","max-video-preview":"max-video-preview:-1"},"canonical":"https:\/\/kuali.com.mx\/web\/2021\/07\/23\/desecha-ine-denuncia-contra-trejo-pureco\/","og_locale":"es_MX","og_type":"article","og_title":"DESECHA INE DENUNCIA CONTRA TREJO PURECO - Kuali","og_description":"Kuali\/San Miguel de Allende, Gto.-El Consejo General del Instituto Nacional Electoral (INE) declar\u00f3 infundada la queja en contra del PRI y su candidato a la Presidencia Municipal de San Miguel de Allende, Mauricio Trejo Pureco, por supuestos gastos excesivos de campa\u00f1a. El Procedimiento Administrativo Sancionador, bajo el expediente INE\/Q-COF-UTF\/798\/2021\/Gto., fue declarado infundado por el \u00f3rgano [&hellip;]","og_url":"https:\/\/kuali.com.mx\/web\/2021\/07\/23\/desecha-ine-denuncia-contra-trejo-pureco\/","og_site_name":"Kuali","article_publisher":"https:\/\/kuali.com.mx\/web\/wp-content\/uploads\/2018\/04\/cropped-kuali_logo-1-1.png","article_published_time":"2021-07-23T20:21:39+00:00","article_modified_time":"2021-07-23T20:22:50+00:00","og_image":[{"width":1280,"height":854,"url":"https:\/\/kuali.com.mx\/web\/wp-content\/uploads\/2021\/07\/Trejo-Pureco-eleccion.jpg","type":"image\/jpeg"}],"author":"Kuali Staff","twitter_card":"summary_large_image","twitter_image":"https:\/\/kuali.com.mx\/web\/wp-content\/uploads\/2021\/07\/Trejo-Pureco-eleccion.jpg","twitter_creator":"@kuali_noticias","twitter_site":"@kuali_noticias","twitter_misc":{"Escrito por":"Kuali Staff","Tiempo de lectura":"1 minuto"},"schema":{"@context":"https:\/\/schema.org","@graph":[{"@type":"Article","@id":"https:\/\/kuali.com.mx\/web\/2021\/07\/23\/desecha-ine-denuncia-contra-trejo-pureco\/#article","isPartOf":{"@id":"https:\/\/kuali.com.mx\/web\/2021\/07\/23\/desecha-ine-denuncia-contra-trejo-pureco\/"},"author":{"name":"Kuali Staff","@id":"https:\/\/kuali.com.mx\/web\/#\/schema\/person\/6f89ffa8ecba9dae50662357923c5289"},"headline":"DESECHA INE DENUNCIA CONTRA TREJO PURECO","datePublished":"2021-07-23T20:21:39+00:00","dateModified":"2021-07-23T20:22:50+00:00","mainEntityOfPage":{"@id":"https:\/\/kuali.com.mx\/web\/2021\/07\/23\/desecha-ine-denuncia-contra-trejo-pureco\/"},"wordCount":231,"commentCount":0,"image":{"@id":"https:\/\/kuali.com.mx\/web\/2021\/07\/23\/desecha-ine-denuncia-contra-trejo-pureco\/#primaryimage"},"thumbnailUrl":"https:\/\/kuali.com.mx\/web\/wp-content\/uploads\/2021\/07\/Trejo-Pureco-eleccion.jpg","keywords":["Mauricio Trejo Pureco","PAN","PRI","San Miguel de Allende"],"articleSection":["Pol\u00edtica"],"inLanguage":"es","potentialAction":[{"@type":"CommentAction","name":"Comment","target":["https:\/\/kuali.com.mx\/web\/2021\/07\/23\/desecha-ine-denuncia-contra-trejo-pureco\/#respond"]}]},{"@type":"WebPage","@id":"https:\/\/kuali.com.mx\/web\/2021\/07\/23\/desecha-ine-denuncia-contra-trejo-pureco\/","url":"https:\/\/kuali.com.mx\/web\/2021\/07\/23\/desecha-ine-denuncia-contra-trejo-pureco\/","name":"DESECHA INE DENUNCIA CONTRA TREJO PURECO - Kuali","isPartOf":{"@id":"https:\/\/kuali.com.mx\/web\/#website"},"primaryImageOfPage":{"@id":"https:\/\/kuali.com.mx\/web\/2021\/07\/23\/desecha-ine-denuncia-contra-trejo-pureco\/#primaryimage"},"image":{"@id":"https:\/\/kuali.com.mx\/web\/2021\/07\/23\/desecha-ine-denuncia-contra-trejo-pureco\/#primaryimage"},"thumbnailUrl":"https:\/\/kuali.com.mx\/web\/wp-content\/uploads\/2021\/07\/Trejo-Pureco-eleccion.jpg","datePublished":"2021-07-23T20:21:39+00:00","dateModified":"2021-07-23T20:22:50+00:00","author":{"@id":"https:\/\/kuali.com.mx\/web\/#\/schema\/person\/6f89ffa8ecba9dae50662357923c5289"},"breadcrumb":{"@id":"https:\/\/kuali.com.mx\/web\/2021\/07\/23\/desecha-ine-denuncia-contra-trejo-pureco\/#breadcrumb"},"inLanguage":"es","potentialAction":[{"@type":"ReadAction","target":["https:\/\/kuali.com.mx\/web\/2021\/07\/23\/desecha-ine-denuncia-contra-trejo-pureco\/"]}]},{"@type":"ImageObject","inLanguage":"es","@id":"https:\/\/kuali.com.mx\/web\/2021\/07\/23\/desecha-ine-denuncia-contra-trejo-pureco\/#primaryimage","url":"https:\/\/kuali.com.mx\/web\/wp-content\/uploads\/2021\/07\/Trejo-Pureco-eleccion.jpg","contentUrl":"https:\/\/kuali.com.mx\/web\/wp-content\/uploads\/2021\/07\/Trejo-Pureco-eleccion.jpg","width":1280,"height":854},{"@type":"BreadcrumbList","@id":"https:\/\/kuali.com.mx\/web\/2021\/07\/23\/desecha-ine-denuncia-contra-trejo-pureco\/#breadcrumb","itemListElement":[{"@type":"ListItem","position":1,"name":"Inicio","item":"https:\/\/kuali.com.mx\/web\/"},{"@type":"ListItem","position":2,"name":"DESECHA INE DENUNCIA CONTRA TREJO PURECO"}]},{"@type":"WebSite","@id":"https:\/\/kuali.com.mx\/web\/#website","url":"https:\/\/kuali.com.mx\/web\/","name":"Kuali","description":"","potentialAction":[{"@type":"SearchAction","target":{"@type":"EntryPoint","urlTemplate":"https:\/\/kuali.com.mx\/web\/?s={search_term_string}"},"query-input":{"@type":"PropertyValueSpecification","valueRequired":true,"valueName":"search_term_string"}}],"inLanguage":"es"},{"@type":"Person","@id":"https:\/\/kuali.com.mx\/web\/#\/schema\/person\/6f89ffa8ecba9dae50662357923c5289","name":"Kuali Staff","image":{"@type":"ImageObject","inLanguage":"es","@id":"https:\/\/secure.gravatar.com\/avatar\/f917ad82e5ab71227a733c78b6e60715476f69ee6be59feee4eb5d9920c89e0f?s=96&d=mm&r=g","url":"https:\/\/secure.gravatar.com\/avatar\/f917ad82e5ab71227a733c78b6e60715476f69ee6be59feee4eb5d9920c89e0f?s=96&d=mm&r=g","contentUrl":"https:\/\/secure.gravatar.com\/avatar\/f917ad82e5ab71227a733c78b6e60715476f69ee6be59feee4eb5d9920c89e0f?s=96&d=mm&r=g","caption":"Kuali Staff"},"url":"https:\/\/kuali.com.mx\/web\/author\/lagarto\/"}]}},"_links":{"self":[{"href":"https:\/\/kuali.com.mx\/web\/wp-json\/wp\/v2\/posts\/84905","targetHints":{"allow":["GET"]}}],"collection":[{"href":"https:\/\/kuali.com.mx\/web\/wp-json\/wp\/v2\/posts"}],"about":[{"href":"https:\/\/kuali.com.mx\/web\/wp-json\/wp\/v2\/types\/post"}],"author":[{"embeddable":true,"href":"https:\/\/kuali.com.mx\/web\/wp-json\/wp\/v2\/users\/2"}],"replies":[{"embeddable":true,"href":"https:\/\/kuali.com.mx\/web\/wp-json\/wp\/v2\/comments?post=84905"}],"version-history":[{"count":1,"href":"https:\/\/kuali.com.mx\/web\/wp-json\/wp\/v2\/posts\/84905\/revisions"}],"predecessor-version":[{"id":84907,"href":"https:\/\/kuali.com.mx\/web\/wp-json\/wp\/v2\/posts\/84905\/revisions\/84907"}],"wp:featuredmedia":[{"embeddable":true,"href":"https:\/\/kuali.com.mx\/web\/wp-json\/wp\/v2\/media\/84906"}],"wp:attachment":[{"href":"https:\/\/kuali.com.mx\/web\/wp-json\/wp\/v2\/media?parent=84905"}],"wp:term":[{"taxonomy":"category","embeddable":true,"href":"https:\/\/kuali.com.mx\/web\/wp-json\/wp\/v2\/categories?post=84905"},{"taxonomy":"post_tag","embeddable":true,"href":"https:\/\/kuali.com.mx\/web\/wp-json\/wp\/v2\/tags?post=84905"}],"curies":[{"name":"wp","href":"https:\/\/api.w.org\/{rel}","templated":true}]}}