{"id":84882,"date":"2021-07-23T08:23:18","date_gmt":"2021-07-23T14:23:18","guid":{"rendered":"http:\/\/kuali.com.mx\/web\/?p=84882"},"modified":"2021-07-23T10:03:45","modified_gmt":"2021-07-23T16:03:45","slug":"alertan-por-rebrote-de-covid-19-en-san-miguel-de-allende","status":"publish","type":"post","link":"https:\/\/kuali.com.mx\/web\/2021\/07\/23\/alertan-por-rebrote-de-covid-19-en-san-miguel-de-allende\/","title":{"rendered":"ALERTAN POR REBROTE DE COVID-19 EN SAN MIGUEL DE ALLENDE"},"content":{"rendered":"\n<p><strong><em>Carlos Garc\u00eda\/San Miguel de Allende, Gto.-<\/em><\/strong> En San Miguel de Allende aumentaron en un 200 por ciento los casos confirmados de Covid-19, inform\u00f3 el gobierno local, quien confirm\u00f3 que mantiene las restricciones para ingresar a la ciudad Patrimonio Cultural de la Humanidad.<\/p>\n\n\n\n<p>Las autoridades locales sostuvieron una reuni\u00f3n con la Secretar\u00eda de Salud y determinaron alertar a la poblaci\u00f3n sobre el rebrote del virus.<\/p>\n\n\n\n<p>\u201cEn el municipio hay 26 casos activos luego de mantenerse durante varios d\u00edas sin ning\u00fan caso confirmado\u201d, se\u00f1al\u00f3 el municipio.<\/p>\n\n\n\n<p>Exhort\u00f3 a la poblaci\u00f3n, de este destino tur\u00edstico, a seguir aplicando las medidas sanitarias, como el uso permanente del cubrebocas y la sana distancia.<\/p>\n\n\n\n<p>\u201cLa Secretar\u00eda de Seguridad P\u00fablica (SSP) mantendr\u00e1 los filtros sanitarios en los puntos de acceso a la ciudad, de manera que los visitantes que deseen ingresar deber\u00e1n generar y presentar el C\u00f3digo QR que justifique su arribo al municipio\u201d, se\u00f1al\u00f3.<\/p>\n\n\n\n<p>Desde el primer trimestre del 2021, las autoridades locales solicitan un c\u00f3digo QR que demuestre que el visitante tiene una reservaci\u00f3n en un hotel o en un restaurante de la ciudad.<\/p>\n\n\n\n<p>Los negocios que expiden el c\u00f3digo QR tienen la certificaci\u00f3n \u201cPrimero La Salud\u201d y la lista est\u00e1 en la p\u00e1gina visitsanmiguel.travel.<\/p>\n\n\n\n<p>En el estado de Guanajuato han muerto 11 mil 321 personas por complicaciones generadas por el Covid-19 y en San Miguel de Allende se reportan 220 muertes.<\/p>\n","protected":false},"excerpt":{"rendered":"Carlos Garc\u00eda\/San Miguel de Allende, Gto.- En San Miguel de Allende aumentaron en un 200 por ciento los casos confirmados de Covid-19, inform\u00f3 el gobierno local, quien confirm\u00f3 que mantiene las restricciones para ingresar a la ciudad Patrimonio Cultural de la Humanidad. Las autoridades locales sostuvieron una reuni\u00f3n con la Secretar\u00eda de Salud y determinaron [&hellip;]","protected":false},"author":2,"featured_media":72612,"comment_status":"open","ping_status":"open","sticky":false,"template":"","format":"standard","meta":{"_seopress_robots_primary_cat":"","_seopress_titles_title":"","_seopress_titles_desc":"","_seopress_robots_index":"","_monsterinsights_skip_tracking":false,"_monsterinsights_sitenote_active":false,"_monsterinsights_sitenote_note":"","_monsterinsights_sitenote_category":0,"footnotes":""},"categories":[7,69],"tags":[77,87],"class_list":["post-84882","post","type-post","status-publish","format-standard","has-post-thumbnail","hentry","category-salud","category-slider","tag-covid-19","tag-san-miguel-de-allende"],"yoast_head":"<!-- This site is optimized with the Yoast SEO plugin v27.4 - https:\/\/yoast.com\/product\/yoast-seo-wordpress\/ -->\n<title>ALERTAN POR REBROTE DE COVID-19 EN SAN MIGUEL DE ALLENDE - Kuali<\/title>\n<meta name=\"robots\" content=\"index, follow, max-snippet:-1, max-image-preview:large, max-video-preview:-1\" \/>\n<link rel=\"canonical\" href=\"https:\/\/kuali.com.mx\/web\/2021\/07\/23\/alertan-por-rebrote-de-covid-19-en-san-miguel-de-allende\/\" \/>\n<meta property=\"og:locale\" content=\"es_MX\" \/>\n<meta property=\"og:type\" content=\"article\" \/>\n<meta property=\"og:title\" content=\"ALERTAN POR REBROTE DE COVID-19 EN SAN MIGUEL DE ALLENDE - Kuali\" \/>\n<meta property=\"og:description\" content=\"Carlos Garc\u00eda\/San Miguel de Allende, Gto.- En San Miguel de Allende aumentaron en un 200 por ciento los casos confirmados de Covid-19, inform\u00f3 el gobierno local, quien confirm\u00f3 que mantiene las restricciones para ingresar a la ciudad Patrimonio Cultural de la Humanidad. Las autoridades locales sostuvieron una reuni\u00f3n con la Secretar\u00eda de Salud y determinaron [&hellip;]\" \/>\n<meta property=\"og:url\" content=\"https:\/\/kuali.com.mx\/web\/2021\/07\/23\/alertan-por-rebrote-de-covid-19-en-san-miguel-de-allende\/\" \/>\n<meta property=\"og:site_name\" content=\"Kuali\" \/>\n<meta property=\"article:publisher\" content=\"https:\/\/kuali.com.mx\/web\/wp-content\/uploads\/2018\/04\/cropped-kuali_logo-1-1.png\" \/>\n<meta property=\"article:published_time\" content=\"2021-07-23T14:23:18+00:00\" \/>\n<meta property=\"article:modified_time\" content=\"2021-07-23T16:03:45+00:00\" \/>\n<meta property=\"og:image\" content=\"https:\/\/kuali.com.mx\/web\/wp-content\/uploads\/2020\/07\/TURISTAS-SMA-CUBREBOCAS.jpg\" \/>\n\t<meta property=\"og:image:width\" content=\"1944\" \/>\n\t<meta property=\"og:image:height\" content=\"750\" \/>\n\t<meta property=\"og:image:type\" content=\"image\/jpeg\" \/>\n<meta name=\"author\" content=\"Kuali Staff\" \/>\n<meta name=\"twitter:card\" content=\"summary_large_image\" \/>\n<meta name=\"twitter:image\" content=\"https:\/\/kuali.com.mx\/web\/wp-content\/uploads\/2020\/11\/gente-cubreboca-turistas.jpeg\" \/>\n<meta name=\"twitter:creator\" content=\"@kuali_noticias\" \/>\n<meta name=\"twitter:site\" content=\"@kuali_noticias\" \/>\n<meta name=\"twitter:label1\" content=\"Escrito por\" \/>\n\t<meta name=\"twitter:data1\" content=\"Kuali Staff\" \/>\n\t<meta name=\"twitter:label2\" content=\"Tiempo de lectura\" \/>\n\t<meta name=\"twitter:data2\" content=\"1 minuto\" \/>\n<script type=\"application\/ld+json\" class=\"yoast-schema-graph\">{\"@context\":\"https:\\\/\\\/schema.org\",\"@graph\":[{\"@type\":\"Article\",\"@id\":\"https:\\\/\\\/kuali.com.mx\\\/web\\\/2021\\\/07\\\/23\\\/alertan-por-rebrote-de-covid-19-en-san-miguel-de-allende\\\/#article\",\"isPartOf\":{\"@id\":\"https:\\\/\\\/kuali.com.mx\\\/web\\\/2021\\\/07\\\/23\\\/alertan-por-rebrote-de-covid-19-en-san-miguel-de-allende\\\/\"},\"author\":{\"name\":\"Kuali Staff\",\"@id\":\"https:\\\/\\\/kuali.com.mx\\\/web\\\/#\\\/schema\\\/person\\\/6f89ffa8ecba9dae50662357923c5289\"},\"headline\":\"ALERTAN POR REBROTE DE COVID-19 EN SAN MIGUEL DE ALLENDE\",\"datePublished\":\"2021-07-23T14:23:18+00:00\",\"dateModified\":\"2021-07-23T16:03:45+00:00\",\"mainEntityOfPage\":{\"@id\":\"https:\\\/\\\/kuali.com.mx\\\/web\\\/2021\\\/07\\\/23\\\/alertan-por-rebrote-de-covid-19-en-san-miguel-de-allende\\\/\"},\"wordCount\":253,\"commentCount\":0,\"image\":{\"@id\":\"https:\\\/\\\/kuali.com.mx\\\/web\\\/2021\\\/07\\\/23\\\/alertan-por-rebrote-de-covid-19-en-san-miguel-de-allende\\\/#primaryimage\"},\"thumbnailUrl\":\"https:\\\/\\\/kuali.com.mx\\\/web\\\/wp-content\\\/uploads\\\/2020\\\/07\\\/TURISTAS-SMA-CUBREBOCAS.jpg\",\"keywords\":[\"Covid-19\",\"San Miguel de Allende\"],\"articleSection\":[\"Salud\",\"slider\"],\"inLanguage\":\"es\",\"potentialAction\":[{\"@type\":\"CommentAction\",\"name\":\"Comment\",\"target\":[\"https:\\\/\\\/kuali.com.mx\\\/web\\\/2021\\\/07\\\/23\\\/alertan-por-rebrote-de-covid-19-en-san-miguel-de-allende\\\/#respond\"]}]},{\"@type\":\"WebPage\",\"@id\":\"https:\\\/\\\/kuali.com.mx\\\/web\\\/2021\\\/07\\\/23\\\/alertan-por-rebrote-de-covid-19-en-san-miguel-de-allende\\\/\",\"url\":\"https:\\\/\\\/kuali.com.mx\\\/web\\\/2021\\\/07\\\/23\\\/alertan-por-rebrote-de-covid-19-en-san-miguel-de-allende\\\/\",\"name\":\"ALERTAN POR REBROTE DE COVID-19 EN SAN MIGUEL DE ALLENDE - Kuali\",\"isPartOf\":{\"@id\":\"https:\\\/\\\/kuali.com.mx\\\/web\\\/#website\"},\"primaryImageOfPage\":{\"@id\":\"https:\\\/\\\/kuali.com.mx\\\/web\\\/2021\\\/07\\\/23\\\/alertan-por-rebrote-de-covid-19-en-san-miguel-de-allende\\\/#primaryimage\"},\"image\":{\"@id\":\"https:\\\/\\\/kuali.com.mx\\\/web\\\/2021\\\/07\\\/23\\\/alertan-por-rebrote-de-covid-19-en-san-miguel-de-allende\\\/#primaryimage\"},\"thumbnailUrl\":\"https:\\\/\\\/kuali.com.mx\\\/web\\\/wp-content\\\/uploads\\\/2020\\\/07\\\/TURISTAS-SMA-CUBREBOCAS.jpg\",\"datePublished\":\"2021-07-23T14:23:18+00:00\",\"dateModified\":\"2021-07-23T16:03:45+00:00\",\"author\":{\"@id\":\"https:\\\/\\\/kuali.com.mx\\\/web\\\/#\\\/schema\\\/person\\\/6f89ffa8ecba9dae50662357923c5289\"},\"breadcrumb\":{\"@id\":\"https:\\\/\\\/kuali.com.mx\\\/web\\\/2021\\\/07\\\/23\\\/alertan-por-rebrote-de-covid-19-en-san-miguel-de-allende\\\/#breadcrumb\"},\"inLanguage\":\"es\",\"potentialAction\":[{\"@type\":\"ReadAction\",\"target\":[\"https:\\\/\\\/kuali.com.mx\\\/web\\\/2021\\\/07\\\/23\\\/alertan-por-rebrote-de-covid-19-en-san-miguel-de-allende\\\/\"]}]},{\"@type\":\"ImageObject\",\"inLanguage\":\"es\",\"@id\":\"https:\\\/\\\/kuali.com.mx\\\/web\\\/2021\\\/07\\\/23\\\/alertan-por-rebrote-de-covid-19-en-san-miguel-de-allende\\\/#primaryimage\",\"url\":\"https:\\\/\\\/kuali.com.mx\\\/web\\\/wp-content\\\/uploads\\\/2020\\\/07\\\/TURISTAS-SMA-CUBREBOCAS.jpg\",\"contentUrl\":\"https:\\\/\\\/kuali.com.mx\\\/web\\\/wp-content\\\/uploads\\\/2020\\\/07\\\/TURISTAS-SMA-CUBREBOCAS.jpg\",\"width\":1944,\"height\":750},{\"@type\":\"BreadcrumbList\",\"@id\":\"https:\\\/\\\/kuali.com.mx\\\/web\\\/2021\\\/07\\\/23\\\/alertan-por-rebrote-de-covid-19-en-san-miguel-de-allende\\\/#breadcrumb\",\"itemListElement\":[{\"@type\":\"ListItem\",\"position\":1,\"name\":\"Inicio\",\"item\":\"https:\\\/\\\/kuali.com.mx\\\/web\\\/\"},{\"@type\":\"ListItem\",\"position\":2,\"name\":\"ALERTAN POR REBROTE DE COVID-19 EN SAN MIGUEL DE ALLENDE\"}]},{\"@type\":\"WebSite\",\"@id\":\"https:\\\/\\\/kuali.com.mx\\\/web\\\/#website\",\"url\":\"https:\\\/\\\/kuali.com.mx\\\/web\\\/\",\"name\":\"Kuali\",\"description\":\"\",\"potentialAction\":[{\"@type\":\"SearchAction\",\"target\":{\"@type\":\"EntryPoint\",\"urlTemplate\":\"https:\\\/\\\/kuali.com.mx\\\/web\\\/?s={search_term_string}\"},\"query-input\":{\"@type\":\"PropertyValueSpecification\",\"valueRequired\":true,\"valueName\":\"search_term_string\"}}],\"inLanguage\":\"es\"},{\"@type\":\"Person\",\"@id\":\"https:\\\/\\\/kuali.com.mx\\\/web\\\/#\\\/schema\\\/person\\\/6f89ffa8ecba9dae50662357923c5289\",\"name\":\"Kuali Staff\",\"image\":{\"@type\":\"ImageObject\",\"inLanguage\":\"es\",\"@id\":\"https:\\\/\\\/secure.gravatar.com\\\/avatar\\\/f917ad82e5ab71227a733c78b6e60715476f69ee6be59feee4eb5d9920c89e0f?s=96&d=mm&r=g\",\"url\":\"https:\\\/\\\/secure.gravatar.com\\\/avatar\\\/f917ad82e5ab71227a733c78b6e60715476f69ee6be59feee4eb5d9920c89e0f?s=96&d=mm&r=g\",\"contentUrl\":\"https:\\\/\\\/secure.gravatar.com\\\/avatar\\\/f917ad82e5ab71227a733c78b6e60715476f69ee6be59feee4eb5d9920c89e0f?s=96&d=mm&r=g\",\"caption\":\"Kuali Staff\"},\"url\":\"https:\\\/\\\/kuali.com.mx\\\/web\\\/author\\\/lagarto\\\/\"}]}<\/script>\n<!-- \/ Yoast SEO plugin. -->","yoast_head_json":{"title":"ALERTAN POR REBROTE DE COVID-19 EN SAN MIGUEL DE ALLENDE - Kuali","robots":{"index":"index","follow":"follow","max-snippet":"max-snippet:-1","max-image-preview":"max-image-preview:large","max-video-preview":"max-video-preview:-1"},"canonical":"https:\/\/kuali.com.mx\/web\/2021\/07\/23\/alertan-por-rebrote-de-covid-19-en-san-miguel-de-allende\/","og_locale":"es_MX","og_type":"article","og_title":"ALERTAN POR REBROTE DE COVID-19 EN SAN MIGUEL DE ALLENDE - Kuali","og_description":"Carlos Garc\u00eda\/San Miguel de Allende, Gto.- En San Miguel de Allende aumentaron en un 200 por ciento los casos confirmados de Covid-19, inform\u00f3 el gobierno local, quien confirm\u00f3 que mantiene las restricciones para ingresar a la ciudad Patrimonio Cultural de la Humanidad. Las autoridades locales sostuvieron una reuni\u00f3n con la Secretar\u00eda de Salud y determinaron [&hellip;]","og_url":"https:\/\/kuali.com.mx\/web\/2021\/07\/23\/alertan-por-rebrote-de-covid-19-en-san-miguel-de-allende\/","og_site_name":"Kuali","article_publisher":"https:\/\/kuali.com.mx\/web\/wp-content\/uploads\/2018\/04\/cropped-kuali_logo-1-1.png","article_published_time":"2021-07-23T14:23:18+00:00","article_modified_time":"2021-07-23T16:03:45+00:00","og_image":[{"width":1944,"height":750,"url":"https:\/\/kuali.com.mx\/web\/wp-content\/uploads\/2020\/07\/TURISTAS-SMA-CUBREBOCAS.jpg","type":"image\/jpeg"}],"author":"Kuali Staff","twitter_card":"summary_large_image","twitter_image":"https:\/\/kuali.com.mx\/web\/wp-content\/uploads\/2020\/11\/gente-cubreboca-turistas.jpeg","twitter_creator":"@kuali_noticias","twitter_site":"@kuali_noticias","twitter_misc":{"Escrito por":"Kuali Staff","Tiempo de lectura":"1 minuto"},"schema":{"@context":"https:\/\/schema.org","@graph":[{"@type":"Article","@id":"https:\/\/kuali.com.mx\/web\/2021\/07\/23\/alertan-por-rebrote-de-covid-19-en-san-miguel-de-allende\/#article","isPartOf":{"@id":"https:\/\/kuali.com.mx\/web\/2021\/07\/23\/alertan-por-rebrote-de-covid-19-en-san-miguel-de-allende\/"},"author":{"name":"Kuali Staff","@id":"https:\/\/kuali.com.mx\/web\/#\/schema\/person\/6f89ffa8ecba9dae50662357923c5289"},"headline":"ALERTAN POR REBROTE DE COVID-19 EN SAN MIGUEL DE ALLENDE","datePublished":"2021-07-23T14:23:18+00:00","dateModified":"2021-07-23T16:03:45+00:00","mainEntityOfPage":{"@id":"https:\/\/kuali.com.mx\/web\/2021\/07\/23\/alertan-por-rebrote-de-covid-19-en-san-miguel-de-allende\/"},"wordCount":253,"commentCount":0,"image":{"@id":"https:\/\/kuali.com.mx\/web\/2021\/07\/23\/alertan-por-rebrote-de-covid-19-en-san-miguel-de-allende\/#primaryimage"},"thumbnailUrl":"https:\/\/kuali.com.mx\/web\/wp-content\/uploads\/2020\/07\/TURISTAS-SMA-CUBREBOCAS.jpg","keywords":["Covid-19","San Miguel de Allende"],"articleSection":["Salud","slider"],"inLanguage":"es","potentialAction":[{"@type":"CommentAction","name":"Comment","target":["https:\/\/kuali.com.mx\/web\/2021\/07\/23\/alertan-por-rebrote-de-covid-19-en-san-miguel-de-allende\/#respond"]}]},{"@type":"WebPage","@id":"https:\/\/kuali.com.mx\/web\/2021\/07\/23\/alertan-por-rebrote-de-covid-19-en-san-miguel-de-allende\/","url":"https:\/\/kuali.com.mx\/web\/2021\/07\/23\/alertan-por-rebrote-de-covid-19-en-san-miguel-de-allende\/","name":"ALERTAN POR REBROTE DE COVID-19 EN SAN MIGUEL DE ALLENDE - Kuali","isPartOf":{"@id":"https:\/\/kuali.com.mx\/web\/#website"},"primaryImageOfPage":{"@id":"https:\/\/kuali.com.mx\/web\/2021\/07\/23\/alertan-por-rebrote-de-covid-19-en-san-miguel-de-allende\/#primaryimage"},"image":{"@id":"https:\/\/kuali.com.mx\/web\/2021\/07\/23\/alertan-por-rebrote-de-covid-19-en-san-miguel-de-allende\/#primaryimage"},"thumbnailUrl":"https:\/\/kuali.com.mx\/web\/wp-content\/uploads\/2020\/07\/TURISTAS-SMA-CUBREBOCAS.jpg","datePublished":"2021-07-23T14:23:18+00:00","dateModified":"2021-07-23T16:03:45+00:00","author":{"@id":"https:\/\/kuali.com.mx\/web\/#\/schema\/person\/6f89ffa8ecba9dae50662357923c5289"},"breadcrumb":{"@id":"https:\/\/kuali.com.mx\/web\/2021\/07\/23\/alertan-por-rebrote-de-covid-19-en-san-miguel-de-allende\/#breadcrumb"},"inLanguage":"es","potentialAction":[{"@type":"ReadAction","target":["https:\/\/kuali.com.mx\/web\/2021\/07\/23\/alertan-por-rebrote-de-covid-19-en-san-miguel-de-allende\/"]}]},{"@type":"ImageObject","inLanguage":"es","@id":"https:\/\/kuali.com.mx\/web\/2021\/07\/23\/alertan-por-rebrote-de-covid-19-en-san-miguel-de-allende\/#primaryimage","url":"https:\/\/kuali.com.mx\/web\/wp-content\/uploads\/2020\/07\/TURISTAS-SMA-CUBREBOCAS.jpg","contentUrl":"https:\/\/kuali.com.mx\/web\/wp-content\/uploads\/2020\/07\/TURISTAS-SMA-CUBREBOCAS.jpg","width":1944,"height":750},{"@type":"BreadcrumbList","@id":"https:\/\/kuali.com.mx\/web\/2021\/07\/23\/alertan-por-rebrote-de-covid-19-en-san-miguel-de-allende\/#breadcrumb","itemListElement":[{"@type":"ListItem","position":1,"name":"Inicio","item":"https:\/\/kuali.com.mx\/web\/"},{"@type":"ListItem","position":2,"name":"ALERTAN POR REBROTE DE COVID-19 EN SAN MIGUEL DE ALLENDE"}]},{"@type":"WebSite","@id":"https:\/\/kuali.com.mx\/web\/#website","url":"https:\/\/kuali.com.mx\/web\/","name":"Kuali","description":"","potentialAction":[{"@type":"SearchAction","target":{"@type":"EntryPoint","urlTemplate":"https:\/\/kuali.com.mx\/web\/?s={search_term_string}"},"query-input":{"@type":"PropertyValueSpecification","valueRequired":true,"valueName":"search_term_string"}}],"inLanguage":"es"},{"@type":"Person","@id":"https:\/\/kuali.com.mx\/web\/#\/schema\/person\/6f89ffa8ecba9dae50662357923c5289","name":"Kuali Staff","image":{"@type":"ImageObject","inLanguage":"es","@id":"https:\/\/secure.gravatar.com\/avatar\/f917ad82e5ab71227a733c78b6e60715476f69ee6be59feee4eb5d9920c89e0f?s=96&d=mm&r=g","url":"https:\/\/secure.gravatar.com\/avatar\/f917ad82e5ab71227a733c78b6e60715476f69ee6be59feee4eb5d9920c89e0f?s=96&d=mm&r=g","contentUrl":"https:\/\/secure.gravatar.com\/avatar\/f917ad82e5ab71227a733c78b6e60715476f69ee6be59feee4eb5d9920c89e0f?s=96&d=mm&r=g","caption":"Kuali Staff"},"url":"https:\/\/kuali.com.mx\/web\/author\/lagarto\/"}]}},"_links":{"self":[{"href":"https:\/\/kuali.com.mx\/web\/wp-json\/wp\/v2\/posts\/84882","targetHints":{"allow":["GET"]}}],"collection":[{"href":"https:\/\/kuali.com.mx\/web\/wp-json\/wp\/v2\/posts"}],"about":[{"href":"https:\/\/kuali.com.mx\/web\/wp-json\/wp\/v2\/types\/post"}],"author":[{"embeddable":true,"href":"https:\/\/kuali.com.mx\/web\/wp-json\/wp\/v2\/users\/2"}],"replies":[{"embeddable":true,"href":"https:\/\/kuali.com.mx\/web\/wp-json\/wp\/v2\/comments?post=84882"}],"version-history":[{"count":2,"href":"https:\/\/kuali.com.mx\/web\/wp-json\/wp\/v2\/posts\/84882\/revisions"}],"predecessor-version":[{"id":84887,"href":"https:\/\/kuali.com.mx\/web\/wp-json\/wp\/v2\/posts\/84882\/revisions\/84887"}],"wp:featuredmedia":[{"embeddable":true,"href":"https:\/\/kuali.com.mx\/web\/wp-json\/wp\/v2\/media\/72612"}],"wp:attachment":[{"href":"https:\/\/kuali.com.mx\/web\/wp-json\/wp\/v2\/media?parent=84882"}],"wp:term":[{"taxonomy":"category","embeddable":true,"href":"https:\/\/kuali.com.mx\/web\/wp-json\/wp\/v2\/categories?post=84882"},{"taxonomy":"post_tag","embeddable":true,"href":"https:\/\/kuali.com.mx\/web\/wp-json\/wp\/v2\/tags?post=84882"}],"curies":[{"name":"wp","href":"https:\/\/api.w.org\/{rel}","templated":true}]}}