{"id":84863,"date":"2021-07-22T16:00:00","date_gmt":"2021-07-22T22:00:00","guid":{"rendered":"http:\/\/kuali.com.mx\/web\/?p=84863"},"modified":"2021-07-22T16:20:39","modified_gmt":"2021-07-22T22:20:39","slug":"atender-colonias-violentas-urgen-a-santillana","status":"publish","type":"post","link":"https:\/\/kuali.com.mx\/web\/2021\/07\/22\/atender-colonias-violentas-urgen-a-santillana\/","title":{"rendered":"ATENDER COLONIAS VIOLENTAS, URGEN A SANTILLANA"},"content":{"rendered":"\n<p><strong>Milagros Tadeo\/Le\u00f3n, Gto.-<\/strong>\u00a0El presidente de la Mesa de Seguridad y Justicia de Le\u00f3n, Jaime Gallardo Saavedra, urgi\u00f3 al gobierno de Le\u00f3n -encabezado por el panista H\u00e9ctor L\u00f3pez Santillana- a que apliquen programas y acciones en materia de prevenci\u00f3n de delito \u00a0en las colonias de mayor incidencia delictiva, tales como: Villas de San Juan, \u00a0Le\u00f3n II, Las Joyas, Lomas de Medina y la Obrera, entre otras.<\/p>\n\n\n\n<p>Aunque dijo que cada colonia tiene su propia situaci\u00f3n de \u201cdelincuencia\u201d se\u00f1al\u00f3 que es fundamental actuar de manera puntual, partiendo de la prevenci\u00f3n de la violencia y de las adicciones.<\/p>\n\n\n\n<p>&nbsp;\u201cHay much\u00edsimas zonas, algunas m\u00e1s delicadas que otras y con diferentes tintes de delincuencia, hay zonas con altos \u00edndices de violencia familiar que tambi\u00e9n hay que tratar y hay que cuidar\u201d, refiri\u00f3.<\/p>\n\n\n\n<p>Al reiterar su preocupaci\u00f3n ante la situaci\u00f3n de inseguridad que se est\u00e1 registrando en Le\u00f3n, Gallardo Saavedra expres\u00f3 tambi\u00e9n las familias tienen que asumir su responsabilidad, pues cada d\u00eda hay m\u00e1s j\u00f3venes que caen en las drogas y que se suman a las filas de la delincuencia.<\/p>\n\n\n\n<p>\u201cSon varios temas, pero sin lugar a dudas, la primera es la prevenci\u00f3n, sino prevenimos sino ciudadanos a nuestros hijos como familia, con qui\u00e9n se juntan, como Gobierno no es nada m\u00e1s poner canchas deportivas sino que tambi\u00e9n es abrir espacio para que tengan una actividad productiva, que si no quieren estudiar pues que tengan una oportunidad para desarrollarse\u201d, dijo.<\/p>\n\n\n\n<p>Gallardo Saavedra tambi\u00e9n cuestion\u00f3 que la poblaci\u00f3n no denuncie los delitos, pues de todos los actos que se comenten solamente el 10% de ellos son notificados a la Fiscal\u00eda General del Estado, lo que genera que exista un alto nivel de impunidad, la cual favorece a toda clase de delincuentes.<\/p>\n","protected":false},"excerpt":{"rendered":"Milagros Tadeo\/Le\u00f3n, Gto.-\u00a0El presidente de la Mesa de Seguridad y Justicia de Le\u00f3n, Jaime Gallardo Saavedra, urgi\u00f3 al gobierno de Le\u00f3n -encabezado por el panista H\u00e9ctor L\u00f3pez Santillana- a que apliquen programas y acciones en materia de prevenci\u00f3n de delito \u00a0en las colonias de mayor incidencia delictiva, tales como: Villas de San Juan, \u00a0Le\u00f3n II, [&hellip;]","protected":false},"author":2,"featured_media":43107,"comment_status":"open","ping_status":"open","sticky":false,"template":"","format":"standard","meta":{"_seopress_robots_primary_cat":"","_seopress_titles_title":"","_seopress_titles_desc":"","_seopress_robots_index":"","_monsterinsights_skip_tracking":false,"_monsterinsights_sitenote_active":false,"_monsterinsights_sitenote_note":"","_monsterinsights_sitenote_category":0,"footnotes":""},"categories":[3,69],"tags":[74,73,75,76],"class_list":["post-84863","post","type-post","status-publish","format-standard","has-post-thumbnail","hentry","category-politica","category-slider","tag-hector","tag-leon-inseguridad","tag-lopez","tag-santillana"],"yoast_head":"<!-- This site is optimized with the Yoast SEO plugin v27.4 - https:\/\/yoast.com\/product\/yoast-seo-wordpress\/ -->\n<title>ATENDER COLONIAS VIOLENTAS, URGEN A SANTILLANA - Kuali<\/title>\n<meta name=\"robots\" content=\"index, follow, max-snippet:-1, max-image-preview:large, max-video-preview:-1\" \/>\n<link rel=\"canonical\" href=\"https:\/\/kuali.com.mx\/web\/2021\/07\/22\/atender-colonias-violentas-urgen-a-santillana\/\" \/>\n<meta property=\"og:locale\" content=\"es_MX\" \/>\n<meta property=\"og:type\" content=\"article\" \/>\n<meta property=\"og:title\" content=\"ATENDER COLONIAS VIOLENTAS, URGEN A SANTILLANA - Kuali\" \/>\n<meta property=\"og:description\" content=\"Milagros Tadeo\/Le\u00f3n, Gto.-\u00a0El presidente de la Mesa de Seguridad y Justicia de Le\u00f3n, Jaime Gallardo Saavedra, urgi\u00f3 al gobierno de Le\u00f3n -encabezado por el panista H\u00e9ctor L\u00f3pez Santillana- a que apliquen programas y acciones en materia de prevenci\u00f3n de delito \u00a0en las colonias de mayor incidencia delictiva, tales como: Villas de San Juan, \u00a0Le\u00f3n II, [&hellip;]\" \/>\n<meta property=\"og:url\" content=\"https:\/\/kuali.com.mx\/web\/2021\/07\/22\/atender-colonias-violentas-urgen-a-santillana\/\" \/>\n<meta property=\"og:site_name\" content=\"Kuali\" \/>\n<meta property=\"article:publisher\" content=\"https:\/\/kuali.com.mx\/web\/wp-content\/uploads\/2018\/04\/cropped-kuali_logo-1-1.png\" \/>\n<meta property=\"article:published_time\" content=\"2021-07-22T22:00:00+00:00\" \/>\n<meta property=\"article:modified_time\" content=\"2021-07-22T22:20:39+00:00\" \/>\n<meta property=\"og:image\" content=\"https:\/\/kuali.com.mx\/web\/wp-content\/uploads\/2018\/08\/Santillana-polic\u00eda-asesinado-2.jpg\" \/>\n\t<meta property=\"og:image:width\" content=\"1901\" \/>\n\t<meta property=\"og:image:height\" content=\"750\" \/>\n\t<meta property=\"og:image:type\" content=\"image\/jpeg\" \/>\n<meta name=\"author\" content=\"Kuali Staff\" \/>\n<meta name=\"twitter:card\" content=\"summary_large_image\" \/>\n<meta name=\"twitter:image\" content=\"https:\/\/kuali.com.mx\/web\/wp-content\/uploads\/2018\/08\/Santillana-polic\u00eda-asesinado-2.jpg\" \/>\n<meta name=\"twitter:creator\" content=\"@kuali_noticias\" \/>\n<meta name=\"twitter:site\" content=\"@kuali_noticias\" \/>\n<meta name=\"twitter:label1\" content=\"Escrito por\" \/>\n\t<meta name=\"twitter:data1\" content=\"Kuali Staff\" \/>\n\t<meta name=\"twitter:label2\" content=\"Tiempo de lectura\" \/>\n\t<meta name=\"twitter:data2\" content=\"2 minutos\" \/>\n<script type=\"application\/ld+json\" class=\"yoast-schema-graph\">{\"@context\":\"https:\\\/\\\/schema.org\",\"@graph\":[{\"@type\":\"Article\",\"@id\":\"https:\\\/\\\/kuali.com.mx\\\/web\\\/2021\\\/07\\\/22\\\/atender-colonias-violentas-urgen-a-santillana\\\/#article\",\"isPartOf\":{\"@id\":\"https:\\\/\\\/kuali.com.mx\\\/web\\\/2021\\\/07\\\/22\\\/atender-colonias-violentas-urgen-a-santillana\\\/\"},\"author\":{\"name\":\"Kuali Staff\",\"@id\":\"https:\\\/\\\/kuali.com.mx\\\/web\\\/#\\\/schema\\\/person\\\/6f89ffa8ecba9dae50662357923c5289\"},\"headline\":\"ATENDER COLONIAS VIOLENTAS, URGEN A SANTILLANA\",\"datePublished\":\"2021-07-22T22:00:00+00:00\",\"dateModified\":\"2021-07-22T22:20:39+00:00\",\"mainEntityOfPage\":{\"@id\":\"https:\\\/\\\/kuali.com.mx\\\/web\\\/2021\\\/07\\\/22\\\/atender-colonias-violentas-urgen-a-santillana\\\/\"},\"wordCount\":320,\"commentCount\":0,\"image\":{\"@id\":\"https:\\\/\\\/kuali.com.mx\\\/web\\\/2021\\\/07\\\/22\\\/atender-colonias-violentas-urgen-a-santillana\\\/#primaryimage\"},\"thumbnailUrl\":\"https:\\\/\\\/kuali.com.mx\\\/web\\\/wp-content\\\/uploads\\\/2018\\\/08\\\/Santillana-polic\u00eda-asesinado-2.jpg\",\"keywords\":[\"H\u00e9ctor\",\"Le\u00f3n inseguridad\",\"L\u00f3pez\",\"Santillana\"],\"articleSection\":[\"Pol\u00edtica\",\"slider\"],\"inLanguage\":\"es\",\"potentialAction\":[{\"@type\":\"CommentAction\",\"name\":\"Comment\",\"target\":[\"https:\\\/\\\/kuali.com.mx\\\/web\\\/2021\\\/07\\\/22\\\/atender-colonias-violentas-urgen-a-santillana\\\/#respond\"]}]},{\"@type\":\"WebPage\",\"@id\":\"https:\\\/\\\/kuali.com.mx\\\/web\\\/2021\\\/07\\\/22\\\/atender-colonias-violentas-urgen-a-santillana\\\/\",\"url\":\"https:\\\/\\\/kuali.com.mx\\\/web\\\/2021\\\/07\\\/22\\\/atender-colonias-violentas-urgen-a-santillana\\\/\",\"name\":\"ATENDER COLONIAS VIOLENTAS, URGEN A SANTILLANA - Kuali\",\"isPartOf\":{\"@id\":\"https:\\\/\\\/kuali.com.mx\\\/web\\\/#website\"},\"primaryImageOfPage\":{\"@id\":\"https:\\\/\\\/kuali.com.mx\\\/web\\\/2021\\\/07\\\/22\\\/atender-colonias-violentas-urgen-a-santillana\\\/#primaryimage\"},\"image\":{\"@id\":\"https:\\\/\\\/kuali.com.mx\\\/web\\\/2021\\\/07\\\/22\\\/atender-colonias-violentas-urgen-a-santillana\\\/#primaryimage\"},\"thumbnailUrl\":\"https:\\\/\\\/kuali.com.mx\\\/web\\\/wp-content\\\/uploads\\\/2018\\\/08\\\/Santillana-polic\u00eda-asesinado-2.jpg\",\"datePublished\":\"2021-07-22T22:00:00+00:00\",\"dateModified\":\"2021-07-22T22:20:39+00:00\",\"author\":{\"@id\":\"https:\\\/\\\/kuali.com.mx\\\/web\\\/#\\\/schema\\\/person\\\/6f89ffa8ecba9dae50662357923c5289\"},\"breadcrumb\":{\"@id\":\"https:\\\/\\\/kuali.com.mx\\\/web\\\/2021\\\/07\\\/22\\\/atender-colonias-violentas-urgen-a-santillana\\\/#breadcrumb\"},\"inLanguage\":\"es\",\"potentialAction\":[{\"@type\":\"ReadAction\",\"target\":[\"https:\\\/\\\/kuali.com.mx\\\/web\\\/2021\\\/07\\\/22\\\/atender-colonias-violentas-urgen-a-santillana\\\/\"]}]},{\"@type\":\"ImageObject\",\"inLanguage\":\"es\",\"@id\":\"https:\\\/\\\/kuali.com.mx\\\/web\\\/2021\\\/07\\\/22\\\/atender-colonias-violentas-urgen-a-santillana\\\/#primaryimage\",\"url\":\"https:\\\/\\\/kuali.com.mx\\\/web\\\/wp-content\\\/uploads\\\/2018\\\/08\\\/Santillana-polic\u00eda-asesinado-2.jpg\",\"contentUrl\":\"https:\\\/\\\/kuali.com.mx\\\/web\\\/wp-content\\\/uploads\\\/2018\\\/08\\\/Santillana-polic\u00eda-asesinado-2.jpg\",\"width\":1901,\"height\":750},{\"@type\":\"BreadcrumbList\",\"@id\":\"https:\\\/\\\/kuali.com.mx\\\/web\\\/2021\\\/07\\\/22\\\/atender-colonias-violentas-urgen-a-santillana\\\/#breadcrumb\",\"itemListElement\":[{\"@type\":\"ListItem\",\"position\":1,\"name\":\"Inicio\",\"item\":\"https:\\\/\\\/kuali.com.mx\\\/web\\\/\"},{\"@type\":\"ListItem\",\"position\":2,\"name\":\"ATENDER COLONIAS VIOLENTAS, URGEN A SANTILLANA\"}]},{\"@type\":\"WebSite\",\"@id\":\"https:\\\/\\\/kuali.com.mx\\\/web\\\/#website\",\"url\":\"https:\\\/\\\/kuali.com.mx\\\/web\\\/\",\"name\":\"Kuali\",\"description\":\"\",\"potentialAction\":[{\"@type\":\"SearchAction\",\"target\":{\"@type\":\"EntryPoint\",\"urlTemplate\":\"https:\\\/\\\/kuali.com.mx\\\/web\\\/?s={search_term_string}\"},\"query-input\":{\"@type\":\"PropertyValueSpecification\",\"valueRequired\":true,\"valueName\":\"search_term_string\"}}],\"inLanguage\":\"es\"},{\"@type\":\"Person\",\"@id\":\"https:\\\/\\\/kuali.com.mx\\\/web\\\/#\\\/schema\\\/person\\\/6f89ffa8ecba9dae50662357923c5289\",\"name\":\"Kuali Staff\",\"image\":{\"@type\":\"ImageObject\",\"inLanguage\":\"es\",\"@id\":\"https:\\\/\\\/secure.gravatar.com\\\/avatar\\\/f917ad82e5ab71227a733c78b6e60715476f69ee6be59feee4eb5d9920c89e0f?s=96&d=mm&r=g\",\"url\":\"https:\\\/\\\/secure.gravatar.com\\\/avatar\\\/f917ad82e5ab71227a733c78b6e60715476f69ee6be59feee4eb5d9920c89e0f?s=96&d=mm&r=g\",\"contentUrl\":\"https:\\\/\\\/secure.gravatar.com\\\/avatar\\\/f917ad82e5ab71227a733c78b6e60715476f69ee6be59feee4eb5d9920c89e0f?s=96&d=mm&r=g\",\"caption\":\"Kuali Staff\"},\"url\":\"https:\\\/\\\/kuali.com.mx\\\/web\\\/author\\\/lagarto\\\/\"}]}<\/script>\n<!-- \/ Yoast SEO plugin. -->","yoast_head_json":{"title":"ATENDER COLONIAS VIOLENTAS, URGEN A SANTILLANA - Kuali","robots":{"index":"index","follow":"follow","max-snippet":"max-snippet:-1","max-image-preview":"max-image-preview:large","max-video-preview":"max-video-preview:-1"},"canonical":"https:\/\/kuali.com.mx\/web\/2021\/07\/22\/atender-colonias-violentas-urgen-a-santillana\/","og_locale":"es_MX","og_type":"article","og_title":"ATENDER COLONIAS VIOLENTAS, URGEN A SANTILLANA - Kuali","og_description":"Milagros Tadeo\/Le\u00f3n, Gto.-\u00a0El presidente de la Mesa de Seguridad y Justicia de Le\u00f3n, Jaime Gallardo Saavedra, urgi\u00f3 al gobierno de Le\u00f3n -encabezado por el panista H\u00e9ctor L\u00f3pez Santillana- a que apliquen programas y acciones en materia de prevenci\u00f3n de delito \u00a0en las colonias de mayor incidencia delictiva, tales como: Villas de San Juan, \u00a0Le\u00f3n II, [&hellip;]","og_url":"https:\/\/kuali.com.mx\/web\/2021\/07\/22\/atender-colonias-violentas-urgen-a-santillana\/","og_site_name":"Kuali","article_publisher":"https:\/\/kuali.com.mx\/web\/wp-content\/uploads\/2018\/04\/cropped-kuali_logo-1-1.png","article_published_time":"2021-07-22T22:00:00+00:00","article_modified_time":"2021-07-22T22:20:39+00:00","og_image":[{"width":1901,"height":750,"url":"https:\/\/kuali.com.mx\/web\/wp-content\/uploads\/2018\/08\/Santillana-polic\u00eda-asesinado-2.jpg","type":"image\/jpeg"}],"author":"Kuali Staff","twitter_card":"summary_large_image","twitter_image":"https:\/\/kuali.com.mx\/web\/wp-content\/uploads\/2018\/08\/Santillana-polic\u00eda-asesinado-2.jpg","twitter_creator":"@kuali_noticias","twitter_site":"@kuali_noticias","twitter_misc":{"Escrito por":"Kuali Staff","Tiempo de lectura":"2 minutos"},"schema":{"@context":"https:\/\/schema.org","@graph":[{"@type":"Article","@id":"https:\/\/kuali.com.mx\/web\/2021\/07\/22\/atender-colonias-violentas-urgen-a-santillana\/#article","isPartOf":{"@id":"https:\/\/kuali.com.mx\/web\/2021\/07\/22\/atender-colonias-violentas-urgen-a-santillana\/"},"author":{"name":"Kuali Staff","@id":"https:\/\/kuali.com.mx\/web\/#\/schema\/person\/6f89ffa8ecba9dae50662357923c5289"},"headline":"ATENDER COLONIAS VIOLENTAS, URGEN A SANTILLANA","datePublished":"2021-07-22T22:00:00+00:00","dateModified":"2021-07-22T22:20:39+00:00","mainEntityOfPage":{"@id":"https:\/\/kuali.com.mx\/web\/2021\/07\/22\/atender-colonias-violentas-urgen-a-santillana\/"},"wordCount":320,"commentCount":0,"image":{"@id":"https:\/\/kuali.com.mx\/web\/2021\/07\/22\/atender-colonias-violentas-urgen-a-santillana\/#primaryimage"},"thumbnailUrl":"https:\/\/kuali.com.mx\/web\/wp-content\/uploads\/2018\/08\/Santillana-polic\u00eda-asesinado-2.jpg","keywords":["H\u00e9ctor","Le\u00f3n inseguridad","L\u00f3pez","Santillana"],"articleSection":["Pol\u00edtica","slider"],"inLanguage":"es","potentialAction":[{"@type":"CommentAction","name":"Comment","target":["https:\/\/kuali.com.mx\/web\/2021\/07\/22\/atender-colonias-violentas-urgen-a-santillana\/#respond"]}]},{"@type":"WebPage","@id":"https:\/\/kuali.com.mx\/web\/2021\/07\/22\/atender-colonias-violentas-urgen-a-santillana\/","url":"https:\/\/kuali.com.mx\/web\/2021\/07\/22\/atender-colonias-violentas-urgen-a-santillana\/","name":"ATENDER COLONIAS VIOLENTAS, URGEN A SANTILLANA - Kuali","isPartOf":{"@id":"https:\/\/kuali.com.mx\/web\/#website"},"primaryImageOfPage":{"@id":"https:\/\/kuali.com.mx\/web\/2021\/07\/22\/atender-colonias-violentas-urgen-a-santillana\/#primaryimage"},"image":{"@id":"https:\/\/kuali.com.mx\/web\/2021\/07\/22\/atender-colonias-violentas-urgen-a-santillana\/#primaryimage"},"thumbnailUrl":"https:\/\/kuali.com.mx\/web\/wp-content\/uploads\/2018\/08\/Santillana-polic\u00eda-asesinado-2.jpg","datePublished":"2021-07-22T22:00:00+00:00","dateModified":"2021-07-22T22:20:39+00:00","author":{"@id":"https:\/\/kuali.com.mx\/web\/#\/schema\/person\/6f89ffa8ecba9dae50662357923c5289"},"breadcrumb":{"@id":"https:\/\/kuali.com.mx\/web\/2021\/07\/22\/atender-colonias-violentas-urgen-a-santillana\/#breadcrumb"},"inLanguage":"es","potentialAction":[{"@type":"ReadAction","target":["https:\/\/kuali.com.mx\/web\/2021\/07\/22\/atender-colonias-violentas-urgen-a-santillana\/"]}]},{"@type":"ImageObject","inLanguage":"es","@id":"https:\/\/kuali.com.mx\/web\/2021\/07\/22\/atender-colonias-violentas-urgen-a-santillana\/#primaryimage","url":"https:\/\/kuali.com.mx\/web\/wp-content\/uploads\/2018\/08\/Santillana-polic\u00eda-asesinado-2.jpg","contentUrl":"https:\/\/kuali.com.mx\/web\/wp-content\/uploads\/2018\/08\/Santillana-polic\u00eda-asesinado-2.jpg","width":1901,"height":750},{"@type":"BreadcrumbList","@id":"https:\/\/kuali.com.mx\/web\/2021\/07\/22\/atender-colonias-violentas-urgen-a-santillana\/#breadcrumb","itemListElement":[{"@type":"ListItem","position":1,"name":"Inicio","item":"https:\/\/kuali.com.mx\/web\/"},{"@type":"ListItem","position":2,"name":"ATENDER COLONIAS VIOLENTAS, URGEN A SANTILLANA"}]},{"@type":"WebSite","@id":"https:\/\/kuali.com.mx\/web\/#website","url":"https:\/\/kuali.com.mx\/web\/","name":"Kuali","description":"","potentialAction":[{"@type":"SearchAction","target":{"@type":"EntryPoint","urlTemplate":"https:\/\/kuali.com.mx\/web\/?s={search_term_string}"},"query-input":{"@type":"PropertyValueSpecification","valueRequired":true,"valueName":"search_term_string"}}],"inLanguage":"es"},{"@type":"Person","@id":"https:\/\/kuali.com.mx\/web\/#\/schema\/person\/6f89ffa8ecba9dae50662357923c5289","name":"Kuali Staff","image":{"@type":"ImageObject","inLanguage":"es","@id":"https:\/\/secure.gravatar.com\/avatar\/f917ad82e5ab71227a733c78b6e60715476f69ee6be59feee4eb5d9920c89e0f?s=96&d=mm&r=g","url":"https:\/\/secure.gravatar.com\/avatar\/f917ad82e5ab71227a733c78b6e60715476f69ee6be59feee4eb5d9920c89e0f?s=96&d=mm&r=g","contentUrl":"https:\/\/secure.gravatar.com\/avatar\/f917ad82e5ab71227a733c78b6e60715476f69ee6be59feee4eb5d9920c89e0f?s=96&d=mm&r=g","caption":"Kuali Staff"},"url":"https:\/\/kuali.com.mx\/web\/author\/lagarto\/"}]}},"_links":{"self":[{"href":"https:\/\/kuali.com.mx\/web\/wp-json\/wp\/v2\/posts\/84863","targetHints":{"allow":["GET"]}}],"collection":[{"href":"https:\/\/kuali.com.mx\/web\/wp-json\/wp\/v2\/posts"}],"about":[{"href":"https:\/\/kuali.com.mx\/web\/wp-json\/wp\/v2\/types\/post"}],"author":[{"embeddable":true,"href":"https:\/\/kuali.com.mx\/web\/wp-json\/wp\/v2\/users\/2"}],"replies":[{"embeddable":true,"href":"https:\/\/kuali.com.mx\/web\/wp-json\/wp\/v2\/comments?post=84863"}],"version-history":[{"count":1,"href":"https:\/\/kuali.com.mx\/web\/wp-json\/wp\/v2\/posts\/84863\/revisions"}],"predecessor-version":[{"id":84864,"href":"https:\/\/kuali.com.mx\/web\/wp-json\/wp\/v2\/posts\/84863\/revisions\/84864"}],"wp:featuredmedia":[{"embeddable":true,"href":"https:\/\/kuali.com.mx\/web\/wp-json\/wp\/v2\/media\/43107"}],"wp:attachment":[{"href":"https:\/\/kuali.com.mx\/web\/wp-json\/wp\/v2\/media?parent=84863"}],"wp:term":[{"taxonomy":"category","embeddable":true,"href":"https:\/\/kuali.com.mx\/web\/wp-json\/wp\/v2\/categories?post=84863"},{"taxonomy":"post_tag","embeddable":true,"href":"https:\/\/kuali.com.mx\/web\/wp-json\/wp\/v2\/tags?post=84863"}],"curies":[{"name":"wp","href":"https:\/\/api.w.org\/{rel}","templated":true}]}}