{"id":84860,"date":"2021-07-22T16:15:18","date_gmt":"2021-07-22T22:15:18","guid":{"rendered":"http:\/\/kuali.com.mx\/web\/?p=84860"},"modified":"2021-07-23T09:05:23","modified_gmt":"2021-07-23T15:05:23","slug":"promovera-morena-revocacion-de-mandato-del-gobernador","status":"publish","type":"post","link":"https:\/\/kuali.com.mx\/web\/2021\/07\/22\/promovera-morena-revocacion-de-mandato-del-gobernador\/","title":{"rendered":"PROMOVER\u00c1 MORENA REVOCACI\u00d3N DE MANDATO DEL GOBERNADOR"},"content":{"rendered":"\n<p><strong><em>Carlos Garc\u00eda\/Le\u00f3n, Gto.-<\/em><\/strong>El pr\u00f3ximo grupo parlamentario de Morena promover\u00e1 reformas para consultar la revocaci\u00f3n de mandato del gobernador, Diego Sinhue Rodr\u00edguez Vallejo; la remoci\u00f3n del fiscal, Carlos Zamarripa Aguirre; y el cese del secretario de Seguridad, \u00c1lvar Cabeza de Vaca, anunci\u00f3 el presidente de Morena y pr\u00f3ximo diputado local, Ernesto Prieto Ortega.<\/p>\n\n\n\n<p>\u201cEsa es la primera acci\u00f3n, estamos explorando el escenario y vamos a pedir que sea en marzo (2022) cuando se preguntar\u00e1 si se revoca el mandato al presidente Andr\u00e9s Manuel L\u00f3pez Obrador\u201d, coment\u00f3.<\/p>\n\n\n\n<p>Para que el PAN tenga un contrapeso, Morena buscar\u00e1 una alianza con otros partidos, aunque \u201cnuestra principal alianza ser\u00e1 con el pueblo, si tenemos una alianza nacional con el PVEM y la vamos hacer valer en Guanajuato, platicaremos con otras fuerzas pol\u00edticas\u201d, coment\u00f3 Prieto Ortega.<\/p>\n\n\n\n<p>Adelant\u00f3 que como parte de la pr\u00f3xima agenda legislativa ser\u00e1 la aprobaci\u00f3n de la Ley de Austeridad para que el gobernador y ning\u00fan funcionario tenga un salario superior al del presidente de la Rep\u00fablica.<\/p>\n\n\n\n<p>El Movimiento de Regeneraci\u00f3n Nacional (Morena) se consolid\u00f3 como la segunda fuerza pol\u00edtica en el Congreso del Estado al lograr siete diputaciones plurinominales, desapareciendo al Partido de la Revoluci\u00f3n Democr\u00e1tica (PRD), al Partido del Trabajo (PT) y a Nueva Alianza.<\/p>\n\n\n\n<p>La noche del mi\u00e9rcoles, el Consejo General del Instituto Electoral del Estado de Guanajuato (IEEG) asign\u00f3 las diputaciones de representaci\u00f3n proporcional al Partido Revolucionario Institucional (Morena), al Partido Verde Ecologista de M\u00e9xico (PVEM) y Movimiento Ciudadano.<\/p>\n\n\n\n<p>El 25 de septiembre entra en funciones la nueva legislatura en el Congreso del Estado de Guanajuato y el Partido Acci\u00f3n Nacional (PAN) tendr\u00e1 21 diputados de mayor\u00eda relativa, Morena tendr\u00e1 siete plurinominales y uno de mayor\u00eda relativa; el PRI, cuatro plurinominales; el PVEM, dos y Movimiento Ciudadano, un legislador.<\/p>\n\n\n\n<p>Sobre la desaparici\u00f3n del PRD, PT y Nueva Alianza, Ernesto Prieto lament\u00f3 \u201cque el PT no haya obtenido el registro y el PRD obtuvo lo que se fue ganando \u2013 con la alianza que tuvo con el PAN\u201d.<\/p>\n","protected":false},"excerpt":{"rendered":"Carlos Garc\u00eda\/Le\u00f3n, Gto.-El pr\u00f3ximo grupo parlamentario de Morena promover\u00e1 reformas para consultar la revocaci\u00f3n de mandato del gobernador, Diego Sinhue Rodr\u00edguez Vallejo; la remoci\u00f3n del fiscal, Carlos Zamarripa Aguirre; y el cese del secretario de Seguridad, \u00c1lvar Cabeza de Vaca, anunci\u00f3 el presidente de Morena y pr\u00f3ximo diputado local, Ernesto Prieto Ortega. \u201cEsa es la [&hellip;]","protected":false},"author":2,"featured_media":84861,"comment_status":"open","ping_status":"open","sticky":false,"template":"","format":"standard","meta":{"_seopress_robots_primary_cat":"","_seopress_titles_title":"","_seopress_titles_desc":"","_seopress_robots_index":"","_monsterinsights_skip_tracking":false,"_monsterinsights_sitenote_active":false,"_monsterinsights_sitenote_note":"","_monsterinsights_sitenote_category":0,"footnotes":""},"categories":[3],"tags":[],"class_list":["post-84860","post","type-post","status-publish","format-standard","has-post-thumbnail","hentry","category-politica"],"yoast_head":"<!-- This site is optimized with the Yoast SEO plugin v27.4 - https:\/\/yoast.com\/product\/yoast-seo-wordpress\/ -->\n<title>PROMOVER\u00c1 MORENA REVOCACI\u00d3N DE MANDATO DEL GOBERNADOR - Kuali<\/title>\n<meta name=\"robots\" content=\"index, follow, max-snippet:-1, max-image-preview:large, max-video-preview:-1\" \/>\n<link rel=\"canonical\" href=\"https:\/\/kuali.com.mx\/web\/2021\/07\/22\/promovera-morena-revocacion-de-mandato-del-gobernador\/\" \/>\n<meta property=\"og:locale\" content=\"es_MX\" \/>\n<meta property=\"og:type\" content=\"article\" \/>\n<meta property=\"og:title\" content=\"PROMOVER\u00c1 MORENA REVOCACI\u00d3N DE MANDATO DEL GOBERNADOR - Kuali\" \/>\n<meta property=\"og:description\" content=\"Carlos Garc\u00eda\/Le\u00f3n, Gto.-El pr\u00f3ximo grupo parlamentario de Morena promover\u00e1 reformas para consultar la revocaci\u00f3n de mandato del gobernador, Diego Sinhue Rodr\u00edguez Vallejo; la remoci\u00f3n del fiscal, Carlos Zamarripa Aguirre; y el cese del secretario de Seguridad, \u00c1lvar Cabeza de Vaca, anunci\u00f3 el presidente de Morena y pr\u00f3ximo diputado local, Ernesto Prieto Ortega. \u201cEsa es la [&hellip;]\" \/>\n<meta property=\"og:url\" content=\"https:\/\/kuali.com.mx\/web\/2021\/07\/22\/promovera-morena-revocacion-de-mandato-del-gobernador\/\" \/>\n<meta property=\"og:site_name\" content=\"Kuali\" \/>\n<meta property=\"article:publisher\" content=\"https:\/\/kuali.com.mx\/web\/wp-content\/uploads\/2018\/04\/cropped-kuali_logo-1-1.png\" \/>\n<meta property=\"article:published_time\" content=\"2021-07-22T22:15:18+00:00\" \/>\n<meta property=\"article:modified_time\" content=\"2021-07-23T15:05:23+00:00\" \/>\n<meta property=\"og:image\" content=\"https:\/\/kuali.com.mx\/web\/wp-content\/uploads\/2021\/07\/Ernesto-Prieto-constancia.jpeg\" \/>\n\t<meta property=\"og:image:width\" content=\"1822\" \/>\n\t<meta property=\"og:image:height\" content=\"750\" \/>\n\t<meta property=\"og:image:type\" content=\"image\/jpeg\" \/>\n<meta name=\"author\" content=\"Kuali Staff\" \/>\n<meta name=\"twitter:card\" content=\"summary_large_image\" \/>\n<meta name=\"twitter:image\" content=\"https:\/\/kuali.com.mx\/web\/wp-content\/uploads\/2021\/07\/Ernesto-Prieto-constancia.jpeg\" \/>\n<meta name=\"twitter:creator\" content=\"@kuali_noticias\" \/>\n<meta name=\"twitter:site\" content=\"@kuali_noticias\" \/>\n<meta name=\"twitter:label1\" content=\"Escrito por\" \/>\n\t<meta name=\"twitter:data1\" content=\"Kuali Staff\" \/>\n\t<meta name=\"twitter:label2\" content=\"Tiempo de lectura\" \/>\n\t<meta name=\"twitter:data2\" content=\"2 minutos\" \/>\n<script type=\"application\/ld+json\" class=\"yoast-schema-graph\">{\"@context\":\"https:\\\/\\\/schema.org\",\"@graph\":[{\"@type\":\"Article\",\"@id\":\"https:\\\/\\\/kuali.com.mx\\\/web\\\/2021\\\/07\\\/22\\\/promovera-morena-revocacion-de-mandato-del-gobernador\\\/#article\",\"isPartOf\":{\"@id\":\"https:\\\/\\\/kuali.com.mx\\\/web\\\/2021\\\/07\\\/22\\\/promovera-morena-revocacion-de-mandato-del-gobernador\\\/\"},\"author\":{\"name\":\"Kuali Staff\",\"@id\":\"https:\\\/\\\/kuali.com.mx\\\/web\\\/#\\\/schema\\\/person\\\/6f89ffa8ecba9dae50662357923c5289\"},\"headline\":\"PROMOVER\u00c1 MORENA REVOCACI\u00d3N DE MANDATO DEL GOBERNADOR\",\"datePublished\":\"2021-07-22T22:15:18+00:00\",\"dateModified\":\"2021-07-23T15:05:23+00:00\",\"mainEntityOfPage\":{\"@id\":\"https:\\\/\\\/kuali.com.mx\\\/web\\\/2021\\\/07\\\/22\\\/promovera-morena-revocacion-de-mandato-del-gobernador\\\/\"},\"wordCount\":361,\"commentCount\":0,\"image\":{\"@id\":\"https:\\\/\\\/kuali.com.mx\\\/web\\\/2021\\\/07\\\/22\\\/promovera-morena-revocacion-de-mandato-del-gobernador\\\/#primaryimage\"},\"thumbnailUrl\":\"https:\\\/\\\/kuali.com.mx\\\/web\\\/wp-content\\\/uploads\\\/2021\\\/07\\\/Ernesto-Prieto-constancia.jpeg\",\"articleSection\":[\"Pol\u00edtica\"],\"inLanguage\":\"es\",\"potentialAction\":[{\"@type\":\"CommentAction\",\"name\":\"Comment\",\"target\":[\"https:\\\/\\\/kuali.com.mx\\\/web\\\/2021\\\/07\\\/22\\\/promovera-morena-revocacion-de-mandato-del-gobernador\\\/#respond\"]}]},{\"@type\":\"WebPage\",\"@id\":\"https:\\\/\\\/kuali.com.mx\\\/web\\\/2021\\\/07\\\/22\\\/promovera-morena-revocacion-de-mandato-del-gobernador\\\/\",\"url\":\"https:\\\/\\\/kuali.com.mx\\\/web\\\/2021\\\/07\\\/22\\\/promovera-morena-revocacion-de-mandato-del-gobernador\\\/\",\"name\":\"PROMOVER\u00c1 MORENA REVOCACI\u00d3N DE MANDATO DEL GOBERNADOR - Kuali\",\"isPartOf\":{\"@id\":\"https:\\\/\\\/kuali.com.mx\\\/web\\\/#website\"},\"primaryImageOfPage\":{\"@id\":\"https:\\\/\\\/kuali.com.mx\\\/web\\\/2021\\\/07\\\/22\\\/promovera-morena-revocacion-de-mandato-del-gobernador\\\/#primaryimage\"},\"image\":{\"@id\":\"https:\\\/\\\/kuali.com.mx\\\/web\\\/2021\\\/07\\\/22\\\/promovera-morena-revocacion-de-mandato-del-gobernador\\\/#primaryimage\"},\"thumbnailUrl\":\"https:\\\/\\\/kuali.com.mx\\\/web\\\/wp-content\\\/uploads\\\/2021\\\/07\\\/Ernesto-Prieto-constancia.jpeg\",\"datePublished\":\"2021-07-22T22:15:18+00:00\",\"dateModified\":\"2021-07-23T15:05:23+00:00\",\"author\":{\"@id\":\"https:\\\/\\\/kuali.com.mx\\\/web\\\/#\\\/schema\\\/person\\\/6f89ffa8ecba9dae50662357923c5289\"},\"breadcrumb\":{\"@id\":\"https:\\\/\\\/kuali.com.mx\\\/web\\\/2021\\\/07\\\/22\\\/promovera-morena-revocacion-de-mandato-del-gobernador\\\/#breadcrumb\"},\"inLanguage\":\"es\",\"potentialAction\":[{\"@type\":\"ReadAction\",\"target\":[\"https:\\\/\\\/kuali.com.mx\\\/web\\\/2021\\\/07\\\/22\\\/promovera-morena-revocacion-de-mandato-del-gobernador\\\/\"]}]},{\"@type\":\"ImageObject\",\"inLanguage\":\"es\",\"@id\":\"https:\\\/\\\/kuali.com.mx\\\/web\\\/2021\\\/07\\\/22\\\/promovera-morena-revocacion-de-mandato-del-gobernador\\\/#primaryimage\",\"url\":\"https:\\\/\\\/kuali.com.mx\\\/web\\\/wp-content\\\/uploads\\\/2021\\\/07\\\/Ernesto-Prieto-constancia.jpeg\",\"contentUrl\":\"https:\\\/\\\/kuali.com.mx\\\/web\\\/wp-content\\\/uploads\\\/2021\\\/07\\\/Ernesto-Prieto-constancia.jpeg\",\"width\":1822,\"height\":750},{\"@type\":\"BreadcrumbList\",\"@id\":\"https:\\\/\\\/kuali.com.mx\\\/web\\\/2021\\\/07\\\/22\\\/promovera-morena-revocacion-de-mandato-del-gobernador\\\/#breadcrumb\",\"itemListElement\":[{\"@type\":\"ListItem\",\"position\":1,\"name\":\"Inicio\",\"item\":\"https:\\\/\\\/kuali.com.mx\\\/web\\\/\"},{\"@type\":\"ListItem\",\"position\":2,\"name\":\"PROMOVER\u00c1 MORENA REVOCACI\u00d3N DE MANDATO DEL GOBERNADOR\"}]},{\"@type\":\"WebSite\",\"@id\":\"https:\\\/\\\/kuali.com.mx\\\/web\\\/#website\",\"url\":\"https:\\\/\\\/kuali.com.mx\\\/web\\\/\",\"name\":\"Kuali\",\"description\":\"\",\"potentialAction\":[{\"@type\":\"SearchAction\",\"target\":{\"@type\":\"EntryPoint\",\"urlTemplate\":\"https:\\\/\\\/kuali.com.mx\\\/web\\\/?s={search_term_string}\"},\"query-input\":{\"@type\":\"PropertyValueSpecification\",\"valueRequired\":true,\"valueName\":\"search_term_string\"}}],\"inLanguage\":\"es\"},{\"@type\":\"Person\",\"@id\":\"https:\\\/\\\/kuali.com.mx\\\/web\\\/#\\\/schema\\\/person\\\/6f89ffa8ecba9dae50662357923c5289\",\"name\":\"Kuali Staff\",\"image\":{\"@type\":\"ImageObject\",\"inLanguage\":\"es\",\"@id\":\"https:\\\/\\\/secure.gravatar.com\\\/avatar\\\/f917ad82e5ab71227a733c78b6e60715476f69ee6be59feee4eb5d9920c89e0f?s=96&d=mm&r=g\",\"url\":\"https:\\\/\\\/secure.gravatar.com\\\/avatar\\\/f917ad82e5ab71227a733c78b6e60715476f69ee6be59feee4eb5d9920c89e0f?s=96&d=mm&r=g\",\"contentUrl\":\"https:\\\/\\\/secure.gravatar.com\\\/avatar\\\/f917ad82e5ab71227a733c78b6e60715476f69ee6be59feee4eb5d9920c89e0f?s=96&d=mm&r=g\",\"caption\":\"Kuali Staff\"},\"url\":\"https:\\\/\\\/kuali.com.mx\\\/web\\\/author\\\/lagarto\\\/\"}]}<\/script>\n<!-- \/ Yoast SEO plugin. -->","yoast_head_json":{"title":"PROMOVER\u00c1 MORENA REVOCACI\u00d3N DE MANDATO DEL GOBERNADOR - Kuali","robots":{"index":"index","follow":"follow","max-snippet":"max-snippet:-1","max-image-preview":"max-image-preview:large","max-video-preview":"max-video-preview:-1"},"canonical":"https:\/\/kuali.com.mx\/web\/2021\/07\/22\/promovera-morena-revocacion-de-mandato-del-gobernador\/","og_locale":"es_MX","og_type":"article","og_title":"PROMOVER\u00c1 MORENA REVOCACI\u00d3N DE MANDATO DEL GOBERNADOR - Kuali","og_description":"Carlos Garc\u00eda\/Le\u00f3n, Gto.-El pr\u00f3ximo grupo parlamentario de Morena promover\u00e1 reformas para consultar la revocaci\u00f3n de mandato del gobernador, Diego Sinhue Rodr\u00edguez Vallejo; la remoci\u00f3n del fiscal, Carlos Zamarripa Aguirre; y el cese del secretario de Seguridad, \u00c1lvar Cabeza de Vaca, anunci\u00f3 el presidente de Morena y pr\u00f3ximo diputado local, Ernesto Prieto Ortega. \u201cEsa es la [&hellip;]","og_url":"https:\/\/kuali.com.mx\/web\/2021\/07\/22\/promovera-morena-revocacion-de-mandato-del-gobernador\/","og_site_name":"Kuali","article_publisher":"https:\/\/kuali.com.mx\/web\/wp-content\/uploads\/2018\/04\/cropped-kuali_logo-1-1.png","article_published_time":"2021-07-22T22:15:18+00:00","article_modified_time":"2021-07-23T15:05:23+00:00","og_image":[{"width":1822,"height":750,"url":"https:\/\/kuali.com.mx\/web\/wp-content\/uploads\/2021\/07\/Ernesto-Prieto-constancia.jpeg","type":"image\/jpeg"}],"author":"Kuali Staff","twitter_card":"summary_large_image","twitter_image":"https:\/\/kuali.com.mx\/web\/wp-content\/uploads\/2021\/07\/Ernesto-Prieto-constancia.jpeg","twitter_creator":"@kuali_noticias","twitter_site":"@kuali_noticias","twitter_misc":{"Escrito por":"Kuali Staff","Tiempo de lectura":"2 minutos"},"schema":{"@context":"https:\/\/schema.org","@graph":[{"@type":"Article","@id":"https:\/\/kuali.com.mx\/web\/2021\/07\/22\/promovera-morena-revocacion-de-mandato-del-gobernador\/#article","isPartOf":{"@id":"https:\/\/kuali.com.mx\/web\/2021\/07\/22\/promovera-morena-revocacion-de-mandato-del-gobernador\/"},"author":{"name":"Kuali Staff","@id":"https:\/\/kuali.com.mx\/web\/#\/schema\/person\/6f89ffa8ecba9dae50662357923c5289"},"headline":"PROMOVER\u00c1 MORENA REVOCACI\u00d3N DE MANDATO DEL GOBERNADOR","datePublished":"2021-07-22T22:15:18+00:00","dateModified":"2021-07-23T15:05:23+00:00","mainEntityOfPage":{"@id":"https:\/\/kuali.com.mx\/web\/2021\/07\/22\/promovera-morena-revocacion-de-mandato-del-gobernador\/"},"wordCount":361,"commentCount":0,"image":{"@id":"https:\/\/kuali.com.mx\/web\/2021\/07\/22\/promovera-morena-revocacion-de-mandato-del-gobernador\/#primaryimage"},"thumbnailUrl":"https:\/\/kuali.com.mx\/web\/wp-content\/uploads\/2021\/07\/Ernesto-Prieto-constancia.jpeg","articleSection":["Pol\u00edtica"],"inLanguage":"es","potentialAction":[{"@type":"CommentAction","name":"Comment","target":["https:\/\/kuali.com.mx\/web\/2021\/07\/22\/promovera-morena-revocacion-de-mandato-del-gobernador\/#respond"]}]},{"@type":"WebPage","@id":"https:\/\/kuali.com.mx\/web\/2021\/07\/22\/promovera-morena-revocacion-de-mandato-del-gobernador\/","url":"https:\/\/kuali.com.mx\/web\/2021\/07\/22\/promovera-morena-revocacion-de-mandato-del-gobernador\/","name":"PROMOVER\u00c1 MORENA REVOCACI\u00d3N DE MANDATO DEL GOBERNADOR - Kuali","isPartOf":{"@id":"https:\/\/kuali.com.mx\/web\/#website"},"primaryImageOfPage":{"@id":"https:\/\/kuali.com.mx\/web\/2021\/07\/22\/promovera-morena-revocacion-de-mandato-del-gobernador\/#primaryimage"},"image":{"@id":"https:\/\/kuali.com.mx\/web\/2021\/07\/22\/promovera-morena-revocacion-de-mandato-del-gobernador\/#primaryimage"},"thumbnailUrl":"https:\/\/kuali.com.mx\/web\/wp-content\/uploads\/2021\/07\/Ernesto-Prieto-constancia.jpeg","datePublished":"2021-07-22T22:15:18+00:00","dateModified":"2021-07-23T15:05:23+00:00","author":{"@id":"https:\/\/kuali.com.mx\/web\/#\/schema\/person\/6f89ffa8ecba9dae50662357923c5289"},"breadcrumb":{"@id":"https:\/\/kuali.com.mx\/web\/2021\/07\/22\/promovera-morena-revocacion-de-mandato-del-gobernador\/#breadcrumb"},"inLanguage":"es","potentialAction":[{"@type":"ReadAction","target":["https:\/\/kuali.com.mx\/web\/2021\/07\/22\/promovera-morena-revocacion-de-mandato-del-gobernador\/"]}]},{"@type":"ImageObject","inLanguage":"es","@id":"https:\/\/kuali.com.mx\/web\/2021\/07\/22\/promovera-morena-revocacion-de-mandato-del-gobernador\/#primaryimage","url":"https:\/\/kuali.com.mx\/web\/wp-content\/uploads\/2021\/07\/Ernesto-Prieto-constancia.jpeg","contentUrl":"https:\/\/kuali.com.mx\/web\/wp-content\/uploads\/2021\/07\/Ernesto-Prieto-constancia.jpeg","width":1822,"height":750},{"@type":"BreadcrumbList","@id":"https:\/\/kuali.com.mx\/web\/2021\/07\/22\/promovera-morena-revocacion-de-mandato-del-gobernador\/#breadcrumb","itemListElement":[{"@type":"ListItem","position":1,"name":"Inicio","item":"https:\/\/kuali.com.mx\/web\/"},{"@type":"ListItem","position":2,"name":"PROMOVER\u00c1 MORENA REVOCACI\u00d3N DE MANDATO DEL GOBERNADOR"}]},{"@type":"WebSite","@id":"https:\/\/kuali.com.mx\/web\/#website","url":"https:\/\/kuali.com.mx\/web\/","name":"Kuali","description":"","potentialAction":[{"@type":"SearchAction","target":{"@type":"EntryPoint","urlTemplate":"https:\/\/kuali.com.mx\/web\/?s={search_term_string}"},"query-input":{"@type":"PropertyValueSpecification","valueRequired":true,"valueName":"search_term_string"}}],"inLanguage":"es"},{"@type":"Person","@id":"https:\/\/kuali.com.mx\/web\/#\/schema\/person\/6f89ffa8ecba9dae50662357923c5289","name":"Kuali Staff","image":{"@type":"ImageObject","inLanguage":"es","@id":"https:\/\/secure.gravatar.com\/avatar\/f917ad82e5ab71227a733c78b6e60715476f69ee6be59feee4eb5d9920c89e0f?s=96&d=mm&r=g","url":"https:\/\/secure.gravatar.com\/avatar\/f917ad82e5ab71227a733c78b6e60715476f69ee6be59feee4eb5d9920c89e0f?s=96&d=mm&r=g","contentUrl":"https:\/\/secure.gravatar.com\/avatar\/f917ad82e5ab71227a733c78b6e60715476f69ee6be59feee4eb5d9920c89e0f?s=96&d=mm&r=g","caption":"Kuali Staff"},"url":"https:\/\/kuali.com.mx\/web\/author\/lagarto\/"}]}},"_links":{"self":[{"href":"https:\/\/kuali.com.mx\/web\/wp-json\/wp\/v2\/posts\/84860","targetHints":{"allow":["GET"]}}],"collection":[{"href":"https:\/\/kuali.com.mx\/web\/wp-json\/wp\/v2\/posts"}],"about":[{"href":"https:\/\/kuali.com.mx\/web\/wp-json\/wp\/v2\/types\/post"}],"author":[{"embeddable":true,"href":"https:\/\/kuali.com.mx\/web\/wp-json\/wp\/v2\/users\/2"}],"replies":[{"embeddable":true,"href":"https:\/\/kuali.com.mx\/web\/wp-json\/wp\/v2\/comments?post=84860"}],"version-history":[{"count":2,"href":"https:\/\/kuali.com.mx\/web\/wp-json\/wp\/v2\/posts\/84860\/revisions"}],"predecessor-version":[{"id":84885,"href":"https:\/\/kuali.com.mx\/web\/wp-json\/wp\/v2\/posts\/84860\/revisions\/84885"}],"wp:featuredmedia":[{"embeddable":true,"href":"https:\/\/kuali.com.mx\/web\/wp-json\/wp\/v2\/media\/84861"}],"wp:attachment":[{"href":"https:\/\/kuali.com.mx\/web\/wp-json\/wp\/v2\/media?parent=84860"}],"wp:term":[{"taxonomy":"category","embeddable":true,"href":"https:\/\/kuali.com.mx\/web\/wp-json\/wp\/v2\/categories?post=84860"},{"taxonomy":"post_tag","embeddable":true,"href":"https:\/\/kuali.com.mx\/web\/wp-json\/wp\/v2\/tags?post=84860"}],"curies":[{"name":"wp","href":"https:\/\/api.w.org\/{rel}","templated":true}]}}