{"id":84539,"date":"2021-07-10T23:06:43","date_gmt":"2021-07-11T05:06:43","guid":{"rendered":"http:\/\/kuali.com.mx\/web\/?p=84539"},"modified":"2021-07-11T07:41:57","modified_gmt":"2021-07-11T13:41:57","slug":"celaya-campeon-nacional-de-fc-bayern-youth-cup","status":"publish","type":"post","link":"https:\/\/kuali.com.mx\/web\/2021\/07\/10\/celaya-campeon-nacional-de-fc-bayern-youth-cup\/","title":{"rendered":"CELAYA, CAMPE\u00d3N NACIONAL DE FC BAYERN YOUTH CUP"},"content":{"rendered":"\n<p><em><strong>Kuali\/Celaya,Gto<\/strong><\/em>.-La selecci\u00f3n Interligas Baj\u00edo Celaya consigui\u00f3 la copa del Bayern Munich luego de vencer 3 a 1 en la gran final a Tlajomulco, y\u00a0 tres de sus jugadores fueron elegidos, junto con otros siete jugadores, para viajar\u00a0\u00a0a Alemania para representar a M\u00e9xico en una experiencia en las instalaciones del campe\u00f3n alem\u00e1n.<\/p>\n\n\n\n<p>El equipo celayense sell\u00f3 esta tarde una gran actuaci\u00f3n al ganar todos los partidos de la fase regional. Fue el m\u00e1s goleador, al convertir en m\u00e1s de 30 ocasiones y solo recibir un par de anotaciones en las dos etapas que dur\u00f3 el campeonato.\u00a0Y \u00e9ste s\u00e1bado coron\u00f3 con una brillante actuaci\u00f3n en final nacional ganar sus cuatro duelos de grupos, la semifinal y triunf\u00f3 en la gran final.<\/p>\n\n\n\n<p>Por la\u00a0\u00a0ma\u00f1ana de \u00e9ste s\u00e1bado se realiz\u00f3 el acto inaugural con los campeones del mundo\u00a0en Italia 90: Klaus Augenthaler y Hans Pfl\u00fcgler, adem\u00e1s del brasile\u00f1o Giovane \u00c9lber, quien a\u00fan sigue siendo el tercer m\u00e1ximo goleador extranjero en la historia de la Bundesliga La alcaldesa de Celaya, Elvira Paniagua Rodr\u00edguez, destac\u00f3 que con este torneo varios j\u00f3venes tendr\u00e1n la oportunidad de desarrollarse en su viaje a Alemania.<\/p>\n\n\n\n<p>&nbsp;&nbsp;El equipo celayense, dirigido por Humberto Cort\u00e9s y Carlos Rivas, ganaron sus cuatro partidos de fase de grupos Dinast\u00eda de Monterrey, Tlajomulco, Feggendorf y Yayo Vallecano, en semifinal remont\u00f3 para ganar a Representativo Estado de M\u00e9xico y en la final igualmente remont\u00f3 para vencer 3-1 a Tlajomulco, para alzar la copa, en medio de un gran ambiente del estadio \u201cMiguel Alem\u00e1n Vald\u00e9s\u201d, que fue un gran escenario.<\/p>\n\n\n\n<figure class=\"wp-block-image size-large\"><img loading=\"lazy\" decoding=\"async\" width=\"1024\" height=\"536\" src=\"https:\/\/kuali.com.mx\/web\/wp-content\/uploads\/2021\/07\/celaya-campeon4-1024x536.jpeg\" alt=\"\" class=\"wp-image-84541\" srcset=\"https:\/\/kuali.com.mx\/web\/wp-content\/uploads\/2021\/07\/celaya-campeon4-1024x536.jpeg 1024w, https:\/\/kuali.com.mx\/web\/wp-content\/uploads\/2021\/07\/celaya-campeon4-300x157.jpeg 300w, https:\/\/kuali.com.mx\/web\/wp-content\/uploads\/2021\/07\/celaya-campeon4-768x402.jpeg 768w, https:\/\/kuali.com.mx\/web\/wp-content\/uploads\/2021\/07\/celaya-campeon4.jpeg 1433w\" sizes=\"auto, (max-width: 1024px) 100vw, 1024px\" \/><\/figure>\n\n\n\n<p>LOS QUE VIAJAN A ALEMANIA<\/p>\n\n\n\n<p>Los jugadores celayenses seleccionados para representar a M\u00e9xico en la Youth Cup Mundial son: Omar Nieto Navarro, Kody Hank Chaurand Peasland y Julian Efra\u00edn Ron Rodriguez; quienes con su talento lograron captar la atenci\u00f3n de los visores del club teut\u00f3n.<\/p>\n\n\n\n<p>A ellos se sumaron Andr\u00e9 Garc\u00eda, del Tlajomulco; Nahum Ram\u00edrez, de Dragones Zacatl\u00e1n; El\u00edas Ib\u00e1\u00f1ez, del Representativo Edo. de M\u00e9x.; Jonathan Mariano y Eduardo Trinidad, del Cihuatl\u00e1n; y Marcelo Rocha junto a Juan V\u00e1zquez, del&nbsp; FC Dinast\u00eda de Monterrey.<\/p>\n\n\n\n<p>El exastro brasile\u00f1o, Giovane \u00c9lber, fue el encargado de premiar a los mejores. Coment\u00f3 que los seleccionados estar\u00e1n 5 d\u00edas en Munich, en los que tendr\u00e1n la posibilidad de entrenar bajo la metodolog\u00eda europea, competir\u00e1n frente a selectivos de otros pa\u00edses y \"podr\u00e1n vivir la experiencia de estar en el Alianz Arena, eso es incre\u00edble. Adem\u00e1s conocer\u00e1n a los jugadores del Bayern, lo cual ser\u00e1 maravilloso para todos ellos\" dijo.&nbsp;Los entrenadores del equipo celayense, Humberto Cort\u00e9s y Carlos Rivas, se mostraron orgullosos de todos sus jugadores por el esfuerzo que pusieron, no solo en el torneo, sino en toda la fase previa. Todo el sacrificio y esfuerzo que hicieron ha valido la pena al levantar la Copa y recibir la medalla que les recordar\u00e1 siempr<\/p>\n","protected":false},"excerpt":{"rendered":"Kuali\/Celaya,Gto.-La selecci\u00f3n Interligas Baj\u00edo Celaya consigui\u00f3 la copa del Bayern Munich luego de vencer 3 a 1 en la gran final a Tlajomulco, y\u00a0 tres de sus jugadores fueron elegidos, junto con otros siete jugadores, para viajar\u00a0\u00a0a Alemania para representar a M\u00e9xico en una experiencia en las instalaciones del campe\u00f3n alem\u00e1n. El equipo celayense sell\u00f3 [&hellip;]","protected":false},"author":2,"featured_media":84540,"comment_status":"open","ping_status":"open","sticky":false,"template":"","format":"standard","meta":{"_seopress_robots_primary_cat":"","_seopress_titles_title":"","_seopress_titles_desc":"","_seopress_robots_index":"","_monsterinsights_skip_tracking":false,"_monsterinsights_sitenote_active":false,"_monsterinsights_sitenote_note":"","_monsterinsights_sitenote_category":0,"footnotes":""},"categories":[1],"tags":[],"class_list":["post-84539","post","type-post","status-publish","format-standard","has-post-thumbnail","hentry","category-actualidad"],"yoast_head":"<!-- This site is optimized with the Yoast SEO plugin v27.4 - https:\/\/yoast.com\/product\/yoast-seo-wordpress\/ -->\n<title>CELAYA, CAMPE\u00d3N NACIONAL DE FC BAYERN YOUTH CUP - Kuali<\/title>\n<meta name=\"robots\" content=\"index, follow, max-snippet:-1, max-image-preview:large, max-video-preview:-1\" \/>\n<link rel=\"canonical\" href=\"https:\/\/kuali.com.mx\/web\/2021\/07\/10\/celaya-campeon-nacional-de-fc-bayern-youth-cup\/\" \/>\n<meta property=\"og:locale\" content=\"es_MX\" \/>\n<meta property=\"og:type\" content=\"article\" \/>\n<meta property=\"og:title\" content=\"CELAYA, CAMPE\u00d3N NACIONAL DE FC BAYERN YOUTH CUP - Kuali\" \/>\n<meta property=\"og:description\" content=\"Kuali\/Celaya,Gto.-La selecci\u00f3n Interligas Baj\u00edo Celaya consigui\u00f3 la copa del Bayern Munich luego de vencer 3 a 1 en la gran final a Tlajomulco, y\u00a0 tres de sus jugadores fueron elegidos, junto con otros siete jugadores, para viajar\u00a0\u00a0a Alemania para representar a M\u00e9xico en una experiencia en las instalaciones del campe\u00f3n alem\u00e1n. El equipo celayense sell\u00f3 [&hellip;]\" \/>\n<meta property=\"og:url\" content=\"https:\/\/kuali.com.mx\/web\/2021\/07\/10\/celaya-campeon-nacional-de-fc-bayern-youth-cup\/\" \/>\n<meta property=\"og:site_name\" content=\"Kuali\" \/>\n<meta property=\"article:publisher\" content=\"https:\/\/kuali.com.mx\/web\/wp-content\/uploads\/2018\/04\/cropped-kuali_logo-1-1.png\" \/>\n<meta property=\"article:published_time\" content=\"2021-07-11T05:06:43+00:00\" \/>\n<meta property=\"article:modified_time\" content=\"2021-07-11T13:41:57+00:00\" \/>\n<meta property=\"og:image\" content=\"https:\/\/kuali.com.mx\/web\/wp-content\/uploads\/2021\/07\/celaya-campeon5.jpeg\" \/>\n\t<meta property=\"og:image:width\" content=\"1333\" \/>\n\t<meta property=\"og:image:height\" content=\"750\" \/>\n\t<meta property=\"og:image:type\" content=\"image\/jpeg\" \/>\n<meta name=\"author\" content=\"Kuali Staff\" \/>\n<meta name=\"twitter:card\" content=\"summary_large_image\" \/>\n<meta name=\"twitter:creator\" content=\"@kuali_noticias\" \/>\n<meta name=\"twitter:site\" content=\"@kuali_noticias\" \/>\n<meta name=\"twitter:label1\" content=\"Escrito por\" \/>\n\t<meta name=\"twitter:data1\" content=\"Kuali Staff\" \/>\n\t<meta name=\"twitter:label2\" content=\"Tiempo de lectura\" \/>\n\t<meta name=\"twitter:data2\" content=\"3 minutos\" \/>\n<script type=\"application\/ld+json\" class=\"yoast-schema-graph\">{\"@context\":\"https:\\\/\\\/schema.org\",\"@graph\":[{\"@type\":\"Article\",\"@id\":\"https:\\\/\\\/kuali.com.mx\\\/web\\\/2021\\\/07\\\/10\\\/celaya-campeon-nacional-de-fc-bayern-youth-cup\\\/#article\",\"isPartOf\":{\"@id\":\"https:\\\/\\\/kuali.com.mx\\\/web\\\/2021\\\/07\\\/10\\\/celaya-campeon-nacional-de-fc-bayern-youth-cup\\\/\"},\"author\":{\"name\":\"Kuali Staff\",\"@id\":\"https:\\\/\\\/kuali.com.mx\\\/web\\\/#\\\/schema\\\/person\\\/6f89ffa8ecba9dae50662357923c5289\"},\"headline\":\"CELAYA, CAMPE\u00d3N NACIONAL DE FC BAYERN YOUTH CUP\",\"datePublished\":\"2021-07-11T05:06:43+00:00\",\"dateModified\":\"2021-07-11T13:41:57+00:00\",\"mainEntityOfPage\":{\"@id\":\"https:\\\/\\\/kuali.com.mx\\\/web\\\/2021\\\/07\\\/10\\\/celaya-campeon-nacional-de-fc-bayern-youth-cup\\\/\"},\"wordCount\":527,\"commentCount\":0,\"image\":{\"@id\":\"https:\\\/\\\/kuali.com.mx\\\/web\\\/2021\\\/07\\\/10\\\/celaya-campeon-nacional-de-fc-bayern-youth-cup\\\/#primaryimage\"},\"thumbnailUrl\":\"https:\\\/\\\/kuali.com.mx\\\/web\\\/wp-content\\\/uploads\\\/2021\\\/07\\\/celaya-campeon5.jpeg\",\"articleSection\":[\"Versatil\"],\"inLanguage\":\"es\",\"potentialAction\":[{\"@type\":\"CommentAction\",\"name\":\"Comment\",\"target\":[\"https:\\\/\\\/kuali.com.mx\\\/web\\\/2021\\\/07\\\/10\\\/celaya-campeon-nacional-de-fc-bayern-youth-cup\\\/#respond\"]}]},{\"@type\":\"WebPage\",\"@id\":\"https:\\\/\\\/kuali.com.mx\\\/web\\\/2021\\\/07\\\/10\\\/celaya-campeon-nacional-de-fc-bayern-youth-cup\\\/\",\"url\":\"https:\\\/\\\/kuali.com.mx\\\/web\\\/2021\\\/07\\\/10\\\/celaya-campeon-nacional-de-fc-bayern-youth-cup\\\/\",\"name\":\"CELAYA, CAMPE\u00d3N NACIONAL DE FC BAYERN YOUTH CUP - Kuali\",\"isPartOf\":{\"@id\":\"https:\\\/\\\/kuali.com.mx\\\/web\\\/#website\"},\"primaryImageOfPage\":{\"@id\":\"https:\\\/\\\/kuali.com.mx\\\/web\\\/2021\\\/07\\\/10\\\/celaya-campeon-nacional-de-fc-bayern-youth-cup\\\/#primaryimage\"},\"image\":{\"@id\":\"https:\\\/\\\/kuali.com.mx\\\/web\\\/2021\\\/07\\\/10\\\/celaya-campeon-nacional-de-fc-bayern-youth-cup\\\/#primaryimage\"},\"thumbnailUrl\":\"https:\\\/\\\/kuali.com.mx\\\/web\\\/wp-content\\\/uploads\\\/2021\\\/07\\\/celaya-campeon5.jpeg\",\"datePublished\":\"2021-07-11T05:06:43+00:00\",\"dateModified\":\"2021-07-11T13:41:57+00:00\",\"author\":{\"@id\":\"https:\\\/\\\/kuali.com.mx\\\/web\\\/#\\\/schema\\\/person\\\/6f89ffa8ecba9dae50662357923c5289\"},\"breadcrumb\":{\"@id\":\"https:\\\/\\\/kuali.com.mx\\\/web\\\/2021\\\/07\\\/10\\\/celaya-campeon-nacional-de-fc-bayern-youth-cup\\\/#breadcrumb\"},\"inLanguage\":\"es\",\"potentialAction\":[{\"@type\":\"ReadAction\",\"target\":[\"https:\\\/\\\/kuali.com.mx\\\/web\\\/2021\\\/07\\\/10\\\/celaya-campeon-nacional-de-fc-bayern-youth-cup\\\/\"]}]},{\"@type\":\"ImageObject\",\"inLanguage\":\"es\",\"@id\":\"https:\\\/\\\/kuali.com.mx\\\/web\\\/2021\\\/07\\\/10\\\/celaya-campeon-nacional-de-fc-bayern-youth-cup\\\/#primaryimage\",\"url\":\"https:\\\/\\\/kuali.com.mx\\\/web\\\/wp-content\\\/uploads\\\/2021\\\/07\\\/celaya-campeon5.jpeg\",\"contentUrl\":\"https:\\\/\\\/kuali.com.mx\\\/web\\\/wp-content\\\/uploads\\\/2021\\\/07\\\/celaya-campeon5.jpeg\",\"width\":1333,\"height\":750},{\"@type\":\"BreadcrumbList\",\"@id\":\"https:\\\/\\\/kuali.com.mx\\\/web\\\/2021\\\/07\\\/10\\\/celaya-campeon-nacional-de-fc-bayern-youth-cup\\\/#breadcrumb\",\"itemListElement\":[{\"@type\":\"ListItem\",\"position\":1,\"name\":\"Inicio\",\"item\":\"https:\\\/\\\/kuali.com.mx\\\/web\\\/\"},{\"@type\":\"ListItem\",\"position\":2,\"name\":\"CELAYA, CAMPE\u00d3N NACIONAL DE FC BAYERN YOUTH CUP\"}]},{\"@type\":\"WebSite\",\"@id\":\"https:\\\/\\\/kuali.com.mx\\\/web\\\/#website\",\"url\":\"https:\\\/\\\/kuali.com.mx\\\/web\\\/\",\"name\":\"Kuali\",\"description\":\"\",\"potentialAction\":[{\"@type\":\"SearchAction\",\"target\":{\"@type\":\"EntryPoint\",\"urlTemplate\":\"https:\\\/\\\/kuali.com.mx\\\/web\\\/?s={search_term_string}\"},\"query-input\":{\"@type\":\"PropertyValueSpecification\",\"valueRequired\":true,\"valueName\":\"search_term_string\"}}],\"inLanguage\":\"es\"},{\"@type\":\"Person\",\"@id\":\"https:\\\/\\\/kuali.com.mx\\\/web\\\/#\\\/schema\\\/person\\\/6f89ffa8ecba9dae50662357923c5289\",\"name\":\"Kuali Staff\",\"image\":{\"@type\":\"ImageObject\",\"inLanguage\":\"es\",\"@id\":\"https:\\\/\\\/secure.gravatar.com\\\/avatar\\\/f917ad82e5ab71227a733c78b6e60715476f69ee6be59feee4eb5d9920c89e0f?s=96&d=mm&r=g\",\"url\":\"https:\\\/\\\/secure.gravatar.com\\\/avatar\\\/f917ad82e5ab71227a733c78b6e60715476f69ee6be59feee4eb5d9920c89e0f?s=96&d=mm&r=g\",\"contentUrl\":\"https:\\\/\\\/secure.gravatar.com\\\/avatar\\\/f917ad82e5ab71227a733c78b6e60715476f69ee6be59feee4eb5d9920c89e0f?s=96&d=mm&r=g\",\"caption\":\"Kuali Staff\"},\"url\":\"https:\\\/\\\/kuali.com.mx\\\/web\\\/author\\\/lagarto\\\/\"}]}<\/script>\n<!-- \/ Yoast SEO plugin. -->","yoast_head_json":{"title":"CELAYA, CAMPE\u00d3N NACIONAL DE FC BAYERN YOUTH CUP - Kuali","robots":{"index":"index","follow":"follow","max-snippet":"max-snippet:-1","max-image-preview":"max-image-preview:large","max-video-preview":"max-video-preview:-1"},"canonical":"https:\/\/kuali.com.mx\/web\/2021\/07\/10\/celaya-campeon-nacional-de-fc-bayern-youth-cup\/","og_locale":"es_MX","og_type":"article","og_title":"CELAYA, CAMPE\u00d3N NACIONAL DE FC BAYERN YOUTH CUP - Kuali","og_description":"Kuali\/Celaya,Gto.-La selecci\u00f3n Interligas Baj\u00edo Celaya consigui\u00f3 la copa del Bayern Munich luego de vencer 3 a 1 en la gran final a Tlajomulco, y\u00a0 tres de sus jugadores fueron elegidos, junto con otros siete jugadores, para viajar\u00a0\u00a0a Alemania para representar a M\u00e9xico en una experiencia en las instalaciones del campe\u00f3n alem\u00e1n. El equipo celayense sell\u00f3 [&hellip;]","og_url":"https:\/\/kuali.com.mx\/web\/2021\/07\/10\/celaya-campeon-nacional-de-fc-bayern-youth-cup\/","og_site_name":"Kuali","article_publisher":"https:\/\/kuali.com.mx\/web\/wp-content\/uploads\/2018\/04\/cropped-kuali_logo-1-1.png","article_published_time":"2021-07-11T05:06:43+00:00","article_modified_time":"2021-07-11T13:41:57+00:00","og_image":[{"width":1333,"height":750,"url":"https:\/\/kuali.com.mx\/web\/wp-content\/uploads\/2021\/07\/celaya-campeon5.jpeg","type":"image\/jpeg"}],"author":"Kuali Staff","twitter_card":"summary_large_image","twitter_creator":"@kuali_noticias","twitter_site":"@kuali_noticias","twitter_misc":{"Escrito por":"Kuali Staff","Tiempo de lectura":"3 minutos"},"schema":{"@context":"https:\/\/schema.org","@graph":[{"@type":"Article","@id":"https:\/\/kuali.com.mx\/web\/2021\/07\/10\/celaya-campeon-nacional-de-fc-bayern-youth-cup\/#article","isPartOf":{"@id":"https:\/\/kuali.com.mx\/web\/2021\/07\/10\/celaya-campeon-nacional-de-fc-bayern-youth-cup\/"},"author":{"name":"Kuali Staff","@id":"https:\/\/kuali.com.mx\/web\/#\/schema\/person\/6f89ffa8ecba9dae50662357923c5289"},"headline":"CELAYA, CAMPE\u00d3N NACIONAL DE FC BAYERN YOUTH CUP","datePublished":"2021-07-11T05:06:43+00:00","dateModified":"2021-07-11T13:41:57+00:00","mainEntityOfPage":{"@id":"https:\/\/kuali.com.mx\/web\/2021\/07\/10\/celaya-campeon-nacional-de-fc-bayern-youth-cup\/"},"wordCount":527,"commentCount":0,"image":{"@id":"https:\/\/kuali.com.mx\/web\/2021\/07\/10\/celaya-campeon-nacional-de-fc-bayern-youth-cup\/#primaryimage"},"thumbnailUrl":"https:\/\/kuali.com.mx\/web\/wp-content\/uploads\/2021\/07\/celaya-campeon5.jpeg","articleSection":["Versatil"],"inLanguage":"es","potentialAction":[{"@type":"CommentAction","name":"Comment","target":["https:\/\/kuali.com.mx\/web\/2021\/07\/10\/celaya-campeon-nacional-de-fc-bayern-youth-cup\/#respond"]}]},{"@type":"WebPage","@id":"https:\/\/kuali.com.mx\/web\/2021\/07\/10\/celaya-campeon-nacional-de-fc-bayern-youth-cup\/","url":"https:\/\/kuali.com.mx\/web\/2021\/07\/10\/celaya-campeon-nacional-de-fc-bayern-youth-cup\/","name":"CELAYA, CAMPE\u00d3N NACIONAL DE FC BAYERN YOUTH CUP - Kuali","isPartOf":{"@id":"https:\/\/kuali.com.mx\/web\/#website"},"primaryImageOfPage":{"@id":"https:\/\/kuali.com.mx\/web\/2021\/07\/10\/celaya-campeon-nacional-de-fc-bayern-youth-cup\/#primaryimage"},"image":{"@id":"https:\/\/kuali.com.mx\/web\/2021\/07\/10\/celaya-campeon-nacional-de-fc-bayern-youth-cup\/#primaryimage"},"thumbnailUrl":"https:\/\/kuali.com.mx\/web\/wp-content\/uploads\/2021\/07\/celaya-campeon5.jpeg","datePublished":"2021-07-11T05:06:43+00:00","dateModified":"2021-07-11T13:41:57+00:00","author":{"@id":"https:\/\/kuali.com.mx\/web\/#\/schema\/person\/6f89ffa8ecba9dae50662357923c5289"},"breadcrumb":{"@id":"https:\/\/kuali.com.mx\/web\/2021\/07\/10\/celaya-campeon-nacional-de-fc-bayern-youth-cup\/#breadcrumb"},"inLanguage":"es","potentialAction":[{"@type":"ReadAction","target":["https:\/\/kuali.com.mx\/web\/2021\/07\/10\/celaya-campeon-nacional-de-fc-bayern-youth-cup\/"]}]},{"@type":"ImageObject","inLanguage":"es","@id":"https:\/\/kuali.com.mx\/web\/2021\/07\/10\/celaya-campeon-nacional-de-fc-bayern-youth-cup\/#primaryimage","url":"https:\/\/kuali.com.mx\/web\/wp-content\/uploads\/2021\/07\/celaya-campeon5.jpeg","contentUrl":"https:\/\/kuali.com.mx\/web\/wp-content\/uploads\/2021\/07\/celaya-campeon5.jpeg","width":1333,"height":750},{"@type":"BreadcrumbList","@id":"https:\/\/kuali.com.mx\/web\/2021\/07\/10\/celaya-campeon-nacional-de-fc-bayern-youth-cup\/#breadcrumb","itemListElement":[{"@type":"ListItem","position":1,"name":"Inicio","item":"https:\/\/kuali.com.mx\/web\/"},{"@type":"ListItem","position":2,"name":"CELAYA, CAMPE\u00d3N NACIONAL DE FC BAYERN YOUTH CUP"}]},{"@type":"WebSite","@id":"https:\/\/kuali.com.mx\/web\/#website","url":"https:\/\/kuali.com.mx\/web\/","name":"Kuali","description":"","potentialAction":[{"@type":"SearchAction","target":{"@type":"EntryPoint","urlTemplate":"https:\/\/kuali.com.mx\/web\/?s={search_term_string}"},"query-input":{"@type":"PropertyValueSpecification","valueRequired":true,"valueName":"search_term_string"}}],"inLanguage":"es"},{"@type":"Person","@id":"https:\/\/kuali.com.mx\/web\/#\/schema\/person\/6f89ffa8ecba9dae50662357923c5289","name":"Kuali Staff","image":{"@type":"ImageObject","inLanguage":"es","@id":"https:\/\/secure.gravatar.com\/avatar\/f917ad82e5ab71227a733c78b6e60715476f69ee6be59feee4eb5d9920c89e0f?s=96&d=mm&r=g","url":"https:\/\/secure.gravatar.com\/avatar\/f917ad82e5ab71227a733c78b6e60715476f69ee6be59feee4eb5d9920c89e0f?s=96&d=mm&r=g","contentUrl":"https:\/\/secure.gravatar.com\/avatar\/f917ad82e5ab71227a733c78b6e60715476f69ee6be59feee4eb5d9920c89e0f?s=96&d=mm&r=g","caption":"Kuali Staff"},"url":"https:\/\/kuali.com.mx\/web\/author\/lagarto\/"}]}},"_links":{"self":[{"href":"https:\/\/kuali.com.mx\/web\/wp-json\/wp\/v2\/posts\/84539","targetHints":{"allow":["GET"]}}],"collection":[{"href":"https:\/\/kuali.com.mx\/web\/wp-json\/wp\/v2\/posts"}],"about":[{"href":"https:\/\/kuali.com.mx\/web\/wp-json\/wp\/v2\/types\/post"}],"author":[{"embeddable":true,"href":"https:\/\/kuali.com.mx\/web\/wp-json\/wp\/v2\/users\/2"}],"replies":[{"embeddable":true,"href":"https:\/\/kuali.com.mx\/web\/wp-json\/wp\/v2\/comments?post=84539"}],"version-history":[{"count":2,"href":"https:\/\/kuali.com.mx\/web\/wp-json\/wp\/v2\/posts\/84539\/revisions"}],"predecessor-version":[{"id":84543,"href":"https:\/\/kuali.com.mx\/web\/wp-json\/wp\/v2\/posts\/84539\/revisions\/84543"}],"wp:featuredmedia":[{"embeddable":true,"href":"https:\/\/kuali.com.mx\/web\/wp-json\/wp\/v2\/media\/84540"}],"wp:attachment":[{"href":"https:\/\/kuali.com.mx\/web\/wp-json\/wp\/v2\/media?parent=84539"}],"wp:term":[{"taxonomy":"category","embeddable":true,"href":"https:\/\/kuali.com.mx\/web\/wp-json\/wp\/v2\/categories?post=84539"},{"taxonomy":"post_tag","embeddable":true,"href":"https:\/\/kuali.com.mx\/web\/wp-json\/wp\/v2\/tags?post=84539"}],"curies":[{"name":"wp","href":"https:\/\/api.w.org\/{rel}","templated":true}]}}