{"id":76848,"date":"2020-11-22T08:18:55","date_gmt":"2020-11-22T14:18:55","guid":{"rendered":"http:\/\/kuali.com.mx\/web\/?p=76848"},"modified":"2020-11-22T08:18:55","modified_gmt":"2020-11-22T14:18:55","slug":"gana-el-charco-del-ingenio-juicio-administrativo","status":"publish","type":"post","link":"https:\/\/kuali.com.mx\/web\/2020\/11\/22\/gana-el-charco-del-ingenio-juicio-administrativo\/","title":{"rendered":"GANA EL CHARCO DEL INGENIO JUICIO ADMINISTRATIVO"},"content":{"rendered":"<p><em><strong>Kuali\/San Miguel de Allende, Gto.-<\/strong><\/em> La Primera Sala del Tribunal de Justicia Administrativa orden\u00f3 no modificar la zona de preservaci\u00f3n ecol\u00f3gica del Jard\u00edn Bot\u00e1nico del Charco del Ingenio.<\/p>\n<p>En el a\u00f1o 2019, el Charco del Ingenio y El Observatorio Ciudadano de los Sanmiguelenses tramitaron un juicio administrativo contra el Ayuntamiento de San Miguel de Allende, que en el 2017, modific\u00f3 el pol\u00edgono de la zona de preservaci\u00f3n ecol\u00f3gica.<\/p>\n<p>El Charco del Ingenio record\u00f3 que en el 2017, el cabildo\u00a0intent\u00f3 modificar de manera irregular el pol\u00edgono de la referida Zona de Preservaci\u00f3n Ecol\u00f3gica, reserva municipal de 392 hect\u00e1reas declarada oficialmente y vigente desde 2006, la cual comprende zonas de gran valor ambiental, esc\u00e9nico e hist\u00f3rico, como las ca\u00f1adas del Obraje y del Charco del Ingenio, el Jard\u00edn Bot\u00e1nico, el Parque Landeta, varias secciones del Parque Bicentenario y humedales dotados de abundante vida silvestre.<\/p>\n<p>Dicho acuerdo edilicio reduc\u00eda en decenas de hect\u00e1reas la superficie de la reserva, con el fin aparente de impulsar proyectos inmobiliarios y de desarrollo urbano.<\/p>\n<p>La referida demanda ciudadana solicit\u00f3 asimismo al Tribunal impedir que dichas modificaciones se incorporaran al Programa Municipal de Desarrollo Urbano y Ordenamiento Ecol\u00f3gico Territorial 2019-2040 (PMDUOET), cuyo proyecto final las ten\u00eda ya contempladas, introduciendo adem\u00e1s cambios de uso de suelo que permit\u00edan el desarrollo urbano en la reserva municipal.<\/p>\n<p>Si bien la suspensi\u00f3n definitiva acordada por el Tribunal ya hab\u00eda obligado al Ayuntamiento a reformar el PMDUOET para impedir la afectaci\u00f3n de la zona de preservaci\u00f3n, la sentencia recientemente dictada confirma de manera contundente la anulaci\u00f3n de las modificaciones de 2017, as\u00ed como la prohibici\u00f3n de introducir cambios de uso del suelo en la reserva, lo cual se pretend\u00eda hacer mediante la segmentaci\u00f3n de su superficie en tres nuevas UGAT (Unidades de Gesti\u00f3n Ambiental del Territorio), permitiendo \u201casentamientos humanos urbanos\u201d en sus zonas de conservaci\u00f3n.<\/p>\n<p>La resoluci\u00f3n final del magistrado ratifica la integraci\u00f3n de la reserva en una sola UGAT, tal y como establec\u00eda el plan de desarrollo precedente (POET), a partir de la Declaratoria de Zona de Preservaci\u00f3n Ecol\u00f3gica publicada en 2006, vigente hasta la fecha, priorizando la conservaci\u00f3n ambiental y limitando la expansi\u00f3n urbana en su territorio.<\/p>\n<p>\"Consideramos que la sentencia expedida por el magistrado de la Primera Sala del Tribunal refleja una creciente conciencia en los juzgadores sobre la enorme importancia que tienen los espacios naturales en el desarrollo integral y sostenible de la sociedad\", refiri\u00f3 El Charco del Ingenio.<\/p>\n","protected":false},"excerpt":{"rendered":"Kuali\/San Miguel de Allende, Gto.- La Primera Sala del Tribunal de Justicia Administrativa orden\u00f3 no modificar la zona de preservaci\u00f3n ecol\u00f3gica del Jard\u00edn Bot\u00e1nico del Charco del Ingenio. En el a\u00f1o 2019, el Charco del Ingenio y El Observatorio Ciudadano de los Sanmiguelenses tramitaron un juicio administrativo contra el Ayuntamiento de San Miguel de Allende, [&hellip;]","protected":false},"author":2,"featured_media":76849,"comment_status":"open","ping_status":"open","sticky":false,"template":"","format":"standard","meta":{"_seopress_robots_primary_cat":"","_seopress_titles_title":"","_seopress_titles_desc":"","_seopress_robots_index":"","_monsterinsights_skip_tracking":false,"_monsterinsights_sitenote_active":false,"_monsterinsights_sitenote_note":"","_monsterinsights_sitenote_category":0,"footnotes":""},"categories":[17],"tags":[],"class_list":["post-76848","post","type-post","status-publish","format-standard","has-post-thumbnail","hentry","category-ecologia"],"yoast_head":"<!-- This site is optimized with the Yoast SEO plugin v27.4 - https:\/\/yoast.com\/product\/yoast-seo-wordpress\/ -->\n<title>GANA EL CHARCO DEL INGENIO JUICIO ADMINISTRATIVO - Kuali<\/title>\n<meta name=\"robots\" content=\"index, follow, max-snippet:-1, max-image-preview:large, max-video-preview:-1\" \/>\n<link rel=\"canonical\" href=\"https:\/\/kuali.com.mx\/web\/2020\/11\/22\/gana-el-charco-del-ingenio-juicio-administrativo\/\" \/>\n<meta property=\"og:locale\" content=\"es_MX\" \/>\n<meta property=\"og:type\" content=\"article\" \/>\n<meta property=\"og:title\" content=\"GANA EL CHARCO DEL INGENIO JUICIO ADMINISTRATIVO - Kuali\" \/>\n<meta property=\"og:description\" content=\"Kuali\/San Miguel de Allende, Gto.- La Primera Sala del Tribunal de Justicia Administrativa orden\u00f3 no modificar la zona de preservaci\u00f3n ecol\u00f3gica del Jard\u00edn Bot\u00e1nico del Charco del Ingenio. En el a\u00f1o 2019, el Charco del Ingenio y El Observatorio Ciudadano de los Sanmiguelenses tramitaron un juicio administrativo contra el Ayuntamiento de San Miguel de Allende, [&hellip;]\" \/>\n<meta property=\"og:url\" content=\"https:\/\/kuali.com.mx\/web\/2020\/11\/22\/gana-el-charco-del-ingenio-juicio-administrativo\/\" \/>\n<meta property=\"og:site_name\" content=\"Kuali\" \/>\n<meta property=\"article:publisher\" content=\"https:\/\/kuali.com.mx\/web\/wp-content\/uploads\/2018\/04\/cropped-kuali_logo-1-1.png\" \/>\n<meta property=\"article:published_time\" content=\"2020-11-22T14:18:55+00:00\" \/>\n<meta property=\"og:image\" content=\"https:\/\/kuali.com.mx\/web\/wp-content\/uploads\/2020\/11\/CHARCO-DEL-INGENIO.jpg\" \/>\n\t<meta property=\"og:image:width\" content=\"1030\" \/>\n\t<meta property=\"og:image:height\" content=\"493\" \/>\n\t<meta property=\"og:image:type\" content=\"image\/jpeg\" \/>\n<meta name=\"author\" content=\"Kuali Staff\" \/>\n<meta name=\"twitter:card\" content=\"summary_large_image\" \/>\n<meta name=\"twitter:creator\" content=\"@kuali_noticias\" \/>\n<meta name=\"twitter:site\" content=\"@kuali_noticias\" \/>\n<meta name=\"twitter:label1\" content=\"Escrito por\" \/>\n\t<meta name=\"twitter:data1\" content=\"Kuali Staff\" \/>\n\t<meta name=\"twitter:label2\" content=\"Tiempo de lectura\" \/>\n\t<meta name=\"twitter:data2\" content=\"2 minutos\" \/>\n<script type=\"application\/ld+json\" class=\"yoast-schema-graph\">{\"@context\":\"https:\\\/\\\/schema.org\",\"@graph\":[{\"@type\":\"Article\",\"@id\":\"https:\\\/\\\/kuali.com.mx\\\/web\\\/2020\\\/11\\\/22\\\/gana-el-charco-del-ingenio-juicio-administrativo\\\/#article\",\"isPartOf\":{\"@id\":\"https:\\\/\\\/kuali.com.mx\\\/web\\\/2020\\\/11\\\/22\\\/gana-el-charco-del-ingenio-juicio-administrativo\\\/\"},\"author\":{\"name\":\"Kuali Staff\",\"@id\":\"https:\\\/\\\/kuali.com.mx\\\/web\\\/#\\\/schema\\\/person\\\/6f89ffa8ecba9dae50662357923c5289\"},\"headline\":\"GANA EL CHARCO DEL INGENIO JUICIO ADMINISTRATIVO\",\"datePublished\":\"2020-11-22T14:18:55+00:00\",\"mainEntityOfPage\":{\"@id\":\"https:\\\/\\\/kuali.com.mx\\\/web\\\/2020\\\/11\\\/22\\\/gana-el-charco-del-ingenio-juicio-administrativo\\\/\"},\"wordCount\":443,\"commentCount\":0,\"image\":{\"@id\":\"https:\\\/\\\/kuali.com.mx\\\/web\\\/2020\\\/11\\\/22\\\/gana-el-charco-del-ingenio-juicio-administrativo\\\/#primaryimage\"},\"thumbnailUrl\":\"https:\\\/\\\/kuali.com.mx\\\/web\\\/wp-content\\\/uploads\\\/2020\\\/11\\\/CHARCO-DEL-INGENIO.jpg\",\"articleSection\":[\"Ecolog\u00eda\"],\"inLanguage\":\"es\",\"potentialAction\":[{\"@type\":\"CommentAction\",\"name\":\"Comment\",\"target\":[\"https:\\\/\\\/kuali.com.mx\\\/web\\\/2020\\\/11\\\/22\\\/gana-el-charco-del-ingenio-juicio-administrativo\\\/#respond\"]}]},{\"@type\":\"WebPage\",\"@id\":\"https:\\\/\\\/kuali.com.mx\\\/web\\\/2020\\\/11\\\/22\\\/gana-el-charco-del-ingenio-juicio-administrativo\\\/\",\"url\":\"https:\\\/\\\/kuali.com.mx\\\/web\\\/2020\\\/11\\\/22\\\/gana-el-charco-del-ingenio-juicio-administrativo\\\/\",\"name\":\"GANA EL CHARCO DEL INGENIO JUICIO ADMINISTRATIVO - Kuali\",\"isPartOf\":{\"@id\":\"https:\\\/\\\/kuali.com.mx\\\/web\\\/#website\"},\"primaryImageOfPage\":{\"@id\":\"https:\\\/\\\/kuali.com.mx\\\/web\\\/2020\\\/11\\\/22\\\/gana-el-charco-del-ingenio-juicio-administrativo\\\/#primaryimage\"},\"image\":{\"@id\":\"https:\\\/\\\/kuali.com.mx\\\/web\\\/2020\\\/11\\\/22\\\/gana-el-charco-del-ingenio-juicio-administrativo\\\/#primaryimage\"},\"thumbnailUrl\":\"https:\\\/\\\/kuali.com.mx\\\/web\\\/wp-content\\\/uploads\\\/2020\\\/11\\\/CHARCO-DEL-INGENIO.jpg\",\"datePublished\":\"2020-11-22T14:18:55+00:00\",\"author\":{\"@id\":\"https:\\\/\\\/kuali.com.mx\\\/web\\\/#\\\/schema\\\/person\\\/6f89ffa8ecba9dae50662357923c5289\"},\"breadcrumb\":{\"@id\":\"https:\\\/\\\/kuali.com.mx\\\/web\\\/2020\\\/11\\\/22\\\/gana-el-charco-del-ingenio-juicio-administrativo\\\/#breadcrumb\"},\"inLanguage\":\"es\",\"potentialAction\":[{\"@type\":\"ReadAction\",\"target\":[\"https:\\\/\\\/kuali.com.mx\\\/web\\\/2020\\\/11\\\/22\\\/gana-el-charco-del-ingenio-juicio-administrativo\\\/\"]}]},{\"@type\":\"ImageObject\",\"inLanguage\":\"es\",\"@id\":\"https:\\\/\\\/kuali.com.mx\\\/web\\\/2020\\\/11\\\/22\\\/gana-el-charco-del-ingenio-juicio-administrativo\\\/#primaryimage\",\"url\":\"https:\\\/\\\/kuali.com.mx\\\/web\\\/wp-content\\\/uploads\\\/2020\\\/11\\\/CHARCO-DEL-INGENIO.jpg\",\"contentUrl\":\"https:\\\/\\\/kuali.com.mx\\\/web\\\/wp-content\\\/uploads\\\/2020\\\/11\\\/CHARCO-DEL-INGENIO.jpg\",\"width\":1030,\"height\":493},{\"@type\":\"BreadcrumbList\",\"@id\":\"https:\\\/\\\/kuali.com.mx\\\/web\\\/2020\\\/11\\\/22\\\/gana-el-charco-del-ingenio-juicio-administrativo\\\/#breadcrumb\",\"itemListElement\":[{\"@type\":\"ListItem\",\"position\":1,\"name\":\"Inicio\",\"item\":\"https:\\\/\\\/kuali.com.mx\\\/web\\\/\"},{\"@type\":\"ListItem\",\"position\":2,\"name\":\"GANA EL CHARCO DEL INGENIO JUICIO ADMINISTRATIVO\"}]},{\"@type\":\"WebSite\",\"@id\":\"https:\\\/\\\/kuali.com.mx\\\/web\\\/#website\",\"url\":\"https:\\\/\\\/kuali.com.mx\\\/web\\\/\",\"name\":\"Kuali\",\"description\":\"\",\"potentialAction\":[{\"@type\":\"SearchAction\",\"target\":{\"@type\":\"EntryPoint\",\"urlTemplate\":\"https:\\\/\\\/kuali.com.mx\\\/web\\\/?s={search_term_string}\"},\"query-input\":{\"@type\":\"PropertyValueSpecification\",\"valueRequired\":true,\"valueName\":\"search_term_string\"}}],\"inLanguage\":\"es\"},{\"@type\":\"Person\",\"@id\":\"https:\\\/\\\/kuali.com.mx\\\/web\\\/#\\\/schema\\\/person\\\/6f89ffa8ecba9dae50662357923c5289\",\"name\":\"Kuali Staff\",\"image\":{\"@type\":\"ImageObject\",\"inLanguage\":\"es\",\"@id\":\"https:\\\/\\\/secure.gravatar.com\\\/avatar\\\/f917ad82e5ab71227a733c78b6e60715476f69ee6be59feee4eb5d9920c89e0f?s=96&d=mm&r=g\",\"url\":\"https:\\\/\\\/secure.gravatar.com\\\/avatar\\\/f917ad82e5ab71227a733c78b6e60715476f69ee6be59feee4eb5d9920c89e0f?s=96&d=mm&r=g\",\"contentUrl\":\"https:\\\/\\\/secure.gravatar.com\\\/avatar\\\/f917ad82e5ab71227a733c78b6e60715476f69ee6be59feee4eb5d9920c89e0f?s=96&d=mm&r=g\",\"caption\":\"Kuali Staff\"},\"url\":\"https:\\\/\\\/kuali.com.mx\\\/web\\\/author\\\/lagarto\\\/\"}]}<\/script>\n<!-- \/ Yoast SEO plugin. -->","yoast_head_json":{"title":"GANA EL CHARCO DEL INGENIO JUICIO ADMINISTRATIVO - Kuali","robots":{"index":"index","follow":"follow","max-snippet":"max-snippet:-1","max-image-preview":"max-image-preview:large","max-video-preview":"max-video-preview:-1"},"canonical":"https:\/\/kuali.com.mx\/web\/2020\/11\/22\/gana-el-charco-del-ingenio-juicio-administrativo\/","og_locale":"es_MX","og_type":"article","og_title":"GANA EL CHARCO DEL INGENIO JUICIO ADMINISTRATIVO - Kuali","og_description":"Kuali\/San Miguel de Allende, Gto.- La Primera Sala del Tribunal de Justicia Administrativa orden\u00f3 no modificar la zona de preservaci\u00f3n ecol\u00f3gica del Jard\u00edn Bot\u00e1nico del Charco del Ingenio. En el a\u00f1o 2019, el Charco del Ingenio y El Observatorio Ciudadano de los Sanmiguelenses tramitaron un juicio administrativo contra el Ayuntamiento de San Miguel de Allende, [&hellip;]","og_url":"https:\/\/kuali.com.mx\/web\/2020\/11\/22\/gana-el-charco-del-ingenio-juicio-administrativo\/","og_site_name":"Kuali","article_publisher":"https:\/\/kuali.com.mx\/web\/wp-content\/uploads\/2018\/04\/cropped-kuali_logo-1-1.png","article_published_time":"2020-11-22T14:18:55+00:00","og_image":[{"width":1030,"height":493,"url":"https:\/\/kuali.com.mx\/web\/wp-content\/uploads\/2020\/11\/CHARCO-DEL-INGENIO.jpg","type":"image\/jpeg"}],"author":"Kuali Staff","twitter_card":"summary_large_image","twitter_creator":"@kuali_noticias","twitter_site":"@kuali_noticias","twitter_misc":{"Escrito por":"Kuali Staff","Tiempo de lectura":"2 minutos"},"schema":{"@context":"https:\/\/schema.org","@graph":[{"@type":"Article","@id":"https:\/\/kuali.com.mx\/web\/2020\/11\/22\/gana-el-charco-del-ingenio-juicio-administrativo\/#article","isPartOf":{"@id":"https:\/\/kuali.com.mx\/web\/2020\/11\/22\/gana-el-charco-del-ingenio-juicio-administrativo\/"},"author":{"name":"Kuali Staff","@id":"https:\/\/kuali.com.mx\/web\/#\/schema\/person\/6f89ffa8ecba9dae50662357923c5289"},"headline":"GANA EL CHARCO DEL INGENIO JUICIO ADMINISTRATIVO","datePublished":"2020-11-22T14:18:55+00:00","mainEntityOfPage":{"@id":"https:\/\/kuali.com.mx\/web\/2020\/11\/22\/gana-el-charco-del-ingenio-juicio-administrativo\/"},"wordCount":443,"commentCount":0,"image":{"@id":"https:\/\/kuali.com.mx\/web\/2020\/11\/22\/gana-el-charco-del-ingenio-juicio-administrativo\/#primaryimage"},"thumbnailUrl":"https:\/\/kuali.com.mx\/web\/wp-content\/uploads\/2020\/11\/CHARCO-DEL-INGENIO.jpg","articleSection":["Ecolog\u00eda"],"inLanguage":"es","potentialAction":[{"@type":"CommentAction","name":"Comment","target":["https:\/\/kuali.com.mx\/web\/2020\/11\/22\/gana-el-charco-del-ingenio-juicio-administrativo\/#respond"]}]},{"@type":"WebPage","@id":"https:\/\/kuali.com.mx\/web\/2020\/11\/22\/gana-el-charco-del-ingenio-juicio-administrativo\/","url":"https:\/\/kuali.com.mx\/web\/2020\/11\/22\/gana-el-charco-del-ingenio-juicio-administrativo\/","name":"GANA EL CHARCO DEL INGENIO JUICIO ADMINISTRATIVO - Kuali","isPartOf":{"@id":"https:\/\/kuali.com.mx\/web\/#website"},"primaryImageOfPage":{"@id":"https:\/\/kuali.com.mx\/web\/2020\/11\/22\/gana-el-charco-del-ingenio-juicio-administrativo\/#primaryimage"},"image":{"@id":"https:\/\/kuali.com.mx\/web\/2020\/11\/22\/gana-el-charco-del-ingenio-juicio-administrativo\/#primaryimage"},"thumbnailUrl":"https:\/\/kuali.com.mx\/web\/wp-content\/uploads\/2020\/11\/CHARCO-DEL-INGENIO.jpg","datePublished":"2020-11-22T14:18:55+00:00","author":{"@id":"https:\/\/kuali.com.mx\/web\/#\/schema\/person\/6f89ffa8ecba9dae50662357923c5289"},"breadcrumb":{"@id":"https:\/\/kuali.com.mx\/web\/2020\/11\/22\/gana-el-charco-del-ingenio-juicio-administrativo\/#breadcrumb"},"inLanguage":"es","potentialAction":[{"@type":"ReadAction","target":["https:\/\/kuali.com.mx\/web\/2020\/11\/22\/gana-el-charco-del-ingenio-juicio-administrativo\/"]}]},{"@type":"ImageObject","inLanguage":"es","@id":"https:\/\/kuali.com.mx\/web\/2020\/11\/22\/gana-el-charco-del-ingenio-juicio-administrativo\/#primaryimage","url":"https:\/\/kuali.com.mx\/web\/wp-content\/uploads\/2020\/11\/CHARCO-DEL-INGENIO.jpg","contentUrl":"https:\/\/kuali.com.mx\/web\/wp-content\/uploads\/2020\/11\/CHARCO-DEL-INGENIO.jpg","width":1030,"height":493},{"@type":"BreadcrumbList","@id":"https:\/\/kuali.com.mx\/web\/2020\/11\/22\/gana-el-charco-del-ingenio-juicio-administrativo\/#breadcrumb","itemListElement":[{"@type":"ListItem","position":1,"name":"Inicio","item":"https:\/\/kuali.com.mx\/web\/"},{"@type":"ListItem","position":2,"name":"GANA EL CHARCO DEL INGENIO JUICIO ADMINISTRATIVO"}]},{"@type":"WebSite","@id":"https:\/\/kuali.com.mx\/web\/#website","url":"https:\/\/kuali.com.mx\/web\/","name":"Kuali","description":"","potentialAction":[{"@type":"SearchAction","target":{"@type":"EntryPoint","urlTemplate":"https:\/\/kuali.com.mx\/web\/?s={search_term_string}"},"query-input":{"@type":"PropertyValueSpecification","valueRequired":true,"valueName":"search_term_string"}}],"inLanguage":"es"},{"@type":"Person","@id":"https:\/\/kuali.com.mx\/web\/#\/schema\/person\/6f89ffa8ecba9dae50662357923c5289","name":"Kuali Staff","image":{"@type":"ImageObject","inLanguage":"es","@id":"https:\/\/secure.gravatar.com\/avatar\/f917ad82e5ab71227a733c78b6e60715476f69ee6be59feee4eb5d9920c89e0f?s=96&d=mm&r=g","url":"https:\/\/secure.gravatar.com\/avatar\/f917ad82e5ab71227a733c78b6e60715476f69ee6be59feee4eb5d9920c89e0f?s=96&d=mm&r=g","contentUrl":"https:\/\/secure.gravatar.com\/avatar\/f917ad82e5ab71227a733c78b6e60715476f69ee6be59feee4eb5d9920c89e0f?s=96&d=mm&r=g","caption":"Kuali Staff"},"url":"https:\/\/kuali.com.mx\/web\/author\/lagarto\/"}]}},"_links":{"self":[{"href":"https:\/\/kuali.com.mx\/web\/wp-json\/wp\/v2\/posts\/76848","targetHints":{"allow":["GET"]}}],"collection":[{"href":"https:\/\/kuali.com.mx\/web\/wp-json\/wp\/v2\/posts"}],"about":[{"href":"https:\/\/kuali.com.mx\/web\/wp-json\/wp\/v2\/types\/post"}],"author":[{"embeddable":true,"href":"https:\/\/kuali.com.mx\/web\/wp-json\/wp\/v2\/users\/2"}],"replies":[{"embeddable":true,"href":"https:\/\/kuali.com.mx\/web\/wp-json\/wp\/v2\/comments?post=76848"}],"version-history":[{"count":1,"href":"https:\/\/kuali.com.mx\/web\/wp-json\/wp\/v2\/posts\/76848\/revisions"}],"predecessor-version":[{"id":76850,"href":"https:\/\/kuali.com.mx\/web\/wp-json\/wp\/v2\/posts\/76848\/revisions\/76850"}],"wp:featuredmedia":[{"embeddable":true,"href":"https:\/\/kuali.com.mx\/web\/wp-json\/wp\/v2\/media\/76849"}],"wp:attachment":[{"href":"https:\/\/kuali.com.mx\/web\/wp-json\/wp\/v2\/media?parent=76848"}],"wp:term":[{"taxonomy":"category","embeddable":true,"href":"https:\/\/kuali.com.mx\/web\/wp-json\/wp\/v2\/categories?post=76848"},{"taxonomy":"post_tag","embeddable":true,"href":"https:\/\/kuali.com.mx\/web\/wp-json\/wp\/v2\/tags?post=76848"}],"curies":[{"name":"wp","href":"https:\/\/api.w.org\/{rel}","templated":true}]}}