{"id":75597,"date":"2020-10-16T21:40:52","date_gmt":"2020-10-17T03:40:52","guid":{"rendered":"http:\/\/kuali.com.mx\/web\/?p=75597"},"modified":"2020-10-16T21:40:52","modified_gmt":"2020-10-17T03:40:52","slug":"fundamentales-protocolos-sanitarios-para-eventos","status":"publish","type":"post","link":"https:\/\/kuali.com.mx\/web\/2020\/10\/16\/fundamentales-protocolos-sanitarios-para-eventos\/","title":{"rendered":"FUNDAMENTALES, PROTOCOLOS SANITARIOS PARA EVENTOS"},"content":{"rendered":"<p class=\"x_MsoNormal\"><b><i>Milagros Tadeo\/Le\u00f3n, Gto.-<\/i><\/b>\u00a0Las autoridades tendr\u00e1n que cuidar que dentro de eventos multitudinarios, tales como la Feria de Le\u00f3n 2021, se establezcan los protocolos necesarios para la prevenci\u00f3n del COVID-19 para evitar que se conviertan en un foco de contagios.<\/p>\n<p class=\"x_MsoNormal\">El director del Hospital Regional de Alta Especialidad del Baj\u00edo (HRAEB), Juan Luis Mosqueda G\u00f3mez, indic\u00f3 que las actividades al aire libre en la Feria son de muy bajo riesgo para la poblaci\u00f3n, pero no por eso, se tienen que descuidar aspectos como el n\u00famero de personas y espacios cerrados.<\/p>\n<p class=\"x_MsoNormal\">Resalt\u00f3 que \u201cla pregunta frente a la realizaci\u00f3n de eventos masivos como la Feria Estatal de Le\u00f3n, no es si realizarlos o no, sino qu\u00e9 medidas se tomar\u00e1n para prevenir los contagios\u201d.<\/p>\n<p class=\"x_MsoNormal\">\u00a0\u201cSi me preguntan qu\u00e9 opino de que abran restaurantes, bueno, si tiene sana distancia y est\u00e1 ventilado pueden ser seguros (\u2026) los espacios abiertos que conocemos de la feria, al estar caminando en las explanadas de la feria, son actividades de muy bajo riesgo \u00bfvan a implementar actividades en lugares cerrados? \u00bfCu\u00e1nta gente estar\u00e1 adentro? Esas creo que son las preguntas importantes\u201d, cuestion\u00f3.<\/p>\n<p class=\"x_MsoNormal\">Juan Luis Mosqueda indic\u00f3 que la Feria es visitada por miles de personas lo cual tambi\u00e9n aumentar\u00eda la movilidad y un mayor uso del transporte p\u00fablico, en donde existe un alto riesgo de contagio, sin embargo, recalc\u00f3 que hoy en d\u00eda, es la poblaci\u00f3n quien decide exponerse y enfermarse.<\/p>\n<p class=\"x_MsoNormal\">\u201cAc\u00e1 yo veo que efectivamente hubo un incremento en julio, luego hemos visto una disminuci\u00f3n pero vemos ya mucha actividad independientemente de los sem\u00e1foros. Ya hay mucha actividad. S\u00ed me da la impresi\u00f3n de que en nuestro hospital hay un cierto incremento de casos porque ya tuvimos un par de semana sin pacientes de COVID y hoy tenemos once\u201d, refiri\u00f3.<\/p>\n<p class=\"x_MsoNormal\">Y es que indic\u00f3 que la \u00a0posibilidad de un rebrote o una segunda oleada en la pandemia de COVID-19, como la que se est\u00e1 viviendo en algunos pa\u00edses de Europa, est\u00e1 latente en M\u00e9xico y Guanajuato, por lo que es necesario que las autoridades sean muy cuidadosas \u00a0respecto al cumplimiento de medidas de prevenci\u00f3n, en donde es fundamental, el uso del cubrebocas, la sana distancia y el mantenerse en espacios ventilados.<\/p>\n<p class=\"x_MsoNormal\">\u201cEn Guanajuato, para que consideremos que esto ya mejor\u00f3, tendr\u00edamos que tener \u00edndices del debajo del 5%; hemos estado en 25, 30 a 40%, ese n\u00famero se ajusta, pero el porcentaje no cambia, mientras sea alto en 20% debemos tomarlo en cuenta\u201d, finaliz\u00f3.<\/p>\n","protected":false},"excerpt":{"rendered":"Milagros Tadeo\/Le\u00f3n, Gto.-\u00a0Las autoridades tendr\u00e1n que cuidar que dentro de eventos multitudinarios, tales como la Feria de Le\u00f3n 2021, se establezcan los protocolos necesarios para la prevenci\u00f3n del COVID-19 para evitar que se conviertan en un foco de contagios. El director del Hospital Regional de Alta Especialidad del Baj\u00edo (HRAEB), Juan Luis Mosqueda G\u00f3mez, indic\u00f3 [&hellip;]","protected":false},"author":2,"featured_media":46315,"comment_status":"open","ping_status":"open","sticky":false,"template":"","format":"standard","meta":{"_seopress_robots_primary_cat":"","_seopress_titles_title":"","_seopress_titles_desc":"","_seopress_robots_index":"","_monsterinsights_skip_tracking":false,"_monsterinsights_sitenote_active":false,"_monsterinsights_sitenote_note":"","_monsterinsights_sitenote_category":0,"footnotes":""},"categories":[7],"tags":[],"class_list":["post-75597","post","type-post","status-publish","format-standard","has-post-thumbnail","hentry","category-salud"],"yoast_head":"<!-- This site is optimized with the Yoast SEO plugin v27.4 - https:\/\/yoast.com\/product\/yoast-seo-wordpress\/ -->\n<title>FUNDAMENTALES, PROTOCOLOS SANITARIOS PARA EVENTOS - Kuali<\/title>\n<meta name=\"robots\" content=\"index, follow, max-snippet:-1, max-image-preview:large, max-video-preview:-1\" \/>\n<link rel=\"canonical\" href=\"https:\/\/kuali.com.mx\/web\/2020\/10\/16\/fundamentales-protocolos-sanitarios-para-eventos\/\" \/>\n<meta property=\"og:locale\" content=\"es_MX\" \/>\n<meta property=\"og:type\" content=\"article\" \/>\n<meta property=\"og:title\" content=\"FUNDAMENTALES, PROTOCOLOS SANITARIOS PARA EVENTOS - Kuali\" \/>\n<meta property=\"og:description\" content=\"Milagros Tadeo\/Le\u00f3n, Gto.-\u00a0Las autoridades tendr\u00e1n que cuidar que dentro de eventos multitudinarios, tales como la Feria de Le\u00f3n 2021, se establezcan los protocolos necesarios para la prevenci\u00f3n del COVID-19 para evitar que se conviertan en un foco de contagios. El director del Hospital Regional de Alta Especialidad del Baj\u00edo (HRAEB), Juan Luis Mosqueda G\u00f3mez, indic\u00f3 [&hellip;]\" \/>\n<meta property=\"og:url\" content=\"https:\/\/kuali.com.mx\/web\/2020\/10\/16\/fundamentales-protocolos-sanitarios-para-eventos\/\" \/>\n<meta property=\"og:site_name\" content=\"Kuali\" \/>\n<meta property=\"article:publisher\" content=\"https:\/\/kuali.com.mx\/web\/wp-content\/uploads\/2018\/04\/cropped-kuali_logo-1-1.png\" \/>\n<meta property=\"article:published_time\" content=\"2020-10-17T03:40:52+00:00\" \/>\n<meta property=\"og:image\" content=\"https:\/\/kuali.com.mx\/web\/wp-content\/uploads\/2018\/10\/concierto-A.jpg\" \/>\n\t<meta property=\"og:image:width\" content=\"1900\" \/>\n\t<meta property=\"og:image:height\" content=\"750\" \/>\n\t<meta property=\"og:image:type\" content=\"image\/jpeg\" \/>\n<meta name=\"author\" content=\"Kuali Staff\" \/>\n<meta name=\"twitter:card\" content=\"summary_large_image\" \/>\n<meta name=\"twitter:creator\" content=\"@kuali_noticias\" \/>\n<meta name=\"twitter:site\" content=\"@kuali_noticias\" \/>\n<meta name=\"twitter:label1\" content=\"Escrito por\" \/>\n\t<meta name=\"twitter:data1\" content=\"Kuali Staff\" \/>\n\t<meta name=\"twitter:label2\" content=\"Tiempo de lectura\" \/>\n\t<meta name=\"twitter:data2\" content=\"2 minutos\" \/>\n<script type=\"application\/ld+json\" class=\"yoast-schema-graph\">{\"@context\":\"https:\\\/\\\/schema.org\",\"@graph\":[{\"@type\":\"Article\",\"@id\":\"https:\\\/\\\/kuali.com.mx\\\/web\\\/2020\\\/10\\\/16\\\/fundamentales-protocolos-sanitarios-para-eventos\\\/#article\",\"isPartOf\":{\"@id\":\"https:\\\/\\\/kuali.com.mx\\\/web\\\/2020\\\/10\\\/16\\\/fundamentales-protocolos-sanitarios-para-eventos\\\/\"},\"author\":{\"name\":\"Kuali Staff\",\"@id\":\"https:\\\/\\\/kuali.com.mx\\\/web\\\/#\\\/schema\\\/person\\\/6f89ffa8ecba9dae50662357923c5289\"},\"headline\":\"FUNDAMENTALES, PROTOCOLOS SANITARIOS PARA EVENTOS\",\"datePublished\":\"2020-10-17T03:40:52+00:00\",\"mainEntityOfPage\":{\"@id\":\"https:\\\/\\\/kuali.com.mx\\\/web\\\/2020\\\/10\\\/16\\\/fundamentales-protocolos-sanitarios-para-eventos\\\/\"},\"wordCount\":433,\"commentCount\":0,\"image\":{\"@id\":\"https:\\\/\\\/kuali.com.mx\\\/web\\\/2020\\\/10\\\/16\\\/fundamentales-protocolos-sanitarios-para-eventos\\\/#primaryimage\"},\"thumbnailUrl\":\"https:\\\/\\\/kuali.com.mx\\\/web\\\/wp-content\\\/uploads\\\/2018\\\/10\\\/concierto-A.jpg\",\"articleSection\":[\"Salud\"],\"inLanguage\":\"es\",\"potentialAction\":[{\"@type\":\"CommentAction\",\"name\":\"Comment\",\"target\":[\"https:\\\/\\\/kuali.com.mx\\\/web\\\/2020\\\/10\\\/16\\\/fundamentales-protocolos-sanitarios-para-eventos\\\/#respond\"]}]},{\"@type\":\"WebPage\",\"@id\":\"https:\\\/\\\/kuali.com.mx\\\/web\\\/2020\\\/10\\\/16\\\/fundamentales-protocolos-sanitarios-para-eventos\\\/\",\"url\":\"https:\\\/\\\/kuali.com.mx\\\/web\\\/2020\\\/10\\\/16\\\/fundamentales-protocolos-sanitarios-para-eventos\\\/\",\"name\":\"FUNDAMENTALES, PROTOCOLOS SANITARIOS PARA EVENTOS - Kuali\",\"isPartOf\":{\"@id\":\"https:\\\/\\\/kuali.com.mx\\\/web\\\/#website\"},\"primaryImageOfPage\":{\"@id\":\"https:\\\/\\\/kuali.com.mx\\\/web\\\/2020\\\/10\\\/16\\\/fundamentales-protocolos-sanitarios-para-eventos\\\/#primaryimage\"},\"image\":{\"@id\":\"https:\\\/\\\/kuali.com.mx\\\/web\\\/2020\\\/10\\\/16\\\/fundamentales-protocolos-sanitarios-para-eventos\\\/#primaryimage\"},\"thumbnailUrl\":\"https:\\\/\\\/kuali.com.mx\\\/web\\\/wp-content\\\/uploads\\\/2018\\\/10\\\/concierto-A.jpg\",\"datePublished\":\"2020-10-17T03:40:52+00:00\",\"author\":{\"@id\":\"https:\\\/\\\/kuali.com.mx\\\/web\\\/#\\\/schema\\\/person\\\/6f89ffa8ecba9dae50662357923c5289\"},\"breadcrumb\":{\"@id\":\"https:\\\/\\\/kuali.com.mx\\\/web\\\/2020\\\/10\\\/16\\\/fundamentales-protocolos-sanitarios-para-eventos\\\/#breadcrumb\"},\"inLanguage\":\"es\",\"potentialAction\":[{\"@type\":\"ReadAction\",\"target\":[\"https:\\\/\\\/kuali.com.mx\\\/web\\\/2020\\\/10\\\/16\\\/fundamentales-protocolos-sanitarios-para-eventos\\\/\"]}]},{\"@type\":\"ImageObject\",\"inLanguage\":\"es\",\"@id\":\"https:\\\/\\\/kuali.com.mx\\\/web\\\/2020\\\/10\\\/16\\\/fundamentales-protocolos-sanitarios-para-eventos\\\/#primaryimage\",\"url\":\"https:\\\/\\\/kuali.com.mx\\\/web\\\/wp-content\\\/uploads\\\/2018\\\/10\\\/concierto-A.jpg\",\"contentUrl\":\"https:\\\/\\\/kuali.com.mx\\\/web\\\/wp-content\\\/uploads\\\/2018\\\/10\\\/concierto-A.jpg\",\"width\":1900,\"height\":750},{\"@type\":\"BreadcrumbList\",\"@id\":\"https:\\\/\\\/kuali.com.mx\\\/web\\\/2020\\\/10\\\/16\\\/fundamentales-protocolos-sanitarios-para-eventos\\\/#breadcrumb\",\"itemListElement\":[{\"@type\":\"ListItem\",\"position\":1,\"name\":\"Inicio\",\"item\":\"https:\\\/\\\/kuali.com.mx\\\/web\\\/\"},{\"@type\":\"ListItem\",\"position\":2,\"name\":\"FUNDAMENTALES, PROTOCOLOS SANITARIOS PARA EVENTOS\"}]},{\"@type\":\"WebSite\",\"@id\":\"https:\\\/\\\/kuali.com.mx\\\/web\\\/#website\",\"url\":\"https:\\\/\\\/kuali.com.mx\\\/web\\\/\",\"name\":\"Kuali\",\"description\":\"\",\"potentialAction\":[{\"@type\":\"SearchAction\",\"target\":{\"@type\":\"EntryPoint\",\"urlTemplate\":\"https:\\\/\\\/kuali.com.mx\\\/web\\\/?s={search_term_string}\"},\"query-input\":{\"@type\":\"PropertyValueSpecification\",\"valueRequired\":true,\"valueName\":\"search_term_string\"}}],\"inLanguage\":\"es\"},{\"@type\":\"Person\",\"@id\":\"https:\\\/\\\/kuali.com.mx\\\/web\\\/#\\\/schema\\\/person\\\/6f89ffa8ecba9dae50662357923c5289\",\"name\":\"Kuali Staff\",\"image\":{\"@type\":\"ImageObject\",\"inLanguage\":\"es\",\"@id\":\"https:\\\/\\\/secure.gravatar.com\\\/avatar\\\/f917ad82e5ab71227a733c78b6e60715476f69ee6be59feee4eb5d9920c89e0f?s=96&d=mm&r=g\",\"url\":\"https:\\\/\\\/secure.gravatar.com\\\/avatar\\\/f917ad82e5ab71227a733c78b6e60715476f69ee6be59feee4eb5d9920c89e0f?s=96&d=mm&r=g\",\"contentUrl\":\"https:\\\/\\\/secure.gravatar.com\\\/avatar\\\/f917ad82e5ab71227a733c78b6e60715476f69ee6be59feee4eb5d9920c89e0f?s=96&d=mm&r=g\",\"caption\":\"Kuali Staff\"},\"url\":\"https:\\\/\\\/kuali.com.mx\\\/web\\\/author\\\/lagarto\\\/\"}]}<\/script>\n<!-- \/ Yoast SEO plugin. -->","yoast_head_json":{"title":"FUNDAMENTALES, PROTOCOLOS SANITARIOS PARA EVENTOS - Kuali","robots":{"index":"index","follow":"follow","max-snippet":"max-snippet:-1","max-image-preview":"max-image-preview:large","max-video-preview":"max-video-preview:-1"},"canonical":"https:\/\/kuali.com.mx\/web\/2020\/10\/16\/fundamentales-protocolos-sanitarios-para-eventos\/","og_locale":"es_MX","og_type":"article","og_title":"FUNDAMENTALES, PROTOCOLOS SANITARIOS PARA EVENTOS - Kuali","og_description":"Milagros Tadeo\/Le\u00f3n, Gto.-\u00a0Las autoridades tendr\u00e1n que cuidar que dentro de eventos multitudinarios, tales como la Feria de Le\u00f3n 2021, se establezcan los protocolos necesarios para la prevenci\u00f3n del COVID-19 para evitar que se conviertan en un foco de contagios. El director del Hospital Regional de Alta Especialidad del Baj\u00edo (HRAEB), Juan Luis Mosqueda G\u00f3mez, indic\u00f3 [&hellip;]","og_url":"https:\/\/kuali.com.mx\/web\/2020\/10\/16\/fundamentales-protocolos-sanitarios-para-eventos\/","og_site_name":"Kuali","article_publisher":"https:\/\/kuali.com.mx\/web\/wp-content\/uploads\/2018\/04\/cropped-kuali_logo-1-1.png","article_published_time":"2020-10-17T03:40:52+00:00","og_image":[{"width":1900,"height":750,"url":"https:\/\/kuali.com.mx\/web\/wp-content\/uploads\/2018\/10\/concierto-A.jpg","type":"image\/jpeg"}],"author":"Kuali Staff","twitter_card":"summary_large_image","twitter_creator":"@kuali_noticias","twitter_site":"@kuali_noticias","twitter_misc":{"Escrito por":"Kuali Staff","Tiempo de lectura":"2 minutos"},"schema":{"@context":"https:\/\/schema.org","@graph":[{"@type":"Article","@id":"https:\/\/kuali.com.mx\/web\/2020\/10\/16\/fundamentales-protocolos-sanitarios-para-eventos\/#article","isPartOf":{"@id":"https:\/\/kuali.com.mx\/web\/2020\/10\/16\/fundamentales-protocolos-sanitarios-para-eventos\/"},"author":{"name":"Kuali Staff","@id":"https:\/\/kuali.com.mx\/web\/#\/schema\/person\/6f89ffa8ecba9dae50662357923c5289"},"headline":"FUNDAMENTALES, PROTOCOLOS SANITARIOS PARA EVENTOS","datePublished":"2020-10-17T03:40:52+00:00","mainEntityOfPage":{"@id":"https:\/\/kuali.com.mx\/web\/2020\/10\/16\/fundamentales-protocolos-sanitarios-para-eventos\/"},"wordCount":433,"commentCount":0,"image":{"@id":"https:\/\/kuali.com.mx\/web\/2020\/10\/16\/fundamentales-protocolos-sanitarios-para-eventos\/#primaryimage"},"thumbnailUrl":"https:\/\/kuali.com.mx\/web\/wp-content\/uploads\/2018\/10\/concierto-A.jpg","articleSection":["Salud"],"inLanguage":"es","potentialAction":[{"@type":"CommentAction","name":"Comment","target":["https:\/\/kuali.com.mx\/web\/2020\/10\/16\/fundamentales-protocolos-sanitarios-para-eventos\/#respond"]}]},{"@type":"WebPage","@id":"https:\/\/kuali.com.mx\/web\/2020\/10\/16\/fundamentales-protocolos-sanitarios-para-eventos\/","url":"https:\/\/kuali.com.mx\/web\/2020\/10\/16\/fundamentales-protocolos-sanitarios-para-eventos\/","name":"FUNDAMENTALES, PROTOCOLOS SANITARIOS PARA EVENTOS - Kuali","isPartOf":{"@id":"https:\/\/kuali.com.mx\/web\/#website"},"primaryImageOfPage":{"@id":"https:\/\/kuali.com.mx\/web\/2020\/10\/16\/fundamentales-protocolos-sanitarios-para-eventos\/#primaryimage"},"image":{"@id":"https:\/\/kuali.com.mx\/web\/2020\/10\/16\/fundamentales-protocolos-sanitarios-para-eventos\/#primaryimage"},"thumbnailUrl":"https:\/\/kuali.com.mx\/web\/wp-content\/uploads\/2018\/10\/concierto-A.jpg","datePublished":"2020-10-17T03:40:52+00:00","author":{"@id":"https:\/\/kuali.com.mx\/web\/#\/schema\/person\/6f89ffa8ecba9dae50662357923c5289"},"breadcrumb":{"@id":"https:\/\/kuali.com.mx\/web\/2020\/10\/16\/fundamentales-protocolos-sanitarios-para-eventos\/#breadcrumb"},"inLanguage":"es","potentialAction":[{"@type":"ReadAction","target":["https:\/\/kuali.com.mx\/web\/2020\/10\/16\/fundamentales-protocolos-sanitarios-para-eventos\/"]}]},{"@type":"ImageObject","inLanguage":"es","@id":"https:\/\/kuali.com.mx\/web\/2020\/10\/16\/fundamentales-protocolos-sanitarios-para-eventos\/#primaryimage","url":"https:\/\/kuali.com.mx\/web\/wp-content\/uploads\/2018\/10\/concierto-A.jpg","contentUrl":"https:\/\/kuali.com.mx\/web\/wp-content\/uploads\/2018\/10\/concierto-A.jpg","width":1900,"height":750},{"@type":"BreadcrumbList","@id":"https:\/\/kuali.com.mx\/web\/2020\/10\/16\/fundamentales-protocolos-sanitarios-para-eventos\/#breadcrumb","itemListElement":[{"@type":"ListItem","position":1,"name":"Inicio","item":"https:\/\/kuali.com.mx\/web\/"},{"@type":"ListItem","position":2,"name":"FUNDAMENTALES, PROTOCOLOS SANITARIOS PARA EVENTOS"}]},{"@type":"WebSite","@id":"https:\/\/kuali.com.mx\/web\/#website","url":"https:\/\/kuali.com.mx\/web\/","name":"Kuali","description":"","potentialAction":[{"@type":"SearchAction","target":{"@type":"EntryPoint","urlTemplate":"https:\/\/kuali.com.mx\/web\/?s={search_term_string}"},"query-input":{"@type":"PropertyValueSpecification","valueRequired":true,"valueName":"search_term_string"}}],"inLanguage":"es"},{"@type":"Person","@id":"https:\/\/kuali.com.mx\/web\/#\/schema\/person\/6f89ffa8ecba9dae50662357923c5289","name":"Kuali Staff","image":{"@type":"ImageObject","inLanguage":"es","@id":"https:\/\/secure.gravatar.com\/avatar\/f917ad82e5ab71227a733c78b6e60715476f69ee6be59feee4eb5d9920c89e0f?s=96&d=mm&r=g","url":"https:\/\/secure.gravatar.com\/avatar\/f917ad82e5ab71227a733c78b6e60715476f69ee6be59feee4eb5d9920c89e0f?s=96&d=mm&r=g","contentUrl":"https:\/\/secure.gravatar.com\/avatar\/f917ad82e5ab71227a733c78b6e60715476f69ee6be59feee4eb5d9920c89e0f?s=96&d=mm&r=g","caption":"Kuali Staff"},"url":"https:\/\/kuali.com.mx\/web\/author\/lagarto\/"}]}},"_links":{"self":[{"href":"https:\/\/kuali.com.mx\/web\/wp-json\/wp\/v2\/posts\/75597","targetHints":{"allow":["GET"]}}],"collection":[{"href":"https:\/\/kuali.com.mx\/web\/wp-json\/wp\/v2\/posts"}],"about":[{"href":"https:\/\/kuali.com.mx\/web\/wp-json\/wp\/v2\/types\/post"}],"author":[{"embeddable":true,"href":"https:\/\/kuali.com.mx\/web\/wp-json\/wp\/v2\/users\/2"}],"replies":[{"embeddable":true,"href":"https:\/\/kuali.com.mx\/web\/wp-json\/wp\/v2\/comments?post=75597"}],"version-history":[{"count":1,"href":"https:\/\/kuali.com.mx\/web\/wp-json\/wp\/v2\/posts\/75597\/revisions"}],"predecessor-version":[{"id":75598,"href":"https:\/\/kuali.com.mx\/web\/wp-json\/wp\/v2\/posts\/75597\/revisions\/75598"}],"wp:featuredmedia":[{"embeddable":true,"href":"https:\/\/kuali.com.mx\/web\/wp-json\/wp\/v2\/media\/46315"}],"wp:attachment":[{"href":"https:\/\/kuali.com.mx\/web\/wp-json\/wp\/v2\/media?parent=75597"}],"wp:term":[{"taxonomy":"category","embeddable":true,"href":"https:\/\/kuali.com.mx\/web\/wp-json\/wp\/v2\/categories?post=75597"},{"taxonomy":"post_tag","embeddable":true,"href":"https:\/\/kuali.com.mx\/web\/wp-json\/wp\/v2\/tags?post=75597"}],"curies":[{"name":"wp","href":"https:\/\/api.w.org\/{rel}","templated":true}]}}