{"id":75582,"date":"2020-10-16T13:50:46","date_gmt":"2020-10-16T19:50:46","guid":{"rendered":"http:\/\/kuali.com.mx\/web\/?p=75582"},"modified":"2020-10-16T20:45:48","modified_gmt":"2020-10-17T02:45:48","slug":"aumentan-ventas-en-la-feria-del-alfenique","status":"publish","type":"post","link":"https:\/\/kuali.com.mx\/web\/2020\/10\/16\/aumentan-ventas-en-la-feria-del-alfenique\/","title":{"rendered":"AUMENTAN VENTAS EN LA FERIA DEL ALFE\u00d1IQUE"},"content":{"rendered":"<p><strong><em>Kuali\/Irapuato, Gto<\/em><\/strong>.- Con el objetivo de reactivar la econom\u00eda local y mantener vivas las tradiciones mexicanas, como la celebraci\u00f3n del D\u00eda de Muertos, autoridades visitaron la Feria del Alfe\u00f1ique.<!--more--><\/p>\n<p>Acompa\u00f1ado de comerciantes y artesanos de la temporada del alfe\u00f1ique, el presidente municipal, Ricardo Ortiz Guti\u00e9rrez, realiz\u00f3 el corte de list\u00f3n y destac\u00f3 que esta es una de las ferias m\u00e1s representativas para la ciudadan\u00eda, a quienes invit\u00f3 a cuidarse y mantener las medidas sanitarias.<\/p>\n<p>\u201cEs un evento que se viene realizando desde hace m\u00e1s de 40 a\u00f1os y que es tradicional de Irapuato, el alfe\u00f1ique, ya no se hace en otros municipios del estado y lo debemos seguir conservando\u201d, coment\u00f3.<\/p>\n<p>Durante el recorrido en los locales de temporada, el Alcalde invit\u00f3 a los comerciantes y visitantes a continuar implementando los protocolos sanitarios, para disminuir contagios de coronavirus y evitar frenar la reactivaci\u00f3n de sectores.<\/p>\n<p>Comerciantes de la Plaza del Comercio Popular, agradecieron a las autoridades la decisi\u00f3n de permitir la activaci\u00f3n de nuevos sectores, pues aseguraron que, con la instalaci\u00f3n del comercio de temporada, lograron incrementar sus ventas hasta en un 90%.<\/p>\n<p>Por su parte, comerciantes y artesanos de temporada invitaron a la ciudadan\u00eda a acudir a la Feria del Alfe\u00f1ique con las medidas sanitarias, como el uso de cubreboca, mantener sana distancia, lavarse las manos al ingresar y uso de alcohol en gel.<\/p>\n<p>&nbsp;<\/p>\n<p>&nbsp;<\/p>\n<p>&nbsp;<\/p>\n<p>&nbsp;<\/p>\n<p>&nbsp;<\/p>\n<p>&nbsp;<\/p>\n","protected":false},"excerpt":{"rendered":"Kuali\/Irapuato, Gto.- Con el objetivo de reactivar la econom\u00eda local y mantener vivas las tradiciones mexicanas, como la celebraci\u00f3n del D\u00eda de Muertos, autoridades visitaron la Feria del Alfe\u00f1ique.","protected":false},"author":2,"featured_media":75583,"comment_status":"open","ping_status":"open","sticky":false,"template":"","format":"standard","meta":{"_seopress_robots_primary_cat":"","_seopress_titles_title":"","_seopress_titles_desc":"","_seopress_robots_index":"","_monsterinsights_skip_tracking":false,"_monsterinsights_sitenote_active":false,"_monsterinsights_sitenote_note":"","_monsterinsights_sitenote_category":0,"footnotes":""},"categories":[8],"tags":[],"class_list":["post-75582","post","type-post","status-publish","format-standard","has-post-thumbnail","hentry","category-espectaculos"],"yoast_head":"<!-- This site is optimized with the Yoast SEO plugin v27.4 - https:\/\/yoast.com\/product\/yoast-seo-wordpress\/ -->\n<title>AUMENTAN VENTAS EN LA FERIA DEL ALFE\u00d1IQUE - Kuali<\/title>\n<meta name=\"robots\" content=\"index, follow, max-snippet:-1, max-image-preview:large, max-video-preview:-1\" \/>\n<link rel=\"canonical\" href=\"https:\/\/kuali.com.mx\/web\/2020\/10\/16\/aumentan-ventas-en-la-feria-del-alfenique\/\" \/>\n<meta property=\"og:locale\" content=\"es_MX\" \/>\n<meta property=\"og:type\" content=\"article\" \/>\n<meta property=\"og:title\" content=\"AUMENTAN VENTAS EN LA FERIA DEL ALFE\u00d1IQUE - Kuali\" \/>\n<meta property=\"og:description\" content=\"Kuali\/Irapuato, Gto.- Con el objetivo de reactivar la econom\u00eda local y mantener vivas las tradiciones mexicanas, como la celebraci\u00f3n del D\u00eda de Muertos, autoridades visitaron la Feria del Alfe\u00f1ique.\" \/>\n<meta property=\"og:url\" content=\"https:\/\/kuali.com.mx\/web\/2020\/10\/16\/aumentan-ventas-en-la-feria-del-alfenique\/\" \/>\n<meta property=\"og:site_name\" content=\"Kuali\" \/>\n<meta property=\"article:publisher\" content=\"https:\/\/kuali.com.mx\/web\/wp-content\/uploads\/2018\/04\/cropped-kuali_logo-1-1.png\" \/>\n<meta property=\"article:published_time\" content=\"2020-10-16T19:50:46+00:00\" \/>\n<meta property=\"article:modified_time\" content=\"2020-10-17T02:45:48+00:00\" \/>\n<meta property=\"og:image\" content=\"https:\/\/kuali.com.mx\/web\/wp-content\/uploads\/2020\/10\/ALFI\u00d1IQUES.jpg\" \/>\n\t<meta property=\"og:image:width\" content=\"1541\" \/>\n\t<meta property=\"og:image:height\" content=\"715\" \/>\n\t<meta property=\"og:image:type\" content=\"image\/jpeg\" \/>\n<meta name=\"author\" content=\"Kuali Staff\" \/>\n<meta name=\"twitter:card\" content=\"summary_large_image\" \/>\n<meta name=\"twitter:creator\" content=\"@kuali_noticias\" \/>\n<meta name=\"twitter:site\" content=\"@kuali_noticias\" \/>\n<meta name=\"twitter:label1\" content=\"Escrito por\" \/>\n\t<meta name=\"twitter:data1\" content=\"Kuali Staff\" \/>\n\t<meta name=\"twitter:label2\" content=\"Tiempo de lectura\" \/>\n\t<meta name=\"twitter:data2\" content=\"1 minuto\" \/>\n<script type=\"application\/ld+json\" class=\"yoast-schema-graph\">{\"@context\":\"https:\\\/\\\/schema.org\",\"@graph\":[{\"@type\":\"Article\",\"@id\":\"https:\\\/\\\/kuali.com.mx\\\/web\\\/2020\\\/10\\\/16\\\/aumentan-ventas-en-la-feria-del-alfenique\\\/#article\",\"isPartOf\":{\"@id\":\"https:\\\/\\\/kuali.com.mx\\\/web\\\/2020\\\/10\\\/16\\\/aumentan-ventas-en-la-feria-del-alfenique\\\/\"},\"author\":{\"name\":\"Kuali Staff\",\"@id\":\"https:\\\/\\\/kuali.com.mx\\\/web\\\/#\\\/schema\\\/person\\\/6f89ffa8ecba9dae50662357923c5289\"},\"headline\":\"AUMENTAN VENTAS EN LA FERIA DEL ALFE\u00d1IQUE\",\"datePublished\":\"2020-10-16T19:50:46+00:00\",\"dateModified\":\"2020-10-17T02:45:48+00:00\",\"mainEntityOfPage\":{\"@id\":\"https:\\\/\\\/kuali.com.mx\\\/web\\\/2020\\\/10\\\/16\\\/aumentan-ventas-en-la-feria-del-alfenique\\\/\"},\"wordCount\":257,\"commentCount\":0,\"image\":{\"@id\":\"https:\\\/\\\/kuali.com.mx\\\/web\\\/2020\\\/10\\\/16\\\/aumentan-ventas-en-la-feria-del-alfenique\\\/#primaryimage\"},\"thumbnailUrl\":\"https:\\\/\\\/kuali.com.mx\\\/web\\\/wp-content\\\/uploads\\\/2020\\\/10\\\/ALFI\u00d1IQUES.jpg\",\"articleSection\":[\"Cultura\"],\"inLanguage\":\"es\",\"potentialAction\":[{\"@type\":\"CommentAction\",\"name\":\"Comment\",\"target\":[\"https:\\\/\\\/kuali.com.mx\\\/web\\\/2020\\\/10\\\/16\\\/aumentan-ventas-en-la-feria-del-alfenique\\\/#respond\"]}]},{\"@type\":\"WebPage\",\"@id\":\"https:\\\/\\\/kuali.com.mx\\\/web\\\/2020\\\/10\\\/16\\\/aumentan-ventas-en-la-feria-del-alfenique\\\/\",\"url\":\"https:\\\/\\\/kuali.com.mx\\\/web\\\/2020\\\/10\\\/16\\\/aumentan-ventas-en-la-feria-del-alfenique\\\/\",\"name\":\"AUMENTAN VENTAS EN LA FERIA DEL ALFE\u00d1IQUE - Kuali\",\"isPartOf\":{\"@id\":\"https:\\\/\\\/kuali.com.mx\\\/web\\\/#website\"},\"primaryImageOfPage\":{\"@id\":\"https:\\\/\\\/kuali.com.mx\\\/web\\\/2020\\\/10\\\/16\\\/aumentan-ventas-en-la-feria-del-alfenique\\\/#primaryimage\"},\"image\":{\"@id\":\"https:\\\/\\\/kuali.com.mx\\\/web\\\/2020\\\/10\\\/16\\\/aumentan-ventas-en-la-feria-del-alfenique\\\/#primaryimage\"},\"thumbnailUrl\":\"https:\\\/\\\/kuali.com.mx\\\/web\\\/wp-content\\\/uploads\\\/2020\\\/10\\\/ALFI\u00d1IQUES.jpg\",\"datePublished\":\"2020-10-16T19:50:46+00:00\",\"dateModified\":\"2020-10-17T02:45:48+00:00\",\"author\":{\"@id\":\"https:\\\/\\\/kuali.com.mx\\\/web\\\/#\\\/schema\\\/person\\\/6f89ffa8ecba9dae50662357923c5289\"},\"breadcrumb\":{\"@id\":\"https:\\\/\\\/kuali.com.mx\\\/web\\\/2020\\\/10\\\/16\\\/aumentan-ventas-en-la-feria-del-alfenique\\\/#breadcrumb\"},\"inLanguage\":\"es\",\"potentialAction\":[{\"@type\":\"ReadAction\",\"target\":[\"https:\\\/\\\/kuali.com.mx\\\/web\\\/2020\\\/10\\\/16\\\/aumentan-ventas-en-la-feria-del-alfenique\\\/\"]}]},{\"@type\":\"ImageObject\",\"inLanguage\":\"es\",\"@id\":\"https:\\\/\\\/kuali.com.mx\\\/web\\\/2020\\\/10\\\/16\\\/aumentan-ventas-en-la-feria-del-alfenique\\\/#primaryimage\",\"url\":\"https:\\\/\\\/kuali.com.mx\\\/web\\\/wp-content\\\/uploads\\\/2020\\\/10\\\/ALFI\u00d1IQUES.jpg\",\"contentUrl\":\"https:\\\/\\\/kuali.com.mx\\\/web\\\/wp-content\\\/uploads\\\/2020\\\/10\\\/ALFI\u00d1IQUES.jpg\",\"width\":1541,\"height\":715},{\"@type\":\"BreadcrumbList\",\"@id\":\"https:\\\/\\\/kuali.com.mx\\\/web\\\/2020\\\/10\\\/16\\\/aumentan-ventas-en-la-feria-del-alfenique\\\/#breadcrumb\",\"itemListElement\":[{\"@type\":\"ListItem\",\"position\":1,\"name\":\"Inicio\",\"item\":\"https:\\\/\\\/kuali.com.mx\\\/web\\\/\"},{\"@type\":\"ListItem\",\"position\":2,\"name\":\"AUMENTAN VENTAS EN LA FERIA DEL ALFE\u00d1IQUE\"}]},{\"@type\":\"WebSite\",\"@id\":\"https:\\\/\\\/kuali.com.mx\\\/web\\\/#website\",\"url\":\"https:\\\/\\\/kuali.com.mx\\\/web\\\/\",\"name\":\"Kuali\",\"description\":\"\",\"potentialAction\":[{\"@type\":\"SearchAction\",\"target\":{\"@type\":\"EntryPoint\",\"urlTemplate\":\"https:\\\/\\\/kuali.com.mx\\\/web\\\/?s={search_term_string}\"},\"query-input\":{\"@type\":\"PropertyValueSpecification\",\"valueRequired\":true,\"valueName\":\"search_term_string\"}}],\"inLanguage\":\"es\"},{\"@type\":\"Person\",\"@id\":\"https:\\\/\\\/kuali.com.mx\\\/web\\\/#\\\/schema\\\/person\\\/6f89ffa8ecba9dae50662357923c5289\",\"name\":\"Kuali Staff\",\"image\":{\"@type\":\"ImageObject\",\"inLanguage\":\"es\",\"@id\":\"https:\\\/\\\/secure.gravatar.com\\\/avatar\\\/f917ad82e5ab71227a733c78b6e60715476f69ee6be59feee4eb5d9920c89e0f?s=96&d=mm&r=g\",\"url\":\"https:\\\/\\\/secure.gravatar.com\\\/avatar\\\/f917ad82e5ab71227a733c78b6e60715476f69ee6be59feee4eb5d9920c89e0f?s=96&d=mm&r=g\",\"contentUrl\":\"https:\\\/\\\/secure.gravatar.com\\\/avatar\\\/f917ad82e5ab71227a733c78b6e60715476f69ee6be59feee4eb5d9920c89e0f?s=96&d=mm&r=g\",\"caption\":\"Kuali Staff\"},\"url\":\"https:\\\/\\\/kuali.com.mx\\\/web\\\/author\\\/lagarto\\\/\"}]}<\/script>\n<!-- \/ Yoast SEO plugin. -->","yoast_head_json":{"title":"AUMENTAN VENTAS EN LA FERIA DEL ALFE\u00d1IQUE - Kuali","robots":{"index":"index","follow":"follow","max-snippet":"max-snippet:-1","max-image-preview":"max-image-preview:large","max-video-preview":"max-video-preview:-1"},"canonical":"https:\/\/kuali.com.mx\/web\/2020\/10\/16\/aumentan-ventas-en-la-feria-del-alfenique\/","og_locale":"es_MX","og_type":"article","og_title":"AUMENTAN VENTAS EN LA FERIA DEL ALFE\u00d1IQUE - Kuali","og_description":"Kuali\/Irapuato, Gto.- Con el objetivo de reactivar la econom\u00eda local y mantener vivas las tradiciones mexicanas, como la celebraci\u00f3n del D\u00eda de Muertos, autoridades visitaron la Feria del Alfe\u00f1ique.","og_url":"https:\/\/kuali.com.mx\/web\/2020\/10\/16\/aumentan-ventas-en-la-feria-del-alfenique\/","og_site_name":"Kuali","article_publisher":"https:\/\/kuali.com.mx\/web\/wp-content\/uploads\/2018\/04\/cropped-kuali_logo-1-1.png","article_published_time":"2020-10-16T19:50:46+00:00","article_modified_time":"2020-10-17T02:45:48+00:00","og_image":[{"width":1541,"height":715,"url":"https:\/\/kuali.com.mx\/web\/wp-content\/uploads\/2020\/10\/ALFI\u00d1IQUES.jpg","type":"image\/jpeg"}],"author":"Kuali Staff","twitter_card":"summary_large_image","twitter_creator":"@kuali_noticias","twitter_site":"@kuali_noticias","twitter_misc":{"Escrito por":"Kuali Staff","Tiempo de lectura":"1 minuto"},"schema":{"@context":"https:\/\/schema.org","@graph":[{"@type":"Article","@id":"https:\/\/kuali.com.mx\/web\/2020\/10\/16\/aumentan-ventas-en-la-feria-del-alfenique\/#article","isPartOf":{"@id":"https:\/\/kuali.com.mx\/web\/2020\/10\/16\/aumentan-ventas-en-la-feria-del-alfenique\/"},"author":{"name":"Kuali Staff","@id":"https:\/\/kuali.com.mx\/web\/#\/schema\/person\/6f89ffa8ecba9dae50662357923c5289"},"headline":"AUMENTAN VENTAS EN LA FERIA DEL ALFE\u00d1IQUE","datePublished":"2020-10-16T19:50:46+00:00","dateModified":"2020-10-17T02:45:48+00:00","mainEntityOfPage":{"@id":"https:\/\/kuali.com.mx\/web\/2020\/10\/16\/aumentan-ventas-en-la-feria-del-alfenique\/"},"wordCount":257,"commentCount":0,"image":{"@id":"https:\/\/kuali.com.mx\/web\/2020\/10\/16\/aumentan-ventas-en-la-feria-del-alfenique\/#primaryimage"},"thumbnailUrl":"https:\/\/kuali.com.mx\/web\/wp-content\/uploads\/2020\/10\/ALFI\u00d1IQUES.jpg","articleSection":["Cultura"],"inLanguage":"es","potentialAction":[{"@type":"CommentAction","name":"Comment","target":["https:\/\/kuali.com.mx\/web\/2020\/10\/16\/aumentan-ventas-en-la-feria-del-alfenique\/#respond"]}]},{"@type":"WebPage","@id":"https:\/\/kuali.com.mx\/web\/2020\/10\/16\/aumentan-ventas-en-la-feria-del-alfenique\/","url":"https:\/\/kuali.com.mx\/web\/2020\/10\/16\/aumentan-ventas-en-la-feria-del-alfenique\/","name":"AUMENTAN VENTAS EN LA FERIA DEL ALFE\u00d1IQUE - Kuali","isPartOf":{"@id":"https:\/\/kuali.com.mx\/web\/#website"},"primaryImageOfPage":{"@id":"https:\/\/kuali.com.mx\/web\/2020\/10\/16\/aumentan-ventas-en-la-feria-del-alfenique\/#primaryimage"},"image":{"@id":"https:\/\/kuali.com.mx\/web\/2020\/10\/16\/aumentan-ventas-en-la-feria-del-alfenique\/#primaryimage"},"thumbnailUrl":"https:\/\/kuali.com.mx\/web\/wp-content\/uploads\/2020\/10\/ALFI\u00d1IQUES.jpg","datePublished":"2020-10-16T19:50:46+00:00","dateModified":"2020-10-17T02:45:48+00:00","author":{"@id":"https:\/\/kuali.com.mx\/web\/#\/schema\/person\/6f89ffa8ecba9dae50662357923c5289"},"breadcrumb":{"@id":"https:\/\/kuali.com.mx\/web\/2020\/10\/16\/aumentan-ventas-en-la-feria-del-alfenique\/#breadcrumb"},"inLanguage":"es","potentialAction":[{"@type":"ReadAction","target":["https:\/\/kuali.com.mx\/web\/2020\/10\/16\/aumentan-ventas-en-la-feria-del-alfenique\/"]}]},{"@type":"ImageObject","inLanguage":"es","@id":"https:\/\/kuali.com.mx\/web\/2020\/10\/16\/aumentan-ventas-en-la-feria-del-alfenique\/#primaryimage","url":"https:\/\/kuali.com.mx\/web\/wp-content\/uploads\/2020\/10\/ALFI\u00d1IQUES.jpg","contentUrl":"https:\/\/kuali.com.mx\/web\/wp-content\/uploads\/2020\/10\/ALFI\u00d1IQUES.jpg","width":1541,"height":715},{"@type":"BreadcrumbList","@id":"https:\/\/kuali.com.mx\/web\/2020\/10\/16\/aumentan-ventas-en-la-feria-del-alfenique\/#breadcrumb","itemListElement":[{"@type":"ListItem","position":1,"name":"Inicio","item":"https:\/\/kuali.com.mx\/web\/"},{"@type":"ListItem","position":2,"name":"AUMENTAN VENTAS EN LA FERIA DEL ALFE\u00d1IQUE"}]},{"@type":"WebSite","@id":"https:\/\/kuali.com.mx\/web\/#website","url":"https:\/\/kuali.com.mx\/web\/","name":"Kuali","description":"","potentialAction":[{"@type":"SearchAction","target":{"@type":"EntryPoint","urlTemplate":"https:\/\/kuali.com.mx\/web\/?s={search_term_string}"},"query-input":{"@type":"PropertyValueSpecification","valueRequired":true,"valueName":"search_term_string"}}],"inLanguage":"es"},{"@type":"Person","@id":"https:\/\/kuali.com.mx\/web\/#\/schema\/person\/6f89ffa8ecba9dae50662357923c5289","name":"Kuali Staff","image":{"@type":"ImageObject","inLanguage":"es","@id":"https:\/\/secure.gravatar.com\/avatar\/f917ad82e5ab71227a733c78b6e60715476f69ee6be59feee4eb5d9920c89e0f?s=96&d=mm&r=g","url":"https:\/\/secure.gravatar.com\/avatar\/f917ad82e5ab71227a733c78b6e60715476f69ee6be59feee4eb5d9920c89e0f?s=96&d=mm&r=g","contentUrl":"https:\/\/secure.gravatar.com\/avatar\/f917ad82e5ab71227a733c78b6e60715476f69ee6be59feee4eb5d9920c89e0f?s=96&d=mm&r=g","caption":"Kuali Staff"},"url":"https:\/\/kuali.com.mx\/web\/author\/lagarto\/"}]}},"_links":{"self":[{"href":"https:\/\/kuali.com.mx\/web\/wp-json\/wp\/v2\/posts\/75582","targetHints":{"allow":["GET"]}}],"collection":[{"href":"https:\/\/kuali.com.mx\/web\/wp-json\/wp\/v2\/posts"}],"about":[{"href":"https:\/\/kuali.com.mx\/web\/wp-json\/wp\/v2\/types\/post"}],"author":[{"embeddable":true,"href":"https:\/\/kuali.com.mx\/web\/wp-json\/wp\/v2\/users\/2"}],"replies":[{"embeddable":true,"href":"https:\/\/kuali.com.mx\/web\/wp-json\/wp\/v2\/comments?post=75582"}],"version-history":[{"count":2,"href":"https:\/\/kuali.com.mx\/web\/wp-json\/wp\/v2\/posts\/75582\/revisions"}],"predecessor-version":[{"id":75593,"href":"https:\/\/kuali.com.mx\/web\/wp-json\/wp\/v2\/posts\/75582\/revisions\/75593"}],"wp:featuredmedia":[{"embeddable":true,"href":"https:\/\/kuali.com.mx\/web\/wp-json\/wp\/v2\/media\/75583"}],"wp:attachment":[{"href":"https:\/\/kuali.com.mx\/web\/wp-json\/wp\/v2\/media?parent=75582"}],"wp:term":[{"taxonomy":"category","embeddable":true,"href":"https:\/\/kuali.com.mx\/web\/wp-json\/wp\/v2\/categories?post=75582"},{"taxonomy":"post_tag","embeddable":true,"href":"https:\/\/kuali.com.mx\/web\/wp-json\/wp\/v2\/tags?post=75582"}],"curies":[{"name":"wp","href":"https:\/\/api.w.org\/{rel}","templated":true}]}}