{"id":75578,"date":"2020-10-16T15:53:33","date_gmt":"2020-10-16T21:53:33","guid":{"rendered":"http:\/\/kuali.com.mx\/web\/?p=75578"},"modified":"2020-10-16T16:03:31","modified_gmt":"2020-10-16T22:03:31","slug":"sentencian-a-106-anos-a-karateca-que-violo-a-2-menores","status":"publish","type":"post","link":"https:\/\/kuali.com.mx\/web\/2020\/10\/16\/sentencian-a-106-anos-a-karateca-que-violo-a-2-menores\/","title":{"rendered":"SENTENCIAN A 106 A\u00d1OS A KARATECA QUE VIOL\u00d3 A 2 MENORES"},"content":{"rendered":"<p><em><strong>Carlos Garc\u00eda\/Morole\u00f3n, Gto.-<\/strong><\/em> Un maestro de karate fue sentenciado a 106 a\u00f1os de prisi\u00f3n por violar a dos de sus alumnas en el municipio de Morole\u00f3n, inform\u00f3 la Fiscal\u00eda General del Estado (FGE).<\/p>\n<p>El hombre de 45 a\u00f1os de edad fue encontrado culpable de violaci\u00f3n espuria calificada, violaci\u00f3n calificada y corrupci\u00f3n de menores.<\/p>\n<p>\u201cJuan Carlos violent\u00f3 sexualmente a dos de sus alumnas en distintos a\u00f1os y las hizo participar de manera prematura y obscena en actividades de naturaleza sexual que han perjudicado el desarrollo de su personalidad\u201d, ventil\u00f3 la Fiscal\u00eda,<\/p>\n<p>Record\u00f3 que a una de las v\u00edctimas le dijo que ten\u00eda futuro en las artes marciales, que la llevar\u00eda a competir por el mundo, pero la viol\u00f3.<\/p>\n<p>\u201cLos resultados m\u00e9dicos no solo aportaron informaci\u00f3n de lesiones f\u00edsicas sino ex\u00e1menes psicol\u00f3gicos revelaron consecuencias que este tipo de violencia provoc\u00f3 en la salud mental de la v\u00edctima\u201d, se\u00f1al\u00f3.<\/p>\n<p>Agreg\u00f3 que a la segunda v\u00edctima la obligaba a tomarse fotos desnuda y envi\u00e1rselas por celular. Posteriormente abus\u00f3 de ella durante varios a\u00f1os.<\/p>\n<p>\u201cEl recurrente fue detenido como autor de un delito continuado de abusos sexuales en agravio de dos menores de edad, raz\u00f3n por la cual fue vinculado a proceso, y un Tribunal Unitario de Juicio Oral, al analizar las contundentes pruebas aportadas por el agente litigante del Ministerio P\u00fablico, resolvi\u00f3 imponer una sentencia condenatoria de 106 a\u00f1os con 8 meses y 15 d\u00edas de prisi\u00f3n\u201d, concluy\u00f3.<\/p>\n","protected":false},"excerpt":{"rendered":"Carlos Garc\u00eda\/Morole\u00f3n, Gto.- Un maestro de karate fue sentenciado a 106 a\u00f1os de prisi\u00f3n por violar a dos de sus alumnas en el municipio de Morole\u00f3n, inform\u00f3 la Fiscal\u00eda General del Estado (FGE). El hombre de 45 a\u00f1os de edad fue encontrado culpable de violaci\u00f3n espuria calificada, violaci\u00f3n calificada y corrupci\u00f3n de menores. \u201cJuan Carlos [&hellip;]","protected":false},"author":2,"featured_media":75579,"comment_status":"open","ping_status":"open","sticky":false,"template":"","format":"standard","meta":{"_seopress_robots_primary_cat":"","_seopress_titles_title":"","_seopress_titles_desc":"","_seopress_robots_index":"","_monsterinsights_skip_tracking":false,"_monsterinsights_sitenote_active":false,"_monsterinsights_sitenote_note":"","_monsterinsights_sitenote_category":0,"footnotes":""},"categories":[3,69],"tags":[],"class_list":["post-75578","post","type-post","status-publish","format-standard","has-post-thumbnail","hentry","category-politica","category-slider"],"yoast_head":"<!-- This site is optimized with the Yoast SEO plugin v27.4 - https:\/\/yoast.com\/product\/yoast-seo-wordpress\/ -->\n<title>SENTENCIAN A 106 A\u00d1OS A KARATECA QUE VIOL\u00d3 A 2 MENORES - Kuali<\/title>\n<meta name=\"robots\" content=\"index, follow, max-snippet:-1, max-image-preview:large, max-video-preview:-1\" \/>\n<link rel=\"canonical\" href=\"https:\/\/kuali.com.mx\/web\/2020\/10\/16\/sentencian-a-106-anos-a-karateca-que-violo-a-2-menores\/\" \/>\n<meta property=\"og:locale\" content=\"es_MX\" \/>\n<meta property=\"og:type\" content=\"article\" \/>\n<meta property=\"og:title\" content=\"SENTENCIAN A 106 A\u00d1OS A KARATECA QUE VIOL\u00d3 A 2 MENORES - Kuali\" \/>\n<meta property=\"og:description\" content=\"Carlos Garc\u00eda\/Morole\u00f3n, Gto.- Un maestro de karate fue sentenciado a 106 a\u00f1os de prisi\u00f3n por violar a dos de sus alumnas en el municipio de Morole\u00f3n, inform\u00f3 la Fiscal\u00eda General del Estado (FGE). El hombre de 45 a\u00f1os de edad fue encontrado culpable de violaci\u00f3n espuria calificada, violaci\u00f3n calificada y corrupci\u00f3n de menores. \u201cJuan Carlos [&hellip;]\" \/>\n<meta property=\"og:url\" content=\"https:\/\/kuali.com.mx\/web\/2020\/10\/16\/sentencian-a-106-anos-a-karateca-que-violo-a-2-menores\/\" \/>\n<meta property=\"og:site_name\" content=\"Kuali\" \/>\n<meta property=\"article:publisher\" content=\"https:\/\/kuali.com.mx\/web\/wp-content\/uploads\/2018\/04\/cropped-kuali_logo-1-1.png\" \/>\n<meta property=\"article:published_time\" content=\"2020-10-16T21:53:33+00:00\" \/>\n<meta property=\"article:modified_time\" content=\"2020-10-16T22:03:31+00:00\" \/>\n<meta property=\"og:image\" content=\"https:\/\/kuali.com.mx\/web\/wp-content\/uploads\/2020\/10\/Karateca-violador.jpg\" \/>\n\t<meta property=\"og:image:width\" content=\"1948\" \/>\n\t<meta property=\"og:image:height\" content=\"750\" \/>\n\t<meta property=\"og:image:type\" content=\"image\/jpeg\" \/>\n<meta name=\"author\" content=\"Kuali Staff\" \/>\n<meta name=\"twitter:card\" content=\"summary_large_image\" \/>\n<meta name=\"twitter:creator\" content=\"@kuali_noticias\" \/>\n<meta name=\"twitter:site\" content=\"@kuali_noticias\" \/>\n<meta name=\"twitter:label1\" content=\"Escrito por\" \/>\n\t<meta name=\"twitter:data1\" content=\"Kuali Staff\" \/>\n\t<meta name=\"twitter:label2\" content=\"Tiempo de lectura\" \/>\n\t<meta name=\"twitter:data2\" content=\"1 minuto\" \/>\n<script type=\"application\/ld+json\" class=\"yoast-schema-graph\">{\"@context\":\"https:\\\/\\\/schema.org\",\"@graph\":[{\"@type\":\"Article\",\"@id\":\"https:\\\/\\\/kuali.com.mx\\\/web\\\/2020\\\/10\\\/16\\\/sentencian-a-106-anos-a-karateca-que-violo-a-2-menores\\\/#article\",\"isPartOf\":{\"@id\":\"https:\\\/\\\/kuali.com.mx\\\/web\\\/2020\\\/10\\\/16\\\/sentencian-a-106-anos-a-karateca-que-violo-a-2-menores\\\/\"},\"author\":{\"name\":\"Kuali Staff\",\"@id\":\"https:\\\/\\\/kuali.com.mx\\\/web\\\/#\\\/schema\\\/person\\\/6f89ffa8ecba9dae50662357923c5289\"},\"headline\":\"SENTENCIAN A 106 A\u00d1OS A KARATECA QUE VIOL\u00d3 A 2 MENORES\",\"datePublished\":\"2020-10-16T21:53:33+00:00\",\"dateModified\":\"2020-10-16T22:03:31+00:00\",\"mainEntityOfPage\":{\"@id\":\"https:\\\/\\\/kuali.com.mx\\\/web\\\/2020\\\/10\\\/16\\\/sentencian-a-106-anos-a-karateca-que-violo-a-2-menores\\\/\"},\"wordCount\":271,\"commentCount\":0,\"image\":{\"@id\":\"https:\\\/\\\/kuali.com.mx\\\/web\\\/2020\\\/10\\\/16\\\/sentencian-a-106-anos-a-karateca-que-violo-a-2-menores\\\/#primaryimage\"},\"thumbnailUrl\":\"https:\\\/\\\/kuali.com.mx\\\/web\\\/wp-content\\\/uploads\\\/2020\\\/10\\\/Karateca-violador.jpg\",\"articleSection\":[\"Pol\u00edtica\",\"slider\"],\"inLanguage\":\"es\",\"potentialAction\":[{\"@type\":\"CommentAction\",\"name\":\"Comment\",\"target\":[\"https:\\\/\\\/kuali.com.mx\\\/web\\\/2020\\\/10\\\/16\\\/sentencian-a-106-anos-a-karateca-que-violo-a-2-menores\\\/#respond\"]}]},{\"@type\":\"WebPage\",\"@id\":\"https:\\\/\\\/kuali.com.mx\\\/web\\\/2020\\\/10\\\/16\\\/sentencian-a-106-anos-a-karateca-que-violo-a-2-menores\\\/\",\"url\":\"https:\\\/\\\/kuali.com.mx\\\/web\\\/2020\\\/10\\\/16\\\/sentencian-a-106-anos-a-karateca-que-violo-a-2-menores\\\/\",\"name\":\"SENTENCIAN A 106 A\u00d1OS A KARATECA QUE VIOL\u00d3 A 2 MENORES - Kuali\",\"isPartOf\":{\"@id\":\"https:\\\/\\\/kuali.com.mx\\\/web\\\/#website\"},\"primaryImageOfPage\":{\"@id\":\"https:\\\/\\\/kuali.com.mx\\\/web\\\/2020\\\/10\\\/16\\\/sentencian-a-106-anos-a-karateca-que-violo-a-2-menores\\\/#primaryimage\"},\"image\":{\"@id\":\"https:\\\/\\\/kuali.com.mx\\\/web\\\/2020\\\/10\\\/16\\\/sentencian-a-106-anos-a-karateca-que-violo-a-2-menores\\\/#primaryimage\"},\"thumbnailUrl\":\"https:\\\/\\\/kuali.com.mx\\\/web\\\/wp-content\\\/uploads\\\/2020\\\/10\\\/Karateca-violador.jpg\",\"datePublished\":\"2020-10-16T21:53:33+00:00\",\"dateModified\":\"2020-10-16T22:03:31+00:00\",\"author\":{\"@id\":\"https:\\\/\\\/kuali.com.mx\\\/web\\\/#\\\/schema\\\/person\\\/6f89ffa8ecba9dae50662357923c5289\"},\"breadcrumb\":{\"@id\":\"https:\\\/\\\/kuali.com.mx\\\/web\\\/2020\\\/10\\\/16\\\/sentencian-a-106-anos-a-karateca-que-violo-a-2-menores\\\/#breadcrumb\"},\"inLanguage\":\"es\",\"potentialAction\":[{\"@type\":\"ReadAction\",\"target\":[\"https:\\\/\\\/kuali.com.mx\\\/web\\\/2020\\\/10\\\/16\\\/sentencian-a-106-anos-a-karateca-que-violo-a-2-menores\\\/\"]}]},{\"@type\":\"ImageObject\",\"inLanguage\":\"es\",\"@id\":\"https:\\\/\\\/kuali.com.mx\\\/web\\\/2020\\\/10\\\/16\\\/sentencian-a-106-anos-a-karateca-que-violo-a-2-menores\\\/#primaryimage\",\"url\":\"https:\\\/\\\/kuali.com.mx\\\/web\\\/wp-content\\\/uploads\\\/2020\\\/10\\\/Karateca-violador.jpg\",\"contentUrl\":\"https:\\\/\\\/kuali.com.mx\\\/web\\\/wp-content\\\/uploads\\\/2020\\\/10\\\/Karateca-violador.jpg\",\"width\":1948,\"height\":750},{\"@type\":\"BreadcrumbList\",\"@id\":\"https:\\\/\\\/kuali.com.mx\\\/web\\\/2020\\\/10\\\/16\\\/sentencian-a-106-anos-a-karateca-que-violo-a-2-menores\\\/#breadcrumb\",\"itemListElement\":[{\"@type\":\"ListItem\",\"position\":1,\"name\":\"Inicio\",\"item\":\"https:\\\/\\\/kuali.com.mx\\\/web\\\/\"},{\"@type\":\"ListItem\",\"position\":2,\"name\":\"SENTENCIAN A 106 A\u00d1OS A KARATECA QUE VIOL\u00d3 A 2 MENORES\"}]},{\"@type\":\"WebSite\",\"@id\":\"https:\\\/\\\/kuali.com.mx\\\/web\\\/#website\",\"url\":\"https:\\\/\\\/kuali.com.mx\\\/web\\\/\",\"name\":\"Kuali\",\"description\":\"\",\"potentialAction\":[{\"@type\":\"SearchAction\",\"target\":{\"@type\":\"EntryPoint\",\"urlTemplate\":\"https:\\\/\\\/kuali.com.mx\\\/web\\\/?s={search_term_string}\"},\"query-input\":{\"@type\":\"PropertyValueSpecification\",\"valueRequired\":true,\"valueName\":\"search_term_string\"}}],\"inLanguage\":\"es\"},{\"@type\":\"Person\",\"@id\":\"https:\\\/\\\/kuali.com.mx\\\/web\\\/#\\\/schema\\\/person\\\/6f89ffa8ecba9dae50662357923c5289\",\"name\":\"Kuali Staff\",\"image\":{\"@type\":\"ImageObject\",\"inLanguage\":\"es\",\"@id\":\"https:\\\/\\\/secure.gravatar.com\\\/avatar\\\/f917ad82e5ab71227a733c78b6e60715476f69ee6be59feee4eb5d9920c89e0f?s=96&d=mm&r=g\",\"url\":\"https:\\\/\\\/secure.gravatar.com\\\/avatar\\\/f917ad82e5ab71227a733c78b6e60715476f69ee6be59feee4eb5d9920c89e0f?s=96&d=mm&r=g\",\"contentUrl\":\"https:\\\/\\\/secure.gravatar.com\\\/avatar\\\/f917ad82e5ab71227a733c78b6e60715476f69ee6be59feee4eb5d9920c89e0f?s=96&d=mm&r=g\",\"caption\":\"Kuali Staff\"},\"url\":\"https:\\\/\\\/kuali.com.mx\\\/web\\\/author\\\/lagarto\\\/\"}]}<\/script>\n<!-- \/ Yoast SEO plugin. -->","yoast_head_json":{"title":"SENTENCIAN A 106 A\u00d1OS A KARATECA QUE VIOL\u00d3 A 2 MENORES - Kuali","robots":{"index":"index","follow":"follow","max-snippet":"max-snippet:-1","max-image-preview":"max-image-preview:large","max-video-preview":"max-video-preview:-1"},"canonical":"https:\/\/kuali.com.mx\/web\/2020\/10\/16\/sentencian-a-106-anos-a-karateca-que-violo-a-2-menores\/","og_locale":"es_MX","og_type":"article","og_title":"SENTENCIAN A 106 A\u00d1OS A KARATECA QUE VIOL\u00d3 A 2 MENORES - Kuali","og_description":"Carlos Garc\u00eda\/Morole\u00f3n, Gto.- Un maestro de karate fue sentenciado a 106 a\u00f1os de prisi\u00f3n por violar a dos de sus alumnas en el municipio de Morole\u00f3n, inform\u00f3 la Fiscal\u00eda General del Estado (FGE). El hombre de 45 a\u00f1os de edad fue encontrado culpable de violaci\u00f3n espuria calificada, violaci\u00f3n calificada y corrupci\u00f3n de menores. \u201cJuan Carlos [&hellip;]","og_url":"https:\/\/kuali.com.mx\/web\/2020\/10\/16\/sentencian-a-106-anos-a-karateca-que-violo-a-2-menores\/","og_site_name":"Kuali","article_publisher":"https:\/\/kuali.com.mx\/web\/wp-content\/uploads\/2018\/04\/cropped-kuali_logo-1-1.png","article_published_time":"2020-10-16T21:53:33+00:00","article_modified_time":"2020-10-16T22:03:31+00:00","og_image":[{"width":1948,"height":750,"url":"https:\/\/kuali.com.mx\/web\/wp-content\/uploads\/2020\/10\/Karateca-violador.jpg","type":"image\/jpeg"}],"author":"Kuali Staff","twitter_card":"summary_large_image","twitter_creator":"@kuali_noticias","twitter_site":"@kuali_noticias","twitter_misc":{"Escrito por":"Kuali Staff","Tiempo de lectura":"1 minuto"},"schema":{"@context":"https:\/\/schema.org","@graph":[{"@type":"Article","@id":"https:\/\/kuali.com.mx\/web\/2020\/10\/16\/sentencian-a-106-anos-a-karateca-que-violo-a-2-menores\/#article","isPartOf":{"@id":"https:\/\/kuali.com.mx\/web\/2020\/10\/16\/sentencian-a-106-anos-a-karateca-que-violo-a-2-menores\/"},"author":{"name":"Kuali Staff","@id":"https:\/\/kuali.com.mx\/web\/#\/schema\/person\/6f89ffa8ecba9dae50662357923c5289"},"headline":"SENTENCIAN A 106 A\u00d1OS A KARATECA QUE VIOL\u00d3 A 2 MENORES","datePublished":"2020-10-16T21:53:33+00:00","dateModified":"2020-10-16T22:03:31+00:00","mainEntityOfPage":{"@id":"https:\/\/kuali.com.mx\/web\/2020\/10\/16\/sentencian-a-106-anos-a-karateca-que-violo-a-2-menores\/"},"wordCount":271,"commentCount":0,"image":{"@id":"https:\/\/kuali.com.mx\/web\/2020\/10\/16\/sentencian-a-106-anos-a-karateca-que-violo-a-2-menores\/#primaryimage"},"thumbnailUrl":"https:\/\/kuali.com.mx\/web\/wp-content\/uploads\/2020\/10\/Karateca-violador.jpg","articleSection":["Pol\u00edtica","slider"],"inLanguage":"es","potentialAction":[{"@type":"CommentAction","name":"Comment","target":["https:\/\/kuali.com.mx\/web\/2020\/10\/16\/sentencian-a-106-anos-a-karateca-que-violo-a-2-menores\/#respond"]}]},{"@type":"WebPage","@id":"https:\/\/kuali.com.mx\/web\/2020\/10\/16\/sentencian-a-106-anos-a-karateca-que-violo-a-2-menores\/","url":"https:\/\/kuali.com.mx\/web\/2020\/10\/16\/sentencian-a-106-anos-a-karateca-que-violo-a-2-menores\/","name":"SENTENCIAN A 106 A\u00d1OS A KARATECA QUE VIOL\u00d3 A 2 MENORES - Kuali","isPartOf":{"@id":"https:\/\/kuali.com.mx\/web\/#website"},"primaryImageOfPage":{"@id":"https:\/\/kuali.com.mx\/web\/2020\/10\/16\/sentencian-a-106-anos-a-karateca-que-violo-a-2-menores\/#primaryimage"},"image":{"@id":"https:\/\/kuali.com.mx\/web\/2020\/10\/16\/sentencian-a-106-anos-a-karateca-que-violo-a-2-menores\/#primaryimage"},"thumbnailUrl":"https:\/\/kuali.com.mx\/web\/wp-content\/uploads\/2020\/10\/Karateca-violador.jpg","datePublished":"2020-10-16T21:53:33+00:00","dateModified":"2020-10-16T22:03:31+00:00","author":{"@id":"https:\/\/kuali.com.mx\/web\/#\/schema\/person\/6f89ffa8ecba9dae50662357923c5289"},"breadcrumb":{"@id":"https:\/\/kuali.com.mx\/web\/2020\/10\/16\/sentencian-a-106-anos-a-karateca-que-violo-a-2-menores\/#breadcrumb"},"inLanguage":"es","potentialAction":[{"@type":"ReadAction","target":["https:\/\/kuali.com.mx\/web\/2020\/10\/16\/sentencian-a-106-anos-a-karateca-que-violo-a-2-menores\/"]}]},{"@type":"ImageObject","inLanguage":"es","@id":"https:\/\/kuali.com.mx\/web\/2020\/10\/16\/sentencian-a-106-anos-a-karateca-que-violo-a-2-menores\/#primaryimage","url":"https:\/\/kuali.com.mx\/web\/wp-content\/uploads\/2020\/10\/Karateca-violador.jpg","contentUrl":"https:\/\/kuali.com.mx\/web\/wp-content\/uploads\/2020\/10\/Karateca-violador.jpg","width":1948,"height":750},{"@type":"BreadcrumbList","@id":"https:\/\/kuali.com.mx\/web\/2020\/10\/16\/sentencian-a-106-anos-a-karateca-que-violo-a-2-menores\/#breadcrumb","itemListElement":[{"@type":"ListItem","position":1,"name":"Inicio","item":"https:\/\/kuali.com.mx\/web\/"},{"@type":"ListItem","position":2,"name":"SENTENCIAN A 106 A\u00d1OS A KARATECA QUE VIOL\u00d3 A 2 MENORES"}]},{"@type":"WebSite","@id":"https:\/\/kuali.com.mx\/web\/#website","url":"https:\/\/kuali.com.mx\/web\/","name":"Kuali","description":"","potentialAction":[{"@type":"SearchAction","target":{"@type":"EntryPoint","urlTemplate":"https:\/\/kuali.com.mx\/web\/?s={search_term_string}"},"query-input":{"@type":"PropertyValueSpecification","valueRequired":true,"valueName":"search_term_string"}}],"inLanguage":"es"},{"@type":"Person","@id":"https:\/\/kuali.com.mx\/web\/#\/schema\/person\/6f89ffa8ecba9dae50662357923c5289","name":"Kuali Staff","image":{"@type":"ImageObject","inLanguage":"es","@id":"https:\/\/secure.gravatar.com\/avatar\/f917ad82e5ab71227a733c78b6e60715476f69ee6be59feee4eb5d9920c89e0f?s=96&d=mm&r=g","url":"https:\/\/secure.gravatar.com\/avatar\/f917ad82e5ab71227a733c78b6e60715476f69ee6be59feee4eb5d9920c89e0f?s=96&d=mm&r=g","contentUrl":"https:\/\/secure.gravatar.com\/avatar\/f917ad82e5ab71227a733c78b6e60715476f69ee6be59feee4eb5d9920c89e0f?s=96&d=mm&r=g","caption":"Kuali Staff"},"url":"https:\/\/kuali.com.mx\/web\/author\/lagarto\/"}]}},"_links":{"self":[{"href":"https:\/\/kuali.com.mx\/web\/wp-json\/wp\/v2\/posts\/75578","targetHints":{"allow":["GET"]}}],"collection":[{"href":"https:\/\/kuali.com.mx\/web\/wp-json\/wp\/v2\/posts"}],"about":[{"href":"https:\/\/kuali.com.mx\/web\/wp-json\/wp\/v2\/types\/post"}],"author":[{"embeddable":true,"href":"https:\/\/kuali.com.mx\/web\/wp-json\/wp\/v2\/users\/2"}],"replies":[{"embeddable":true,"href":"https:\/\/kuali.com.mx\/web\/wp-json\/wp\/v2\/comments?post=75578"}],"version-history":[{"count":2,"href":"https:\/\/kuali.com.mx\/web\/wp-json\/wp\/v2\/posts\/75578\/revisions"}],"predecessor-version":[{"id":75581,"href":"https:\/\/kuali.com.mx\/web\/wp-json\/wp\/v2\/posts\/75578\/revisions\/75581"}],"wp:featuredmedia":[{"embeddable":true,"href":"https:\/\/kuali.com.mx\/web\/wp-json\/wp\/v2\/media\/75579"}],"wp:attachment":[{"href":"https:\/\/kuali.com.mx\/web\/wp-json\/wp\/v2\/media?parent=75578"}],"wp:term":[{"taxonomy":"category","embeddable":true,"href":"https:\/\/kuali.com.mx\/web\/wp-json\/wp\/v2\/categories?post=75578"},{"taxonomy":"post_tag","embeddable":true,"href":"https:\/\/kuali.com.mx\/web\/wp-json\/wp\/v2\/tags?post=75578"}],"curies":[{"name":"wp","href":"https:\/\/api.w.org\/{rel}","templated":true}]}}