{"id":75572,"date":"2020-10-16T15:28:36","date_gmt":"2020-10-16T21:28:36","guid":{"rendered":"http:\/\/kuali.com.mx\/web\/?p=75572"},"modified":"2020-10-16T15:28:36","modified_gmt":"2020-10-16T21:28:36","slug":"aplicaran-90-de-descuento-en-recargos-del-predial","status":"publish","type":"post","link":"https:\/\/kuali.com.mx\/web\/2020\/10\/16\/aplicaran-90-de-descuento-en-recargos-del-predial\/","title":{"rendered":"APLICAR\u00c1N 90% DE DESCUENTO EN RECARGOS DEL PREDIAL"},"content":{"rendered":"<p><em><strong>Jeshael Rivera Villal\u00f3n\/San Jos\u00e9 Iturbide, Gto.-\u00a0<\/strong><\/em>El gobierno de San Jos\u00e9 Iturbide inici\u00f3 una campa\u00f1a en la cual se otorgar\u00e1 el 90% de descuento en los recargos de impuesto predial a todos los ciudadanos que tengan atrasos con el objetivo que se regularicen y aprovechen este beneficio econ\u00f3mico en medio de la contingencia sanitaria.<\/p>\n<p>\u201cVamos a arrancar con la campa\u00f1a el d\u00eda 15 (de octubre) del 90% de descuento en impuesto predial del 15 al 15de diciembre, esto va, est\u00e1 enfocado a la pandemia para darle el beneficio al ciudadano de que se ponga al corriente con el 90% en recargos\u201d, se\u00f1al\u00f3 el comisionado de hacienda Erick Al\u00e1n Due\u00f1as Rivera.<\/p>\n<p>Dicha informaci\u00f3n tambi\u00e9n fue ratificada por el presidente municipal, Genaro Mart\u00edn Z\u00fa\u00f1iga Soto quien se\u00f1al\u00f3 que se busca otorgar este beneficio a la econom\u00eda de los pobladores que tienen adeudos y puedan ponerse al corriente en sus contribuciones.<\/p>\n<p>Para informar a la poblaci\u00f3n el gobierno local tiene pensado colocar lonas en puntos estrat\u00e9gicos de la ciudad, repartir volantes y tambi\u00e9n perifonear en los camiones recolectores de basura ya que recorren todo el municipio.<\/p>\n<p>\u201cSe nos ocurri\u00f3 por ah\u00ed para que la gente este atenta que vamos perifonear en todas las unidades de recolecci\u00f3n de basura porque tiene penetraci\u00f3n en todo el municipio para que le llegue el mensaje a todas las gentes\u201d, dijo.<\/p>\n<p>Para este a\u00f1o, las autoridades municipales contemplaron captar alrededor de 30 millones de pesos por concepto de impuesto predial.<\/p>\n<p>En tanto, Due\u00f1as Rivera adelant\u00f3 que pasando esta campa\u00f1a y la del descuento del 15% durante los primeros tres meses del 2021, se iniciar\u00e1 con los cobros legales a los ciudadanos que tengan adeudos de predial.<\/p>\n<p>Record\u00f3 que tal cobro se ten\u00eda previsto iniciar desde este a\u00f1o, pero por la pandemia no se llev\u00f3 a cabo. Sin embargo, para el pr\u00f3ximo a\u00f1o ya se realizar\u00e1 puesto que la ley faculta a las autoridades para ello.<\/p>\n<p>Hizo \u00e9nfasis en que se ten\u00eda una cartera vencida de m\u00e1s de 30 millones de pesos y gracias a la modernizaci\u00f3n catastral que se hizo mediante el proyecto de \u201cTAX\u201d se han tenido recuperaciones, pero a\u00fan se tiene un rezago de 22 millones de pesos y la idea de las autoridades es recuperarlos.<\/p>\n<p>\u201cHablamos de 22 millones de pesos de cartera vencida (\u2026) ahora si vamos intentar irnos por el cobro legal porque la cartera no baja\u201d, manifest\u00f3.<\/p>\n<p>Para ello, refiri\u00f3, es importante la actualizaci\u00f3n de la cartograf\u00eda municipal pues eso permitir\u00e1 hacer m\u00e1s eficientes los cobros a los ciudadanos en base a las condiciones vigentes de los predios y construcciones que hay en el territorio municipal.<\/p>\n","protected":false},"excerpt":{"rendered":"Jeshael Rivera Villal\u00f3n\/San Jos\u00e9 Iturbide, Gto.-\u00a0El gobierno de San Jos\u00e9 Iturbide inici\u00f3 una campa\u00f1a en la cual se otorgar\u00e1 el 90% de descuento en los recargos de impuesto predial a todos los ciudadanos que tengan atrasos con el objetivo que se regularicen y aprovechen este beneficio econ\u00f3mico en medio de la contingencia sanitaria. \u201cVamos a [&hellip;]","protected":false},"author":2,"featured_media":51420,"comment_status":"open","ping_status":"open","sticky":false,"template":"","format":"standard","meta":{"_seopress_robots_primary_cat":"","_seopress_titles_title":"","_seopress_titles_desc":"","_seopress_robots_index":"","_monsterinsights_skip_tracking":false,"_monsterinsights_sitenote_active":false,"_monsterinsights_sitenote_note":"","_monsterinsights_sitenote_category":0,"footnotes":""},"categories":[3],"tags":[],"class_list":["post-75572","post","type-post","status-publish","format-standard","has-post-thumbnail","hentry","category-politica"],"yoast_head":"<!-- This site is optimized with the Yoast SEO plugin v27.4 - https:\/\/yoast.com\/product\/yoast-seo-wordpress\/ -->\n<title>APLICAR\u00c1N 90% DE DESCUENTO EN RECARGOS DEL PREDIAL - Kuali<\/title>\n<meta name=\"robots\" content=\"index, follow, max-snippet:-1, max-image-preview:large, max-video-preview:-1\" \/>\n<link rel=\"canonical\" href=\"https:\/\/kuali.com.mx\/web\/2020\/10\/16\/aplicaran-90-de-descuento-en-recargos-del-predial\/\" \/>\n<meta property=\"og:locale\" content=\"es_MX\" \/>\n<meta property=\"og:type\" content=\"article\" \/>\n<meta property=\"og:title\" content=\"APLICAR\u00c1N 90% DE DESCUENTO EN RECARGOS DEL PREDIAL - Kuali\" \/>\n<meta property=\"og:description\" content=\"Jeshael Rivera Villal\u00f3n\/San Jos\u00e9 Iturbide, Gto.-\u00a0El gobierno de San Jos\u00e9 Iturbide inici\u00f3 una campa\u00f1a en la cual se otorgar\u00e1 el 90% de descuento en los recargos de impuesto predial a todos los ciudadanos que tengan atrasos con el objetivo que se regularicen y aprovechen este beneficio econ\u00f3mico en medio de la contingencia sanitaria. \u201cVamos a [&hellip;]\" \/>\n<meta property=\"og:url\" content=\"https:\/\/kuali.com.mx\/web\/2020\/10\/16\/aplicaran-90-de-descuento-en-recargos-del-predial\/\" \/>\n<meta property=\"og:site_name\" content=\"Kuali\" \/>\n<meta property=\"article:publisher\" content=\"https:\/\/kuali.com.mx\/web\/wp-content\/uploads\/2018\/04\/cropped-kuali_logo-1-1.png\" \/>\n<meta property=\"article:published_time\" content=\"2020-10-16T21:28:36+00:00\" \/>\n<meta property=\"og:image\" content=\"https:\/\/kuali.com.mx\/web\/wp-content\/uploads\/2019\/02\/PRESIDENCIA-SJI.jpg\" \/>\n\t<meta property=\"og:image:width\" content=\"1792\" \/>\n\t<meta property=\"og:image:height\" content=\"750\" \/>\n\t<meta property=\"og:image:type\" content=\"image\/jpeg\" \/>\n<meta name=\"author\" content=\"Kuali Staff\" \/>\n<meta name=\"twitter:card\" content=\"summary_large_image\" \/>\n<meta name=\"twitter:creator\" content=\"@kuali_noticias\" \/>\n<meta name=\"twitter:site\" content=\"@kuali_noticias\" \/>\n<meta name=\"twitter:label1\" content=\"Escrito por\" \/>\n\t<meta name=\"twitter:data1\" content=\"Kuali Staff\" \/>\n\t<meta name=\"twitter:label2\" content=\"Tiempo de lectura\" \/>\n\t<meta name=\"twitter:data2\" content=\"2 minutos\" \/>\n<script type=\"application\/ld+json\" class=\"yoast-schema-graph\">{\"@context\":\"https:\\\/\\\/schema.org\",\"@graph\":[{\"@type\":\"Article\",\"@id\":\"https:\\\/\\\/kuali.com.mx\\\/web\\\/2020\\\/10\\\/16\\\/aplicaran-90-de-descuento-en-recargos-del-predial\\\/#article\",\"isPartOf\":{\"@id\":\"https:\\\/\\\/kuali.com.mx\\\/web\\\/2020\\\/10\\\/16\\\/aplicaran-90-de-descuento-en-recargos-del-predial\\\/\"},\"author\":{\"name\":\"Kuali Staff\",\"@id\":\"https:\\\/\\\/kuali.com.mx\\\/web\\\/#\\\/schema\\\/person\\\/6f89ffa8ecba9dae50662357923c5289\"},\"headline\":\"APLICAR\u00c1N 90% DE DESCUENTO EN RECARGOS DEL PREDIAL\",\"datePublished\":\"2020-10-16T21:28:36+00:00\",\"mainEntityOfPage\":{\"@id\":\"https:\\\/\\\/kuali.com.mx\\\/web\\\/2020\\\/10\\\/16\\\/aplicaran-90-de-descuento-en-recargos-del-predial\\\/\"},\"wordCount\":465,\"commentCount\":0,\"image\":{\"@id\":\"https:\\\/\\\/kuali.com.mx\\\/web\\\/2020\\\/10\\\/16\\\/aplicaran-90-de-descuento-en-recargos-del-predial\\\/#primaryimage\"},\"thumbnailUrl\":\"https:\\\/\\\/kuali.com.mx\\\/web\\\/wp-content\\\/uploads\\\/2019\\\/02\\\/PRESIDENCIA-SJI.jpg\",\"articleSection\":[\"Pol\u00edtica\"],\"inLanguage\":\"es\",\"potentialAction\":[{\"@type\":\"CommentAction\",\"name\":\"Comment\",\"target\":[\"https:\\\/\\\/kuali.com.mx\\\/web\\\/2020\\\/10\\\/16\\\/aplicaran-90-de-descuento-en-recargos-del-predial\\\/#respond\"]}]},{\"@type\":\"WebPage\",\"@id\":\"https:\\\/\\\/kuali.com.mx\\\/web\\\/2020\\\/10\\\/16\\\/aplicaran-90-de-descuento-en-recargos-del-predial\\\/\",\"url\":\"https:\\\/\\\/kuali.com.mx\\\/web\\\/2020\\\/10\\\/16\\\/aplicaran-90-de-descuento-en-recargos-del-predial\\\/\",\"name\":\"APLICAR\u00c1N 90% DE DESCUENTO EN RECARGOS DEL PREDIAL - Kuali\",\"isPartOf\":{\"@id\":\"https:\\\/\\\/kuali.com.mx\\\/web\\\/#website\"},\"primaryImageOfPage\":{\"@id\":\"https:\\\/\\\/kuali.com.mx\\\/web\\\/2020\\\/10\\\/16\\\/aplicaran-90-de-descuento-en-recargos-del-predial\\\/#primaryimage\"},\"image\":{\"@id\":\"https:\\\/\\\/kuali.com.mx\\\/web\\\/2020\\\/10\\\/16\\\/aplicaran-90-de-descuento-en-recargos-del-predial\\\/#primaryimage\"},\"thumbnailUrl\":\"https:\\\/\\\/kuali.com.mx\\\/web\\\/wp-content\\\/uploads\\\/2019\\\/02\\\/PRESIDENCIA-SJI.jpg\",\"datePublished\":\"2020-10-16T21:28:36+00:00\",\"author\":{\"@id\":\"https:\\\/\\\/kuali.com.mx\\\/web\\\/#\\\/schema\\\/person\\\/6f89ffa8ecba9dae50662357923c5289\"},\"breadcrumb\":{\"@id\":\"https:\\\/\\\/kuali.com.mx\\\/web\\\/2020\\\/10\\\/16\\\/aplicaran-90-de-descuento-en-recargos-del-predial\\\/#breadcrumb\"},\"inLanguage\":\"es\",\"potentialAction\":[{\"@type\":\"ReadAction\",\"target\":[\"https:\\\/\\\/kuali.com.mx\\\/web\\\/2020\\\/10\\\/16\\\/aplicaran-90-de-descuento-en-recargos-del-predial\\\/\"]}]},{\"@type\":\"ImageObject\",\"inLanguage\":\"es\",\"@id\":\"https:\\\/\\\/kuali.com.mx\\\/web\\\/2020\\\/10\\\/16\\\/aplicaran-90-de-descuento-en-recargos-del-predial\\\/#primaryimage\",\"url\":\"https:\\\/\\\/kuali.com.mx\\\/web\\\/wp-content\\\/uploads\\\/2019\\\/02\\\/PRESIDENCIA-SJI.jpg\",\"contentUrl\":\"https:\\\/\\\/kuali.com.mx\\\/web\\\/wp-content\\\/uploads\\\/2019\\\/02\\\/PRESIDENCIA-SJI.jpg\",\"width\":1792,\"height\":750},{\"@type\":\"BreadcrumbList\",\"@id\":\"https:\\\/\\\/kuali.com.mx\\\/web\\\/2020\\\/10\\\/16\\\/aplicaran-90-de-descuento-en-recargos-del-predial\\\/#breadcrumb\",\"itemListElement\":[{\"@type\":\"ListItem\",\"position\":1,\"name\":\"Inicio\",\"item\":\"https:\\\/\\\/kuali.com.mx\\\/web\\\/\"},{\"@type\":\"ListItem\",\"position\":2,\"name\":\"APLICAR\u00c1N 90% DE DESCUENTO EN RECARGOS DEL PREDIAL\"}]},{\"@type\":\"WebSite\",\"@id\":\"https:\\\/\\\/kuali.com.mx\\\/web\\\/#website\",\"url\":\"https:\\\/\\\/kuali.com.mx\\\/web\\\/\",\"name\":\"Kuali\",\"description\":\"\",\"potentialAction\":[{\"@type\":\"SearchAction\",\"target\":{\"@type\":\"EntryPoint\",\"urlTemplate\":\"https:\\\/\\\/kuali.com.mx\\\/web\\\/?s={search_term_string}\"},\"query-input\":{\"@type\":\"PropertyValueSpecification\",\"valueRequired\":true,\"valueName\":\"search_term_string\"}}],\"inLanguage\":\"es\"},{\"@type\":\"Person\",\"@id\":\"https:\\\/\\\/kuali.com.mx\\\/web\\\/#\\\/schema\\\/person\\\/6f89ffa8ecba9dae50662357923c5289\",\"name\":\"Kuali Staff\",\"image\":{\"@type\":\"ImageObject\",\"inLanguage\":\"es\",\"@id\":\"https:\\\/\\\/secure.gravatar.com\\\/avatar\\\/f917ad82e5ab71227a733c78b6e60715476f69ee6be59feee4eb5d9920c89e0f?s=96&d=mm&r=g\",\"url\":\"https:\\\/\\\/secure.gravatar.com\\\/avatar\\\/f917ad82e5ab71227a733c78b6e60715476f69ee6be59feee4eb5d9920c89e0f?s=96&d=mm&r=g\",\"contentUrl\":\"https:\\\/\\\/secure.gravatar.com\\\/avatar\\\/f917ad82e5ab71227a733c78b6e60715476f69ee6be59feee4eb5d9920c89e0f?s=96&d=mm&r=g\",\"caption\":\"Kuali Staff\"},\"url\":\"https:\\\/\\\/kuali.com.mx\\\/web\\\/author\\\/lagarto\\\/\"}]}<\/script>\n<!-- \/ Yoast SEO plugin. -->","yoast_head_json":{"title":"APLICAR\u00c1N 90% DE DESCUENTO EN RECARGOS DEL PREDIAL - Kuali","robots":{"index":"index","follow":"follow","max-snippet":"max-snippet:-1","max-image-preview":"max-image-preview:large","max-video-preview":"max-video-preview:-1"},"canonical":"https:\/\/kuali.com.mx\/web\/2020\/10\/16\/aplicaran-90-de-descuento-en-recargos-del-predial\/","og_locale":"es_MX","og_type":"article","og_title":"APLICAR\u00c1N 90% DE DESCUENTO EN RECARGOS DEL PREDIAL - Kuali","og_description":"Jeshael Rivera Villal\u00f3n\/San Jos\u00e9 Iturbide, Gto.-\u00a0El gobierno de San Jos\u00e9 Iturbide inici\u00f3 una campa\u00f1a en la cual se otorgar\u00e1 el 90% de descuento en los recargos de impuesto predial a todos los ciudadanos que tengan atrasos con el objetivo que se regularicen y aprovechen este beneficio econ\u00f3mico en medio de la contingencia sanitaria. \u201cVamos a [&hellip;]","og_url":"https:\/\/kuali.com.mx\/web\/2020\/10\/16\/aplicaran-90-de-descuento-en-recargos-del-predial\/","og_site_name":"Kuali","article_publisher":"https:\/\/kuali.com.mx\/web\/wp-content\/uploads\/2018\/04\/cropped-kuali_logo-1-1.png","article_published_time":"2020-10-16T21:28:36+00:00","og_image":[{"width":1792,"height":750,"url":"https:\/\/kuali.com.mx\/web\/wp-content\/uploads\/2019\/02\/PRESIDENCIA-SJI.jpg","type":"image\/jpeg"}],"author":"Kuali Staff","twitter_card":"summary_large_image","twitter_creator":"@kuali_noticias","twitter_site":"@kuali_noticias","twitter_misc":{"Escrito por":"Kuali Staff","Tiempo de lectura":"2 minutos"},"schema":{"@context":"https:\/\/schema.org","@graph":[{"@type":"Article","@id":"https:\/\/kuali.com.mx\/web\/2020\/10\/16\/aplicaran-90-de-descuento-en-recargos-del-predial\/#article","isPartOf":{"@id":"https:\/\/kuali.com.mx\/web\/2020\/10\/16\/aplicaran-90-de-descuento-en-recargos-del-predial\/"},"author":{"name":"Kuali Staff","@id":"https:\/\/kuali.com.mx\/web\/#\/schema\/person\/6f89ffa8ecba9dae50662357923c5289"},"headline":"APLICAR\u00c1N 90% DE DESCUENTO EN RECARGOS DEL PREDIAL","datePublished":"2020-10-16T21:28:36+00:00","mainEntityOfPage":{"@id":"https:\/\/kuali.com.mx\/web\/2020\/10\/16\/aplicaran-90-de-descuento-en-recargos-del-predial\/"},"wordCount":465,"commentCount":0,"image":{"@id":"https:\/\/kuali.com.mx\/web\/2020\/10\/16\/aplicaran-90-de-descuento-en-recargos-del-predial\/#primaryimage"},"thumbnailUrl":"https:\/\/kuali.com.mx\/web\/wp-content\/uploads\/2019\/02\/PRESIDENCIA-SJI.jpg","articleSection":["Pol\u00edtica"],"inLanguage":"es","potentialAction":[{"@type":"CommentAction","name":"Comment","target":["https:\/\/kuali.com.mx\/web\/2020\/10\/16\/aplicaran-90-de-descuento-en-recargos-del-predial\/#respond"]}]},{"@type":"WebPage","@id":"https:\/\/kuali.com.mx\/web\/2020\/10\/16\/aplicaran-90-de-descuento-en-recargos-del-predial\/","url":"https:\/\/kuali.com.mx\/web\/2020\/10\/16\/aplicaran-90-de-descuento-en-recargos-del-predial\/","name":"APLICAR\u00c1N 90% DE DESCUENTO EN RECARGOS DEL PREDIAL - Kuali","isPartOf":{"@id":"https:\/\/kuali.com.mx\/web\/#website"},"primaryImageOfPage":{"@id":"https:\/\/kuali.com.mx\/web\/2020\/10\/16\/aplicaran-90-de-descuento-en-recargos-del-predial\/#primaryimage"},"image":{"@id":"https:\/\/kuali.com.mx\/web\/2020\/10\/16\/aplicaran-90-de-descuento-en-recargos-del-predial\/#primaryimage"},"thumbnailUrl":"https:\/\/kuali.com.mx\/web\/wp-content\/uploads\/2019\/02\/PRESIDENCIA-SJI.jpg","datePublished":"2020-10-16T21:28:36+00:00","author":{"@id":"https:\/\/kuali.com.mx\/web\/#\/schema\/person\/6f89ffa8ecba9dae50662357923c5289"},"breadcrumb":{"@id":"https:\/\/kuali.com.mx\/web\/2020\/10\/16\/aplicaran-90-de-descuento-en-recargos-del-predial\/#breadcrumb"},"inLanguage":"es","potentialAction":[{"@type":"ReadAction","target":["https:\/\/kuali.com.mx\/web\/2020\/10\/16\/aplicaran-90-de-descuento-en-recargos-del-predial\/"]}]},{"@type":"ImageObject","inLanguage":"es","@id":"https:\/\/kuali.com.mx\/web\/2020\/10\/16\/aplicaran-90-de-descuento-en-recargos-del-predial\/#primaryimage","url":"https:\/\/kuali.com.mx\/web\/wp-content\/uploads\/2019\/02\/PRESIDENCIA-SJI.jpg","contentUrl":"https:\/\/kuali.com.mx\/web\/wp-content\/uploads\/2019\/02\/PRESIDENCIA-SJI.jpg","width":1792,"height":750},{"@type":"BreadcrumbList","@id":"https:\/\/kuali.com.mx\/web\/2020\/10\/16\/aplicaran-90-de-descuento-en-recargos-del-predial\/#breadcrumb","itemListElement":[{"@type":"ListItem","position":1,"name":"Inicio","item":"https:\/\/kuali.com.mx\/web\/"},{"@type":"ListItem","position":2,"name":"APLICAR\u00c1N 90% DE DESCUENTO EN RECARGOS DEL PREDIAL"}]},{"@type":"WebSite","@id":"https:\/\/kuali.com.mx\/web\/#website","url":"https:\/\/kuali.com.mx\/web\/","name":"Kuali","description":"","potentialAction":[{"@type":"SearchAction","target":{"@type":"EntryPoint","urlTemplate":"https:\/\/kuali.com.mx\/web\/?s={search_term_string}"},"query-input":{"@type":"PropertyValueSpecification","valueRequired":true,"valueName":"search_term_string"}}],"inLanguage":"es"},{"@type":"Person","@id":"https:\/\/kuali.com.mx\/web\/#\/schema\/person\/6f89ffa8ecba9dae50662357923c5289","name":"Kuali Staff","image":{"@type":"ImageObject","inLanguage":"es","@id":"https:\/\/secure.gravatar.com\/avatar\/f917ad82e5ab71227a733c78b6e60715476f69ee6be59feee4eb5d9920c89e0f?s=96&d=mm&r=g","url":"https:\/\/secure.gravatar.com\/avatar\/f917ad82e5ab71227a733c78b6e60715476f69ee6be59feee4eb5d9920c89e0f?s=96&d=mm&r=g","contentUrl":"https:\/\/secure.gravatar.com\/avatar\/f917ad82e5ab71227a733c78b6e60715476f69ee6be59feee4eb5d9920c89e0f?s=96&d=mm&r=g","caption":"Kuali Staff"},"url":"https:\/\/kuali.com.mx\/web\/author\/lagarto\/"}]}},"_links":{"self":[{"href":"https:\/\/kuali.com.mx\/web\/wp-json\/wp\/v2\/posts\/75572","targetHints":{"allow":["GET"]}}],"collection":[{"href":"https:\/\/kuali.com.mx\/web\/wp-json\/wp\/v2\/posts"}],"about":[{"href":"https:\/\/kuali.com.mx\/web\/wp-json\/wp\/v2\/types\/post"}],"author":[{"embeddable":true,"href":"https:\/\/kuali.com.mx\/web\/wp-json\/wp\/v2\/users\/2"}],"replies":[{"embeddable":true,"href":"https:\/\/kuali.com.mx\/web\/wp-json\/wp\/v2\/comments?post=75572"}],"version-history":[{"count":1,"href":"https:\/\/kuali.com.mx\/web\/wp-json\/wp\/v2\/posts\/75572\/revisions"}],"predecessor-version":[{"id":75573,"href":"https:\/\/kuali.com.mx\/web\/wp-json\/wp\/v2\/posts\/75572\/revisions\/75573"}],"wp:featuredmedia":[{"embeddable":true,"href":"https:\/\/kuali.com.mx\/web\/wp-json\/wp\/v2\/media\/51420"}],"wp:attachment":[{"href":"https:\/\/kuali.com.mx\/web\/wp-json\/wp\/v2\/media?parent=75572"}],"wp:term":[{"taxonomy":"category","embeddable":true,"href":"https:\/\/kuali.com.mx\/web\/wp-json\/wp\/v2\/categories?post=75572"},{"taxonomy":"post_tag","embeddable":true,"href":"https:\/\/kuali.com.mx\/web\/wp-json\/wp\/v2\/tags?post=75572"}],"curies":[{"name":"wp","href":"https:\/\/api.w.org\/{rel}","templated":true}]}}