{"id":67845,"date":"2020-03-20T13:37:53","date_gmt":"2020-03-20T19:37:53","guid":{"rendered":"http:\/\/kuali.com.mx\/web\/?p=67845"},"modified":"2020-03-20T16:38:20","modified_gmt":"2020-03-20T22:38:20","slug":"analizan-reforma-electoral-a-favor-de-comunidades-indigenas","status":"publish","type":"post","link":"https:\/\/kuali.com.mx\/web\/2020\/03\/20\/analizan-reforma-electoral-a-favor-de-comunidades-indigenas\/","title":{"rendered":"ANALIZAN REFORMA ELECTORAL A FAVOR DE COMUNIDADES IND\u00cdGENAS"},"content":{"rendered":"<p><span lang=\"ES-TRAD\"><em><strong>Kuali\/Guanajuato, Gto.-<\/strong><\/em>El grupo parlamentario del PAN se pronunci\u00f3 por llevar a cabo una reforma electoral que fortalezca el desarrollo democr\u00e1tico de Guanajuato, principalmente sobre los derechos pol\u00edticos-electorales de los pueblos ind\u00edgenas y en materia de paridad de g\u00e9nero.<\/span><span lang=\"ES-TRAD\">\u00a0<\/span><!--more--><\/p>\n<p><span lang=\"ES-TRAD\">As\u00ed lo manifestaron legisladores de Acci\u00f3n Nacional en la mesa de trabajo convocada por la Comisi\u00f3n de Asuntos Electorales del Congreso local, donde se dio seguimiento al an\u00e1lisis de los temas acordados por la Junta de Gobierno y Coordinaci\u00f3n Pol\u00edtica relativos a la agenda com\u00fan de la iniciativa en esta materia.<\/span><\/p>\n<p><span lang=\"ES-TRAD\">\u00a0<\/span><span lang=\"ES-TRAD\">Los trabajos iniciaron con la definici\u00f3n del m\u00e9todo de consulta a los pueblos y comunidades ind\u00edgenas en el estado, en materia de derechos pol\u00edtico-electorales de este sector de la poblaci\u00f3n.<\/span><\/p>\n<p><span lang=\"ES-TRAD\">\u00a0<\/span><span lang=\"ES-TRAD\">Al respecto, el diputado Armando Rangel se\u00f1al\u00f3 que el GPPAN busca brindarle a las comunidades ind\u00edgenas un espacio de voz y representaci\u00f3n dentro de los ayuntamientos, a fin de otorgarles la atenci\u00f3n que requieren y ser protagonistas en la toma de decisiones en el desarrollo de los lugares donde habitan, respetando sus usos y costumbres.<\/span><\/p>\n<p><span lang=\"ES-TRAD\">\u00a0<\/span><span lang=\"ES-TRAD\">Por su parte, la diputada Libia Garc\u00eda hizo \u00e9nfasis en la importancia en la definici\u00f3n de las reglas en materia de paridad de g\u00e9nero que se aplicar\u00e1n durante la pr\u00f3xima contienda electoral, \u201cla participaci\u00f3n de las mujeres debe de ser tomada en cuenta en esta reforma, tenemos que abonarle a la construcci\u00f3n de un marco jur\u00eddico que facilite la participaci\u00f3n pol\u00edtica de la mujer en nuestra entidad\u201d.<\/span><\/p>\n<p><span lang=\"ES-TRAD\">\u00a0<\/span><span lang=\"ES-TRAD\">En tanto, el legislador Rolando Alc\u00e1ntar coincidi\u00f3 en la necesidad de ser precisos y ordenados en las modificaciones que se proponen a la iniciativa de reforma a la Ley de Institucionales y Procedimientos Electorales del Estado.<\/span><\/p>\n<p><span lang=\"ES-TRAD\">\u00a0<\/span><span lang=\"ES-TRAD\">\u201cSe debe garantizar que existan reglas claras y contundentes, que no dejen lugar a interpretaciones particulares en temas tan relevantes como la paridad democr\u00e1tica, la elecci\u00f3n consecutiva y la representaci\u00f3n de los pueblos originarios\u201d, indic\u00f3.<\/span><\/p>\n<p><span lang=\"ES-TRAD\">\u00a0<\/span><span lang=\"ES-TRAD\">Por \u00faltimo, los integrantes de la Comisi\u00f3n en menci\u00f3n acordaron volverse a reunir el pr\u00f3ximo martes.<\/span><\/p>\n","protected":false},"excerpt":{"rendered":"Kuali\/Guanajuato, Gto.-El grupo parlamentario del PAN se pronunci\u00f3 por llevar a cabo una reforma electoral que fortalezca el desarrollo democr\u00e1tico de Guanajuato, principalmente sobre los derechos pol\u00edticos-electorales de los pueblos ind\u00edgenas y en materia de paridad de g\u00e9nero.\u00a0","protected":false},"author":2,"featured_media":67846,"comment_status":"open","ping_status":"open","sticky":false,"template":"","format":"standard","meta":{"_seopress_robots_primary_cat":"","_seopress_titles_title":"","_seopress_titles_desc":"","_seopress_robots_index":"","_monsterinsights_skip_tracking":false,"_monsterinsights_sitenote_active":false,"_monsterinsights_sitenote_note":"","_monsterinsights_sitenote_category":0,"footnotes":""},"categories":[3],"tags":[],"class_list":["post-67845","post","type-post","status-publish","format-standard","has-post-thumbnail","hentry","category-politica"],"yoast_head":"<!-- This site is optimized with the Yoast SEO plugin v27.4 - https:\/\/yoast.com\/product\/yoast-seo-wordpress\/ -->\n<title>ANALIZAN REFORMA ELECTORAL A FAVOR DE COMUNIDADES IND\u00cdGENAS - Kuali<\/title>\n<meta name=\"robots\" content=\"index, follow, max-snippet:-1, max-image-preview:large, max-video-preview:-1\" \/>\n<link rel=\"canonical\" href=\"https:\/\/kuali.com.mx\/web\/2020\/03\/20\/analizan-reforma-electoral-a-favor-de-comunidades-indigenas\/\" \/>\n<meta property=\"og:locale\" content=\"es_MX\" \/>\n<meta property=\"og:type\" content=\"article\" \/>\n<meta property=\"og:title\" content=\"ANALIZAN REFORMA ELECTORAL A FAVOR DE COMUNIDADES IND\u00cdGENAS - Kuali\" \/>\n<meta property=\"og:description\" content=\"Kuali\/Guanajuato, Gto.-El grupo parlamentario del PAN se pronunci\u00f3 por llevar a cabo una reforma electoral que fortalezca el desarrollo democr\u00e1tico de Guanajuato, principalmente sobre los derechos pol\u00edticos-electorales de los pueblos ind\u00edgenas y en materia de paridad de g\u00e9nero.\u00a0\" \/>\n<meta property=\"og:url\" content=\"https:\/\/kuali.com.mx\/web\/2020\/03\/20\/analizan-reforma-electoral-a-favor-de-comunidades-indigenas\/\" \/>\n<meta property=\"og:site_name\" content=\"Kuali\" \/>\n<meta property=\"article:publisher\" content=\"https:\/\/kuali.com.mx\/web\/wp-content\/uploads\/2018\/04\/cropped-kuali_logo-1-1.png\" \/>\n<meta property=\"article:published_time\" content=\"2020-03-20T19:37:53+00:00\" \/>\n<meta property=\"article:modified_time\" content=\"2020-03-20T22:38:20+00:00\" \/>\n<meta property=\"og:image\" content=\"https:\/\/kuali.com.mx\/web\/wp-content\/uploads\/2020\/03\/Mesa-Asuntos-Electorales-1.jpeg\" \/>\n\t<meta property=\"og:image:width\" content=\"1280\" \/>\n\t<meta property=\"og:image:height\" content=\"853\" \/>\n\t<meta property=\"og:image:type\" content=\"image\/jpeg\" \/>\n<meta name=\"author\" content=\"Kuali Staff\" \/>\n<meta name=\"twitter:card\" content=\"summary_large_image\" \/>\n<meta name=\"twitter:creator\" content=\"@kuali_noticias\" \/>\n<meta name=\"twitter:site\" content=\"@kuali_noticias\" \/>\n<meta name=\"twitter:label1\" content=\"Escrito por\" \/>\n\t<meta name=\"twitter:data1\" content=\"Kuali Staff\" \/>\n\t<meta name=\"twitter:label2\" content=\"Tiempo de lectura\" \/>\n\t<meta name=\"twitter:data2\" content=\"2 minutos\" \/>\n<script type=\"application\/ld+json\" class=\"yoast-schema-graph\">{\"@context\":\"https:\\\/\\\/schema.org\",\"@graph\":[{\"@type\":\"Article\",\"@id\":\"https:\\\/\\\/kuali.com.mx\\\/web\\\/2020\\\/03\\\/20\\\/analizan-reforma-electoral-a-favor-de-comunidades-indigenas\\\/#article\",\"isPartOf\":{\"@id\":\"https:\\\/\\\/kuali.com.mx\\\/web\\\/2020\\\/03\\\/20\\\/analizan-reforma-electoral-a-favor-de-comunidades-indigenas\\\/\"},\"author\":{\"name\":\"Kuali Staff\",\"@id\":\"https:\\\/\\\/kuali.com.mx\\\/web\\\/#\\\/schema\\\/person\\\/6f89ffa8ecba9dae50662357923c5289\"},\"headline\":\"ANALIZAN REFORMA ELECTORAL A FAVOR DE COMUNIDADES IND\u00cdGENAS\",\"datePublished\":\"2020-03-20T19:37:53+00:00\",\"dateModified\":\"2020-03-20T22:38:20+00:00\",\"mainEntityOfPage\":{\"@id\":\"https:\\\/\\\/kuali.com.mx\\\/web\\\/2020\\\/03\\\/20\\\/analizan-reforma-electoral-a-favor-de-comunidades-indigenas\\\/\"},\"wordCount\":376,\"commentCount\":0,\"image\":{\"@id\":\"https:\\\/\\\/kuali.com.mx\\\/web\\\/2020\\\/03\\\/20\\\/analizan-reforma-electoral-a-favor-de-comunidades-indigenas\\\/#primaryimage\"},\"thumbnailUrl\":\"https:\\\/\\\/kuali.com.mx\\\/web\\\/wp-content\\\/uploads\\\/2020\\\/03\\\/Mesa-Asuntos-Electorales-1.jpeg\",\"articleSection\":[\"Pol\u00edtica\"],\"inLanguage\":\"es\",\"potentialAction\":[{\"@type\":\"CommentAction\",\"name\":\"Comment\",\"target\":[\"https:\\\/\\\/kuali.com.mx\\\/web\\\/2020\\\/03\\\/20\\\/analizan-reforma-electoral-a-favor-de-comunidades-indigenas\\\/#respond\"]}]},{\"@type\":\"WebPage\",\"@id\":\"https:\\\/\\\/kuali.com.mx\\\/web\\\/2020\\\/03\\\/20\\\/analizan-reforma-electoral-a-favor-de-comunidades-indigenas\\\/\",\"url\":\"https:\\\/\\\/kuali.com.mx\\\/web\\\/2020\\\/03\\\/20\\\/analizan-reforma-electoral-a-favor-de-comunidades-indigenas\\\/\",\"name\":\"ANALIZAN REFORMA ELECTORAL A FAVOR DE COMUNIDADES IND\u00cdGENAS - Kuali\",\"isPartOf\":{\"@id\":\"https:\\\/\\\/kuali.com.mx\\\/web\\\/#website\"},\"primaryImageOfPage\":{\"@id\":\"https:\\\/\\\/kuali.com.mx\\\/web\\\/2020\\\/03\\\/20\\\/analizan-reforma-electoral-a-favor-de-comunidades-indigenas\\\/#primaryimage\"},\"image\":{\"@id\":\"https:\\\/\\\/kuali.com.mx\\\/web\\\/2020\\\/03\\\/20\\\/analizan-reforma-electoral-a-favor-de-comunidades-indigenas\\\/#primaryimage\"},\"thumbnailUrl\":\"https:\\\/\\\/kuali.com.mx\\\/web\\\/wp-content\\\/uploads\\\/2020\\\/03\\\/Mesa-Asuntos-Electorales-1.jpeg\",\"datePublished\":\"2020-03-20T19:37:53+00:00\",\"dateModified\":\"2020-03-20T22:38:20+00:00\",\"author\":{\"@id\":\"https:\\\/\\\/kuali.com.mx\\\/web\\\/#\\\/schema\\\/person\\\/6f89ffa8ecba9dae50662357923c5289\"},\"breadcrumb\":{\"@id\":\"https:\\\/\\\/kuali.com.mx\\\/web\\\/2020\\\/03\\\/20\\\/analizan-reforma-electoral-a-favor-de-comunidades-indigenas\\\/#breadcrumb\"},\"inLanguage\":\"es\",\"potentialAction\":[{\"@type\":\"ReadAction\",\"target\":[\"https:\\\/\\\/kuali.com.mx\\\/web\\\/2020\\\/03\\\/20\\\/analizan-reforma-electoral-a-favor-de-comunidades-indigenas\\\/\"]}]},{\"@type\":\"ImageObject\",\"inLanguage\":\"es\",\"@id\":\"https:\\\/\\\/kuali.com.mx\\\/web\\\/2020\\\/03\\\/20\\\/analizan-reforma-electoral-a-favor-de-comunidades-indigenas\\\/#primaryimage\",\"url\":\"https:\\\/\\\/kuali.com.mx\\\/web\\\/wp-content\\\/uploads\\\/2020\\\/03\\\/Mesa-Asuntos-Electorales-1.jpeg\",\"contentUrl\":\"https:\\\/\\\/kuali.com.mx\\\/web\\\/wp-content\\\/uploads\\\/2020\\\/03\\\/Mesa-Asuntos-Electorales-1.jpeg\",\"width\":1280,\"height\":853},{\"@type\":\"BreadcrumbList\",\"@id\":\"https:\\\/\\\/kuali.com.mx\\\/web\\\/2020\\\/03\\\/20\\\/analizan-reforma-electoral-a-favor-de-comunidades-indigenas\\\/#breadcrumb\",\"itemListElement\":[{\"@type\":\"ListItem\",\"position\":1,\"name\":\"Inicio\",\"item\":\"https:\\\/\\\/kuali.com.mx\\\/web\\\/\"},{\"@type\":\"ListItem\",\"position\":2,\"name\":\"ANALIZAN REFORMA ELECTORAL A FAVOR DE COMUNIDADES IND\u00cdGENAS\"}]},{\"@type\":\"WebSite\",\"@id\":\"https:\\\/\\\/kuali.com.mx\\\/web\\\/#website\",\"url\":\"https:\\\/\\\/kuali.com.mx\\\/web\\\/\",\"name\":\"Kuali\",\"description\":\"\",\"potentialAction\":[{\"@type\":\"SearchAction\",\"target\":{\"@type\":\"EntryPoint\",\"urlTemplate\":\"https:\\\/\\\/kuali.com.mx\\\/web\\\/?s={search_term_string}\"},\"query-input\":{\"@type\":\"PropertyValueSpecification\",\"valueRequired\":true,\"valueName\":\"search_term_string\"}}],\"inLanguage\":\"es\"},{\"@type\":\"Person\",\"@id\":\"https:\\\/\\\/kuali.com.mx\\\/web\\\/#\\\/schema\\\/person\\\/6f89ffa8ecba9dae50662357923c5289\",\"name\":\"Kuali Staff\",\"image\":{\"@type\":\"ImageObject\",\"inLanguage\":\"es\",\"@id\":\"https:\\\/\\\/secure.gravatar.com\\\/avatar\\\/f917ad82e5ab71227a733c78b6e60715476f69ee6be59feee4eb5d9920c89e0f?s=96&d=mm&r=g\",\"url\":\"https:\\\/\\\/secure.gravatar.com\\\/avatar\\\/f917ad82e5ab71227a733c78b6e60715476f69ee6be59feee4eb5d9920c89e0f?s=96&d=mm&r=g\",\"contentUrl\":\"https:\\\/\\\/secure.gravatar.com\\\/avatar\\\/f917ad82e5ab71227a733c78b6e60715476f69ee6be59feee4eb5d9920c89e0f?s=96&d=mm&r=g\",\"caption\":\"Kuali Staff\"},\"url\":\"https:\\\/\\\/kuali.com.mx\\\/web\\\/author\\\/lagarto\\\/\"}]}<\/script>\n<!-- \/ Yoast SEO plugin. -->","yoast_head_json":{"title":"ANALIZAN REFORMA ELECTORAL A FAVOR DE COMUNIDADES IND\u00cdGENAS - Kuali","robots":{"index":"index","follow":"follow","max-snippet":"max-snippet:-1","max-image-preview":"max-image-preview:large","max-video-preview":"max-video-preview:-1"},"canonical":"https:\/\/kuali.com.mx\/web\/2020\/03\/20\/analizan-reforma-electoral-a-favor-de-comunidades-indigenas\/","og_locale":"es_MX","og_type":"article","og_title":"ANALIZAN REFORMA ELECTORAL A FAVOR DE COMUNIDADES IND\u00cdGENAS - Kuali","og_description":"Kuali\/Guanajuato, Gto.-El grupo parlamentario del PAN se pronunci\u00f3 por llevar a cabo una reforma electoral que fortalezca el desarrollo democr\u00e1tico de Guanajuato, principalmente sobre los derechos pol\u00edticos-electorales de los pueblos ind\u00edgenas y en materia de paridad de g\u00e9nero.\u00a0","og_url":"https:\/\/kuali.com.mx\/web\/2020\/03\/20\/analizan-reforma-electoral-a-favor-de-comunidades-indigenas\/","og_site_name":"Kuali","article_publisher":"https:\/\/kuali.com.mx\/web\/wp-content\/uploads\/2018\/04\/cropped-kuali_logo-1-1.png","article_published_time":"2020-03-20T19:37:53+00:00","article_modified_time":"2020-03-20T22:38:20+00:00","og_image":[{"width":1280,"height":853,"url":"https:\/\/kuali.com.mx\/web\/wp-content\/uploads\/2020\/03\/Mesa-Asuntos-Electorales-1.jpeg","type":"image\/jpeg"}],"author":"Kuali Staff","twitter_card":"summary_large_image","twitter_creator":"@kuali_noticias","twitter_site":"@kuali_noticias","twitter_misc":{"Escrito por":"Kuali Staff","Tiempo de lectura":"2 minutos"},"schema":{"@context":"https:\/\/schema.org","@graph":[{"@type":"Article","@id":"https:\/\/kuali.com.mx\/web\/2020\/03\/20\/analizan-reforma-electoral-a-favor-de-comunidades-indigenas\/#article","isPartOf":{"@id":"https:\/\/kuali.com.mx\/web\/2020\/03\/20\/analizan-reforma-electoral-a-favor-de-comunidades-indigenas\/"},"author":{"name":"Kuali Staff","@id":"https:\/\/kuali.com.mx\/web\/#\/schema\/person\/6f89ffa8ecba9dae50662357923c5289"},"headline":"ANALIZAN REFORMA ELECTORAL A FAVOR DE COMUNIDADES IND\u00cdGENAS","datePublished":"2020-03-20T19:37:53+00:00","dateModified":"2020-03-20T22:38:20+00:00","mainEntityOfPage":{"@id":"https:\/\/kuali.com.mx\/web\/2020\/03\/20\/analizan-reforma-electoral-a-favor-de-comunidades-indigenas\/"},"wordCount":376,"commentCount":0,"image":{"@id":"https:\/\/kuali.com.mx\/web\/2020\/03\/20\/analizan-reforma-electoral-a-favor-de-comunidades-indigenas\/#primaryimage"},"thumbnailUrl":"https:\/\/kuali.com.mx\/web\/wp-content\/uploads\/2020\/03\/Mesa-Asuntos-Electorales-1.jpeg","articleSection":["Pol\u00edtica"],"inLanguage":"es","potentialAction":[{"@type":"CommentAction","name":"Comment","target":["https:\/\/kuali.com.mx\/web\/2020\/03\/20\/analizan-reforma-electoral-a-favor-de-comunidades-indigenas\/#respond"]}]},{"@type":"WebPage","@id":"https:\/\/kuali.com.mx\/web\/2020\/03\/20\/analizan-reforma-electoral-a-favor-de-comunidades-indigenas\/","url":"https:\/\/kuali.com.mx\/web\/2020\/03\/20\/analizan-reforma-electoral-a-favor-de-comunidades-indigenas\/","name":"ANALIZAN REFORMA ELECTORAL A FAVOR DE COMUNIDADES IND\u00cdGENAS - Kuali","isPartOf":{"@id":"https:\/\/kuali.com.mx\/web\/#website"},"primaryImageOfPage":{"@id":"https:\/\/kuali.com.mx\/web\/2020\/03\/20\/analizan-reforma-electoral-a-favor-de-comunidades-indigenas\/#primaryimage"},"image":{"@id":"https:\/\/kuali.com.mx\/web\/2020\/03\/20\/analizan-reforma-electoral-a-favor-de-comunidades-indigenas\/#primaryimage"},"thumbnailUrl":"https:\/\/kuali.com.mx\/web\/wp-content\/uploads\/2020\/03\/Mesa-Asuntos-Electorales-1.jpeg","datePublished":"2020-03-20T19:37:53+00:00","dateModified":"2020-03-20T22:38:20+00:00","author":{"@id":"https:\/\/kuali.com.mx\/web\/#\/schema\/person\/6f89ffa8ecba9dae50662357923c5289"},"breadcrumb":{"@id":"https:\/\/kuali.com.mx\/web\/2020\/03\/20\/analizan-reforma-electoral-a-favor-de-comunidades-indigenas\/#breadcrumb"},"inLanguage":"es","potentialAction":[{"@type":"ReadAction","target":["https:\/\/kuali.com.mx\/web\/2020\/03\/20\/analizan-reforma-electoral-a-favor-de-comunidades-indigenas\/"]}]},{"@type":"ImageObject","inLanguage":"es","@id":"https:\/\/kuali.com.mx\/web\/2020\/03\/20\/analizan-reforma-electoral-a-favor-de-comunidades-indigenas\/#primaryimage","url":"https:\/\/kuali.com.mx\/web\/wp-content\/uploads\/2020\/03\/Mesa-Asuntos-Electorales-1.jpeg","contentUrl":"https:\/\/kuali.com.mx\/web\/wp-content\/uploads\/2020\/03\/Mesa-Asuntos-Electorales-1.jpeg","width":1280,"height":853},{"@type":"BreadcrumbList","@id":"https:\/\/kuali.com.mx\/web\/2020\/03\/20\/analizan-reforma-electoral-a-favor-de-comunidades-indigenas\/#breadcrumb","itemListElement":[{"@type":"ListItem","position":1,"name":"Inicio","item":"https:\/\/kuali.com.mx\/web\/"},{"@type":"ListItem","position":2,"name":"ANALIZAN REFORMA ELECTORAL A FAVOR DE COMUNIDADES IND\u00cdGENAS"}]},{"@type":"WebSite","@id":"https:\/\/kuali.com.mx\/web\/#website","url":"https:\/\/kuali.com.mx\/web\/","name":"Kuali","description":"","potentialAction":[{"@type":"SearchAction","target":{"@type":"EntryPoint","urlTemplate":"https:\/\/kuali.com.mx\/web\/?s={search_term_string}"},"query-input":{"@type":"PropertyValueSpecification","valueRequired":true,"valueName":"search_term_string"}}],"inLanguage":"es"},{"@type":"Person","@id":"https:\/\/kuali.com.mx\/web\/#\/schema\/person\/6f89ffa8ecba9dae50662357923c5289","name":"Kuali Staff","image":{"@type":"ImageObject","inLanguage":"es","@id":"https:\/\/secure.gravatar.com\/avatar\/f917ad82e5ab71227a733c78b6e60715476f69ee6be59feee4eb5d9920c89e0f?s=96&d=mm&r=g","url":"https:\/\/secure.gravatar.com\/avatar\/f917ad82e5ab71227a733c78b6e60715476f69ee6be59feee4eb5d9920c89e0f?s=96&d=mm&r=g","contentUrl":"https:\/\/secure.gravatar.com\/avatar\/f917ad82e5ab71227a733c78b6e60715476f69ee6be59feee4eb5d9920c89e0f?s=96&d=mm&r=g","caption":"Kuali Staff"},"url":"https:\/\/kuali.com.mx\/web\/author\/lagarto\/"}]}},"_links":{"self":[{"href":"https:\/\/kuali.com.mx\/web\/wp-json\/wp\/v2\/posts\/67845","targetHints":{"allow":["GET"]}}],"collection":[{"href":"https:\/\/kuali.com.mx\/web\/wp-json\/wp\/v2\/posts"}],"about":[{"href":"https:\/\/kuali.com.mx\/web\/wp-json\/wp\/v2\/types\/post"}],"author":[{"embeddable":true,"href":"https:\/\/kuali.com.mx\/web\/wp-json\/wp\/v2\/users\/2"}],"replies":[{"embeddable":true,"href":"https:\/\/kuali.com.mx\/web\/wp-json\/wp\/v2\/comments?post=67845"}],"version-history":[{"count":1,"href":"https:\/\/kuali.com.mx\/web\/wp-json\/wp\/v2\/posts\/67845\/revisions"}],"predecessor-version":[{"id":67847,"href":"https:\/\/kuali.com.mx\/web\/wp-json\/wp\/v2\/posts\/67845\/revisions\/67847"}],"wp:featuredmedia":[{"embeddable":true,"href":"https:\/\/kuali.com.mx\/web\/wp-json\/wp\/v2\/media\/67846"}],"wp:attachment":[{"href":"https:\/\/kuali.com.mx\/web\/wp-json\/wp\/v2\/media?parent=67845"}],"wp:term":[{"taxonomy":"category","embeddable":true,"href":"https:\/\/kuali.com.mx\/web\/wp-json\/wp\/v2\/categories?post=67845"},{"taxonomy":"post_tag","embeddable":true,"href":"https:\/\/kuali.com.mx\/web\/wp-json\/wp\/v2\/tags?post=67845"}],"curies":[{"name":"wp","href":"https:\/\/api.w.org\/{rel}","templated":true}]}}