{"id":63988,"date":"2019-12-18T16:05:48","date_gmt":"2019-12-18T22:05:48","guid":{"rendered":"http:\/\/kuali.com.mx\/web\/?p=63988"},"modified":"2019-12-18T16:05:48","modified_gmt":"2019-12-18T22:05:48","slug":"esperan-comerciantes-incremento-en-ventas-decembrinas","status":"publish","type":"post","link":"https:\/\/kuali.com.mx\/web\/2019\/12\/18\/esperan-comerciantes-incremento-en-ventas-decembrinas\/","title":{"rendered":"ESPERAN COMERCIANTES INCREMENTO EN VENTAS DECEMBRINAS"},"content":{"rendered":"<p class=\"x_MsoNormal\"><b><i>Milagros Tadeo\/Le\u00f3n, Gto.-<\/i><\/b>\u00a0El l\u00edder de los tianguistas de la L\u00ednea de Fuego, Jes\u00fas T\u00e9llez Cabrera,\u00a0 indic\u00f3 ante las celebraciones \u00a0de Navidad y A\u00f1o Nuevo esperan un incremento de hasta un 20 por ciento en sus ventas.<\/p>\n<p><!--more--><\/p>\n<p class=\"x_MsoNormal\">Indic\u00f3 que el repunte en la compra de productos dentro de los tianguis de la ciudad ha aumentado pero esperan el mayor aumento para las siguientes dos semanas.<\/p>\n<p class=\"x_MsoNormal\">\u201cEsperamos mejorar las ventas a comparaci\u00f3n del a\u00f1o pasado, cuando menos un 20 por ciento, el a\u00f1o pasado llegamos al 70% y este a\u00f1o buscamos llegar al 90% de ventas\u201d, extern\u00f3.<\/p>\n<p class=\"x_MsoNormal\">Chuy T\u00e9llez destac\u00f3 que aunque la situaci\u00f3n econ\u00f3mica de las familias en este a\u00f1o no ha sido buena, \u00a0las ventas han tenido una buena din\u00e1mica a partir del inicio del mes de diciembre, aunque reiter\u00f3, que el mayor repunte se registrar\u00e1 a partir de la siguiente semana.<\/p>\n","protected":false},"excerpt":{"rendered":"Milagros Tadeo\/Le\u00f3n, Gto.-\u00a0El l\u00edder de los tianguistas de la L\u00ednea de Fuego, Jes\u00fas T\u00e9llez Cabrera,\u00a0 indic\u00f3 ante las celebraciones \u00a0de Navidad y A\u00f1o Nuevo esperan un incremento de hasta un 20 por ciento en sus ventas.","protected":false},"author":2,"featured_media":62546,"comment_status":"open","ping_status":"open","sticky":false,"template":"","format":"standard","meta":{"_seopress_robots_primary_cat":"","_seopress_titles_title":"","_seopress_titles_desc":"","_seopress_robots_index":"","_monsterinsights_skip_tracking":false,"_monsterinsights_sitenote_active":false,"_monsterinsights_sitenote_note":"","_monsterinsights_sitenote_category":0,"footnotes":""},"categories":[3],"tags":[],"class_list":["post-63988","post","type-post","status-publish","format-standard","has-post-thumbnail","hentry","category-politica"],"yoast_head":"<!-- This site is optimized with the Yoast SEO plugin v27.4 - https:\/\/yoast.com\/product\/yoast-seo-wordpress\/ -->\n<title>ESPERAN COMERCIANTES INCREMENTO EN VENTAS DECEMBRINAS - Kuali<\/title>\n<meta name=\"robots\" content=\"index, follow, max-snippet:-1, max-image-preview:large, max-video-preview:-1\" \/>\n<link rel=\"canonical\" href=\"https:\/\/kuali.com.mx\/web\/2019\/12\/18\/esperan-comerciantes-incremento-en-ventas-decembrinas\/\" \/>\n<meta property=\"og:locale\" content=\"es_MX\" \/>\n<meta property=\"og:type\" content=\"article\" \/>\n<meta property=\"og:title\" content=\"ESPERAN COMERCIANTES INCREMENTO EN VENTAS DECEMBRINAS - Kuali\" \/>\n<meta property=\"og:description\" content=\"Milagros Tadeo\/Le\u00f3n, Gto.-\u00a0El l\u00edder de los tianguistas de la L\u00ednea de Fuego, Jes\u00fas T\u00e9llez Cabrera,\u00a0 indic\u00f3 ante las celebraciones \u00a0de Navidad y A\u00f1o Nuevo esperan un incremento de hasta un 20 por ciento en sus ventas.\" \/>\n<meta property=\"og:url\" content=\"https:\/\/kuali.com.mx\/web\/2019\/12\/18\/esperan-comerciantes-incremento-en-ventas-decembrinas\/\" \/>\n<meta property=\"og:site_name\" content=\"Kuali\" \/>\n<meta property=\"article:publisher\" content=\"https:\/\/kuali.com.mx\/web\/wp-content\/uploads\/2018\/04\/cropped-kuali_logo-1-1.png\" \/>\n<meta property=\"article:published_time\" content=\"2019-12-18T22:05:48+00:00\" \/>\n<meta property=\"og:image\" content=\"https:\/\/kuali.com.mx\/web\/wp-content\/uploads\/2019\/11\/Comercio-negocios-locales.jpg\" \/>\n\t<meta property=\"og:image:width\" content=\"1894\" \/>\n\t<meta property=\"og:image:height\" content=\"750\" \/>\n\t<meta property=\"og:image:type\" content=\"image\/jpeg\" \/>\n<meta name=\"author\" content=\"Kuali Staff\" \/>\n<meta name=\"twitter:card\" content=\"summary_large_image\" \/>\n<meta name=\"twitter:creator\" content=\"@kuali_noticias\" \/>\n<meta name=\"twitter:site\" content=\"@kuali_noticias\" \/>\n<meta name=\"twitter:label1\" content=\"Escrito por\" \/>\n\t<meta name=\"twitter:data1\" content=\"Kuali Staff\" \/>\n\t<meta name=\"twitter:label2\" content=\"Tiempo de lectura\" \/>\n\t<meta name=\"twitter:data2\" content=\"1 minuto\" \/>\n<script type=\"application\/ld+json\" class=\"yoast-schema-graph\">{\"@context\":\"https:\\\/\\\/schema.org\",\"@graph\":[{\"@type\":\"Article\",\"@id\":\"https:\\\/\\\/kuali.com.mx\\\/web\\\/2019\\\/12\\\/18\\\/esperan-comerciantes-incremento-en-ventas-decembrinas\\\/#article\",\"isPartOf\":{\"@id\":\"https:\\\/\\\/kuali.com.mx\\\/web\\\/2019\\\/12\\\/18\\\/esperan-comerciantes-incremento-en-ventas-decembrinas\\\/\"},\"author\":{\"name\":\"Kuali Staff\",\"@id\":\"https:\\\/\\\/kuali.com.mx\\\/web\\\/#\\\/schema\\\/person\\\/6f89ffa8ecba9dae50662357923c5289\"},\"headline\":\"ESPERAN COMERCIANTES INCREMENTO EN VENTAS DECEMBRINAS\",\"datePublished\":\"2019-12-18T22:05:48+00:00\",\"mainEntityOfPage\":{\"@id\":\"https:\\\/\\\/kuali.com.mx\\\/web\\\/2019\\\/12\\\/18\\\/esperan-comerciantes-incremento-en-ventas-decembrinas\\\/\"},\"wordCount\":162,\"commentCount\":0,\"image\":{\"@id\":\"https:\\\/\\\/kuali.com.mx\\\/web\\\/2019\\\/12\\\/18\\\/esperan-comerciantes-incremento-en-ventas-decembrinas\\\/#primaryimage\"},\"thumbnailUrl\":\"https:\\\/\\\/kuali.com.mx\\\/web\\\/wp-content\\\/uploads\\\/2019\\\/11\\\/Comercio-negocios-locales.jpg\",\"articleSection\":[\"Pol\u00edtica\"],\"inLanguage\":\"es\",\"potentialAction\":[{\"@type\":\"CommentAction\",\"name\":\"Comment\",\"target\":[\"https:\\\/\\\/kuali.com.mx\\\/web\\\/2019\\\/12\\\/18\\\/esperan-comerciantes-incremento-en-ventas-decembrinas\\\/#respond\"]}]},{\"@type\":\"WebPage\",\"@id\":\"https:\\\/\\\/kuali.com.mx\\\/web\\\/2019\\\/12\\\/18\\\/esperan-comerciantes-incremento-en-ventas-decembrinas\\\/\",\"url\":\"https:\\\/\\\/kuali.com.mx\\\/web\\\/2019\\\/12\\\/18\\\/esperan-comerciantes-incremento-en-ventas-decembrinas\\\/\",\"name\":\"ESPERAN COMERCIANTES INCREMENTO EN VENTAS DECEMBRINAS - Kuali\",\"isPartOf\":{\"@id\":\"https:\\\/\\\/kuali.com.mx\\\/web\\\/#website\"},\"primaryImageOfPage\":{\"@id\":\"https:\\\/\\\/kuali.com.mx\\\/web\\\/2019\\\/12\\\/18\\\/esperan-comerciantes-incremento-en-ventas-decembrinas\\\/#primaryimage\"},\"image\":{\"@id\":\"https:\\\/\\\/kuali.com.mx\\\/web\\\/2019\\\/12\\\/18\\\/esperan-comerciantes-incremento-en-ventas-decembrinas\\\/#primaryimage\"},\"thumbnailUrl\":\"https:\\\/\\\/kuali.com.mx\\\/web\\\/wp-content\\\/uploads\\\/2019\\\/11\\\/Comercio-negocios-locales.jpg\",\"datePublished\":\"2019-12-18T22:05:48+00:00\",\"author\":{\"@id\":\"https:\\\/\\\/kuali.com.mx\\\/web\\\/#\\\/schema\\\/person\\\/6f89ffa8ecba9dae50662357923c5289\"},\"breadcrumb\":{\"@id\":\"https:\\\/\\\/kuali.com.mx\\\/web\\\/2019\\\/12\\\/18\\\/esperan-comerciantes-incremento-en-ventas-decembrinas\\\/#breadcrumb\"},\"inLanguage\":\"es\",\"potentialAction\":[{\"@type\":\"ReadAction\",\"target\":[\"https:\\\/\\\/kuali.com.mx\\\/web\\\/2019\\\/12\\\/18\\\/esperan-comerciantes-incremento-en-ventas-decembrinas\\\/\"]}]},{\"@type\":\"ImageObject\",\"inLanguage\":\"es\",\"@id\":\"https:\\\/\\\/kuali.com.mx\\\/web\\\/2019\\\/12\\\/18\\\/esperan-comerciantes-incremento-en-ventas-decembrinas\\\/#primaryimage\",\"url\":\"https:\\\/\\\/kuali.com.mx\\\/web\\\/wp-content\\\/uploads\\\/2019\\\/11\\\/Comercio-negocios-locales.jpg\",\"contentUrl\":\"https:\\\/\\\/kuali.com.mx\\\/web\\\/wp-content\\\/uploads\\\/2019\\\/11\\\/Comercio-negocios-locales.jpg\",\"width\":1894,\"height\":750},{\"@type\":\"BreadcrumbList\",\"@id\":\"https:\\\/\\\/kuali.com.mx\\\/web\\\/2019\\\/12\\\/18\\\/esperan-comerciantes-incremento-en-ventas-decembrinas\\\/#breadcrumb\",\"itemListElement\":[{\"@type\":\"ListItem\",\"position\":1,\"name\":\"Inicio\",\"item\":\"https:\\\/\\\/kuali.com.mx\\\/web\\\/\"},{\"@type\":\"ListItem\",\"position\":2,\"name\":\"ESPERAN COMERCIANTES INCREMENTO EN VENTAS DECEMBRINAS\"}]},{\"@type\":\"WebSite\",\"@id\":\"https:\\\/\\\/kuali.com.mx\\\/web\\\/#website\",\"url\":\"https:\\\/\\\/kuali.com.mx\\\/web\\\/\",\"name\":\"Kuali\",\"description\":\"\",\"potentialAction\":[{\"@type\":\"SearchAction\",\"target\":{\"@type\":\"EntryPoint\",\"urlTemplate\":\"https:\\\/\\\/kuali.com.mx\\\/web\\\/?s={search_term_string}\"},\"query-input\":{\"@type\":\"PropertyValueSpecification\",\"valueRequired\":true,\"valueName\":\"search_term_string\"}}],\"inLanguage\":\"es\"},{\"@type\":\"Person\",\"@id\":\"https:\\\/\\\/kuali.com.mx\\\/web\\\/#\\\/schema\\\/person\\\/6f89ffa8ecba9dae50662357923c5289\",\"name\":\"Kuali Staff\",\"image\":{\"@type\":\"ImageObject\",\"inLanguage\":\"es\",\"@id\":\"https:\\\/\\\/secure.gravatar.com\\\/avatar\\\/f917ad82e5ab71227a733c78b6e60715476f69ee6be59feee4eb5d9920c89e0f?s=96&d=mm&r=g\",\"url\":\"https:\\\/\\\/secure.gravatar.com\\\/avatar\\\/f917ad82e5ab71227a733c78b6e60715476f69ee6be59feee4eb5d9920c89e0f?s=96&d=mm&r=g\",\"contentUrl\":\"https:\\\/\\\/secure.gravatar.com\\\/avatar\\\/f917ad82e5ab71227a733c78b6e60715476f69ee6be59feee4eb5d9920c89e0f?s=96&d=mm&r=g\",\"caption\":\"Kuali Staff\"},\"url\":\"https:\\\/\\\/kuali.com.mx\\\/web\\\/author\\\/lagarto\\\/\"}]}<\/script>\n<!-- \/ Yoast SEO plugin. -->","yoast_head_json":{"title":"ESPERAN COMERCIANTES INCREMENTO EN VENTAS DECEMBRINAS - Kuali","robots":{"index":"index","follow":"follow","max-snippet":"max-snippet:-1","max-image-preview":"max-image-preview:large","max-video-preview":"max-video-preview:-1"},"canonical":"https:\/\/kuali.com.mx\/web\/2019\/12\/18\/esperan-comerciantes-incremento-en-ventas-decembrinas\/","og_locale":"es_MX","og_type":"article","og_title":"ESPERAN COMERCIANTES INCREMENTO EN VENTAS DECEMBRINAS - Kuali","og_description":"Milagros Tadeo\/Le\u00f3n, Gto.-\u00a0El l\u00edder de los tianguistas de la L\u00ednea de Fuego, Jes\u00fas T\u00e9llez Cabrera,\u00a0 indic\u00f3 ante las celebraciones \u00a0de Navidad y A\u00f1o Nuevo esperan un incremento de hasta un 20 por ciento en sus ventas.","og_url":"https:\/\/kuali.com.mx\/web\/2019\/12\/18\/esperan-comerciantes-incremento-en-ventas-decembrinas\/","og_site_name":"Kuali","article_publisher":"https:\/\/kuali.com.mx\/web\/wp-content\/uploads\/2018\/04\/cropped-kuali_logo-1-1.png","article_published_time":"2019-12-18T22:05:48+00:00","og_image":[{"width":1894,"height":750,"url":"https:\/\/kuali.com.mx\/web\/wp-content\/uploads\/2019\/11\/Comercio-negocios-locales.jpg","type":"image\/jpeg"}],"author":"Kuali Staff","twitter_card":"summary_large_image","twitter_creator":"@kuali_noticias","twitter_site":"@kuali_noticias","twitter_misc":{"Escrito por":"Kuali Staff","Tiempo de lectura":"1 minuto"},"schema":{"@context":"https:\/\/schema.org","@graph":[{"@type":"Article","@id":"https:\/\/kuali.com.mx\/web\/2019\/12\/18\/esperan-comerciantes-incremento-en-ventas-decembrinas\/#article","isPartOf":{"@id":"https:\/\/kuali.com.mx\/web\/2019\/12\/18\/esperan-comerciantes-incremento-en-ventas-decembrinas\/"},"author":{"name":"Kuali Staff","@id":"https:\/\/kuali.com.mx\/web\/#\/schema\/person\/6f89ffa8ecba9dae50662357923c5289"},"headline":"ESPERAN COMERCIANTES INCREMENTO EN VENTAS DECEMBRINAS","datePublished":"2019-12-18T22:05:48+00:00","mainEntityOfPage":{"@id":"https:\/\/kuali.com.mx\/web\/2019\/12\/18\/esperan-comerciantes-incremento-en-ventas-decembrinas\/"},"wordCount":162,"commentCount":0,"image":{"@id":"https:\/\/kuali.com.mx\/web\/2019\/12\/18\/esperan-comerciantes-incremento-en-ventas-decembrinas\/#primaryimage"},"thumbnailUrl":"https:\/\/kuali.com.mx\/web\/wp-content\/uploads\/2019\/11\/Comercio-negocios-locales.jpg","articleSection":["Pol\u00edtica"],"inLanguage":"es","potentialAction":[{"@type":"CommentAction","name":"Comment","target":["https:\/\/kuali.com.mx\/web\/2019\/12\/18\/esperan-comerciantes-incremento-en-ventas-decembrinas\/#respond"]}]},{"@type":"WebPage","@id":"https:\/\/kuali.com.mx\/web\/2019\/12\/18\/esperan-comerciantes-incremento-en-ventas-decembrinas\/","url":"https:\/\/kuali.com.mx\/web\/2019\/12\/18\/esperan-comerciantes-incremento-en-ventas-decembrinas\/","name":"ESPERAN COMERCIANTES INCREMENTO EN VENTAS DECEMBRINAS - Kuali","isPartOf":{"@id":"https:\/\/kuali.com.mx\/web\/#website"},"primaryImageOfPage":{"@id":"https:\/\/kuali.com.mx\/web\/2019\/12\/18\/esperan-comerciantes-incremento-en-ventas-decembrinas\/#primaryimage"},"image":{"@id":"https:\/\/kuali.com.mx\/web\/2019\/12\/18\/esperan-comerciantes-incremento-en-ventas-decembrinas\/#primaryimage"},"thumbnailUrl":"https:\/\/kuali.com.mx\/web\/wp-content\/uploads\/2019\/11\/Comercio-negocios-locales.jpg","datePublished":"2019-12-18T22:05:48+00:00","author":{"@id":"https:\/\/kuali.com.mx\/web\/#\/schema\/person\/6f89ffa8ecba9dae50662357923c5289"},"breadcrumb":{"@id":"https:\/\/kuali.com.mx\/web\/2019\/12\/18\/esperan-comerciantes-incremento-en-ventas-decembrinas\/#breadcrumb"},"inLanguage":"es","potentialAction":[{"@type":"ReadAction","target":["https:\/\/kuali.com.mx\/web\/2019\/12\/18\/esperan-comerciantes-incremento-en-ventas-decembrinas\/"]}]},{"@type":"ImageObject","inLanguage":"es","@id":"https:\/\/kuali.com.mx\/web\/2019\/12\/18\/esperan-comerciantes-incremento-en-ventas-decembrinas\/#primaryimage","url":"https:\/\/kuali.com.mx\/web\/wp-content\/uploads\/2019\/11\/Comercio-negocios-locales.jpg","contentUrl":"https:\/\/kuali.com.mx\/web\/wp-content\/uploads\/2019\/11\/Comercio-negocios-locales.jpg","width":1894,"height":750},{"@type":"BreadcrumbList","@id":"https:\/\/kuali.com.mx\/web\/2019\/12\/18\/esperan-comerciantes-incremento-en-ventas-decembrinas\/#breadcrumb","itemListElement":[{"@type":"ListItem","position":1,"name":"Inicio","item":"https:\/\/kuali.com.mx\/web\/"},{"@type":"ListItem","position":2,"name":"ESPERAN COMERCIANTES INCREMENTO EN VENTAS DECEMBRINAS"}]},{"@type":"WebSite","@id":"https:\/\/kuali.com.mx\/web\/#website","url":"https:\/\/kuali.com.mx\/web\/","name":"Kuali","description":"","potentialAction":[{"@type":"SearchAction","target":{"@type":"EntryPoint","urlTemplate":"https:\/\/kuali.com.mx\/web\/?s={search_term_string}"},"query-input":{"@type":"PropertyValueSpecification","valueRequired":true,"valueName":"search_term_string"}}],"inLanguage":"es"},{"@type":"Person","@id":"https:\/\/kuali.com.mx\/web\/#\/schema\/person\/6f89ffa8ecba9dae50662357923c5289","name":"Kuali Staff","image":{"@type":"ImageObject","inLanguage":"es","@id":"https:\/\/secure.gravatar.com\/avatar\/f917ad82e5ab71227a733c78b6e60715476f69ee6be59feee4eb5d9920c89e0f?s=96&d=mm&r=g","url":"https:\/\/secure.gravatar.com\/avatar\/f917ad82e5ab71227a733c78b6e60715476f69ee6be59feee4eb5d9920c89e0f?s=96&d=mm&r=g","contentUrl":"https:\/\/secure.gravatar.com\/avatar\/f917ad82e5ab71227a733c78b6e60715476f69ee6be59feee4eb5d9920c89e0f?s=96&d=mm&r=g","caption":"Kuali Staff"},"url":"https:\/\/kuali.com.mx\/web\/author\/lagarto\/"}]}},"_links":{"self":[{"href":"https:\/\/kuali.com.mx\/web\/wp-json\/wp\/v2\/posts\/63988","targetHints":{"allow":["GET"]}}],"collection":[{"href":"https:\/\/kuali.com.mx\/web\/wp-json\/wp\/v2\/posts"}],"about":[{"href":"https:\/\/kuali.com.mx\/web\/wp-json\/wp\/v2\/types\/post"}],"author":[{"embeddable":true,"href":"https:\/\/kuali.com.mx\/web\/wp-json\/wp\/v2\/users\/2"}],"replies":[{"embeddable":true,"href":"https:\/\/kuali.com.mx\/web\/wp-json\/wp\/v2\/comments?post=63988"}],"version-history":[{"count":1,"href":"https:\/\/kuali.com.mx\/web\/wp-json\/wp\/v2\/posts\/63988\/revisions"}],"predecessor-version":[{"id":63989,"href":"https:\/\/kuali.com.mx\/web\/wp-json\/wp\/v2\/posts\/63988\/revisions\/63989"}],"wp:featuredmedia":[{"embeddable":true,"href":"https:\/\/kuali.com.mx\/web\/wp-json\/wp\/v2\/media\/62546"}],"wp:attachment":[{"href":"https:\/\/kuali.com.mx\/web\/wp-json\/wp\/v2\/media?parent=63988"}],"wp:term":[{"taxonomy":"category","embeddable":true,"href":"https:\/\/kuali.com.mx\/web\/wp-json\/wp\/v2\/categories?post=63988"},{"taxonomy":"post_tag","embeddable":true,"href":"https:\/\/kuali.com.mx\/web\/wp-json\/wp\/v2\/tags?post=63988"}],"curies":[{"name":"wp","href":"https:\/\/api.w.org\/{rel}","templated":true}]}}