{"id":63932,"date":"2019-12-16T12:59:01","date_gmt":"2019-12-16T18:59:01","guid":{"rendered":"http:\/\/kuali.com.mx\/web\/?p=63932"},"modified":"2019-12-17T07:55:49","modified_gmt":"2019-12-17T13:55:49","slug":"conmemoran-aniversario-de-la-tecnica-41","status":"publish","type":"post","link":"https:\/\/kuali.com.mx\/web\/2019\/12\/16\/conmemoran-aniversario-de-la-tecnica-41\/","title":{"rendered":"CONMEMORAN ANIVERSARIO DE LA T\u00c9CNICA 41"},"content":{"rendered":"<p><strong><em>Kuali\/Irapuato, Gto.<\/em><\/strong>.-De la Escuela Secundaria T\u00e9cnica Industrial 41 han egresado m\u00e1s de 45 mil alumnas y alumnos a lo largo de 35 a\u00f1os de servicio educativo<!--more--><\/p>\n<p>Durante la conmemoraci\u00f3n del aniversario del plantel se devel\u00f3 una placa, y se reconoci\u00f3 a los maestros fundadores \u00a0Rosa El\u00eda Mart\u00ednez de la Rosa y Alejandro Aranda Vences, ambos siguen activo, de igual manera el agradecimiento al personal docente y administrativo.<\/p>\n<p>El director de la escuela Sergio Segovia S\u00e1nchez dijo que son 35 a\u00f1os de la escuela, que ha sido considerada como una de las mejores opciones para la comunidad estudiantil, por los buenos resultados obtenidos, por la dedicaci\u00f3n de los maestros, alumnos y padres de familia.<\/p>\n<p>.Entre los resultados que han permitido posicionar a la Escuela Secundaria T\u00e9cnica No. 41 entre las mejores en la Regi\u00f3n Suroeste, est\u00e1 el trabajo que se realiza con las y los alumnos en el campo de las ciencias y la tecnolog\u00eda \u201cactualmente contamos con alumnos que habr\u00e1n de participar en el selectivo estatal de matem\u00e1ticas\u201d, apunt\u00f3 el maestro Segovia S\u00e1nchez.<\/p>\n<p>Por su parte el delegado de la Regi\u00f3n Suroeste de la SEG, Gabriel Espinoza Mu\u00f1oz, felicit\u00f3 a la comunidad educativa de la T\u00e9cnica 41 por el 35 Aniversario y precis\u00f3: \u201cquiero reconocer el esfuerzo del personal docente y administrativo por su trabajo profesional, punto especial, es el de nuestros maestros jubilados, quienes hoy ven lo que en su momento sembraron, vaya mi respeto y admiraci\u00f3n a su trayectoria, porque el hoy de la Escuela Secundaria T\u00e9cnica 41 es un referente educativo en nuestra regi\u00f3n\u201d.<\/p>\n<p>.<\/p>\n<p>&nbsp;<\/p>\n","protected":false},"excerpt":{"rendered":"Kuali\/Irapuato, Gto..-De la Escuela Secundaria T\u00e9cnica Industrial 41 han egresado m\u00e1s de 45 mil alumnas y alumnos a lo largo de 35 a\u00f1os de servicio educativo","protected":false},"author":2,"featured_media":63933,"comment_status":"open","ping_status":"open","sticky":false,"template":"","format":"standard","meta":{"_seopress_robots_primary_cat":"","_seopress_titles_title":"","_seopress_titles_desc":"","_seopress_robots_index":"","_monsterinsights_skip_tracking":false,"_monsterinsights_sitenote_active":false,"_monsterinsights_sitenote_note":"","_monsterinsights_sitenote_category":0,"footnotes":""},"categories":[4],"tags":[],"class_list":["post-63932","post","type-post","status-publish","format-standard","has-post-thumbnail","hentry","category-educacion"],"yoast_head":"<!-- This site is optimized with the Yoast SEO plugin v27.4 - https:\/\/yoast.com\/product\/yoast-seo-wordpress\/ -->\n<title>CONMEMORAN ANIVERSARIO DE LA T\u00c9CNICA 41 - Kuali<\/title>\n<meta name=\"robots\" content=\"index, follow, max-snippet:-1, max-image-preview:large, max-video-preview:-1\" \/>\n<link rel=\"canonical\" href=\"https:\/\/kuali.com.mx\/web\/2019\/12\/16\/conmemoran-aniversario-de-la-tecnica-41\/\" \/>\n<meta property=\"og:locale\" content=\"es_MX\" \/>\n<meta property=\"og:type\" content=\"article\" \/>\n<meta property=\"og:title\" content=\"CONMEMORAN ANIVERSARIO DE LA T\u00c9CNICA 41 - Kuali\" \/>\n<meta property=\"og:description\" content=\"Kuali\/Irapuato, Gto..-De la Escuela Secundaria T\u00e9cnica Industrial 41 han egresado m\u00e1s de 45 mil alumnas y alumnos a lo largo de 35 a\u00f1os de servicio educativo\" \/>\n<meta property=\"og:url\" content=\"https:\/\/kuali.com.mx\/web\/2019\/12\/16\/conmemoran-aniversario-de-la-tecnica-41\/\" \/>\n<meta property=\"og:site_name\" content=\"Kuali\" \/>\n<meta property=\"article:publisher\" content=\"https:\/\/kuali.com.mx\/web\/wp-content\/uploads\/2018\/04\/cropped-kuali_logo-1-1.png\" \/>\n<meta property=\"article:published_time\" content=\"2019-12-16T18:59:01+00:00\" \/>\n<meta property=\"article:modified_time\" content=\"2019-12-17T13:55:49+00:00\" \/>\n<meta property=\"og:image\" content=\"https:\/\/kuali.com.mx\/web\/wp-content\/uploads\/2019\/12\/ECUELA.jpg\" \/>\n\t<meta property=\"og:image:width\" content=\"1830\" \/>\n\t<meta property=\"og:image:height\" content=\"750\" \/>\n\t<meta property=\"og:image:type\" content=\"image\/jpeg\" \/>\n<meta name=\"author\" content=\"Kuali Staff\" \/>\n<meta name=\"twitter:card\" content=\"summary_large_image\" \/>\n<meta name=\"twitter:creator\" content=\"@kuali_noticias\" \/>\n<meta name=\"twitter:site\" content=\"@kuali_noticias\" \/>\n<meta name=\"twitter:label1\" content=\"Escrito por\" \/>\n\t<meta name=\"twitter:data1\" content=\"Kuali Staff\" \/>\n\t<meta name=\"twitter:label2\" content=\"Tiempo de lectura\" \/>\n\t<meta name=\"twitter:data2\" content=\"1 minuto\" \/>\n<script type=\"application\/ld+json\" class=\"yoast-schema-graph\">{\"@context\":\"https:\\\/\\\/schema.org\",\"@graph\":[{\"@type\":\"Article\",\"@id\":\"https:\\\/\\\/kuali.com.mx\\\/web\\\/2019\\\/12\\\/16\\\/conmemoran-aniversario-de-la-tecnica-41\\\/#article\",\"isPartOf\":{\"@id\":\"https:\\\/\\\/kuali.com.mx\\\/web\\\/2019\\\/12\\\/16\\\/conmemoran-aniversario-de-la-tecnica-41\\\/\"},\"author\":{\"name\":\"Kuali Staff\",\"@id\":\"https:\\\/\\\/kuali.com.mx\\\/web\\\/#\\\/schema\\\/person\\\/6f89ffa8ecba9dae50662357923c5289\"},\"headline\":\"CONMEMORAN ANIVERSARIO DE LA T\u00c9CNICA 41\",\"datePublished\":\"2019-12-16T18:59:01+00:00\",\"dateModified\":\"2019-12-17T13:55:49+00:00\",\"mainEntityOfPage\":{\"@id\":\"https:\\\/\\\/kuali.com.mx\\\/web\\\/2019\\\/12\\\/16\\\/conmemoran-aniversario-de-la-tecnica-41\\\/\"},\"wordCount\":279,\"commentCount\":0,\"image\":{\"@id\":\"https:\\\/\\\/kuali.com.mx\\\/web\\\/2019\\\/12\\\/16\\\/conmemoran-aniversario-de-la-tecnica-41\\\/#primaryimage\"},\"thumbnailUrl\":\"https:\\\/\\\/kuali.com.mx\\\/web\\\/wp-content\\\/uploads\\\/2019\\\/12\\\/ECUELA.jpg\",\"articleSection\":[\"Educaci\u00f3n\"],\"inLanguage\":\"es\",\"potentialAction\":[{\"@type\":\"CommentAction\",\"name\":\"Comment\",\"target\":[\"https:\\\/\\\/kuali.com.mx\\\/web\\\/2019\\\/12\\\/16\\\/conmemoran-aniversario-de-la-tecnica-41\\\/#respond\"]}]},{\"@type\":\"WebPage\",\"@id\":\"https:\\\/\\\/kuali.com.mx\\\/web\\\/2019\\\/12\\\/16\\\/conmemoran-aniversario-de-la-tecnica-41\\\/\",\"url\":\"https:\\\/\\\/kuali.com.mx\\\/web\\\/2019\\\/12\\\/16\\\/conmemoran-aniversario-de-la-tecnica-41\\\/\",\"name\":\"CONMEMORAN ANIVERSARIO DE LA T\u00c9CNICA 41 - Kuali\",\"isPartOf\":{\"@id\":\"https:\\\/\\\/kuali.com.mx\\\/web\\\/#website\"},\"primaryImageOfPage\":{\"@id\":\"https:\\\/\\\/kuali.com.mx\\\/web\\\/2019\\\/12\\\/16\\\/conmemoran-aniversario-de-la-tecnica-41\\\/#primaryimage\"},\"image\":{\"@id\":\"https:\\\/\\\/kuali.com.mx\\\/web\\\/2019\\\/12\\\/16\\\/conmemoran-aniversario-de-la-tecnica-41\\\/#primaryimage\"},\"thumbnailUrl\":\"https:\\\/\\\/kuali.com.mx\\\/web\\\/wp-content\\\/uploads\\\/2019\\\/12\\\/ECUELA.jpg\",\"datePublished\":\"2019-12-16T18:59:01+00:00\",\"dateModified\":\"2019-12-17T13:55:49+00:00\",\"author\":{\"@id\":\"https:\\\/\\\/kuali.com.mx\\\/web\\\/#\\\/schema\\\/person\\\/6f89ffa8ecba9dae50662357923c5289\"},\"breadcrumb\":{\"@id\":\"https:\\\/\\\/kuali.com.mx\\\/web\\\/2019\\\/12\\\/16\\\/conmemoran-aniversario-de-la-tecnica-41\\\/#breadcrumb\"},\"inLanguage\":\"es\",\"potentialAction\":[{\"@type\":\"ReadAction\",\"target\":[\"https:\\\/\\\/kuali.com.mx\\\/web\\\/2019\\\/12\\\/16\\\/conmemoran-aniversario-de-la-tecnica-41\\\/\"]}]},{\"@type\":\"ImageObject\",\"inLanguage\":\"es\",\"@id\":\"https:\\\/\\\/kuali.com.mx\\\/web\\\/2019\\\/12\\\/16\\\/conmemoran-aniversario-de-la-tecnica-41\\\/#primaryimage\",\"url\":\"https:\\\/\\\/kuali.com.mx\\\/web\\\/wp-content\\\/uploads\\\/2019\\\/12\\\/ECUELA.jpg\",\"contentUrl\":\"https:\\\/\\\/kuali.com.mx\\\/web\\\/wp-content\\\/uploads\\\/2019\\\/12\\\/ECUELA.jpg\",\"width\":1830,\"height\":750},{\"@type\":\"BreadcrumbList\",\"@id\":\"https:\\\/\\\/kuali.com.mx\\\/web\\\/2019\\\/12\\\/16\\\/conmemoran-aniversario-de-la-tecnica-41\\\/#breadcrumb\",\"itemListElement\":[{\"@type\":\"ListItem\",\"position\":1,\"name\":\"Inicio\",\"item\":\"https:\\\/\\\/kuali.com.mx\\\/web\\\/\"},{\"@type\":\"ListItem\",\"position\":2,\"name\":\"CONMEMORAN ANIVERSARIO DE LA T\u00c9CNICA 41\"}]},{\"@type\":\"WebSite\",\"@id\":\"https:\\\/\\\/kuali.com.mx\\\/web\\\/#website\",\"url\":\"https:\\\/\\\/kuali.com.mx\\\/web\\\/\",\"name\":\"Kuali\",\"description\":\"\",\"potentialAction\":[{\"@type\":\"SearchAction\",\"target\":{\"@type\":\"EntryPoint\",\"urlTemplate\":\"https:\\\/\\\/kuali.com.mx\\\/web\\\/?s={search_term_string}\"},\"query-input\":{\"@type\":\"PropertyValueSpecification\",\"valueRequired\":true,\"valueName\":\"search_term_string\"}}],\"inLanguage\":\"es\"},{\"@type\":\"Person\",\"@id\":\"https:\\\/\\\/kuali.com.mx\\\/web\\\/#\\\/schema\\\/person\\\/6f89ffa8ecba9dae50662357923c5289\",\"name\":\"Kuali Staff\",\"image\":{\"@type\":\"ImageObject\",\"inLanguage\":\"es\",\"@id\":\"https:\\\/\\\/secure.gravatar.com\\\/avatar\\\/f917ad82e5ab71227a733c78b6e60715476f69ee6be59feee4eb5d9920c89e0f?s=96&d=mm&r=g\",\"url\":\"https:\\\/\\\/secure.gravatar.com\\\/avatar\\\/f917ad82e5ab71227a733c78b6e60715476f69ee6be59feee4eb5d9920c89e0f?s=96&d=mm&r=g\",\"contentUrl\":\"https:\\\/\\\/secure.gravatar.com\\\/avatar\\\/f917ad82e5ab71227a733c78b6e60715476f69ee6be59feee4eb5d9920c89e0f?s=96&d=mm&r=g\",\"caption\":\"Kuali Staff\"},\"url\":\"https:\\\/\\\/kuali.com.mx\\\/web\\\/author\\\/lagarto\\\/\"}]}<\/script>\n<!-- \/ Yoast SEO plugin. -->","yoast_head_json":{"title":"CONMEMORAN ANIVERSARIO DE LA T\u00c9CNICA 41 - Kuali","robots":{"index":"index","follow":"follow","max-snippet":"max-snippet:-1","max-image-preview":"max-image-preview:large","max-video-preview":"max-video-preview:-1"},"canonical":"https:\/\/kuali.com.mx\/web\/2019\/12\/16\/conmemoran-aniversario-de-la-tecnica-41\/","og_locale":"es_MX","og_type":"article","og_title":"CONMEMORAN ANIVERSARIO DE LA T\u00c9CNICA 41 - Kuali","og_description":"Kuali\/Irapuato, Gto..-De la Escuela Secundaria T\u00e9cnica Industrial 41 han egresado m\u00e1s de 45 mil alumnas y alumnos a lo largo de 35 a\u00f1os de servicio educativo","og_url":"https:\/\/kuali.com.mx\/web\/2019\/12\/16\/conmemoran-aniversario-de-la-tecnica-41\/","og_site_name":"Kuali","article_publisher":"https:\/\/kuali.com.mx\/web\/wp-content\/uploads\/2018\/04\/cropped-kuali_logo-1-1.png","article_published_time":"2019-12-16T18:59:01+00:00","article_modified_time":"2019-12-17T13:55:49+00:00","og_image":[{"width":1830,"height":750,"url":"https:\/\/kuali.com.mx\/web\/wp-content\/uploads\/2019\/12\/ECUELA.jpg","type":"image\/jpeg"}],"author":"Kuali Staff","twitter_card":"summary_large_image","twitter_creator":"@kuali_noticias","twitter_site":"@kuali_noticias","twitter_misc":{"Escrito por":"Kuali Staff","Tiempo de lectura":"1 minuto"},"schema":{"@context":"https:\/\/schema.org","@graph":[{"@type":"Article","@id":"https:\/\/kuali.com.mx\/web\/2019\/12\/16\/conmemoran-aniversario-de-la-tecnica-41\/#article","isPartOf":{"@id":"https:\/\/kuali.com.mx\/web\/2019\/12\/16\/conmemoran-aniversario-de-la-tecnica-41\/"},"author":{"name":"Kuali Staff","@id":"https:\/\/kuali.com.mx\/web\/#\/schema\/person\/6f89ffa8ecba9dae50662357923c5289"},"headline":"CONMEMORAN ANIVERSARIO DE LA T\u00c9CNICA 41","datePublished":"2019-12-16T18:59:01+00:00","dateModified":"2019-12-17T13:55:49+00:00","mainEntityOfPage":{"@id":"https:\/\/kuali.com.mx\/web\/2019\/12\/16\/conmemoran-aniversario-de-la-tecnica-41\/"},"wordCount":279,"commentCount":0,"image":{"@id":"https:\/\/kuali.com.mx\/web\/2019\/12\/16\/conmemoran-aniversario-de-la-tecnica-41\/#primaryimage"},"thumbnailUrl":"https:\/\/kuali.com.mx\/web\/wp-content\/uploads\/2019\/12\/ECUELA.jpg","articleSection":["Educaci\u00f3n"],"inLanguage":"es","potentialAction":[{"@type":"CommentAction","name":"Comment","target":["https:\/\/kuali.com.mx\/web\/2019\/12\/16\/conmemoran-aniversario-de-la-tecnica-41\/#respond"]}]},{"@type":"WebPage","@id":"https:\/\/kuali.com.mx\/web\/2019\/12\/16\/conmemoran-aniversario-de-la-tecnica-41\/","url":"https:\/\/kuali.com.mx\/web\/2019\/12\/16\/conmemoran-aniversario-de-la-tecnica-41\/","name":"CONMEMORAN ANIVERSARIO DE LA T\u00c9CNICA 41 - Kuali","isPartOf":{"@id":"https:\/\/kuali.com.mx\/web\/#website"},"primaryImageOfPage":{"@id":"https:\/\/kuali.com.mx\/web\/2019\/12\/16\/conmemoran-aniversario-de-la-tecnica-41\/#primaryimage"},"image":{"@id":"https:\/\/kuali.com.mx\/web\/2019\/12\/16\/conmemoran-aniversario-de-la-tecnica-41\/#primaryimage"},"thumbnailUrl":"https:\/\/kuali.com.mx\/web\/wp-content\/uploads\/2019\/12\/ECUELA.jpg","datePublished":"2019-12-16T18:59:01+00:00","dateModified":"2019-12-17T13:55:49+00:00","author":{"@id":"https:\/\/kuali.com.mx\/web\/#\/schema\/person\/6f89ffa8ecba9dae50662357923c5289"},"breadcrumb":{"@id":"https:\/\/kuali.com.mx\/web\/2019\/12\/16\/conmemoran-aniversario-de-la-tecnica-41\/#breadcrumb"},"inLanguage":"es","potentialAction":[{"@type":"ReadAction","target":["https:\/\/kuali.com.mx\/web\/2019\/12\/16\/conmemoran-aniversario-de-la-tecnica-41\/"]}]},{"@type":"ImageObject","inLanguage":"es","@id":"https:\/\/kuali.com.mx\/web\/2019\/12\/16\/conmemoran-aniversario-de-la-tecnica-41\/#primaryimage","url":"https:\/\/kuali.com.mx\/web\/wp-content\/uploads\/2019\/12\/ECUELA.jpg","contentUrl":"https:\/\/kuali.com.mx\/web\/wp-content\/uploads\/2019\/12\/ECUELA.jpg","width":1830,"height":750},{"@type":"BreadcrumbList","@id":"https:\/\/kuali.com.mx\/web\/2019\/12\/16\/conmemoran-aniversario-de-la-tecnica-41\/#breadcrumb","itemListElement":[{"@type":"ListItem","position":1,"name":"Inicio","item":"https:\/\/kuali.com.mx\/web\/"},{"@type":"ListItem","position":2,"name":"CONMEMORAN ANIVERSARIO DE LA T\u00c9CNICA 41"}]},{"@type":"WebSite","@id":"https:\/\/kuali.com.mx\/web\/#website","url":"https:\/\/kuali.com.mx\/web\/","name":"Kuali","description":"","potentialAction":[{"@type":"SearchAction","target":{"@type":"EntryPoint","urlTemplate":"https:\/\/kuali.com.mx\/web\/?s={search_term_string}"},"query-input":{"@type":"PropertyValueSpecification","valueRequired":true,"valueName":"search_term_string"}}],"inLanguage":"es"},{"@type":"Person","@id":"https:\/\/kuali.com.mx\/web\/#\/schema\/person\/6f89ffa8ecba9dae50662357923c5289","name":"Kuali Staff","image":{"@type":"ImageObject","inLanguage":"es","@id":"https:\/\/secure.gravatar.com\/avatar\/f917ad82e5ab71227a733c78b6e60715476f69ee6be59feee4eb5d9920c89e0f?s=96&d=mm&r=g","url":"https:\/\/secure.gravatar.com\/avatar\/f917ad82e5ab71227a733c78b6e60715476f69ee6be59feee4eb5d9920c89e0f?s=96&d=mm&r=g","contentUrl":"https:\/\/secure.gravatar.com\/avatar\/f917ad82e5ab71227a733c78b6e60715476f69ee6be59feee4eb5d9920c89e0f?s=96&d=mm&r=g","caption":"Kuali Staff"},"url":"https:\/\/kuali.com.mx\/web\/author\/lagarto\/"}]}},"_links":{"self":[{"href":"https:\/\/kuali.com.mx\/web\/wp-json\/wp\/v2\/posts\/63932","targetHints":{"allow":["GET"]}}],"collection":[{"href":"https:\/\/kuali.com.mx\/web\/wp-json\/wp\/v2\/posts"}],"about":[{"href":"https:\/\/kuali.com.mx\/web\/wp-json\/wp\/v2\/types\/post"}],"author":[{"embeddable":true,"href":"https:\/\/kuali.com.mx\/web\/wp-json\/wp\/v2\/users\/2"}],"replies":[{"embeddable":true,"href":"https:\/\/kuali.com.mx\/web\/wp-json\/wp\/v2\/comments?post=63932"}],"version-history":[{"count":3,"href":"https:\/\/kuali.com.mx\/web\/wp-json\/wp\/v2\/posts\/63932\/revisions"}],"predecessor-version":[{"id":63936,"href":"https:\/\/kuali.com.mx\/web\/wp-json\/wp\/v2\/posts\/63932\/revisions\/63936"}],"wp:featuredmedia":[{"embeddable":true,"href":"https:\/\/kuali.com.mx\/web\/wp-json\/wp\/v2\/media\/63933"}],"wp:attachment":[{"href":"https:\/\/kuali.com.mx\/web\/wp-json\/wp\/v2\/media?parent=63932"}],"wp:term":[{"taxonomy":"category","embeddable":true,"href":"https:\/\/kuali.com.mx\/web\/wp-json\/wp\/v2\/categories?post=63932"},{"taxonomy":"post_tag","embeddable":true,"href":"https:\/\/kuali.com.mx\/web\/wp-json\/wp\/v2\/tags?post=63932"}],"curies":[{"name":"wp","href":"https:\/\/api.w.org\/{rel}","templated":true}]}}