{"id":63897,"date":"2019-12-16T10:47:15","date_gmt":"2019-12-16T16:47:15","guid":{"rendered":"http:\/\/kuali.com.mx\/web\/?p=63897"},"modified":"2019-12-16T11:13:56","modified_gmt":"2019-12-16T17:13:56","slug":"licitaran-tren-maya-en-enero-del-2020","status":"publish","type":"post","link":"https:\/\/kuali.com.mx\/web\/2019\/12\/16\/licitaran-tren-maya-en-enero-del-2020\/","title":{"rendered":"LICITAR\u00c1N TREN MAYA EN ENERO DEL 2020"},"content":{"rendered":"<p><strong><em>Notimex\/M\u00e9xico<\/em><\/strong>.- En enero pr\u00f3ximo se realizar\u00e1 la primera licitaci\u00f3n y en marzo dar\u00e1n inicio las obras del Tren Maya, inform\u00f3 hoy el gobierno federal luego que las comunidades ind\u00edgenas y la poblaci\u00f3n general de los estados por donde pasar\u00e1 respaldaron mayoritariamente dicho proyecto.<!--more--><\/p>\n<p>En la conferencia de prensa matutina del presidente Andr\u00e9s Manuel L\u00f3pez Obrador, se presentaron los resultados de las consultas populares realizadas el fin de semana, as\u00ed como el plan de construcci\u00f3n de la obra, que tendr\u00e1 un presupuesto de 120 mil millones de pesos.<\/p>\n<p>\"Iniciaremos la primera licitaci\u00f3n en la primera semana de enero, en las zonas donde ya existe v\u00eda, y para finales de marzo o principios de abril estar\u00e1n comenzando las obras\", explic\u00f3\u00a0Rogelio Jim\u00e9nez Pons, director Fondo Nacional de Fomento al Turismo (Fonatur).<\/p>\n<p>El funcionario encargado de la obra del Tren Maya agreg\u00f3 que se convocar\u00e1 a todas las empresas de construcci\u00f3n que deseen participar en el proyecto, que unir\u00e1 los destinos tur\u00edsticos de Quintana Rooo, Chiapas, Campeche, Yucat\u00e1n, Tabasco y Quintana Roo.<\/p>\n<p>Por su parte, el presidente L\u00f3pez Obrador se\u00f1al\u00f3 que ya se cuenta con el presupuesto para el tren, que ser\u00e1 de alrededor de 120 mil millones de pesos, y celebr\u00f3 la probaci\u00f3n recibida por el proyecto en las consultas.<\/p>\n<p>El\u00a0director del Instituto Nacional de los Pueblos Ind\u00edgenas (INPI),\u00a0Adelfo Regino Montes, explic\u00f3 que durante noviembre y diciembre se realizaron 30 asambleas consultivas con comunidades ind\u00edgenas cerca de la ruta del tren, para consultar a mil 400 comunidades mayas, choles, tzotziles y tzentales.<\/p>\n<p>\u201cHubo consenso generalizado, un\u00e1nime, por la implementaci\u00f3n del proyecto de desarrollo del Tren Maya\u201d, afirm\u00f3 Regino Montes, quien agreg\u00f3 que se\u00a0acordaron diversas mesas de seguimiento para dar cumplimento a acuerdos.<\/p>\n<p>En tanto, en los 84 municipios de los cinco estados en los que se llev\u00f3 a cabo este fin de semana una consulta popular, 93 mil personas (92.3 por ciento) votaron porque se realice la obra y\u00a07 mil 517 ciudadanos (7.4 por ciento) optaron porque no se lleve a cabo.<\/p>\n<p>En Chiapas, Tabasco, Campeche, Yucat\u00e1n y Quintana Roo fueron instaladas 268 mesas, en donde no se registraron incidentes, inform\u00f3 la Secretar\u00eda de Gobernaci\u00f3n. L\u00f3pez Obrador adelant\u00f3 que\u00a0los resultados de ambas consultas ser\u00e1n publicadas con detalle en Internet y redes sociales.<\/p>\n","protected":false},"excerpt":{"rendered":"Notimex\/M\u00e9xico.- En enero pr\u00f3ximo se realizar\u00e1 la primera licitaci\u00f3n y en marzo dar\u00e1n inicio las obras del Tren Maya, inform\u00f3 hoy el gobierno federal luego que las comunidades ind\u00edgenas y la poblaci\u00f3n general de los estados por donde pasar\u00e1 respaldaron mayoritariamente dicho proyecto.","protected":false},"author":2,"featured_media":63898,"comment_status":"open","ping_status":"open","sticky":false,"template":"","format":"standard","meta":{"_seopress_robots_primary_cat":"","_seopress_titles_title":"","_seopress_titles_desc":"","_seopress_robots_index":"","_monsterinsights_skip_tracking":false,"_monsterinsights_sitenote_active":false,"_monsterinsights_sitenote_note":"","_monsterinsights_sitenote_category":0,"footnotes":""},"categories":[3],"tags":[],"class_list":["post-63897","post","type-post","status-publish","format-standard","has-post-thumbnail","hentry","category-politica"],"yoast_head":"<!-- This site is optimized with the Yoast SEO plugin v27.4 - https:\/\/yoast.com\/product\/yoast-seo-wordpress\/ -->\n<title>LICITAR\u00c1N TREN MAYA EN ENERO DEL 2020 - Kuali<\/title>\n<meta name=\"robots\" content=\"index, follow, max-snippet:-1, max-image-preview:large, max-video-preview:-1\" \/>\n<link rel=\"canonical\" href=\"https:\/\/kuali.com.mx\/web\/2019\/12\/16\/licitaran-tren-maya-en-enero-del-2020\/\" \/>\n<meta property=\"og:locale\" content=\"es_MX\" \/>\n<meta property=\"og:type\" content=\"article\" \/>\n<meta property=\"og:title\" content=\"LICITAR\u00c1N TREN MAYA EN ENERO DEL 2020 - Kuali\" \/>\n<meta property=\"og:description\" content=\"Notimex\/M\u00e9xico.- En enero pr\u00f3ximo se realizar\u00e1 la primera licitaci\u00f3n y en marzo dar\u00e1n inicio las obras del Tren Maya, inform\u00f3 hoy el gobierno federal luego que las comunidades ind\u00edgenas y la poblaci\u00f3n general de los estados por donde pasar\u00e1 respaldaron mayoritariamente dicho proyecto.\" \/>\n<meta property=\"og:url\" content=\"https:\/\/kuali.com.mx\/web\/2019\/12\/16\/licitaran-tren-maya-en-enero-del-2020\/\" \/>\n<meta property=\"og:site_name\" content=\"Kuali\" \/>\n<meta property=\"article:publisher\" content=\"https:\/\/kuali.com.mx\/web\/wp-content\/uploads\/2018\/04\/cropped-kuali_logo-1-1.png\" \/>\n<meta property=\"article:published_time\" content=\"2019-12-16T16:47:15+00:00\" \/>\n<meta property=\"article:modified_time\" content=\"2019-12-16T17:13:56+00:00\" \/>\n<meta property=\"og:image\" content=\"https:\/\/kuali.com.mx\/web\/wp-content\/uploads\/2019\/12\/tren-may-a.jpg\" \/>\n\t<meta property=\"og:image:width\" content=\"703\" \/>\n\t<meta property=\"og:image:height\" content=\"303\" \/>\n\t<meta property=\"og:image:type\" content=\"image\/jpeg\" \/>\n<meta name=\"author\" content=\"Kuali Staff\" \/>\n<meta name=\"twitter:card\" content=\"summary_large_image\" \/>\n<meta name=\"twitter:creator\" content=\"@kuali_noticias\" \/>\n<meta name=\"twitter:site\" content=\"@kuali_noticias\" \/>\n<meta name=\"twitter:label1\" content=\"Escrito por\" \/>\n\t<meta name=\"twitter:data1\" content=\"Kuali Staff\" \/>\n\t<meta name=\"twitter:label2\" content=\"Tiempo de lectura\" \/>\n\t<meta name=\"twitter:data2\" content=\"2 minutos\" \/>\n<script type=\"application\/ld+json\" class=\"yoast-schema-graph\">{\"@context\":\"https:\\\/\\\/schema.org\",\"@graph\":[{\"@type\":\"Article\",\"@id\":\"https:\\\/\\\/kuali.com.mx\\\/web\\\/2019\\\/12\\\/16\\\/licitaran-tren-maya-en-enero-del-2020\\\/#article\",\"isPartOf\":{\"@id\":\"https:\\\/\\\/kuali.com.mx\\\/web\\\/2019\\\/12\\\/16\\\/licitaran-tren-maya-en-enero-del-2020\\\/\"},\"author\":{\"name\":\"Kuali Staff\",\"@id\":\"https:\\\/\\\/kuali.com.mx\\\/web\\\/#\\\/schema\\\/person\\\/6f89ffa8ecba9dae50662357923c5289\"},\"headline\":\"LICITAR\u00c1N TREN MAYA EN ENERO DEL 2020\",\"datePublished\":\"2019-12-16T16:47:15+00:00\",\"dateModified\":\"2019-12-16T17:13:56+00:00\",\"mainEntityOfPage\":{\"@id\":\"https:\\\/\\\/kuali.com.mx\\\/web\\\/2019\\\/12\\\/16\\\/licitaran-tren-maya-en-enero-del-2020\\\/\"},\"wordCount\":401,\"commentCount\":0,\"image\":{\"@id\":\"https:\\\/\\\/kuali.com.mx\\\/web\\\/2019\\\/12\\\/16\\\/licitaran-tren-maya-en-enero-del-2020\\\/#primaryimage\"},\"thumbnailUrl\":\"https:\\\/\\\/kuali.com.mx\\\/web\\\/wp-content\\\/uploads\\\/2019\\\/12\\\/tren-may-a.jpg\",\"articleSection\":[\"Pol\u00edtica\"],\"inLanguage\":\"es\",\"potentialAction\":[{\"@type\":\"CommentAction\",\"name\":\"Comment\",\"target\":[\"https:\\\/\\\/kuali.com.mx\\\/web\\\/2019\\\/12\\\/16\\\/licitaran-tren-maya-en-enero-del-2020\\\/#respond\"]}]},{\"@type\":\"WebPage\",\"@id\":\"https:\\\/\\\/kuali.com.mx\\\/web\\\/2019\\\/12\\\/16\\\/licitaran-tren-maya-en-enero-del-2020\\\/\",\"url\":\"https:\\\/\\\/kuali.com.mx\\\/web\\\/2019\\\/12\\\/16\\\/licitaran-tren-maya-en-enero-del-2020\\\/\",\"name\":\"LICITAR\u00c1N TREN MAYA EN ENERO DEL 2020 - Kuali\",\"isPartOf\":{\"@id\":\"https:\\\/\\\/kuali.com.mx\\\/web\\\/#website\"},\"primaryImageOfPage\":{\"@id\":\"https:\\\/\\\/kuali.com.mx\\\/web\\\/2019\\\/12\\\/16\\\/licitaran-tren-maya-en-enero-del-2020\\\/#primaryimage\"},\"image\":{\"@id\":\"https:\\\/\\\/kuali.com.mx\\\/web\\\/2019\\\/12\\\/16\\\/licitaran-tren-maya-en-enero-del-2020\\\/#primaryimage\"},\"thumbnailUrl\":\"https:\\\/\\\/kuali.com.mx\\\/web\\\/wp-content\\\/uploads\\\/2019\\\/12\\\/tren-may-a.jpg\",\"datePublished\":\"2019-12-16T16:47:15+00:00\",\"dateModified\":\"2019-12-16T17:13:56+00:00\",\"author\":{\"@id\":\"https:\\\/\\\/kuali.com.mx\\\/web\\\/#\\\/schema\\\/person\\\/6f89ffa8ecba9dae50662357923c5289\"},\"breadcrumb\":{\"@id\":\"https:\\\/\\\/kuali.com.mx\\\/web\\\/2019\\\/12\\\/16\\\/licitaran-tren-maya-en-enero-del-2020\\\/#breadcrumb\"},\"inLanguage\":\"es\",\"potentialAction\":[{\"@type\":\"ReadAction\",\"target\":[\"https:\\\/\\\/kuali.com.mx\\\/web\\\/2019\\\/12\\\/16\\\/licitaran-tren-maya-en-enero-del-2020\\\/\"]}]},{\"@type\":\"ImageObject\",\"inLanguage\":\"es\",\"@id\":\"https:\\\/\\\/kuali.com.mx\\\/web\\\/2019\\\/12\\\/16\\\/licitaran-tren-maya-en-enero-del-2020\\\/#primaryimage\",\"url\":\"https:\\\/\\\/kuali.com.mx\\\/web\\\/wp-content\\\/uploads\\\/2019\\\/12\\\/tren-may-a.jpg\",\"contentUrl\":\"https:\\\/\\\/kuali.com.mx\\\/web\\\/wp-content\\\/uploads\\\/2019\\\/12\\\/tren-may-a.jpg\",\"width\":703,\"height\":303},{\"@type\":\"BreadcrumbList\",\"@id\":\"https:\\\/\\\/kuali.com.mx\\\/web\\\/2019\\\/12\\\/16\\\/licitaran-tren-maya-en-enero-del-2020\\\/#breadcrumb\",\"itemListElement\":[{\"@type\":\"ListItem\",\"position\":1,\"name\":\"Inicio\",\"item\":\"https:\\\/\\\/kuali.com.mx\\\/web\\\/\"},{\"@type\":\"ListItem\",\"position\":2,\"name\":\"LICITAR\u00c1N TREN MAYA EN ENERO DEL 2020\"}]},{\"@type\":\"WebSite\",\"@id\":\"https:\\\/\\\/kuali.com.mx\\\/web\\\/#website\",\"url\":\"https:\\\/\\\/kuali.com.mx\\\/web\\\/\",\"name\":\"Kuali\",\"description\":\"\",\"potentialAction\":[{\"@type\":\"SearchAction\",\"target\":{\"@type\":\"EntryPoint\",\"urlTemplate\":\"https:\\\/\\\/kuali.com.mx\\\/web\\\/?s={search_term_string}\"},\"query-input\":{\"@type\":\"PropertyValueSpecification\",\"valueRequired\":true,\"valueName\":\"search_term_string\"}}],\"inLanguage\":\"es\"},{\"@type\":\"Person\",\"@id\":\"https:\\\/\\\/kuali.com.mx\\\/web\\\/#\\\/schema\\\/person\\\/6f89ffa8ecba9dae50662357923c5289\",\"name\":\"Kuali Staff\",\"image\":{\"@type\":\"ImageObject\",\"inLanguage\":\"es\",\"@id\":\"https:\\\/\\\/secure.gravatar.com\\\/avatar\\\/f917ad82e5ab71227a733c78b6e60715476f69ee6be59feee4eb5d9920c89e0f?s=96&d=mm&r=g\",\"url\":\"https:\\\/\\\/secure.gravatar.com\\\/avatar\\\/f917ad82e5ab71227a733c78b6e60715476f69ee6be59feee4eb5d9920c89e0f?s=96&d=mm&r=g\",\"contentUrl\":\"https:\\\/\\\/secure.gravatar.com\\\/avatar\\\/f917ad82e5ab71227a733c78b6e60715476f69ee6be59feee4eb5d9920c89e0f?s=96&d=mm&r=g\",\"caption\":\"Kuali Staff\"},\"url\":\"https:\\\/\\\/kuali.com.mx\\\/web\\\/author\\\/lagarto\\\/\"}]}<\/script>\n<!-- \/ Yoast SEO plugin. -->","yoast_head_json":{"title":"LICITAR\u00c1N TREN MAYA EN ENERO DEL 2020 - Kuali","robots":{"index":"index","follow":"follow","max-snippet":"max-snippet:-1","max-image-preview":"max-image-preview:large","max-video-preview":"max-video-preview:-1"},"canonical":"https:\/\/kuali.com.mx\/web\/2019\/12\/16\/licitaran-tren-maya-en-enero-del-2020\/","og_locale":"es_MX","og_type":"article","og_title":"LICITAR\u00c1N TREN MAYA EN ENERO DEL 2020 - Kuali","og_description":"Notimex\/M\u00e9xico.- En enero pr\u00f3ximo se realizar\u00e1 la primera licitaci\u00f3n y en marzo dar\u00e1n inicio las obras del Tren Maya, inform\u00f3 hoy el gobierno federal luego que las comunidades ind\u00edgenas y la poblaci\u00f3n general de los estados por donde pasar\u00e1 respaldaron mayoritariamente dicho proyecto.","og_url":"https:\/\/kuali.com.mx\/web\/2019\/12\/16\/licitaran-tren-maya-en-enero-del-2020\/","og_site_name":"Kuali","article_publisher":"https:\/\/kuali.com.mx\/web\/wp-content\/uploads\/2018\/04\/cropped-kuali_logo-1-1.png","article_published_time":"2019-12-16T16:47:15+00:00","article_modified_time":"2019-12-16T17:13:56+00:00","og_image":[{"width":703,"height":303,"url":"https:\/\/kuali.com.mx\/web\/wp-content\/uploads\/2019\/12\/tren-may-a.jpg","type":"image\/jpeg"}],"author":"Kuali Staff","twitter_card":"summary_large_image","twitter_creator":"@kuali_noticias","twitter_site":"@kuali_noticias","twitter_misc":{"Escrito por":"Kuali Staff","Tiempo de lectura":"2 minutos"},"schema":{"@context":"https:\/\/schema.org","@graph":[{"@type":"Article","@id":"https:\/\/kuali.com.mx\/web\/2019\/12\/16\/licitaran-tren-maya-en-enero-del-2020\/#article","isPartOf":{"@id":"https:\/\/kuali.com.mx\/web\/2019\/12\/16\/licitaran-tren-maya-en-enero-del-2020\/"},"author":{"name":"Kuali Staff","@id":"https:\/\/kuali.com.mx\/web\/#\/schema\/person\/6f89ffa8ecba9dae50662357923c5289"},"headline":"LICITAR\u00c1N TREN MAYA EN ENERO DEL 2020","datePublished":"2019-12-16T16:47:15+00:00","dateModified":"2019-12-16T17:13:56+00:00","mainEntityOfPage":{"@id":"https:\/\/kuali.com.mx\/web\/2019\/12\/16\/licitaran-tren-maya-en-enero-del-2020\/"},"wordCount":401,"commentCount":0,"image":{"@id":"https:\/\/kuali.com.mx\/web\/2019\/12\/16\/licitaran-tren-maya-en-enero-del-2020\/#primaryimage"},"thumbnailUrl":"https:\/\/kuali.com.mx\/web\/wp-content\/uploads\/2019\/12\/tren-may-a.jpg","articleSection":["Pol\u00edtica"],"inLanguage":"es","potentialAction":[{"@type":"CommentAction","name":"Comment","target":["https:\/\/kuali.com.mx\/web\/2019\/12\/16\/licitaran-tren-maya-en-enero-del-2020\/#respond"]}]},{"@type":"WebPage","@id":"https:\/\/kuali.com.mx\/web\/2019\/12\/16\/licitaran-tren-maya-en-enero-del-2020\/","url":"https:\/\/kuali.com.mx\/web\/2019\/12\/16\/licitaran-tren-maya-en-enero-del-2020\/","name":"LICITAR\u00c1N TREN MAYA EN ENERO DEL 2020 - Kuali","isPartOf":{"@id":"https:\/\/kuali.com.mx\/web\/#website"},"primaryImageOfPage":{"@id":"https:\/\/kuali.com.mx\/web\/2019\/12\/16\/licitaran-tren-maya-en-enero-del-2020\/#primaryimage"},"image":{"@id":"https:\/\/kuali.com.mx\/web\/2019\/12\/16\/licitaran-tren-maya-en-enero-del-2020\/#primaryimage"},"thumbnailUrl":"https:\/\/kuali.com.mx\/web\/wp-content\/uploads\/2019\/12\/tren-may-a.jpg","datePublished":"2019-12-16T16:47:15+00:00","dateModified":"2019-12-16T17:13:56+00:00","author":{"@id":"https:\/\/kuali.com.mx\/web\/#\/schema\/person\/6f89ffa8ecba9dae50662357923c5289"},"breadcrumb":{"@id":"https:\/\/kuali.com.mx\/web\/2019\/12\/16\/licitaran-tren-maya-en-enero-del-2020\/#breadcrumb"},"inLanguage":"es","potentialAction":[{"@type":"ReadAction","target":["https:\/\/kuali.com.mx\/web\/2019\/12\/16\/licitaran-tren-maya-en-enero-del-2020\/"]}]},{"@type":"ImageObject","inLanguage":"es","@id":"https:\/\/kuali.com.mx\/web\/2019\/12\/16\/licitaran-tren-maya-en-enero-del-2020\/#primaryimage","url":"https:\/\/kuali.com.mx\/web\/wp-content\/uploads\/2019\/12\/tren-may-a.jpg","contentUrl":"https:\/\/kuali.com.mx\/web\/wp-content\/uploads\/2019\/12\/tren-may-a.jpg","width":703,"height":303},{"@type":"BreadcrumbList","@id":"https:\/\/kuali.com.mx\/web\/2019\/12\/16\/licitaran-tren-maya-en-enero-del-2020\/#breadcrumb","itemListElement":[{"@type":"ListItem","position":1,"name":"Inicio","item":"https:\/\/kuali.com.mx\/web\/"},{"@type":"ListItem","position":2,"name":"LICITAR\u00c1N TREN MAYA EN ENERO DEL 2020"}]},{"@type":"WebSite","@id":"https:\/\/kuali.com.mx\/web\/#website","url":"https:\/\/kuali.com.mx\/web\/","name":"Kuali","description":"","potentialAction":[{"@type":"SearchAction","target":{"@type":"EntryPoint","urlTemplate":"https:\/\/kuali.com.mx\/web\/?s={search_term_string}"},"query-input":{"@type":"PropertyValueSpecification","valueRequired":true,"valueName":"search_term_string"}}],"inLanguage":"es"},{"@type":"Person","@id":"https:\/\/kuali.com.mx\/web\/#\/schema\/person\/6f89ffa8ecba9dae50662357923c5289","name":"Kuali Staff","image":{"@type":"ImageObject","inLanguage":"es","@id":"https:\/\/secure.gravatar.com\/avatar\/f917ad82e5ab71227a733c78b6e60715476f69ee6be59feee4eb5d9920c89e0f?s=96&d=mm&r=g","url":"https:\/\/secure.gravatar.com\/avatar\/f917ad82e5ab71227a733c78b6e60715476f69ee6be59feee4eb5d9920c89e0f?s=96&d=mm&r=g","contentUrl":"https:\/\/secure.gravatar.com\/avatar\/f917ad82e5ab71227a733c78b6e60715476f69ee6be59feee4eb5d9920c89e0f?s=96&d=mm&r=g","caption":"Kuali Staff"},"url":"https:\/\/kuali.com.mx\/web\/author\/lagarto\/"}]}},"_links":{"self":[{"href":"https:\/\/kuali.com.mx\/web\/wp-json\/wp\/v2\/posts\/63897","targetHints":{"allow":["GET"]}}],"collection":[{"href":"https:\/\/kuali.com.mx\/web\/wp-json\/wp\/v2\/posts"}],"about":[{"href":"https:\/\/kuali.com.mx\/web\/wp-json\/wp\/v2\/types\/post"}],"author":[{"embeddable":true,"href":"https:\/\/kuali.com.mx\/web\/wp-json\/wp\/v2\/users\/2"}],"replies":[{"embeddable":true,"href":"https:\/\/kuali.com.mx\/web\/wp-json\/wp\/v2\/comments?post=63897"}],"version-history":[{"count":2,"href":"https:\/\/kuali.com.mx\/web\/wp-json\/wp\/v2\/posts\/63897\/revisions"}],"predecessor-version":[{"id":63900,"href":"https:\/\/kuali.com.mx\/web\/wp-json\/wp\/v2\/posts\/63897\/revisions\/63900"}],"wp:featuredmedia":[{"embeddable":true,"href":"https:\/\/kuali.com.mx\/web\/wp-json\/wp\/v2\/media\/63898"}],"wp:attachment":[{"href":"https:\/\/kuali.com.mx\/web\/wp-json\/wp\/v2\/media?parent=63897"}],"wp:term":[{"taxonomy":"category","embeddable":true,"href":"https:\/\/kuali.com.mx\/web\/wp-json\/wp\/v2\/categories?post=63897"},{"taxonomy":"post_tag","embeddable":true,"href":"https:\/\/kuali.com.mx\/web\/wp-json\/wp\/v2\/tags?post=63897"}],"curies":[{"name":"wp","href":"https:\/\/api.w.org\/{rel}","templated":true}]}}