{"id":62944,"date":"2019-11-21T15:42:10","date_gmt":"2019-11-21T21:42:10","guid":{"rendered":"http:\/\/kuali.com.mx\/web\/?p=62944"},"modified":"2019-11-21T15:42:10","modified_gmt":"2019-11-21T21:42:10","slug":"irrumpe-grupo-armado-en-hospital-de-salvatierra","status":"publish","type":"post","link":"https:\/\/kuali.com.mx\/web\/2019\/11\/21\/irrumpe-grupo-armado-en-hospital-de-salvatierra\/","title":{"rendered":"IRRUMPE GRUPO ARMADO EN HOSPITAL DE SALVATIERRA"},"content":{"rendered":"<p><em><strong>Carlos Garc\u00eda\/Salvatierra, Gto.-<\/strong><\/em> Un grupo armado ingres\u00f3 al Hospital General de Salvatierra y sac\u00f3 a un hombre que era atendido por lesiones de arma de fuego, inform\u00f3 la Fiscal\u00eda General del Estado (FGE).<\/p>\n<p><!--more--><\/p>\n<p>A las 17: 30 del mi\u00e9rcoles, el hombre ingres\u00f3 al nosocomio y era reportado como grave,\u00a0 se\u00f1al\u00f3 la Fiscal\u00eda.<\/p>\n<p>\u201cLa persona que se encontraba lesionado por proyectil de arma de fuego, fue sustra\u00eddo de las instalaciones hospitalarias, en los primeros minutos de este d\u00eda, por varios sujetos armados\u201d, divulg\u00f3 la dependencia.<\/p>\n<p>Agreg\u00f3 que en la ma\u00f1ana de este jueves fue encontrado un cad\u00e1ver, que podr\u00eda ser del lesionado, sin embargo a\u00fan no es identificado.<\/p>\n","protected":false},"excerpt":{"rendered":"Carlos Garc\u00eda\/Salvatierra, Gto.- Un grupo armado ingres\u00f3 al Hospital General de Salvatierra y sac\u00f3 a un hombre que era atendido por lesiones de arma de fuego, inform\u00f3 la Fiscal\u00eda General del Estado (FGE).","protected":false},"author":2,"featured_media":62945,"comment_status":"open","ping_status":"open","sticky":false,"template":"","format":"standard","meta":{"_seopress_robots_primary_cat":"","_seopress_titles_title":"","_seopress_titles_desc":"","_seopress_robots_index":"","_monsterinsights_skip_tracking":false,"_monsterinsights_sitenote_active":false,"_monsterinsights_sitenote_note":"","_monsterinsights_sitenote_category":0,"footnotes":""},"categories":[3],"tags":[],"class_list":["post-62944","post","type-post","status-publish","format-standard","has-post-thumbnail","hentry","category-politica"],"yoast_head":"<!-- This site is optimized with the Yoast SEO plugin v27.4 - https:\/\/yoast.com\/product\/yoast-seo-wordpress\/ -->\n<title>IRRUMPE GRUPO ARMADO EN HOSPITAL DE SALVATIERRA - Kuali<\/title>\n<meta name=\"robots\" content=\"index, follow, max-snippet:-1, max-image-preview:large, max-video-preview:-1\" \/>\n<link rel=\"canonical\" href=\"https:\/\/kuali.com.mx\/web\/2019\/11\/21\/irrumpe-grupo-armado-en-hospital-de-salvatierra\/\" \/>\n<meta property=\"og:locale\" content=\"es_MX\" \/>\n<meta property=\"og:type\" content=\"article\" \/>\n<meta property=\"og:title\" content=\"IRRUMPE GRUPO ARMADO EN HOSPITAL DE SALVATIERRA - Kuali\" \/>\n<meta property=\"og:description\" content=\"Carlos Garc\u00eda\/Salvatierra, Gto.- Un grupo armado ingres\u00f3 al Hospital General de Salvatierra y sac\u00f3 a un hombre que era atendido por lesiones de arma de fuego, inform\u00f3 la Fiscal\u00eda General del Estado (FGE).\" \/>\n<meta property=\"og:url\" content=\"https:\/\/kuali.com.mx\/web\/2019\/11\/21\/irrumpe-grupo-armado-en-hospital-de-salvatierra\/\" \/>\n<meta property=\"og:site_name\" content=\"Kuali\" \/>\n<meta property=\"article:publisher\" content=\"https:\/\/kuali.com.mx\/web\/wp-content\/uploads\/2018\/04\/cropped-kuali_logo-1-1.png\" \/>\n<meta property=\"article:published_time\" content=\"2019-11-21T21:42:10+00:00\" \/>\n<meta property=\"og:image\" content=\"https:\/\/kuali.com.mx\/web\/wp-content\/uploads\/2019\/11\/hospital-general-Salvatierra.jpg\" \/>\n\t<meta property=\"og:image:width\" content=\"900\" \/>\n\t<meta property=\"og:image:height\" content=\"506\" \/>\n\t<meta property=\"og:image:type\" content=\"image\/jpeg\" \/>\n<meta name=\"author\" content=\"Kuali Staff\" \/>\n<meta name=\"twitter:card\" content=\"summary_large_image\" \/>\n<meta name=\"twitter:creator\" content=\"@kuali_noticias\" \/>\n<meta name=\"twitter:site\" content=\"@kuali_noticias\" \/>\n<meta name=\"twitter:label1\" content=\"Escrito por\" \/>\n\t<meta name=\"twitter:data1\" content=\"Kuali Staff\" \/>\n\t<meta name=\"twitter:label2\" content=\"Tiempo de lectura\" \/>\n\t<meta name=\"twitter:data2\" content=\"1 minuto\" \/>\n<script type=\"application\/ld+json\" class=\"yoast-schema-graph\">{\"@context\":\"https:\\\/\\\/schema.org\",\"@graph\":[{\"@type\":\"Article\",\"@id\":\"https:\\\/\\\/kuali.com.mx\\\/web\\\/2019\\\/11\\\/21\\\/irrumpe-grupo-armado-en-hospital-de-salvatierra\\\/#article\",\"isPartOf\":{\"@id\":\"https:\\\/\\\/kuali.com.mx\\\/web\\\/2019\\\/11\\\/21\\\/irrumpe-grupo-armado-en-hospital-de-salvatierra\\\/\"},\"author\":{\"name\":\"Kuali Staff\",\"@id\":\"https:\\\/\\\/kuali.com.mx\\\/web\\\/#\\\/schema\\\/person\\\/6f89ffa8ecba9dae50662357923c5289\"},\"headline\":\"IRRUMPE GRUPO ARMADO EN HOSPITAL DE SALVATIERRA\",\"datePublished\":\"2019-11-21T21:42:10+00:00\",\"mainEntityOfPage\":{\"@id\":\"https:\\\/\\\/kuali.com.mx\\\/web\\\/2019\\\/11\\\/21\\\/irrumpe-grupo-armado-en-hospital-de-salvatierra\\\/\"},\"wordCount\":125,\"commentCount\":0,\"image\":{\"@id\":\"https:\\\/\\\/kuali.com.mx\\\/web\\\/2019\\\/11\\\/21\\\/irrumpe-grupo-armado-en-hospital-de-salvatierra\\\/#primaryimage\"},\"thumbnailUrl\":\"https:\\\/\\\/kuali.com.mx\\\/web\\\/wp-content\\\/uploads\\\/2019\\\/11\\\/hospital-general-Salvatierra.jpg\",\"articleSection\":[\"Pol\u00edtica\"],\"inLanguage\":\"es\",\"potentialAction\":[{\"@type\":\"CommentAction\",\"name\":\"Comment\",\"target\":[\"https:\\\/\\\/kuali.com.mx\\\/web\\\/2019\\\/11\\\/21\\\/irrumpe-grupo-armado-en-hospital-de-salvatierra\\\/#respond\"]}]},{\"@type\":\"WebPage\",\"@id\":\"https:\\\/\\\/kuali.com.mx\\\/web\\\/2019\\\/11\\\/21\\\/irrumpe-grupo-armado-en-hospital-de-salvatierra\\\/\",\"url\":\"https:\\\/\\\/kuali.com.mx\\\/web\\\/2019\\\/11\\\/21\\\/irrumpe-grupo-armado-en-hospital-de-salvatierra\\\/\",\"name\":\"IRRUMPE GRUPO ARMADO EN HOSPITAL DE SALVATIERRA - Kuali\",\"isPartOf\":{\"@id\":\"https:\\\/\\\/kuali.com.mx\\\/web\\\/#website\"},\"primaryImageOfPage\":{\"@id\":\"https:\\\/\\\/kuali.com.mx\\\/web\\\/2019\\\/11\\\/21\\\/irrumpe-grupo-armado-en-hospital-de-salvatierra\\\/#primaryimage\"},\"image\":{\"@id\":\"https:\\\/\\\/kuali.com.mx\\\/web\\\/2019\\\/11\\\/21\\\/irrumpe-grupo-armado-en-hospital-de-salvatierra\\\/#primaryimage\"},\"thumbnailUrl\":\"https:\\\/\\\/kuali.com.mx\\\/web\\\/wp-content\\\/uploads\\\/2019\\\/11\\\/hospital-general-Salvatierra.jpg\",\"datePublished\":\"2019-11-21T21:42:10+00:00\",\"author\":{\"@id\":\"https:\\\/\\\/kuali.com.mx\\\/web\\\/#\\\/schema\\\/person\\\/6f89ffa8ecba9dae50662357923c5289\"},\"breadcrumb\":{\"@id\":\"https:\\\/\\\/kuali.com.mx\\\/web\\\/2019\\\/11\\\/21\\\/irrumpe-grupo-armado-en-hospital-de-salvatierra\\\/#breadcrumb\"},\"inLanguage\":\"es\",\"potentialAction\":[{\"@type\":\"ReadAction\",\"target\":[\"https:\\\/\\\/kuali.com.mx\\\/web\\\/2019\\\/11\\\/21\\\/irrumpe-grupo-armado-en-hospital-de-salvatierra\\\/\"]}]},{\"@type\":\"ImageObject\",\"inLanguage\":\"es\",\"@id\":\"https:\\\/\\\/kuali.com.mx\\\/web\\\/2019\\\/11\\\/21\\\/irrumpe-grupo-armado-en-hospital-de-salvatierra\\\/#primaryimage\",\"url\":\"https:\\\/\\\/kuali.com.mx\\\/web\\\/wp-content\\\/uploads\\\/2019\\\/11\\\/hospital-general-Salvatierra.jpg\",\"contentUrl\":\"https:\\\/\\\/kuali.com.mx\\\/web\\\/wp-content\\\/uploads\\\/2019\\\/11\\\/hospital-general-Salvatierra.jpg\",\"width\":900,\"height\":506},{\"@type\":\"BreadcrumbList\",\"@id\":\"https:\\\/\\\/kuali.com.mx\\\/web\\\/2019\\\/11\\\/21\\\/irrumpe-grupo-armado-en-hospital-de-salvatierra\\\/#breadcrumb\",\"itemListElement\":[{\"@type\":\"ListItem\",\"position\":1,\"name\":\"Inicio\",\"item\":\"https:\\\/\\\/kuali.com.mx\\\/web\\\/\"},{\"@type\":\"ListItem\",\"position\":2,\"name\":\"IRRUMPE GRUPO ARMADO EN HOSPITAL DE SALVATIERRA\"}]},{\"@type\":\"WebSite\",\"@id\":\"https:\\\/\\\/kuali.com.mx\\\/web\\\/#website\",\"url\":\"https:\\\/\\\/kuali.com.mx\\\/web\\\/\",\"name\":\"Kuali\",\"description\":\"\",\"potentialAction\":[{\"@type\":\"SearchAction\",\"target\":{\"@type\":\"EntryPoint\",\"urlTemplate\":\"https:\\\/\\\/kuali.com.mx\\\/web\\\/?s={search_term_string}\"},\"query-input\":{\"@type\":\"PropertyValueSpecification\",\"valueRequired\":true,\"valueName\":\"search_term_string\"}}],\"inLanguage\":\"es\"},{\"@type\":\"Person\",\"@id\":\"https:\\\/\\\/kuali.com.mx\\\/web\\\/#\\\/schema\\\/person\\\/6f89ffa8ecba9dae50662357923c5289\",\"name\":\"Kuali Staff\",\"image\":{\"@type\":\"ImageObject\",\"inLanguage\":\"es\",\"@id\":\"https:\\\/\\\/secure.gravatar.com\\\/avatar\\\/f917ad82e5ab71227a733c78b6e60715476f69ee6be59feee4eb5d9920c89e0f?s=96&d=mm&r=g\",\"url\":\"https:\\\/\\\/secure.gravatar.com\\\/avatar\\\/f917ad82e5ab71227a733c78b6e60715476f69ee6be59feee4eb5d9920c89e0f?s=96&d=mm&r=g\",\"contentUrl\":\"https:\\\/\\\/secure.gravatar.com\\\/avatar\\\/f917ad82e5ab71227a733c78b6e60715476f69ee6be59feee4eb5d9920c89e0f?s=96&d=mm&r=g\",\"caption\":\"Kuali Staff\"},\"url\":\"https:\\\/\\\/kuali.com.mx\\\/web\\\/author\\\/lagarto\\\/\"}]}<\/script>\n<!-- \/ Yoast SEO plugin. -->","yoast_head_json":{"title":"IRRUMPE GRUPO ARMADO EN HOSPITAL DE SALVATIERRA - Kuali","robots":{"index":"index","follow":"follow","max-snippet":"max-snippet:-1","max-image-preview":"max-image-preview:large","max-video-preview":"max-video-preview:-1"},"canonical":"https:\/\/kuali.com.mx\/web\/2019\/11\/21\/irrumpe-grupo-armado-en-hospital-de-salvatierra\/","og_locale":"es_MX","og_type":"article","og_title":"IRRUMPE GRUPO ARMADO EN HOSPITAL DE SALVATIERRA - Kuali","og_description":"Carlos Garc\u00eda\/Salvatierra, Gto.- Un grupo armado ingres\u00f3 al Hospital General de Salvatierra y sac\u00f3 a un hombre que era atendido por lesiones de arma de fuego, inform\u00f3 la Fiscal\u00eda General del Estado (FGE).","og_url":"https:\/\/kuali.com.mx\/web\/2019\/11\/21\/irrumpe-grupo-armado-en-hospital-de-salvatierra\/","og_site_name":"Kuali","article_publisher":"https:\/\/kuali.com.mx\/web\/wp-content\/uploads\/2018\/04\/cropped-kuali_logo-1-1.png","article_published_time":"2019-11-21T21:42:10+00:00","og_image":[{"width":900,"height":506,"url":"https:\/\/kuali.com.mx\/web\/wp-content\/uploads\/2019\/11\/hospital-general-Salvatierra.jpg","type":"image\/jpeg"}],"author":"Kuali Staff","twitter_card":"summary_large_image","twitter_creator":"@kuali_noticias","twitter_site":"@kuali_noticias","twitter_misc":{"Escrito por":"Kuali Staff","Tiempo de lectura":"1 minuto"},"schema":{"@context":"https:\/\/schema.org","@graph":[{"@type":"Article","@id":"https:\/\/kuali.com.mx\/web\/2019\/11\/21\/irrumpe-grupo-armado-en-hospital-de-salvatierra\/#article","isPartOf":{"@id":"https:\/\/kuali.com.mx\/web\/2019\/11\/21\/irrumpe-grupo-armado-en-hospital-de-salvatierra\/"},"author":{"name":"Kuali Staff","@id":"https:\/\/kuali.com.mx\/web\/#\/schema\/person\/6f89ffa8ecba9dae50662357923c5289"},"headline":"IRRUMPE GRUPO ARMADO EN HOSPITAL DE SALVATIERRA","datePublished":"2019-11-21T21:42:10+00:00","mainEntityOfPage":{"@id":"https:\/\/kuali.com.mx\/web\/2019\/11\/21\/irrumpe-grupo-armado-en-hospital-de-salvatierra\/"},"wordCount":125,"commentCount":0,"image":{"@id":"https:\/\/kuali.com.mx\/web\/2019\/11\/21\/irrumpe-grupo-armado-en-hospital-de-salvatierra\/#primaryimage"},"thumbnailUrl":"https:\/\/kuali.com.mx\/web\/wp-content\/uploads\/2019\/11\/hospital-general-Salvatierra.jpg","articleSection":["Pol\u00edtica"],"inLanguage":"es","potentialAction":[{"@type":"CommentAction","name":"Comment","target":["https:\/\/kuali.com.mx\/web\/2019\/11\/21\/irrumpe-grupo-armado-en-hospital-de-salvatierra\/#respond"]}]},{"@type":"WebPage","@id":"https:\/\/kuali.com.mx\/web\/2019\/11\/21\/irrumpe-grupo-armado-en-hospital-de-salvatierra\/","url":"https:\/\/kuali.com.mx\/web\/2019\/11\/21\/irrumpe-grupo-armado-en-hospital-de-salvatierra\/","name":"IRRUMPE GRUPO ARMADO EN HOSPITAL DE SALVATIERRA - Kuali","isPartOf":{"@id":"https:\/\/kuali.com.mx\/web\/#website"},"primaryImageOfPage":{"@id":"https:\/\/kuali.com.mx\/web\/2019\/11\/21\/irrumpe-grupo-armado-en-hospital-de-salvatierra\/#primaryimage"},"image":{"@id":"https:\/\/kuali.com.mx\/web\/2019\/11\/21\/irrumpe-grupo-armado-en-hospital-de-salvatierra\/#primaryimage"},"thumbnailUrl":"https:\/\/kuali.com.mx\/web\/wp-content\/uploads\/2019\/11\/hospital-general-Salvatierra.jpg","datePublished":"2019-11-21T21:42:10+00:00","author":{"@id":"https:\/\/kuali.com.mx\/web\/#\/schema\/person\/6f89ffa8ecba9dae50662357923c5289"},"breadcrumb":{"@id":"https:\/\/kuali.com.mx\/web\/2019\/11\/21\/irrumpe-grupo-armado-en-hospital-de-salvatierra\/#breadcrumb"},"inLanguage":"es","potentialAction":[{"@type":"ReadAction","target":["https:\/\/kuali.com.mx\/web\/2019\/11\/21\/irrumpe-grupo-armado-en-hospital-de-salvatierra\/"]}]},{"@type":"ImageObject","inLanguage":"es","@id":"https:\/\/kuali.com.mx\/web\/2019\/11\/21\/irrumpe-grupo-armado-en-hospital-de-salvatierra\/#primaryimage","url":"https:\/\/kuali.com.mx\/web\/wp-content\/uploads\/2019\/11\/hospital-general-Salvatierra.jpg","contentUrl":"https:\/\/kuali.com.mx\/web\/wp-content\/uploads\/2019\/11\/hospital-general-Salvatierra.jpg","width":900,"height":506},{"@type":"BreadcrumbList","@id":"https:\/\/kuali.com.mx\/web\/2019\/11\/21\/irrumpe-grupo-armado-en-hospital-de-salvatierra\/#breadcrumb","itemListElement":[{"@type":"ListItem","position":1,"name":"Inicio","item":"https:\/\/kuali.com.mx\/web\/"},{"@type":"ListItem","position":2,"name":"IRRUMPE GRUPO ARMADO EN HOSPITAL DE SALVATIERRA"}]},{"@type":"WebSite","@id":"https:\/\/kuali.com.mx\/web\/#website","url":"https:\/\/kuali.com.mx\/web\/","name":"Kuali","description":"","potentialAction":[{"@type":"SearchAction","target":{"@type":"EntryPoint","urlTemplate":"https:\/\/kuali.com.mx\/web\/?s={search_term_string}"},"query-input":{"@type":"PropertyValueSpecification","valueRequired":true,"valueName":"search_term_string"}}],"inLanguage":"es"},{"@type":"Person","@id":"https:\/\/kuali.com.mx\/web\/#\/schema\/person\/6f89ffa8ecba9dae50662357923c5289","name":"Kuali Staff","image":{"@type":"ImageObject","inLanguage":"es","@id":"https:\/\/secure.gravatar.com\/avatar\/f917ad82e5ab71227a733c78b6e60715476f69ee6be59feee4eb5d9920c89e0f?s=96&d=mm&r=g","url":"https:\/\/secure.gravatar.com\/avatar\/f917ad82e5ab71227a733c78b6e60715476f69ee6be59feee4eb5d9920c89e0f?s=96&d=mm&r=g","contentUrl":"https:\/\/secure.gravatar.com\/avatar\/f917ad82e5ab71227a733c78b6e60715476f69ee6be59feee4eb5d9920c89e0f?s=96&d=mm&r=g","caption":"Kuali Staff"},"url":"https:\/\/kuali.com.mx\/web\/author\/lagarto\/"}]}},"_links":{"self":[{"href":"https:\/\/kuali.com.mx\/web\/wp-json\/wp\/v2\/posts\/62944","targetHints":{"allow":["GET"]}}],"collection":[{"href":"https:\/\/kuali.com.mx\/web\/wp-json\/wp\/v2\/posts"}],"about":[{"href":"https:\/\/kuali.com.mx\/web\/wp-json\/wp\/v2\/types\/post"}],"author":[{"embeddable":true,"href":"https:\/\/kuali.com.mx\/web\/wp-json\/wp\/v2\/users\/2"}],"replies":[{"embeddable":true,"href":"https:\/\/kuali.com.mx\/web\/wp-json\/wp\/v2\/comments?post=62944"}],"version-history":[{"count":1,"href":"https:\/\/kuali.com.mx\/web\/wp-json\/wp\/v2\/posts\/62944\/revisions"}],"predecessor-version":[{"id":62946,"href":"https:\/\/kuali.com.mx\/web\/wp-json\/wp\/v2\/posts\/62944\/revisions\/62946"}],"wp:featuredmedia":[{"embeddable":true,"href":"https:\/\/kuali.com.mx\/web\/wp-json\/wp\/v2\/media\/62945"}],"wp:attachment":[{"href":"https:\/\/kuali.com.mx\/web\/wp-json\/wp\/v2\/media?parent=62944"}],"wp:term":[{"taxonomy":"category","embeddable":true,"href":"https:\/\/kuali.com.mx\/web\/wp-json\/wp\/v2\/categories?post=62944"},{"taxonomy":"post_tag","embeddable":true,"href":"https:\/\/kuali.com.mx\/web\/wp-json\/wp\/v2\/tags?post=62944"}],"curies":[{"name":"wp","href":"https:\/\/api.w.org\/{rel}","templated":true}]}}