{"id":60866,"date":"2019-10-01T19:29:02","date_gmt":"2019-10-02T01:29:02","guid":{"rendered":"http:\/\/kuali.com.mx\/web\/?p=60866"},"modified":"2019-10-01T19:29:02","modified_gmt":"2019-10-02T01:29:02","slug":"planta-general-motors-entra-en-paro-tecnico","status":"publish","type":"post","link":"https:\/\/kuali.com.mx\/web\/2019\/10\/01\/planta-general-motors-entra-en-paro-tecnico\/","title":{"rendered":"PLANTA GENERAL MOTORS ENTRA EN PARO T\u00c9CNICO\u00a0"},"content":{"rendered":"<p><strong><em>Milagros Tadeo\/Silao, Gto.-<\/em><\/strong> Este martes inici\u00f3 un paro t\u00e9cnico en la planta de la General Motors (GM) en el municipio de Silao, sum\u00e1ndose a la huelga que realizan\u00a0 trabajadores de la industria automotriz en Estados Unidos (United Auto Workers), la cual estall\u00f3 el pasado 15 de Septiembre.<\/p>\n<p><!--more--><\/p>\n<p>Trabajadores de dicha empresa en el Estado de Guanajuato indicaron que decidieron sumarse a las manifestaciones para exigir que se hagan valer sus derechos laborales dentro de la Uni\u00f3n Americana, e incluso en M\u00e9xico, en donde los sindicatos han dejado de velar por los intereses de la clase trabajadora.<\/p>\n<p>\u201cA consecuencia del vencimiento de su contrato colectivo, los trabajadores en huelga, d\u00edas antes del estallamiento ya ven\u00edan globalizando su conflicto laboral con trabajadores de la empresa General Motor en todo el mundo. parte del conflicto es que, al igual que en Estados Unidos, Corea, Brasil, Canad\u00e1 y M\u00e9xico entre otros pa\u00edses, la representaci\u00f3n sindical esta comprada por la empresa y ha dejado de velar por los intereses de sus representados y como consecuencia tanto salarios como prestaciones han quedado muy reducidas, por ello al momento de pretender firmar la renovaci\u00f3n contractual 2019, el 96% de los trabajadores rechazo la oferta patronal y decidi\u00f3 ir a la huelga\u201d, expusieron.<\/p>\n<p>Aseguraron que la respuesta a esta solidaridad con el movimiento huelguista sido de: represi\u00f3n, hostigamiento laboral y despidos injustificados contra trabajadores en la Planta de Silao.<\/p>\n<p>Los trabajadores de esta planta de la General Motors en Guanajuato, anunciaron que al mantener un paro t\u00e9cnico, ser\u00e1n sujetos a ciertos descuentos salariales que buscar\u00e1n sean resarcidos a trav\u00e9s de los recursos del \u201cfondo de huelga\u201d.<\/p>\n<p>\u201cEsta semana la planta de GM en Silao inicia paros t\u00e9cnicos, con ello se reducir\u00e1 considerablemente la producci\u00f3n y las utilidades para la empresa, en contraparte los trabajadores recibir\u00edan tan solo un porcentaje de su salario, por lo que los trabajadores buscar\u00e1n ser incluidos en el fondo de huelga que es un recurso que perciben los trabajadores en estos casos en los que la empresa deje de cubrir sus salarios. En estos paros t\u00e9cnicos est\u00e1n incluidas todas las \u00e1reas excepto la de mantenimiento\u201d, informaron.<\/p>\n<p>&nbsp;<\/p>\n","protected":false},"excerpt":{"rendered":"Milagros Tadeo\/Silao, Gto.- Este martes inici\u00f3 un paro t\u00e9cnico en la planta de la General Motors (GM) en el municipio de Silao, sum\u00e1ndose a la huelga que realizan\u00a0 trabajadores de la industria automotriz en Estados Unidos (United Auto Workers), la cual estall\u00f3 el pasado 15 de Septiembre.","protected":false},"author":2,"featured_media":40031,"comment_status":"open","ping_status":"open","sticky":false,"template":"","format":"standard","meta":{"_seopress_robots_primary_cat":"","_seopress_titles_title":"","_seopress_titles_desc":"","_seopress_robots_index":"","_monsterinsights_skip_tracking":false,"_monsterinsights_sitenote_active":false,"_monsterinsights_sitenote_note":"","_monsterinsights_sitenote_category":0,"footnotes":""},"categories":[3],"tags":[],"class_list":["post-60866","post","type-post","status-publish","format-standard","has-post-thumbnail","hentry","category-politica"],"yoast_head":"<!-- This site is optimized with the Yoast SEO plugin v27.4 - https:\/\/yoast.com\/product\/yoast-seo-wordpress\/ -->\n<title>PLANTA GENERAL MOTORS ENTRA EN PARO T\u00c9CNICO\u00a0 - Kuali<\/title>\n<meta name=\"robots\" content=\"index, follow, max-snippet:-1, max-image-preview:large, max-video-preview:-1\" \/>\n<link rel=\"canonical\" href=\"https:\/\/kuali.com.mx\/web\/2019\/10\/01\/planta-general-motors-entra-en-paro-tecnico\/\" \/>\n<meta property=\"og:locale\" content=\"es_MX\" \/>\n<meta property=\"og:type\" content=\"article\" \/>\n<meta property=\"og:title\" content=\"PLANTA GENERAL MOTORS ENTRA EN PARO T\u00c9CNICO\u00a0 - Kuali\" \/>\n<meta property=\"og:description\" content=\"Milagros Tadeo\/Silao, Gto.- Este martes inici\u00f3 un paro t\u00e9cnico en la planta de la General Motors (GM) en el municipio de Silao, sum\u00e1ndose a la huelga que realizan\u00a0 trabajadores de la industria automotriz en Estados Unidos (United Auto Workers), la cual estall\u00f3 el pasado 15 de Septiembre.\" \/>\n<meta property=\"og:url\" content=\"https:\/\/kuali.com.mx\/web\/2019\/10\/01\/planta-general-motors-entra-en-paro-tecnico\/\" \/>\n<meta property=\"og:site_name\" content=\"Kuali\" \/>\n<meta property=\"article:publisher\" content=\"https:\/\/kuali.com.mx\/web\/wp-content\/uploads\/2018\/04\/cropped-kuali_logo-1-1.png\" \/>\n<meta property=\"article:published_time\" content=\"2019-10-02T01:29:02+00:00\" \/>\n<meta property=\"og:image\" content=\"https:\/\/kuali.com.mx\/web\/wp-content\/uploads\/2018\/05\/Obrero-Trabajador-slider-e1558119802363.jpg\" \/>\n\t<meta property=\"og:image:width\" content=\"1848\" \/>\n\t<meta property=\"og:image:height\" content=\"750\" \/>\n\t<meta property=\"og:image:type\" content=\"image\/jpeg\" \/>\n<meta name=\"author\" content=\"Kuali Staff\" \/>\n<meta name=\"twitter:card\" content=\"summary_large_image\" \/>\n<meta name=\"twitter:creator\" content=\"@kuali_noticias\" \/>\n<meta name=\"twitter:site\" content=\"@kuali_noticias\" \/>\n<meta name=\"twitter:label1\" content=\"Escrito por\" \/>\n\t<meta name=\"twitter:data1\" content=\"Kuali Staff\" \/>\n\t<meta name=\"twitter:label2\" content=\"Tiempo de lectura\" \/>\n\t<meta name=\"twitter:data2\" content=\"2 minutos\" \/>\n<script type=\"application\/ld+json\" class=\"yoast-schema-graph\">{\"@context\":\"https:\\\/\\\/schema.org\",\"@graph\":[{\"@type\":\"Article\",\"@id\":\"https:\\\/\\\/kuali.com.mx\\\/web\\\/2019\\\/10\\\/01\\\/planta-general-motors-entra-en-paro-tecnico\\\/#article\",\"isPartOf\":{\"@id\":\"https:\\\/\\\/kuali.com.mx\\\/web\\\/2019\\\/10\\\/01\\\/planta-general-motors-entra-en-paro-tecnico\\\/\"},\"author\":{\"name\":\"Kuali Staff\",\"@id\":\"https:\\\/\\\/kuali.com.mx\\\/web\\\/#\\\/schema\\\/person\\\/6f89ffa8ecba9dae50662357923c5289\"},\"headline\":\"PLANTA GENERAL MOTORS ENTRA EN PARO T\u00c9CNICO\u00a0\",\"datePublished\":\"2019-10-02T01:29:02+00:00\",\"mainEntityOfPage\":{\"@id\":\"https:\\\/\\\/kuali.com.mx\\\/web\\\/2019\\\/10\\\/01\\\/planta-general-motors-entra-en-paro-tecnico\\\/\"},\"wordCount\":381,\"commentCount\":0,\"image\":{\"@id\":\"https:\\\/\\\/kuali.com.mx\\\/web\\\/2019\\\/10\\\/01\\\/planta-general-motors-entra-en-paro-tecnico\\\/#primaryimage\"},\"thumbnailUrl\":\"https:\\\/\\\/kuali.com.mx\\\/web\\\/wp-content\\\/uploads\\\/2018\\\/05\\\/Obrero-Trabajador-slider-e1558119802363.jpg\",\"articleSection\":[\"Pol\u00edtica\"],\"inLanguage\":\"es\",\"potentialAction\":[{\"@type\":\"CommentAction\",\"name\":\"Comment\",\"target\":[\"https:\\\/\\\/kuali.com.mx\\\/web\\\/2019\\\/10\\\/01\\\/planta-general-motors-entra-en-paro-tecnico\\\/#respond\"]}]},{\"@type\":\"WebPage\",\"@id\":\"https:\\\/\\\/kuali.com.mx\\\/web\\\/2019\\\/10\\\/01\\\/planta-general-motors-entra-en-paro-tecnico\\\/\",\"url\":\"https:\\\/\\\/kuali.com.mx\\\/web\\\/2019\\\/10\\\/01\\\/planta-general-motors-entra-en-paro-tecnico\\\/\",\"name\":\"PLANTA GENERAL MOTORS ENTRA EN PARO T\u00c9CNICO\u00a0 - Kuali\",\"isPartOf\":{\"@id\":\"https:\\\/\\\/kuali.com.mx\\\/web\\\/#website\"},\"primaryImageOfPage\":{\"@id\":\"https:\\\/\\\/kuali.com.mx\\\/web\\\/2019\\\/10\\\/01\\\/planta-general-motors-entra-en-paro-tecnico\\\/#primaryimage\"},\"image\":{\"@id\":\"https:\\\/\\\/kuali.com.mx\\\/web\\\/2019\\\/10\\\/01\\\/planta-general-motors-entra-en-paro-tecnico\\\/#primaryimage\"},\"thumbnailUrl\":\"https:\\\/\\\/kuali.com.mx\\\/web\\\/wp-content\\\/uploads\\\/2018\\\/05\\\/Obrero-Trabajador-slider-e1558119802363.jpg\",\"datePublished\":\"2019-10-02T01:29:02+00:00\",\"author\":{\"@id\":\"https:\\\/\\\/kuali.com.mx\\\/web\\\/#\\\/schema\\\/person\\\/6f89ffa8ecba9dae50662357923c5289\"},\"breadcrumb\":{\"@id\":\"https:\\\/\\\/kuali.com.mx\\\/web\\\/2019\\\/10\\\/01\\\/planta-general-motors-entra-en-paro-tecnico\\\/#breadcrumb\"},\"inLanguage\":\"es\",\"potentialAction\":[{\"@type\":\"ReadAction\",\"target\":[\"https:\\\/\\\/kuali.com.mx\\\/web\\\/2019\\\/10\\\/01\\\/planta-general-motors-entra-en-paro-tecnico\\\/\"]}]},{\"@type\":\"ImageObject\",\"inLanguage\":\"es\",\"@id\":\"https:\\\/\\\/kuali.com.mx\\\/web\\\/2019\\\/10\\\/01\\\/planta-general-motors-entra-en-paro-tecnico\\\/#primaryimage\",\"url\":\"https:\\\/\\\/kuali.com.mx\\\/web\\\/wp-content\\\/uploads\\\/2018\\\/05\\\/Obrero-Trabajador-slider-e1558119802363.jpg\",\"contentUrl\":\"https:\\\/\\\/kuali.com.mx\\\/web\\\/wp-content\\\/uploads\\\/2018\\\/05\\\/Obrero-Trabajador-slider-e1558119802363.jpg\",\"width\":1848,\"height\":750},{\"@type\":\"BreadcrumbList\",\"@id\":\"https:\\\/\\\/kuali.com.mx\\\/web\\\/2019\\\/10\\\/01\\\/planta-general-motors-entra-en-paro-tecnico\\\/#breadcrumb\",\"itemListElement\":[{\"@type\":\"ListItem\",\"position\":1,\"name\":\"Inicio\",\"item\":\"https:\\\/\\\/kuali.com.mx\\\/web\\\/\"},{\"@type\":\"ListItem\",\"position\":2,\"name\":\"PLANTA GENERAL MOTORS ENTRA EN PARO T\u00c9CNICO\u00a0\"}]},{\"@type\":\"WebSite\",\"@id\":\"https:\\\/\\\/kuali.com.mx\\\/web\\\/#website\",\"url\":\"https:\\\/\\\/kuali.com.mx\\\/web\\\/\",\"name\":\"Kuali\",\"description\":\"\",\"potentialAction\":[{\"@type\":\"SearchAction\",\"target\":{\"@type\":\"EntryPoint\",\"urlTemplate\":\"https:\\\/\\\/kuali.com.mx\\\/web\\\/?s={search_term_string}\"},\"query-input\":{\"@type\":\"PropertyValueSpecification\",\"valueRequired\":true,\"valueName\":\"search_term_string\"}}],\"inLanguage\":\"es\"},{\"@type\":\"Person\",\"@id\":\"https:\\\/\\\/kuali.com.mx\\\/web\\\/#\\\/schema\\\/person\\\/6f89ffa8ecba9dae50662357923c5289\",\"name\":\"Kuali Staff\",\"image\":{\"@type\":\"ImageObject\",\"inLanguage\":\"es\",\"@id\":\"https:\\\/\\\/secure.gravatar.com\\\/avatar\\\/f917ad82e5ab71227a733c78b6e60715476f69ee6be59feee4eb5d9920c89e0f?s=96&d=mm&r=g\",\"url\":\"https:\\\/\\\/secure.gravatar.com\\\/avatar\\\/f917ad82e5ab71227a733c78b6e60715476f69ee6be59feee4eb5d9920c89e0f?s=96&d=mm&r=g\",\"contentUrl\":\"https:\\\/\\\/secure.gravatar.com\\\/avatar\\\/f917ad82e5ab71227a733c78b6e60715476f69ee6be59feee4eb5d9920c89e0f?s=96&d=mm&r=g\",\"caption\":\"Kuali Staff\"},\"url\":\"https:\\\/\\\/kuali.com.mx\\\/web\\\/author\\\/lagarto\\\/\"}]}<\/script>\n<!-- \/ Yoast SEO plugin. -->","yoast_head_json":{"title":"PLANTA GENERAL MOTORS ENTRA EN PARO T\u00c9CNICO\u00a0 - Kuali","robots":{"index":"index","follow":"follow","max-snippet":"max-snippet:-1","max-image-preview":"max-image-preview:large","max-video-preview":"max-video-preview:-1"},"canonical":"https:\/\/kuali.com.mx\/web\/2019\/10\/01\/planta-general-motors-entra-en-paro-tecnico\/","og_locale":"es_MX","og_type":"article","og_title":"PLANTA GENERAL MOTORS ENTRA EN PARO T\u00c9CNICO\u00a0 - Kuali","og_description":"Milagros Tadeo\/Silao, Gto.- Este martes inici\u00f3 un paro t\u00e9cnico en la planta de la General Motors (GM) en el municipio de Silao, sum\u00e1ndose a la huelga que realizan\u00a0 trabajadores de la industria automotriz en Estados Unidos (United Auto Workers), la cual estall\u00f3 el pasado 15 de Septiembre.","og_url":"https:\/\/kuali.com.mx\/web\/2019\/10\/01\/planta-general-motors-entra-en-paro-tecnico\/","og_site_name":"Kuali","article_publisher":"https:\/\/kuali.com.mx\/web\/wp-content\/uploads\/2018\/04\/cropped-kuali_logo-1-1.png","article_published_time":"2019-10-02T01:29:02+00:00","og_image":[{"width":1848,"height":750,"url":"https:\/\/kuali.com.mx\/web\/wp-content\/uploads\/2018\/05\/Obrero-Trabajador-slider-e1558119802363.jpg","type":"image\/jpeg"}],"author":"Kuali Staff","twitter_card":"summary_large_image","twitter_creator":"@kuali_noticias","twitter_site":"@kuali_noticias","twitter_misc":{"Escrito por":"Kuali Staff","Tiempo de lectura":"2 minutos"},"schema":{"@context":"https:\/\/schema.org","@graph":[{"@type":"Article","@id":"https:\/\/kuali.com.mx\/web\/2019\/10\/01\/planta-general-motors-entra-en-paro-tecnico\/#article","isPartOf":{"@id":"https:\/\/kuali.com.mx\/web\/2019\/10\/01\/planta-general-motors-entra-en-paro-tecnico\/"},"author":{"name":"Kuali Staff","@id":"https:\/\/kuali.com.mx\/web\/#\/schema\/person\/6f89ffa8ecba9dae50662357923c5289"},"headline":"PLANTA GENERAL MOTORS ENTRA EN PARO T\u00c9CNICO\u00a0","datePublished":"2019-10-02T01:29:02+00:00","mainEntityOfPage":{"@id":"https:\/\/kuali.com.mx\/web\/2019\/10\/01\/planta-general-motors-entra-en-paro-tecnico\/"},"wordCount":381,"commentCount":0,"image":{"@id":"https:\/\/kuali.com.mx\/web\/2019\/10\/01\/planta-general-motors-entra-en-paro-tecnico\/#primaryimage"},"thumbnailUrl":"https:\/\/kuali.com.mx\/web\/wp-content\/uploads\/2018\/05\/Obrero-Trabajador-slider-e1558119802363.jpg","articleSection":["Pol\u00edtica"],"inLanguage":"es","potentialAction":[{"@type":"CommentAction","name":"Comment","target":["https:\/\/kuali.com.mx\/web\/2019\/10\/01\/planta-general-motors-entra-en-paro-tecnico\/#respond"]}]},{"@type":"WebPage","@id":"https:\/\/kuali.com.mx\/web\/2019\/10\/01\/planta-general-motors-entra-en-paro-tecnico\/","url":"https:\/\/kuali.com.mx\/web\/2019\/10\/01\/planta-general-motors-entra-en-paro-tecnico\/","name":"PLANTA GENERAL MOTORS ENTRA EN PARO T\u00c9CNICO\u00a0 - Kuali","isPartOf":{"@id":"https:\/\/kuali.com.mx\/web\/#website"},"primaryImageOfPage":{"@id":"https:\/\/kuali.com.mx\/web\/2019\/10\/01\/planta-general-motors-entra-en-paro-tecnico\/#primaryimage"},"image":{"@id":"https:\/\/kuali.com.mx\/web\/2019\/10\/01\/planta-general-motors-entra-en-paro-tecnico\/#primaryimage"},"thumbnailUrl":"https:\/\/kuali.com.mx\/web\/wp-content\/uploads\/2018\/05\/Obrero-Trabajador-slider-e1558119802363.jpg","datePublished":"2019-10-02T01:29:02+00:00","author":{"@id":"https:\/\/kuali.com.mx\/web\/#\/schema\/person\/6f89ffa8ecba9dae50662357923c5289"},"breadcrumb":{"@id":"https:\/\/kuali.com.mx\/web\/2019\/10\/01\/planta-general-motors-entra-en-paro-tecnico\/#breadcrumb"},"inLanguage":"es","potentialAction":[{"@type":"ReadAction","target":["https:\/\/kuali.com.mx\/web\/2019\/10\/01\/planta-general-motors-entra-en-paro-tecnico\/"]}]},{"@type":"ImageObject","inLanguage":"es","@id":"https:\/\/kuali.com.mx\/web\/2019\/10\/01\/planta-general-motors-entra-en-paro-tecnico\/#primaryimage","url":"https:\/\/kuali.com.mx\/web\/wp-content\/uploads\/2018\/05\/Obrero-Trabajador-slider-e1558119802363.jpg","contentUrl":"https:\/\/kuali.com.mx\/web\/wp-content\/uploads\/2018\/05\/Obrero-Trabajador-slider-e1558119802363.jpg","width":1848,"height":750},{"@type":"BreadcrumbList","@id":"https:\/\/kuali.com.mx\/web\/2019\/10\/01\/planta-general-motors-entra-en-paro-tecnico\/#breadcrumb","itemListElement":[{"@type":"ListItem","position":1,"name":"Inicio","item":"https:\/\/kuali.com.mx\/web\/"},{"@type":"ListItem","position":2,"name":"PLANTA GENERAL MOTORS ENTRA EN PARO T\u00c9CNICO\u00a0"}]},{"@type":"WebSite","@id":"https:\/\/kuali.com.mx\/web\/#website","url":"https:\/\/kuali.com.mx\/web\/","name":"Kuali","description":"","potentialAction":[{"@type":"SearchAction","target":{"@type":"EntryPoint","urlTemplate":"https:\/\/kuali.com.mx\/web\/?s={search_term_string}"},"query-input":{"@type":"PropertyValueSpecification","valueRequired":true,"valueName":"search_term_string"}}],"inLanguage":"es"},{"@type":"Person","@id":"https:\/\/kuali.com.mx\/web\/#\/schema\/person\/6f89ffa8ecba9dae50662357923c5289","name":"Kuali Staff","image":{"@type":"ImageObject","inLanguage":"es","@id":"https:\/\/secure.gravatar.com\/avatar\/f917ad82e5ab71227a733c78b6e60715476f69ee6be59feee4eb5d9920c89e0f?s=96&d=mm&r=g","url":"https:\/\/secure.gravatar.com\/avatar\/f917ad82e5ab71227a733c78b6e60715476f69ee6be59feee4eb5d9920c89e0f?s=96&d=mm&r=g","contentUrl":"https:\/\/secure.gravatar.com\/avatar\/f917ad82e5ab71227a733c78b6e60715476f69ee6be59feee4eb5d9920c89e0f?s=96&d=mm&r=g","caption":"Kuali Staff"},"url":"https:\/\/kuali.com.mx\/web\/author\/lagarto\/"}]}},"_links":{"self":[{"href":"https:\/\/kuali.com.mx\/web\/wp-json\/wp\/v2\/posts\/60866","targetHints":{"allow":["GET"]}}],"collection":[{"href":"https:\/\/kuali.com.mx\/web\/wp-json\/wp\/v2\/posts"}],"about":[{"href":"https:\/\/kuali.com.mx\/web\/wp-json\/wp\/v2\/types\/post"}],"author":[{"embeddable":true,"href":"https:\/\/kuali.com.mx\/web\/wp-json\/wp\/v2\/users\/2"}],"replies":[{"embeddable":true,"href":"https:\/\/kuali.com.mx\/web\/wp-json\/wp\/v2\/comments?post=60866"}],"version-history":[{"count":1,"href":"https:\/\/kuali.com.mx\/web\/wp-json\/wp\/v2\/posts\/60866\/revisions"}],"predecessor-version":[{"id":60867,"href":"https:\/\/kuali.com.mx\/web\/wp-json\/wp\/v2\/posts\/60866\/revisions\/60867"}],"wp:featuredmedia":[{"embeddable":true,"href":"https:\/\/kuali.com.mx\/web\/wp-json\/wp\/v2\/media\/40031"}],"wp:attachment":[{"href":"https:\/\/kuali.com.mx\/web\/wp-json\/wp\/v2\/media?parent=60866"}],"wp:term":[{"taxonomy":"category","embeddable":true,"href":"https:\/\/kuali.com.mx\/web\/wp-json\/wp\/v2\/categories?post=60866"},{"taxonomy":"post_tag","embeddable":true,"href":"https:\/\/kuali.com.mx\/web\/wp-json\/wp\/v2\/tags?post=60866"}],"curies":[{"name":"wp","href":"https:\/\/api.w.org\/{rel}","templated":true}]}}