{"id":60395,"date":"2019-09-21T12:41:55","date_gmt":"2019-09-21T18:41:55","guid":{"rendered":"http:\/\/kuali.com.mx\/web\/?p=60395"},"modified":"2019-09-21T20:52:56","modified_gmt":"2019-09-22T02:52:56","slug":"cambios-en-toros-con-la-llegada-de-pityaltamirano","status":"publish","type":"post","link":"https:\/\/kuali.com.mx\/web\/2019\/09\/21\/cambios-en-toros-con-la-llegada-de-pityaltamirano\/","title":{"rendered":"CAMBIOS EN TOROS CON LA LLEGADA DE \u201cPITY\u201d ALTAMIRANO"},"content":{"rendered":"<p><strong><em>Kuali\/Celaya,Gto<\/em><\/strong>.-El capit\u00e1n Abraham Riestra deja en claro que la nueva etapa de los Toros la toman como una revancha a la que desean responder , de igual manera con la llegada de nuevo director t\u00e9cnico cambia algunas cosas, pero en cuanto al deseo de salir delante de todo el plantel siempre ha existido y se trabaja para responder a la afici\u00f3n.<!--more--><\/p>\n<p>En el segundo d\u00eda de entrenamientos bajo las \u00f3rdenes de H\u00e9ctor \u201cPity\u201d Altamirano, el recio zaguero indic\u00f3 que no existe varita m\u00e1gica para cambiar las cosas \u201ctrae su forma de trabajar y nosotros con grandes deseos estamos respondiendo a ello, ahora esperamos que eso se refleje en el marcador\u201d.<\/p>\n<p>Se sincer\u00f3 al se\u00f1alar que cuando llega nuevo director t\u00e9cnico todos se quieren mostrar \u201cporque algunos compa\u00f1eros ten\u00edan pocos minutos y ahora se mostrar\u00e1n para ser tomados m\u00e1s en cuenta y eso propiciar\u00e1 una fuerte competencia y sin duda que se reflejar\u00e1 en el pr\u00f3ximo partido\u201d.<\/p>\n<p>Sobre lo que les ha dicho su nuevo director t\u00e9cnico el recio zaguero indic\u00f3 que les ayudar\u00e1 a recobrar la confianza \u201cporque nos ha comentado que salgamos a los partidos a divertirnos con responsabilidad, que no perdamos de vista que es un juego y que por lo tanto es para disfrutarse pero claro hacerlo dentro de las indicaciones y orden que se debe tener\u201d.<\/p>\n<p>El experimentado jugador ha vivido muchas ocasiones la salida de un t\u00e9cnico y la llegada de otro por lo tanto sabe que cambian varias cosas ante ello \u201ctodos quieren alzar la mano y m\u00e1s los que no eran tomados en cuenta por el anterior t\u00e9cnico, todos comienzan de cero y es obvio que la actitud cambia\u201d.<\/p>\n<p>Pero reiter\u00f3 que el compromiso de tener gran torneo ha existido y existir\u00e1 \u201cnuestros objetivos son claros desde el inicio del torneo y ahora se ratifican que es estar en la liguilla s\u00ed o s\u00ed. Es claro que estamos quedando a deber a todos, pero vamos a hacer un mayor esfuerzo para sacar esto adelante\u201d.<\/p>\n<p>El domingo, sabe, es una gran oportunidad para comenzar a cambiar la situaci\u00f3n \u201cy m\u00e1s porque estamos en casa donde tambi\u00e9n a la afici\u00f3n no le hemos dado lo que se merece en los resultados. Tenemos ese compromiso con los aficionados y vamos a dejar todo para que comiencen a salir contentos al final de los partidos\u201d.<\/p>\n<p>&nbsp;<\/p>\n<p>&nbsp;<\/p>\n<p>&nbsp;<\/p>\n","protected":false},"excerpt":{"rendered":"Kuali\/Celaya,Gto.-El capit\u00e1n Abraham Riestra deja en claro que la nueva etapa de los Toros la toman como una revancha a la que desean responder , de igual manera con la llegada de nuevo director t\u00e9cnico cambia algunas cosas, pero en cuanto al deseo de salir delante de todo el plantel siempre ha existido y se [&hellip;]","protected":false},"author":2,"featured_media":60396,"comment_status":"open","ping_status":"open","sticky":false,"template":"","format":"standard","meta":{"_seopress_robots_primary_cat":"","_seopress_titles_title":"","_seopress_titles_desc":"","_seopress_robots_index":"","_monsterinsights_skip_tracking":false,"_monsterinsights_sitenote_active":false,"_monsterinsights_sitenote_note":"","_monsterinsights_sitenote_category":0,"footnotes":""},"categories":[16],"tags":[],"class_list":["post-60395","post","type-post","status-publish","format-standard","has-post-thumbnail","hentry","category-deportes"],"yoast_head":"<!-- This site is optimized with the Yoast SEO plugin v27.4 - https:\/\/yoast.com\/product\/yoast-seo-wordpress\/ -->\n<title>CAMBIOS EN TOROS CON LA LLEGADA DE \u201cPITY\u201d ALTAMIRANO - Kuali<\/title>\n<meta name=\"robots\" content=\"index, follow, max-snippet:-1, max-image-preview:large, max-video-preview:-1\" \/>\n<link rel=\"canonical\" href=\"https:\/\/kuali.com.mx\/web\/2019\/09\/21\/cambios-en-toros-con-la-llegada-de-pityaltamirano\/\" \/>\n<meta property=\"og:locale\" content=\"es_MX\" \/>\n<meta property=\"og:type\" content=\"article\" \/>\n<meta property=\"og:title\" content=\"CAMBIOS EN TOROS CON LA LLEGADA DE \u201cPITY\u201d ALTAMIRANO - Kuali\" \/>\n<meta property=\"og:description\" content=\"Kuali\/Celaya,Gto.-El capit\u00e1n Abraham Riestra deja en claro que la nueva etapa de los Toros la toman como una revancha a la que desean responder , de igual manera con la llegada de nuevo director t\u00e9cnico cambia algunas cosas, pero en cuanto al deseo de salir delante de todo el plantel siempre ha existido y se [&hellip;]\" \/>\n<meta property=\"og:url\" content=\"https:\/\/kuali.com.mx\/web\/2019\/09\/21\/cambios-en-toros-con-la-llegada-de-pityaltamirano\/\" \/>\n<meta property=\"og:site_name\" content=\"Kuali\" \/>\n<meta property=\"article:publisher\" content=\"https:\/\/kuali.com.mx\/web\/wp-content\/uploads\/2018\/04\/cropped-kuali_logo-1-1.png\" \/>\n<meta property=\"article:published_time\" content=\"2019-09-21T18:41:55+00:00\" \/>\n<meta property=\"article:modified_time\" content=\"2019-09-22T02:52:56+00:00\" \/>\n<meta property=\"og:image\" content=\"https:\/\/kuali.com.mx\/web\/wp-content\/uploads\/2019\/09\/riestra.jpg\" \/>\n\t<meta property=\"og:image:width\" content=\"1591\" \/>\n\t<meta property=\"og:image:height\" content=\"750\" \/>\n\t<meta property=\"og:image:type\" content=\"image\/jpeg\" \/>\n<meta name=\"author\" content=\"Kuali Staff\" \/>\n<meta name=\"twitter:card\" content=\"summary_large_image\" \/>\n<meta name=\"twitter:creator\" content=\"@kuali_noticias\" \/>\n<meta name=\"twitter:site\" content=\"@kuali_noticias\" \/>\n<meta name=\"twitter:label1\" content=\"Escrito por\" \/>\n\t<meta name=\"twitter:data1\" content=\"Kuali Staff\" \/>\n\t<meta name=\"twitter:label2\" content=\"Tiempo de lectura\" \/>\n\t<meta name=\"twitter:data2\" content=\"2 minutos\" \/>\n<script type=\"application\/ld+json\" class=\"yoast-schema-graph\">{\"@context\":\"https:\\\/\\\/schema.org\",\"@graph\":[{\"@type\":\"Article\",\"@id\":\"https:\\\/\\\/kuali.com.mx\\\/web\\\/2019\\\/09\\\/21\\\/cambios-en-toros-con-la-llegada-de-pityaltamirano\\\/#article\",\"isPartOf\":{\"@id\":\"https:\\\/\\\/kuali.com.mx\\\/web\\\/2019\\\/09\\\/21\\\/cambios-en-toros-con-la-llegada-de-pityaltamirano\\\/\"},\"author\":{\"name\":\"Kuali Staff\",\"@id\":\"https:\\\/\\\/kuali.com.mx\\\/web\\\/#\\\/schema\\\/person\\\/6f89ffa8ecba9dae50662357923c5289\"},\"headline\":\"CAMBIOS EN TOROS CON LA LLEGADA DE \u201cPITY\u201d ALTAMIRANO\",\"datePublished\":\"2019-09-21T18:41:55+00:00\",\"dateModified\":\"2019-09-22T02:52:56+00:00\",\"mainEntityOfPage\":{\"@id\":\"https:\\\/\\\/kuali.com.mx\\\/web\\\/2019\\\/09\\\/21\\\/cambios-en-toros-con-la-llegada-de-pityaltamirano\\\/\"},\"wordCount\":423,\"commentCount\":0,\"image\":{\"@id\":\"https:\\\/\\\/kuali.com.mx\\\/web\\\/2019\\\/09\\\/21\\\/cambios-en-toros-con-la-llegada-de-pityaltamirano\\\/#primaryimage\"},\"thumbnailUrl\":\"https:\\\/\\\/kuali.com.mx\\\/web\\\/wp-content\\\/uploads\\\/2019\\\/09\\\/riestra.jpg\",\"articleSection\":[\"Deportes\"],\"inLanguage\":\"es\",\"potentialAction\":[{\"@type\":\"CommentAction\",\"name\":\"Comment\",\"target\":[\"https:\\\/\\\/kuali.com.mx\\\/web\\\/2019\\\/09\\\/21\\\/cambios-en-toros-con-la-llegada-de-pityaltamirano\\\/#respond\"]}]},{\"@type\":\"WebPage\",\"@id\":\"https:\\\/\\\/kuali.com.mx\\\/web\\\/2019\\\/09\\\/21\\\/cambios-en-toros-con-la-llegada-de-pityaltamirano\\\/\",\"url\":\"https:\\\/\\\/kuali.com.mx\\\/web\\\/2019\\\/09\\\/21\\\/cambios-en-toros-con-la-llegada-de-pityaltamirano\\\/\",\"name\":\"CAMBIOS EN TOROS CON LA LLEGADA DE \u201cPITY\u201d ALTAMIRANO - Kuali\",\"isPartOf\":{\"@id\":\"https:\\\/\\\/kuali.com.mx\\\/web\\\/#website\"},\"primaryImageOfPage\":{\"@id\":\"https:\\\/\\\/kuali.com.mx\\\/web\\\/2019\\\/09\\\/21\\\/cambios-en-toros-con-la-llegada-de-pityaltamirano\\\/#primaryimage\"},\"image\":{\"@id\":\"https:\\\/\\\/kuali.com.mx\\\/web\\\/2019\\\/09\\\/21\\\/cambios-en-toros-con-la-llegada-de-pityaltamirano\\\/#primaryimage\"},\"thumbnailUrl\":\"https:\\\/\\\/kuali.com.mx\\\/web\\\/wp-content\\\/uploads\\\/2019\\\/09\\\/riestra.jpg\",\"datePublished\":\"2019-09-21T18:41:55+00:00\",\"dateModified\":\"2019-09-22T02:52:56+00:00\",\"author\":{\"@id\":\"https:\\\/\\\/kuali.com.mx\\\/web\\\/#\\\/schema\\\/person\\\/6f89ffa8ecba9dae50662357923c5289\"},\"breadcrumb\":{\"@id\":\"https:\\\/\\\/kuali.com.mx\\\/web\\\/2019\\\/09\\\/21\\\/cambios-en-toros-con-la-llegada-de-pityaltamirano\\\/#breadcrumb\"},\"inLanguage\":\"es\",\"potentialAction\":[{\"@type\":\"ReadAction\",\"target\":[\"https:\\\/\\\/kuali.com.mx\\\/web\\\/2019\\\/09\\\/21\\\/cambios-en-toros-con-la-llegada-de-pityaltamirano\\\/\"]}]},{\"@type\":\"ImageObject\",\"inLanguage\":\"es\",\"@id\":\"https:\\\/\\\/kuali.com.mx\\\/web\\\/2019\\\/09\\\/21\\\/cambios-en-toros-con-la-llegada-de-pityaltamirano\\\/#primaryimage\",\"url\":\"https:\\\/\\\/kuali.com.mx\\\/web\\\/wp-content\\\/uploads\\\/2019\\\/09\\\/riestra.jpg\",\"contentUrl\":\"https:\\\/\\\/kuali.com.mx\\\/web\\\/wp-content\\\/uploads\\\/2019\\\/09\\\/riestra.jpg\",\"width\":1591,\"height\":750},{\"@type\":\"BreadcrumbList\",\"@id\":\"https:\\\/\\\/kuali.com.mx\\\/web\\\/2019\\\/09\\\/21\\\/cambios-en-toros-con-la-llegada-de-pityaltamirano\\\/#breadcrumb\",\"itemListElement\":[{\"@type\":\"ListItem\",\"position\":1,\"name\":\"Inicio\",\"item\":\"https:\\\/\\\/kuali.com.mx\\\/web\\\/\"},{\"@type\":\"ListItem\",\"position\":2,\"name\":\"CAMBIOS EN TOROS CON LA LLEGADA DE \u201cPITY\u201d ALTAMIRANO\"}]},{\"@type\":\"WebSite\",\"@id\":\"https:\\\/\\\/kuali.com.mx\\\/web\\\/#website\",\"url\":\"https:\\\/\\\/kuali.com.mx\\\/web\\\/\",\"name\":\"Kuali\",\"description\":\"\",\"potentialAction\":[{\"@type\":\"SearchAction\",\"target\":{\"@type\":\"EntryPoint\",\"urlTemplate\":\"https:\\\/\\\/kuali.com.mx\\\/web\\\/?s={search_term_string}\"},\"query-input\":{\"@type\":\"PropertyValueSpecification\",\"valueRequired\":true,\"valueName\":\"search_term_string\"}}],\"inLanguage\":\"es\"},{\"@type\":\"Person\",\"@id\":\"https:\\\/\\\/kuali.com.mx\\\/web\\\/#\\\/schema\\\/person\\\/6f89ffa8ecba9dae50662357923c5289\",\"name\":\"Kuali Staff\",\"image\":{\"@type\":\"ImageObject\",\"inLanguage\":\"es\",\"@id\":\"https:\\\/\\\/secure.gravatar.com\\\/avatar\\\/f917ad82e5ab71227a733c78b6e60715476f69ee6be59feee4eb5d9920c89e0f?s=96&d=mm&r=g\",\"url\":\"https:\\\/\\\/secure.gravatar.com\\\/avatar\\\/f917ad82e5ab71227a733c78b6e60715476f69ee6be59feee4eb5d9920c89e0f?s=96&d=mm&r=g\",\"contentUrl\":\"https:\\\/\\\/secure.gravatar.com\\\/avatar\\\/f917ad82e5ab71227a733c78b6e60715476f69ee6be59feee4eb5d9920c89e0f?s=96&d=mm&r=g\",\"caption\":\"Kuali Staff\"},\"url\":\"https:\\\/\\\/kuali.com.mx\\\/web\\\/author\\\/lagarto\\\/\"}]}<\/script>\n<!-- \/ Yoast SEO plugin. -->","yoast_head_json":{"title":"CAMBIOS EN TOROS CON LA LLEGADA DE \u201cPITY\u201d ALTAMIRANO - Kuali","robots":{"index":"index","follow":"follow","max-snippet":"max-snippet:-1","max-image-preview":"max-image-preview:large","max-video-preview":"max-video-preview:-1"},"canonical":"https:\/\/kuali.com.mx\/web\/2019\/09\/21\/cambios-en-toros-con-la-llegada-de-pityaltamirano\/","og_locale":"es_MX","og_type":"article","og_title":"CAMBIOS EN TOROS CON LA LLEGADA DE \u201cPITY\u201d ALTAMIRANO - Kuali","og_description":"Kuali\/Celaya,Gto.-El capit\u00e1n Abraham Riestra deja en claro que la nueva etapa de los Toros la toman como una revancha a la que desean responder , de igual manera con la llegada de nuevo director t\u00e9cnico cambia algunas cosas, pero en cuanto al deseo de salir delante de todo el plantel siempre ha existido y se [&hellip;]","og_url":"https:\/\/kuali.com.mx\/web\/2019\/09\/21\/cambios-en-toros-con-la-llegada-de-pityaltamirano\/","og_site_name":"Kuali","article_publisher":"https:\/\/kuali.com.mx\/web\/wp-content\/uploads\/2018\/04\/cropped-kuali_logo-1-1.png","article_published_time":"2019-09-21T18:41:55+00:00","article_modified_time":"2019-09-22T02:52:56+00:00","og_image":[{"width":1591,"height":750,"url":"https:\/\/kuali.com.mx\/web\/wp-content\/uploads\/2019\/09\/riestra.jpg","type":"image\/jpeg"}],"author":"Kuali Staff","twitter_card":"summary_large_image","twitter_creator":"@kuali_noticias","twitter_site":"@kuali_noticias","twitter_misc":{"Escrito por":"Kuali Staff","Tiempo de lectura":"2 minutos"},"schema":{"@context":"https:\/\/schema.org","@graph":[{"@type":"Article","@id":"https:\/\/kuali.com.mx\/web\/2019\/09\/21\/cambios-en-toros-con-la-llegada-de-pityaltamirano\/#article","isPartOf":{"@id":"https:\/\/kuali.com.mx\/web\/2019\/09\/21\/cambios-en-toros-con-la-llegada-de-pityaltamirano\/"},"author":{"name":"Kuali Staff","@id":"https:\/\/kuali.com.mx\/web\/#\/schema\/person\/6f89ffa8ecba9dae50662357923c5289"},"headline":"CAMBIOS EN TOROS CON LA LLEGADA DE \u201cPITY\u201d ALTAMIRANO","datePublished":"2019-09-21T18:41:55+00:00","dateModified":"2019-09-22T02:52:56+00:00","mainEntityOfPage":{"@id":"https:\/\/kuali.com.mx\/web\/2019\/09\/21\/cambios-en-toros-con-la-llegada-de-pityaltamirano\/"},"wordCount":423,"commentCount":0,"image":{"@id":"https:\/\/kuali.com.mx\/web\/2019\/09\/21\/cambios-en-toros-con-la-llegada-de-pityaltamirano\/#primaryimage"},"thumbnailUrl":"https:\/\/kuali.com.mx\/web\/wp-content\/uploads\/2019\/09\/riestra.jpg","articleSection":["Deportes"],"inLanguage":"es","potentialAction":[{"@type":"CommentAction","name":"Comment","target":["https:\/\/kuali.com.mx\/web\/2019\/09\/21\/cambios-en-toros-con-la-llegada-de-pityaltamirano\/#respond"]}]},{"@type":"WebPage","@id":"https:\/\/kuali.com.mx\/web\/2019\/09\/21\/cambios-en-toros-con-la-llegada-de-pityaltamirano\/","url":"https:\/\/kuali.com.mx\/web\/2019\/09\/21\/cambios-en-toros-con-la-llegada-de-pityaltamirano\/","name":"CAMBIOS EN TOROS CON LA LLEGADA DE \u201cPITY\u201d ALTAMIRANO - Kuali","isPartOf":{"@id":"https:\/\/kuali.com.mx\/web\/#website"},"primaryImageOfPage":{"@id":"https:\/\/kuali.com.mx\/web\/2019\/09\/21\/cambios-en-toros-con-la-llegada-de-pityaltamirano\/#primaryimage"},"image":{"@id":"https:\/\/kuali.com.mx\/web\/2019\/09\/21\/cambios-en-toros-con-la-llegada-de-pityaltamirano\/#primaryimage"},"thumbnailUrl":"https:\/\/kuali.com.mx\/web\/wp-content\/uploads\/2019\/09\/riestra.jpg","datePublished":"2019-09-21T18:41:55+00:00","dateModified":"2019-09-22T02:52:56+00:00","author":{"@id":"https:\/\/kuali.com.mx\/web\/#\/schema\/person\/6f89ffa8ecba9dae50662357923c5289"},"breadcrumb":{"@id":"https:\/\/kuali.com.mx\/web\/2019\/09\/21\/cambios-en-toros-con-la-llegada-de-pityaltamirano\/#breadcrumb"},"inLanguage":"es","potentialAction":[{"@type":"ReadAction","target":["https:\/\/kuali.com.mx\/web\/2019\/09\/21\/cambios-en-toros-con-la-llegada-de-pityaltamirano\/"]}]},{"@type":"ImageObject","inLanguage":"es","@id":"https:\/\/kuali.com.mx\/web\/2019\/09\/21\/cambios-en-toros-con-la-llegada-de-pityaltamirano\/#primaryimage","url":"https:\/\/kuali.com.mx\/web\/wp-content\/uploads\/2019\/09\/riestra.jpg","contentUrl":"https:\/\/kuali.com.mx\/web\/wp-content\/uploads\/2019\/09\/riestra.jpg","width":1591,"height":750},{"@type":"BreadcrumbList","@id":"https:\/\/kuali.com.mx\/web\/2019\/09\/21\/cambios-en-toros-con-la-llegada-de-pityaltamirano\/#breadcrumb","itemListElement":[{"@type":"ListItem","position":1,"name":"Inicio","item":"https:\/\/kuali.com.mx\/web\/"},{"@type":"ListItem","position":2,"name":"CAMBIOS EN TOROS CON LA LLEGADA DE \u201cPITY\u201d ALTAMIRANO"}]},{"@type":"WebSite","@id":"https:\/\/kuali.com.mx\/web\/#website","url":"https:\/\/kuali.com.mx\/web\/","name":"Kuali","description":"","potentialAction":[{"@type":"SearchAction","target":{"@type":"EntryPoint","urlTemplate":"https:\/\/kuali.com.mx\/web\/?s={search_term_string}"},"query-input":{"@type":"PropertyValueSpecification","valueRequired":true,"valueName":"search_term_string"}}],"inLanguage":"es"},{"@type":"Person","@id":"https:\/\/kuali.com.mx\/web\/#\/schema\/person\/6f89ffa8ecba9dae50662357923c5289","name":"Kuali Staff","image":{"@type":"ImageObject","inLanguage":"es","@id":"https:\/\/secure.gravatar.com\/avatar\/f917ad82e5ab71227a733c78b6e60715476f69ee6be59feee4eb5d9920c89e0f?s=96&d=mm&r=g","url":"https:\/\/secure.gravatar.com\/avatar\/f917ad82e5ab71227a733c78b6e60715476f69ee6be59feee4eb5d9920c89e0f?s=96&d=mm&r=g","contentUrl":"https:\/\/secure.gravatar.com\/avatar\/f917ad82e5ab71227a733c78b6e60715476f69ee6be59feee4eb5d9920c89e0f?s=96&d=mm&r=g","caption":"Kuali Staff"},"url":"https:\/\/kuali.com.mx\/web\/author\/lagarto\/"}]}},"_links":{"self":[{"href":"https:\/\/kuali.com.mx\/web\/wp-json\/wp\/v2\/posts\/60395","targetHints":{"allow":["GET"]}}],"collection":[{"href":"https:\/\/kuali.com.mx\/web\/wp-json\/wp\/v2\/posts"}],"about":[{"href":"https:\/\/kuali.com.mx\/web\/wp-json\/wp\/v2\/types\/post"}],"author":[{"embeddable":true,"href":"https:\/\/kuali.com.mx\/web\/wp-json\/wp\/v2\/users\/2"}],"replies":[{"embeddable":true,"href":"https:\/\/kuali.com.mx\/web\/wp-json\/wp\/v2\/comments?post=60395"}],"version-history":[{"count":2,"href":"https:\/\/kuali.com.mx\/web\/wp-json\/wp\/v2\/posts\/60395\/revisions"}],"predecessor-version":[{"id":60398,"href":"https:\/\/kuali.com.mx\/web\/wp-json\/wp\/v2\/posts\/60395\/revisions\/60398"}],"wp:featuredmedia":[{"embeddable":true,"href":"https:\/\/kuali.com.mx\/web\/wp-json\/wp\/v2\/media\/60396"}],"wp:attachment":[{"href":"https:\/\/kuali.com.mx\/web\/wp-json\/wp\/v2\/media?parent=60395"}],"wp:term":[{"taxonomy":"category","embeddable":true,"href":"https:\/\/kuali.com.mx\/web\/wp-json\/wp\/v2\/categories?post=60395"},{"taxonomy":"post_tag","embeddable":true,"href":"https:\/\/kuali.com.mx\/web\/wp-json\/wp\/v2\/tags?post=60395"}],"curies":[{"name":"wp","href":"https:\/\/api.w.org\/{rel}","templated":true}]}}