{"id":60370,"date":"2019-09-21T12:43:01","date_gmt":"2019-09-21T18:43:01","guid":{"rendered":"http:\/\/kuali.com.mx\/web\/?p=60370"},"modified":"2019-09-21T22:19:03","modified_gmt":"2019-09-22T04:19:03","slug":"poder-judicial-reconoce-a-mediadores","status":"publish","type":"post","link":"https:\/\/kuali.com.mx\/web\/2019\/09\/21\/poder-judicial-reconoce-a-mediadores\/","title":{"rendered":"PODER JUDICIAL RECONOCE A MEDIADORES"},"content":{"rendered":"<p><strong><em>Kuali\/Guanajuato, Gto.-<\/em><\/strong> En el marco de la celebraci\u00f3n del D\u00eda Internacional de la Paz, Claudia Barrera Rangel, Presidenta del Supremo Tribunal de Justicia y del Consejo del Poder Judicial del Estado de Guanajuato, festej\u00f3 a\u00a0 los mediadores del Centro Estatal de Justicia Alternativa (CEJA), por su entrega, compromiso y profesionalismo en su haber con las y los guanajuatenses para el logro de una sociedad en paz.<\/p>\n<p><!--more--><\/p>\n<p>\u201cLa mediaci\u00f3n y la conciliaci\u00f3n son m\u00e9todos efectivos en la prevenci\u00f3n y soluci\u00f3n de conflictos, para que un proceso de amigable composici\u00f3n sea efectivo, se requiere de una persona plenamente capacitada que facilite a las partes en contienda el di\u00e1logo, la interacci\u00f3n, que ejercite la escucha activa, y que cuente con las herramientas y aptitudes necesarias para convencer a los antagonistas de las virtudes de la mediaci\u00f3n y la conciliaci\u00f3n\u201d, puntualiz\u00f3 en su discurso la presidenta del Poder Judicial.<\/p>\n<p>Durante el evento, el director del Centro Estatal de Justicia Alternativa, Rafael Horacio Montoya Vargas, felicit\u00f3 a las y los compa\u00f1eros a quienes pidi\u00f3 reflexionar sobre el quehacer que realizan: \u201cEstimadas y estimados, hay que\u00a0 retomar la esencia de lo que es nuestro trabajo; entendiendo que la piedra angular de la mediaci\u00f3n siempre ser\u00e1 la paciencia, porque \u201cla paciencia es el alimento de la tolerancia, la tolerancia es el alimento del amor, el amor es el alimento del perd\u00f3n y el perd\u00f3n es el alimento de la paz\u201d.<\/p>\n<p>Adem\u00e1s se reconoci\u00f3 a 2 mediadoras y 2 mediadores que fueron premiados por sus pares, por su destacada labor en la soluci\u00f3n de conflictos en un marco de respeto, di\u00e1logo, empat\u00eda, confianza y solidaridad.<\/p>\n<p>Las y los mediadores son la cara amable de la justicia en la soluci\u00f3n de conflictos, ya que laboran bajo los principios y valores de la honestidad, responsabilidad, prudencia y gratitud, en beneficio de la ciudadan\u00eda.<\/p>\n<p>&nbsp;<\/p>\n","protected":false},"excerpt":{"rendered":"Kuali\/Guanajuato, Gto.- En el marco de la celebraci\u00f3n del D\u00eda Internacional de la Paz, Claudia Barrera Rangel, Presidenta del Supremo Tribunal de Justicia y del Consejo del Poder Judicial del Estado de Guanajuato, festej\u00f3 a\u00a0 los mediadores del Centro Estatal de Justicia Alternativa (CEJA), por su entrega, compromiso y profesionalismo en su haber con las [&hellip;]","protected":false},"author":2,"featured_media":60371,"comment_status":"open","ping_status":"open","sticky":false,"template":"","format":"standard","meta":{"_seopress_robots_primary_cat":"","_seopress_titles_title":"","_seopress_titles_desc":"","_seopress_robots_index":"","_monsterinsights_skip_tracking":false,"_monsterinsights_sitenote_active":false,"_monsterinsights_sitenote_note":"","_monsterinsights_sitenote_category":0,"footnotes":""},"categories":[3],"tags":[],"class_list":["post-60370","post","type-post","status-publish","format-standard","has-post-thumbnail","hentry","category-politica"],"yoast_head":"<!-- This site is optimized with the Yoast SEO plugin v27.4 - https:\/\/yoast.com\/product\/yoast-seo-wordpress\/ -->\n<title>PODER JUDICIAL RECONOCE A MEDIADORES - Kuali<\/title>\n<meta name=\"robots\" content=\"index, follow, max-snippet:-1, max-image-preview:large, max-video-preview:-1\" \/>\n<link rel=\"canonical\" href=\"https:\/\/kuali.com.mx\/web\/2019\/09\/21\/poder-judicial-reconoce-a-mediadores\/\" \/>\n<meta property=\"og:locale\" content=\"es_MX\" \/>\n<meta property=\"og:type\" content=\"article\" \/>\n<meta property=\"og:title\" content=\"PODER JUDICIAL RECONOCE A MEDIADORES - Kuali\" \/>\n<meta property=\"og:description\" content=\"Kuali\/Guanajuato, Gto.- En el marco de la celebraci\u00f3n del D\u00eda Internacional de la Paz, Claudia Barrera Rangel, Presidenta del Supremo Tribunal de Justicia y del Consejo del Poder Judicial del Estado de Guanajuato, festej\u00f3 a\u00a0 los mediadores del Centro Estatal de Justicia Alternativa (CEJA), por su entrega, compromiso y profesionalismo en su haber con las [&hellip;]\" \/>\n<meta property=\"og:url\" content=\"https:\/\/kuali.com.mx\/web\/2019\/09\/21\/poder-judicial-reconoce-a-mediadores\/\" \/>\n<meta property=\"og:site_name\" content=\"Kuali\" \/>\n<meta property=\"article:publisher\" content=\"https:\/\/kuali.com.mx\/web\/wp-content\/uploads\/2018\/04\/cropped-kuali_logo-1-1.png\" \/>\n<meta property=\"article:published_time\" content=\"2019-09-21T18:43:01+00:00\" \/>\n<meta property=\"article:modified_time\" content=\"2019-09-22T04:19:03+00:00\" \/>\n<meta property=\"og:image\" content=\"https:\/\/kuali.com.mx\/web\/wp-content\/uploads\/2019\/09\/PODER-JUDICIAL-MEDIADORES.jpeg\" \/>\n\t<meta property=\"og:image:width\" content=\"1080\" \/>\n\t<meta property=\"og:image:height\" content=\"720\" \/>\n\t<meta property=\"og:image:type\" content=\"image\/jpeg\" \/>\n<meta name=\"author\" content=\"Kuali Staff\" \/>\n<meta name=\"twitter:card\" content=\"summary_large_image\" \/>\n<meta name=\"twitter:creator\" content=\"@kuali_noticias\" \/>\n<meta name=\"twitter:site\" content=\"@kuali_noticias\" \/>\n<meta name=\"twitter:label1\" content=\"Escrito por\" \/>\n\t<meta name=\"twitter:data1\" content=\"Kuali Staff\" \/>\n\t<meta name=\"twitter:label2\" content=\"Tiempo de lectura\" \/>\n\t<meta name=\"twitter:data2\" content=\"2 minutos\" \/>\n<script type=\"application\/ld+json\" class=\"yoast-schema-graph\">{\"@context\":\"https:\\\/\\\/schema.org\",\"@graph\":[{\"@type\":\"Article\",\"@id\":\"https:\\\/\\\/kuali.com.mx\\\/web\\\/2019\\\/09\\\/21\\\/poder-judicial-reconoce-a-mediadores\\\/#article\",\"isPartOf\":{\"@id\":\"https:\\\/\\\/kuali.com.mx\\\/web\\\/2019\\\/09\\\/21\\\/poder-judicial-reconoce-a-mediadores\\\/\"},\"author\":{\"name\":\"Kuali Staff\",\"@id\":\"https:\\\/\\\/kuali.com.mx\\\/web\\\/#\\\/schema\\\/person\\\/6f89ffa8ecba9dae50662357923c5289\"},\"headline\":\"PODER JUDICIAL RECONOCE A MEDIADORES\",\"datePublished\":\"2019-09-21T18:43:01+00:00\",\"dateModified\":\"2019-09-22T04:19:03+00:00\",\"mainEntityOfPage\":{\"@id\":\"https:\\\/\\\/kuali.com.mx\\\/web\\\/2019\\\/09\\\/21\\\/poder-judicial-reconoce-a-mediadores\\\/\"},\"wordCount\":331,\"commentCount\":0,\"image\":{\"@id\":\"https:\\\/\\\/kuali.com.mx\\\/web\\\/2019\\\/09\\\/21\\\/poder-judicial-reconoce-a-mediadores\\\/#primaryimage\"},\"thumbnailUrl\":\"https:\\\/\\\/kuali.com.mx\\\/web\\\/wp-content\\\/uploads\\\/2019\\\/09\\\/PODER-JUDICIAL-MEDIADORES.jpeg\",\"articleSection\":[\"Pol\u00edtica\"],\"inLanguage\":\"es\",\"potentialAction\":[{\"@type\":\"CommentAction\",\"name\":\"Comment\",\"target\":[\"https:\\\/\\\/kuali.com.mx\\\/web\\\/2019\\\/09\\\/21\\\/poder-judicial-reconoce-a-mediadores\\\/#respond\"]}]},{\"@type\":\"WebPage\",\"@id\":\"https:\\\/\\\/kuali.com.mx\\\/web\\\/2019\\\/09\\\/21\\\/poder-judicial-reconoce-a-mediadores\\\/\",\"url\":\"https:\\\/\\\/kuali.com.mx\\\/web\\\/2019\\\/09\\\/21\\\/poder-judicial-reconoce-a-mediadores\\\/\",\"name\":\"PODER JUDICIAL RECONOCE A MEDIADORES - Kuali\",\"isPartOf\":{\"@id\":\"https:\\\/\\\/kuali.com.mx\\\/web\\\/#website\"},\"primaryImageOfPage\":{\"@id\":\"https:\\\/\\\/kuali.com.mx\\\/web\\\/2019\\\/09\\\/21\\\/poder-judicial-reconoce-a-mediadores\\\/#primaryimage\"},\"image\":{\"@id\":\"https:\\\/\\\/kuali.com.mx\\\/web\\\/2019\\\/09\\\/21\\\/poder-judicial-reconoce-a-mediadores\\\/#primaryimage\"},\"thumbnailUrl\":\"https:\\\/\\\/kuali.com.mx\\\/web\\\/wp-content\\\/uploads\\\/2019\\\/09\\\/PODER-JUDICIAL-MEDIADORES.jpeg\",\"datePublished\":\"2019-09-21T18:43:01+00:00\",\"dateModified\":\"2019-09-22T04:19:03+00:00\",\"author\":{\"@id\":\"https:\\\/\\\/kuali.com.mx\\\/web\\\/#\\\/schema\\\/person\\\/6f89ffa8ecba9dae50662357923c5289\"},\"breadcrumb\":{\"@id\":\"https:\\\/\\\/kuali.com.mx\\\/web\\\/2019\\\/09\\\/21\\\/poder-judicial-reconoce-a-mediadores\\\/#breadcrumb\"},\"inLanguage\":\"es\",\"potentialAction\":[{\"@type\":\"ReadAction\",\"target\":[\"https:\\\/\\\/kuali.com.mx\\\/web\\\/2019\\\/09\\\/21\\\/poder-judicial-reconoce-a-mediadores\\\/\"]}]},{\"@type\":\"ImageObject\",\"inLanguage\":\"es\",\"@id\":\"https:\\\/\\\/kuali.com.mx\\\/web\\\/2019\\\/09\\\/21\\\/poder-judicial-reconoce-a-mediadores\\\/#primaryimage\",\"url\":\"https:\\\/\\\/kuali.com.mx\\\/web\\\/wp-content\\\/uploads\\\/2019\\\/09\\\/PODER-JUDICIAL-MEDIADORES.jpeg\",\"contentUrl\":\"https:\\\/\\\/kuali.com.mx\\\/web\\\/wp-content\\\/uploads\\\/2019\\\/09\\\/PODER-JUDICIAL-MEDIADORES.jpeg\",\"width\":1080,\"height\":720},{\"@type\":\"BreadcrumbList\",\"@id\":\"https:\\\/\\\/kuali.com.mx\\\/web\\\/2019\\\/09\\\/21\\\/poder-judicial-reconoce-a-mediadores\\\/#breadcrumb\",\"itemListElement\":[{\"@type\":\"ListItem\",\"position\":1,\"name\":\"Inicio\",\"item\":\"https:\\\/\\\/kuali.com.mx\\\/web\\\/\"},{\"@type\":\"ListItem\",\"position\":2,\"name\":\"PODER JUDICIAL RECONOCE A MEDIADORES\"}]},{\"@type\":\"WebSite\",\"@id\":\"https:\\\/\\\/kuali.com.mx\\\/web\\\/#website\",\"url\":\"https:\\\/\\\/kuali.com.mx\\\/web\\\/\",\"name\":\"Kuali\",\"description\":\"\",\"potentialAction\":[{\"@type\":\"SearchAction\",\"target\":{\"@type\":\"EntryPoint\",\"urlTemplate\":\"https:\\\/\\\/kuali.com.mx\\\/web\\\/?s={search_term_string}\"},\"query-input\":{\"@type\":\"PropertyValueSpecification\",\"valueRequired\":true,\"valueName\":\"search_term_string\"}}],\"inLanguage\":\"es\"},{\"@type\":\"Person\",\"@id\":\"https:\\\/\\\/kuali.com.mx\\\/web\\\/#\\\/schema\\\/person\\\/6f89ffa8ecba9dae50662357923c5289\",\"name\":\"Kuali Staff\",\"image\":{\"@type\":\"ImageObject\",\"inLanguage\":\"es\",\"@id\":\"https:\\\/\\\/secure.gravatar.com\\\/avatar\\\/f917ad82e5ab71227a733c78b6e60715476f69ee6be59feee4eb5d9920c89e0f?s=96&d=mm&r=g\",\"url\":\"https:\\\/\\\/secure.gravatar.com\\\/avatar\\\/f917ad82e5ab71227a733c78b6e60715476f69ee6be59feee4eb5d9920c89e0f?s=96&d=mm&r=g\",\"contentUrl\":\"https:\\\/\\\/secure.gravatar.com\\\/avatar\\\/f917ad82e5ab71227a733c78b6e60715476f69ee6be59feee4eb5d9920c89e0f?s=96&d=mm&r=g\",\"caption\":\"Kuali Staff\"},\"url\":\"https:\\\/\\\/kuali.com.mx\\\/web\\\/author\\\/lagarto\\\/\"}]}<\/script>\n<!-- \/ Yoast SEO plugin. -->","yoast_head_json":{"title":"PODER JUDICIAL RECONOCE A MEDIADORES - Kuali","robots":{"index":"index","follow":"follow","max-snippet":"max-snippet:-1","max-image-preview":"max-image-preview:large","max-video-preview":"max-video-preview:-1"},"canonical":"https:\/\/kuali.com.mx\/web\/2019\/09\/21\/poder-judicial-reconoce-a-mediadores\/","og_locale":"es_MX","og_type":"article","og_title":"PODER JUDICIAL RECONOCE A MEDIADORES - Kuali","og_description":"Kuali\/Guanajuato, Gto.- En el marco de la celebraci\u00f3n del D\u00eda Internacional de la Paz, Claudia Barrera Rangel, Presidenta del Supremo Tribunal de Justicia y del Consejo del Poder Judicial del Estado de Guanajuato, festej\u00f3 a\u00a0 los mediadores del Centro Estatal de Justicia Alternativa (CEJA), por su entrega, compromiso y profesionalismo en su haber con las [&hellip;]","og_url":"https:\/\/kuali.com.mx\/web\/2019\/09\/21\/poder-judicial-reconoce-a-mediadores\/","og_site_name":"Kuali","article_publisher":"https:\/\/kuali.com.mx\/web\/wp-content\/uploads\/2018\/04\/cropped-kuali_logo-1-1.png","article_published_time":"2019-09-21T18:43:01+00:00","article_modified_time":"2019-09-22T04:19:03+00:00","og_image":[{"width":1080,"height":720,"url":"https:\/\/kuali.com.mx\/web\/wp-content\/uploads\/2019\/09\/PODER-JUDICIAL-MEDIADORES.jpeg","type":"image\/jpeg"}],"author":"Kuali Staff","twitter_card":"summary_large_image","twitter_creator":"@kuali_noticias","twitter_site":"@kuali_noticias","twitter_misc":{"Escrito por":"Kuali Staff","Tiempo de lectura":"2 minutos"},"schema":{"@context":"https:\/\/schema.org","@graph":[{"@type":"Article","@id":"https:\/\/kuali.com.mx\/web\/2019\/09\/21\/poder-judicial-reconoce-a-mediadores\/#article","isPartOf":{"@id":"https:\/\/kuali.com.mx\/web\/2019\/09\/21\/poder-judicial-reconoce-a-mediadores\/"},"author":{"name":"Kuali Staff","@id":"https:\/\/kuali.com.mx\/web\/#\/schema\/person\/6f89ffa8ecba9dae50662357923c5289"},"headline":"PODER JUDICIAL RECONOCE A MEDIADORES","datePublished":"2019-09-21T18:43:01+00:00","dateModified":"2019-09-22T04:19:03+00:00","mainEntityOfPage":{"@id":"https:\/\/kuali.com.mx\/web\/2019\/09\/21\/poder-judicial-reconoce-a-mediadores\/"},"wordCount":331,"commentCount":0,"image":{"@id":"https:\/\/kuali.com.mx\/web\/2019\/09\/21\/poder-judicial-reconoce-a-mediadores\/#primaryimage"},"thumbnailUrl":"https:\/\/kuali.com.mx\/web\/wp-content\/uploads\/2019\/09\/PODER-JUDICIAL-MEDIADORES.jpeg","articleSection":["Pol\u00edtica"],"inLanguage":"es","potentialAction":[{"@type":"CommentAction","name":"Comment","target":["https:\/\/kuali.com.mx\/web\/2019\/09\/21\/poder-judicial-reconoce-a-mediadores\/#respond"]}]},{"@type":"WebPage","@id":"https:\/\/kuali.com.mx\/web\/2019\/09\/21\/poder-judicial-reconoce-a-mediadores\/","url":"https:\/\/kuali.com.mx\/web\/2019\/09\/21\/poder-judicial-reconoce-a-mediadores\/","name":"PODER JUDICIAL RECONOCE A MEDIADORES - Kuali","isPartOf":{"@id":"https:\/\/kuali.com.mx\/web\/#website"},"primaryImageOfPage":{"@id":"https:\/\/kuali.com.mx\/web\/2019\/09\/21\/poder-judicial-reconoce-a-mediadores\/#primaryimage"},"image":{"@id":"https:\/\/kuali.com.mx\/web\/2019\/09\/21\/poder-judicial-reconoce-a-mediadores\/#primaryimage"},"thumbnailUrl":"https:\/\/kuali.com.mx\/web\/wp-content\/uploads\/2019\/09\/PODER-JUDICIAL-MEDIADORES.jpeg","datePublished":"2019-09-21T18:43:01+00:00","dateModified":"2019-09-22T04:19:03+00:00","author":{"@id":"https:\/\/kuali.com.mx\/web\/#\/schema\/person\/6f89ffa8ecba9dae50662357923c5289"},"breadcrumb":{"@id":"https:\/\/kuali.com.mx\/web\/2019\/09\/21\/poder-judicial-reconoce-a-mediadores\/#breadcrumb"},"inLanguage":"es","potentialAction":[{"@type":"ReadAction","target":["https:\/\/kuali.com.mx\/web\/2019\/09\/21\/poder-judicial-reconoce-a-mediadores\/"]}]},{"@type":"ImageObject","inLanguage":"es","@id":"https:\/\/kuali.com.mx\/web\/2019\/09\/21\/poder-judicial-reconoce-a-mediadores\/#primaryimage","url":"https:\/\/kuali.com.mx\/web\/wp-content\/uploads\/2019\/09\/PODER-JUDICIAL-MEDIADORES.jpeg","contentUrl":"https:\/\/kuali.com.mx\/web\/wp-content\/uploads\/2019\/09\/PODER-JUDICIAL-MEDIADORES.jpeg","width":1080,"height":720},{"@type":"BreadcrumbList","@id":"https:\/\/kuali.com.mx\/web\/2019\/09\/21\/poder-judicial-reconoce-a-mediadores\/#breadcrumb","itemListElement":[{"@type":"ListItem","position":1,"name":"Inicio","item":"https:\/\/kuali.com.mx\/web\/"},{"@type":"ListItem","position":2,"name":"PODER JUDICIAL RECONOCE A MEDIADORES"}]},{"@type":"WebSite","@id":"https:\/\/kuali.com.mx\/web\/#website","url":"https:\/\/kuali.com.mx\/web\/","name":"Kuali","description":"","potentialAction":[{"@type":"SearchAction","target":{"@type":"EntryPoint","urlTemplate":"https:\/\/kuali.com.mx\/web\/?s={search_term_string}"},"query-input":{"@type":"PropertyValueSpecification","valueRequired":true,"valueName":"search_term_string"}}],"inLanguage":"es"},{"@type":"Person","@id":"https:\/\/kuali.com.mx\/web\/#\/schema\/person\/6f89ffa8ecba9dae50662357923c5289","name":"Kuali Staff","image":{"@type":"ImageObject","inLanguage":"es","@id":"https:\/\/secure.gravatar.com\/avatar\/f917ad82e5ab71227a733c78b6e60715476f69ee6be59feee4eb5d9920c89e0f?s=96&d=mm&r=g","url":"https:\/\/secure.gravatar.com\/avatar\/f917ad82e5ab71227a733c78b6e60715476f69ee6be59feee4eb5d9920c89e0f?s=96&d=mm&r=g","contentUrl":"https:\/\/secure.gravatar.com\/avatar\/f917ad82e5ab71227a733c78b6e60715476f69ee6be59feee4eb5d9920c89e0f?s=96&d=mm&r=g","caption":"Kuali Staff"},"url":"https:\/\/kuali.com.mx\/web\/author\/lagarto\/"}]}},"_links":{"self":[{"href":"https:\/\/kuali.com.mx\/web\/wp-json\/wp\/v2\/posts\/60370","targetHints":{"allow":["GET"]}}],"collection":[{"href":"https:\/\/kuali.com.mx\/web\/wp-json\/wp\/v2\/posts"}],"about":[{"href":"https:\/\/kuali.com.mx\/web\/wp-json\/wp\/v2\/types\/post"}],"author":[{"embeddable":true,"href":"https:\/\/kuali.com.mx\/web\/wp-json\/wp\/v2\/users\/2"}],"replies":[{"embeddable":true,"href":"https:\/\/kuali.com.mx\/web\/wp-json\/wp\/v2\/comments?post=60370"}],"version-history":[{"count":3,"href":"https:\/\/kuali.com.mx\/web\/wp-json\/wp\/v2\/posts\/60370\/revisions"}],"predecessor-version":[{"id":60414,"href":"https:\/\/kuali.com.mx\/web\/wp-json\/wp\/v2\/posts\/60370\/revisions\/60414"}],"wp:featuredmedia":[{"embeddable":true,"href":"https:\/\/kuali.com.mx\/web\/wp-json\/wp\/v2\/media\/60371"}],"wp:attachment":[{"href":"https:\/\/kuali.com.mx\/web\/wp-json\/wp\/v2\/media?parent=60370"}],"wp:term":[{"taxonomy":"category","embeddable":true,"href":"https:\/\/kuali.com.mx\/web\/wp-json\/wp\/v2\/categories?post=60370"},{"taxonomy":"post_tag","embeddable":true,"href":"https:\/\/kuali.com.mx\/web\/wp-json\/wp\/v2\/tags?post=60370"}],"curies":[{"name":"wp","href":"https:\/\/api.w.org\/{rel}","templated":true}]}}