{"id":60361,"date":"2019-09-20T21:32:18","date_gmt":"2019-09-21T03:32:18","guid":{"rendered":"http:\/\/kuali.com.mx\/web\/?p=60361"},"modified":"2019-09-20T23:00:41","modified_gmt":"2019-09-21T05:00:41","slug":"atacan-instalaciones-de-la-fiscalia-en-celaya","status":"publish","type":"post","link":"https:\/\/kuali.com.mx\/web\/2019\/09\/20\/atacan-instalaciones-de-la-fiscalia-en-celaya\/","title":{"rendered":"ATACAN INSTALACIONES\u00a0 DE LA FISCAL\u00cdA EN CELAYA"},"content":{"rendered":"<p><strong><em>Kuali\/Celaya, Gto.-<\/em><\/strong> Un grupo de hombres armados atac\u00f3 las instalaciones de la Fiscal\u00eda General del Estado en dicho municipio, dejando como saldo a un polic\u00eda ministerial muerto y tres lesionados.<\/p>\n<p><!--more--><\/p>\n<p>Estos hechos se registraron cerca de las 9 de la noche de este viernes, de manera \u00a0preliminar solamente se sabe que un comando armado lleg\u00f3 a las instalaciones a las oficinas de la Regi\u00f3n C de la Fiscal\u00eda para disparar en contra de quienes estaban en el lugar.<\/p>\n<p>Ante este ataque, fue desplegado un fuerte operativo en la ciudad, por parte de elementos de las fuerzas federales, estatales y municipales.<\/p>\n<p>De manera inicial, se habl\u00f3 de un ataque simult\u00e1neo \u00a0en comandancia norte de la Polic\u00eda Municipal, situaci\u00f3n incluso gener\u00f3 que se implementara un operativo especial en esa zona la ciudad, aunque este ataque fue desmentido por el gobierno del municipio de Celaya.<\/p>\n<p>La Fiscal\u00eda del Estado indic\u00f3 que m\u00e1s tarde estar\u00e1 enviando informaci\u00f3n oficial sobre estos hechos.<\/p>\n<p>Estos ataques se registran a unas horas de que fueran incendiados dos tractocamiones en la carretera Celaya-Salvatierra a la altura de Rancho Seco, que provoc\u00f3 un enfrentamiento entre polic\u00edas federales y delincuentes.<\/p>\n","protected":false},"excerpt":{"rendered":"Kuali\/Celaya, Gto.- Un grupo de hombres armados atac\u00f3 las instalaciones de la Fiscal\u00eda General del Estado en dicho municipio, dejando como saldo a un polic\u00eda ministerial muerto y tres lesionados.","protected":false},"author":2,"featured_media":60364,"comment_status":"open","ping_status":"open","sticky":false,"template":"","format":"standard","meta":{"_seopress_robots_primary_cat":"","_seopress_titles_title":"","_seopress_titles_desc":"","_seopress_robots_index":"","_monsterinsights_skip_tracking":false,"_monsterinsights_sitenote_active":false,"_monsterinsights_sitenote_note":"","_monsterinsights_sitenote_category":0,"footnotes":""},"categories":[3,69],"tags":[],"class_list":["post-60361","post","type-post","status-publish","format-standard","has-post-thumbnail","hentry","category-politica","category-slider"],"yoast_head":"<!-- This site is optimized with the Yoast SEO plugin v27.4 - https:\/\/yoast.com\/product\/yoast-seo-wordpress\/ -->\n<title>ATACAN INSTALACIONES\u00a0 DE LA FISCAL\u00cdA EN CELAYA - Kuali<\/title>\n<meta name=\"robots\" content=\"index, follow, max-snippet:-1, max-image-preview:large, max-video-preview:-1\" \/>\n<link rel=\"canonical\" href=\"https:\/\/kuali.com.mx\/web\/2019\/09\/20\/atacan-instalaciones-de-la-fiscalia-en-celaya\/\" \/>\n<meta property=\"og:locale\" content=\"es_MX\" \/>\n<meta property=\"og:type\" content=\"article\" \/>\n<meta property=\"og:title\" content=\"ATACAN INSTALACIONES\u00a0 DE LA FISCAL\u00cdA EN CELAYA - Kuali\" \/>\n<meta property=\"og:description\" content=\"Kuali\/Celaya, Gto.- Un grupo de hombres armados atac\u00f3 las instalaciones de la Fiscal\u00eda General del Estado en dicho municipio, dejando como saldo a un polic\u00eda ministerial muerto y tres lesionados.\" \/>\n<meta property=\"og:url\" content=\"https:\/\/kuali.com.mx\/web\/2019\/09\/20\/atacan-instalaciones-de-la-fiscalia-en-celaya\/\" \/>\n<meta property=\"og:site_name\" content=\"Kuali\" \/>\n<meta property=\"article:publisher\" content=\"https:\/\/kuali.com.mx\/web\/wp-content\/uploads\/2018\/04\/cropped-kuali_logo-1-1.png\" \/>\n<meta property=\"article:published_time\" content=\"2019-09-21T03:32:18+00:00\" \/>\n<meta property=\"article:modified_time\" content=\"2019-09-21T05:00:41+00:00\" \/>\n<meta property=\"og:image\" content=\"https:\/\/kuali.com.mx\/web\/wp-content\/uploads\/2019\/09\/ATAQUE-CELAYA.jpg\" \/>\n\t<meta property=\"og:image:width\" content=\"1280\" \/>\n\t<meta property=\"og:image:height\" content=\"597\" \/>\n\t<meta property=\"og:image:type\" content=\"image\/jpeg\" \/>\n<meta name=\"author\" content=\"Kuali Staff\" \/>\n<meta name=\"twitter:card\" content=\"summary_large_image\" \/>\n<meta name=\"twitter:creator\" content=\"@kuali_noticias\" \/>\n<meta name=\"twitter:site\" content=\"@kuali_noticias\" \/>\n<meta name=\"twitter:label1\" content=\"Escrito por\" \/>\n\t<meta name=\"twitter:data1\" content=\"Kuali Staff\" \/>\n\t<meta name=\"twitter:label2\" content=\"Tiempo de lectura\" \/>\n\t<meta name=\"twitter:data2\" content=\"1 minuto\" \/>\n<script type=\"application\/ld+json\" class=\"yoast-schema-graph\">{\"@context\":\"https:\\\/\\\/schema.org\",\"@graph\":[{\"@type\":\"Article\",\"@id\":\"https:\\\/\\\/kuali.com.mx\\\/web\\\/2019\\\/09\\\/20\\\/atacan-instalaciones-de-la-fiscalia-en-celaya\\\/#article\",\"isPartOf\":{\"@id\":\"https:\\\/\\\/kuali.com.mx\\\/web\\\/2019\\\/09\\\/20\\\/atacan-instalaciones-de-la-fiscalia-en-celaya\\\/\"},\"author\":{\"name\":\"Kuali Staff\",\"@id\":\"https:\\\/\\\/kuali.com.mx\\\/web\\\/#\\\/schema\\\/person\\\/6f89ffa8ecba9dae50662357923c5289\"},\"headline\":\"ATACAN INSTALACIONES\u00a0 DE LA FISCAL\u00cdA EN CELAYA\",\"datePublished\":\"2019-09-21T03:32:18+00:00\",\"dateModified\":\"2019-09-21T05:00:41+00:00\",\"mainEntityOfPage\":{\"@id\":\"https:\\\/\\\/kuali.com.mx\\\/web\\\/2019\\\/09\\\/20\\\/atacan-instalaciones-de-la-fiscalia-en-celaya\\\/\"},\"wordCount\":209,\"commentCount\":0,\"image\":{\"@id\":\"https:\\\/\\\/kuali.com.mx\\\/web\\\/2019\\\/09\\\/20\\\/atacan-instalaciones-de-la-fiscalia-en-celaya\\\/#primaryimage\"},\"thumbnailUrl\":\"https:\\\/\\\/kuali.com.mx\\\/web\\\/wp-content\\\/uploads\\\/2019\\\/09\\\/ATAQUE-CELAYA.jpg\",\"articleSection\":[\"Pol\u00edtica\",\"slider\"],\"inLanguage\":\"es\",\"potentialAction\":[{\"@type\":\"CommentAction\",\"name\":\"Comment\",\"target\":[\"https:\\\/\\\/kuali.com.mx\\\/web\\\/2019\\\/09\\\/20\\\/atacan-instalaciones-de-la-fiscalia-en-celaya\\\/#respond\"]}]},{\"@type\":\"WebPage\",\"@id\":\"https:\\\/\\\/kuali.com.mx\\\/web\\\/2019\\\/09\\\/20\\\/atacan-instalaciones-de-la-fiscalia-en-celaya\\\/\",\"url\":\"https:\\\/\\\/kuali.com.mx\\\/web\\\/2019\\\/09\\\/20\\\/atacan-instalaciones-de-la-fiscalia-en-celaya\\\/\",\"name\":\"ATACAN INSTALACIONES\u00a0 DE LA FISCAL\u00cdA EN CELAYA - Kuali\",\"isPartOf\":{\"@id\":\"https:\\\/\\\/kuali.com.mx\\\/web\\\/#website\"},\"primaryImageOfPage\":{\"@id\":\"https:\\\/\\\/kuali.com.mx\\\/web\\\/2019\\\/09\\\/20\\\/atacan-instalaciones-de-la-fiscalia-en-celaya\\\/#primaryimage\"},\"image\":{\"@id\":\"https:\\\/\\\/kuali.com.mx\\\/web\\\/2019\\\/09\\\/20\\\/atacan-instalaciones-de-la-fiscalia-en-celaya\\\/#primaryimage\"},\"thumbnailUrl\":\"https:\\\/\\\/kuali.com.mx\\\/web\\\/wp-content\\\/uploads\\\/2019\\\/09\\\/ATAQUE-CELAYA.jpg\",\"datePublished\":\"2019-09-21T03:32:18+00:00\",\"dateModified\":\"2019-09-21T05:00:41+00:00\",\"author\":{\"@id\":\"https:\\\/\\\/kuali.com.mx\\\/web\\\/#\\\/schema\\\/person\\\/6f89ffa8ecba9dae50662357923c5289\"},\"breadcrumb\":{\"@id\":\"https:\\\/\\\/kuali.com.mx\\\/web\\\/2019\\\/09\\\/20\\\/atacan-instalaciones-de-la-fiscalia-en-celaya\\\/#breadcrumb\"},\"inLanguage\":\"es\",\"potentialAction\":[{\"@type\":\"ReadAction\",\"target\":[\"https:\\\/\\\/kuali.com.mx\\\/web\\\/2019\\\/09\\\/20\\\/atacan-instalaciones-de-la-fiscalia-en-celaya\\\/\"]}]},{\"@type\":\"ImageObject\",\"inLanguage\":\"es\",\"@id\":\"https:\\\/\\\/kuali.com.mx\\\/web\\\/2019\\\/09\\\/20\\\/atacan-instalaciones-de-la-fiscalia-en-celaya\\\/#primaryimage\",\"url\":\"https:\\\/\\\/kuali.com.mx\\\/web\\\/wp-content\\\/uploads\\\/2019\\\/09\\\/ATAQUE-CELAYA.jpg\",\"contentUrl\":\"https:\\\/\\\/kuali.com.mx\\\/web\\\/wp-content\\\/uploads\\\/2019\\\/09\\\/ATAQUE-CELAYA.jpg\",\"width\":1280,\"height\":597},{\"@type\":\"BreadcrumbList\",\"@id\":\"https:\\\/\\\/kuali.com.mx\\\/web\\\/2019\\\/09\\\/20\\\/atacan-instalaciones-de-la-fiscalia-en-celaya\\\/#breadcrumb\",\"itemListElement\":[{\"@type\":\"ListItem\",\"position\":1,\"name\":\"Inicio\",\"item\":\"https:\\\/\\\/kuali.com.mx\\\/web\\\/\"},{\"@type\":\"ListItem\",\"position\":2,\"name\":\"ATACAN INSTALACIONES\u00a0 DE LA FISCAL\u00cdA EN CELAYA\"}]},{\"@type\":\"WebSite\",\"@id\":\"https:\\\/\\\/kuali.com.mx\\\/web\\\/#website\",\"url\":\"https:\\\/\\\/kuali.com.mx\\\/web\\\/\",\"name\":\"Kuali\",\"description\":\"\",\"potentialAction\":[{\"@type\":\"SearchAction\",\"target\":{\"@type\":\"EntryPoint\",\"urlTemplate\":\"https:\\\/\\\/kuali.com.mx\\\/web\\\/?s={search_term_string}\"},\"query-input\":{\"@type\":\"PropertyValueSpecification\",\"valueRequired\":true,\"valueName\":\"search_term_string\"}}],\"inLanguage\":\"es\"},{\"@type\":\"Person\",\"@id\":\"https:\\\/\\\/kuali.com.mx\\\/web\\\/#\\\/schema\\\/person\\\/6f89ffa8ecba9dae50662357923c5289\",\"name\":\"Kuali Staff\",\"image\":{\"@type\":\"ImageObject\",\"inLanguage\":\"es\",\"@id\":\"https:\\\/\\\/secure.gravatar.com\\\/avatar\\\/f917ad82e5ab71227a733c78b6e60715476f69ee6be59feee4eb5d9920c89e0f?s=96&d=mm&r=g\",\"url\":\"https:\\\/\\\/secure.gravatar.com\\\/avatar\\\/f917ad82e5ab71227a733c78b6e60715476f69ee6be59feee4eb5d9920c89e0f?s=96&d=mm&r=g\",\"contentUrl\":\"https:\\\/\\\/secure.gravatar.com\\\/avatar\\\/f917ad82e5ab71227a733c78b6e60715476f69ee6be59feee4eb5d9920c89e0f?s=96&d=mm&r=g\",\"caption\":\"Kuali Staff\"},\"url\":\"https:\\\/\\\/kuali.com.mx\\\/web\\\/author\\\/lagarto\\\/\"}]}<\/script>\n<!-- \/ Yoast SEO plugin. -->","yoast_head_json":{"title":"ATACAN INSTALACIONES\u00a0 DE LA FISCAL\u00cdA EN CELAYA - Kuali","robots":{"index":"index","follow":"follow","max-snippet":"max-snippet:-1","max-image-preview":"max-image-preview:large","max-video-preview":"max-video-preview:-1"},"canonical":"https:\/\/kuali.com.mx\/web\/2019\/09\/20\/atacan-instalaciones-de-la-fiscalia-en-celaya\/","og_locale":"es_MX","og_type":"article","og_title":"ATACAN INSTALACIONES\u00a0 DE LA FISCAL\u00cdA EN CELAYA - Kuali","og_description":"Kuali\/Celaya, Gto.- Un grupo de hombres armados atac\u00f3 las instalaciones de la Fiscal\u00eda General del Estado en dicho municipio, dejando como saldo a un polic\u00eda ministerial muerto y tres lesionados.","og_url":"https:\/\/kuali.com.mx\/web\/2019\/09\/20\/atacan-instalaciones-de-la-fiscalia-en-celaya\/","og_site_name":"Kuali","article_publisher":"https:\/\/kuali.com.mx\/web\/wp-content\/uploads\/2018\/04\/cropped-kuali_logo-1-1.png","article_published_time":"2019-09-21T03:32:18+00:00","article_modified_time":"2019-09-21T05:00:41+00:00","og_image":[{"width":1280,"height":597,"url":"https:\/\/kuali.com.mx\/web\/wp-content\/uploads\/2019\/09\/ATAQUE-CELAYA.jpg","type":"image\/jpeg"}],"author":"Kuali Staff","twitter_card":"summary_large_image","twitter_creator":"@kuali_noticias","twitter_site":"@kuali_noticias","twitter_misc":{"Escrito por":"Kuali Staff","Tiempo de lectura":"1 minuto"},"schema":{"@context":"https:\/\/schema.org","@graph":[{"@type":"Article","@id":"https:\/\/kuali.com.mx\/web\/2019\/09\/20\/atacan-instalaciones-de-la-fiscalia-en-celaya\/#article","isPartOf":{"@id":"https:\/\/kuali.com.mx\/web\/2019\/09\/20\/atacan-instalaciones-de-la-fiscalia-en-celaya\/"},"author":{"name":"Kuali Staff","@id":"https:\/\/kuali.com.mx\/web\/#\/schema\/person\/6f89ffa8ecba9dae50662357923c5289"},"headline":"ATACAN INSTALACIONES\u00a0 DE LA FISCAL\u00cdA EN CELAYA","datePublished":"2019-09-21T03:32:18+00:00","dateModified":"2019-09-21T05:00:41+00:00","mainEntityOfPage":{"@id":"https:\/\/kuali.com.mx\/web\/2019\/09\/20\/atacan-instalaciones-de-la-fiscalia-en-celaya\/"},"wordCount":209,"commentCount":0,"image":{"@id":"https:\/\/kuali.com.mx\/web\/2019\/09\/20\/atacan-instalaciones-de-la-fiscalia-en-celaya\/#primaryimage"},"thumbnailUrl":"https:\/\/kuali.com.mx\/web\/wp-content\/uploads\/2019\/09\/ATAQUE-CELAYA.jpg","articleSection":["Pol\u00edtica","slider"],"inLanguage":"es","potentialAction":[{"@type":"CommentAction","name":"Comment","target":["https:\/\/kuali.com.mx\/web\/2019\/09\/20\/atacan-instalaciones-de-la-fiscalia-en-celaya\/#respond"]}]},{"@type":"WebPage","@id":"https:\/\/kuali.com.mx\/web\/2019\/09\/20\/atacan-instalaciones-de-la-fiscalia-en-celaya\/","url":"https:\/\/kuali.com.mx\/web\/2019\/09\/20\/atacan-instalaciones-de-la-fiscalia-en-celaya\/","name":"ATACAN INSTALACIONES\u00a0 DE LA FISCAL\u00cdA EN CELAYA - Kuali","isPartOf":{"@id":"https:\/\/kuali.com.mx\/web\/#website"},"primaryImageOfPage":{"@id":"https:\/\/kuali.com.mx\/web\/2019\/09\/20\/atacan-instalaciones-de-la-fiscalia-en-celaya\/#primaryimage"},"image":{"@id":"https:\/\/kuali.com.mx\/web\/2019\/09\/20\/atacan-instalaciones-de-la-fiscalia-en-celaya\/#primaryimage"},"thumbnailUrl":"https:\/\/kuali.com.mx\/web\/wp-content\/uploads\/2019\/09\/ATAQUE-CELAYA.jpg","datePublished":"2019-09-21T03:32:18+00:00","dateModified":"2019-09-21T05:00:41+00:00","author":{"@id":"https:\/\/kuali.com.mx\/web\/#\/schema\/person\/6f89ffa8ecba9dae50662357923c5289"},"breadcrumb":{"@id":"https:\/\/kuali.com.mx\/web\/2019\/09\/20\/atacan-instalaciones-de-la-fiscalia-en-celaya\/#breadcrumb"},"inLanguage":"es","potentialAction":[{"@type":"ReadAction","target":["https:\/\/kuali.com.mx\/web\/2019\/09\/20\/atacan-instalaciones-de-la-fiscalia-en-celaya\/"]}]},{"@type":"ImageObject","inLanguage":"es","@id":"https:\/\/kuali.com.mx\/web\/2019\/09\/20\/atacan-instalaciones-de-la-fiscalia-en-celaya\/#primaryimage","url":"https:\/\/kuali.com.mx\/web\/wp-content\/uploads\/2019\/09\/ATAQUE-CELAYA.jpg","contentUrl":"https:\/\/kuali.com.mx\/web\/wp-content\/uploads\/2019\/09\/ATAQUE-CELAYA.jpg","width":1280,"height":597},{"@type":"BreadcrumbList","@id":"https:\/\/kuali.com.mx\/web\/2019\/09\/20\/atacan-instalaciones-de-la-fiscalia-en-celaya\/#breadcrumb","itemListElement":[{"@type":"ListItem","position":1,"name":"Inicio","item":"https:\/\/kuali.com.mx\/web\/"},{"@type":"ListItem","position":2,"name":"ATACAN INSTALACIONES\u00a0 DE LA FISCAL\u00cdA EN CELAYA"}]},{"@type":"WebSite","@id":"https:\/\/kuali.com.mx\/web\/#website","url":"https:\/\/kuali.com.mx\/web\/","name":"Kuali","description":"","potentialAction":[{"@type":"SearchAction","target":{"@type":"EntryPoint","urlTemplate":"https:\/\/kuali.com.mx\/web\/?s={search_term_string}"},"query-input":{"@type":"PropertyValueSpecification","valueRequired":true,"valueName":"search_term_string"}}],"inLanguage":"es"},{"@type":"Person","@id":"https:\/\/kuali.com.mx\/web\/#\/schema\/person\/6f89ffa8ecba9dae50662357923c5289","name":"Kuali Staff","image":{"@type":"ImageObject","inLanguage":"es","@id":"https:\/\/secure.gravatar.com\/avatar\/f917ad82e5ab71227a733c78b6e60715476f69ee6be59feee4eb5d9920c89e0f?s=96&d=mm&r=g","url":"https:\/\/secure.gravatar.com\/avatar\/f917ad82e5ab71227a733c78b6e60715476f69ee6be59feee4eb5d9920c89e0f?s=96&d=mm&r=g","contentUrl":"https:\/\/secure.gravatar.com\/avatar\/f917ad82e5ab71227a733c78b6e60715476f69ee6be59feee4eb5d9920c89e0f?s=96&d=mm&r=g","caption":"Kuali Staff"},"url":"https:\/\/kuali.com.mx\/web\/author\/lagarto\/"}]}},"_links":{"self":[{"href":"https:\/\/kuali.com.mx\/web\/wp-json\/wp\/v2\/posts\/60361","targetHints":{"allow":["GET"]}}],"collection":[{"href":"https:\/\/kuali.com.mx\/web\/wp-json\/wp\/v2\/posts"}],"about":[{"href":"https:\/\/kuali.com.mx\/web\/wp-json\/wp\/v2\/types\/post"}],"author":[{"embeddable":true,"href":"https:\/\/kuali.com.mx\/web\/wp-json\/wp\/v2\/users\/2"}],"replies":[{"embeddable":true,"href":"https:\/\/kuali.com.mx\/web\/wp-json\/wp\/v2\/comments?post=60361"}],"version-history":[{"count":5,"href":"https:\/\/kuali.com.mx\/web\/wp-json\/wp\/v2\/posts\/60361\/revisions"}],"predecessor-version":[{"id":60368,"href":"https:\/\/kuali.com.mx\/web\/wp-json\/wp\/v2\/posts\/60361\/revisions\/60368"}],"wp:featuredmedia":[{"embeddable":true,"href":"https:\/\/kuali.com.mx\/web\/wp-json\/wp\/v2\/media\/60364"}],"wp:attachment":[{"href":"https:\/\/kuali.com.mx\/web\/wp-json\/wp\/v2\/media?parent=60361"}],"wp:term":[{"taxonomy":"category","embeddable":true,"href":"https:\/\/kuali.com.mx\/web\/wp-json\/wp\/v2\/categories?post=60361"},{"taxonomy":"post_tag","embeddable":true,"href":"https:\/\/kuali.com.mx\/web\/wp-json\/wp\/v2\/tags?post=60361"}],"curies":[{"name":"wp","href":"https:\/\/api.w.org\/{rel}","templated":true}]}}