{"id":58556,"date":"2019-08-08T15:58:14","date_gmt":"2019-08-08T21:58:14","guid":{"rendered":"http:\/\/kuali.com.mx\/web\/?p=58556"},"modified":"2019-08-08T21:34:14","modified_gmt":"2019-08-09T03:34:14","slug":"arranca-la-feria-del-pulque-y-las-carnitas","status":"publish","type":"post","link":"https:\/\/kuali.com.mx\/web\/2019\/08\/08\/arranca-la-feria-del-pulque-y-las-carnitas\/","title":{"rendered":"ARRANCA LA FERIA DEL PULQUE Y LAS CARNITAS"},"content":{"rendered":"<p><em><strong>Jeshael Rivera Villal\u00f3n\/Doctor Mora, Gto.-<\/strong><\/em> Con la inauguraci\u00f3n de la Feria del Pulque y las Carnitas se busca posicionar la gastronom\u00eda y cultura de Doctor Mora.<\/p>\n<p><!--more--><\/p>\n<p>La apertura de las actividades, que concluir\u00e1n hasta el pr\u00f3ximo 11 de agosto, se llev\u00f3 en la Plaza Uni\u00f3n Bicentenario en el centro de la ciudad.<\/p>\n<p>El presidente municipal, Mario Luis Arvizu M\u00e9ndez, destac\u00f3 como desde su primera edici\u00f3n y con el paso de los a\u00f1os este evento se ha fortalecido como parte importante en la vida econ\u00f3mica y social de Doctor Mora y sus habitantes.<\/p>\n<p>El mandatario coment\u00f3 la importancia que tienen las actividades agr\u00edcolas ganaderas- que van ligadas a esta feria \u2013 en el desarrollo econ\u00f3mico del municipio y como tambi\u00e9n a trav\u00e9s de actividades como esta se puede promover el turismo.<\/p>\n<p>\u201cSi les da fuerza a estas gentes (ganaderos y agricultores), si le va bien, le va ir bien al comercio, le va ir a nuestra gente de nuestra plaza como lo son nuestros carniceros, nuestras comederas y el comercio establecido en diferentes lugares, es por eso que va enfocado principalmente este proyecto, en reactivar la econom\u00eda y el turismo y poder recibir a la gente de otros municipios, de otros estados y porque no de otros pa\u00edses\u201d areng\u00f3.<\/p>\n<p>Reportes oficiales indican que las autoridades locales y estatales tiene previsto que se genere una derrama econ\u00f3mica de 3 millones de pesos aproximadamente con las actividades y que se tenga una visita de 8 a 10 mil personas durante los eventos.<\/p>\n<p>Arvizu M\u00e9ndez, exhort\u00f3 a la poblaci\u00f3n en general a participar en los eventos ya que todos son de car\u00e1cter familiar y en el \u00e1mbito musical se tendr\u00e1 un especial impulso al huapango arribe\u00f1o que es caracter\u00edstico de la zona.<\/p>\n<p>El Subsecretario de promoci\u00f3n tur\u00edstica en el estado de Guanajuato, Miguel Augusto Guti\u00e9rrez Hern\u00e1ndez, refiri\u00f3 que con este tipo de actividades se puede reiterar los antecedentes hist\u00f3ricos que dan identidad al municipio y que se puede ver reflejado a trav\u00e9s de la gastronom\u00eda y la cultura.<\/p>\n<p>Adelant\u00f3 que desde esa \u00e1rea en coordinaci\u00f3n con la Secretaria de Desarrollo Econ\u00f3mico y sustentable del estado y el gobierno local plantearan estrategias que permitan potencializar este evento y que sus resultados sean todav\u00eda mejores para la econom\u00eda de la poblaci\u00f3n doctormorense y de todo Guanajuato.<\/p>\n<p>Las actividades contemplan la exposici\u00f3n de al menos 20 pulqueros locales, una buena cantidad de carniceros ofertando las carnitas de res t\u00edpicas del municipio, diversos platillos tradicionales con nopales, ma\u00edz, tunas, una gran variedad de salsas, entre otros.<\/p>\n<p>Concursos, juegos t\u00edpicos, muestras fotogr\u00e1ficas, m\u00fasica e incluso la presentaci\u00f3n del ballet folcl\u00f3rico de Brasil conforman tambi\u00e9n parte del programa de eventos que se encuentra detallado en las plataformas digitales del gobierno local.<\/p>\n<p>\u201cMe da gusto que vaya creciendo esto a\u00f1o con a\u00f1o, me da gusto porque nuevamente encabezamos esta administraci\u00f3n lo que va a ser la mejor feria del pulque y las carnitas en doctor mora Guanajuato\u201d, atest\u00f3 el Alcalde.<\/p>\n<p>En el acto protocolario tambi\u00e9n estuvieron presentes la presidenta del DIF Municipal, Berenice C\u00e1rdenas Salinas el representante de la Secretar\u00eda de Desarrollo Econ\u00f3mico Sustentable, Fernando Jim\u00e9nez Lemus; el Diputado local, Armando Rangel Hern\u00e1ndez; el Presidente de San Jos\u00e9 Iturbide, Genaro Mart\u00edn Z\u00fa\u00f1iga Soto y los integrantes del Ayuntamiento local.<\/p>\n","protected":false},"excerpt":{"rendered":"Jeshael Rivera Villal\u00f3n\/Doctor Mora, Gto.- Con la inauguraci\u00f3n de la Feria del Pulque y las Carnitas se busca posicionar la gastronom\u00eda y cultura de Doctor Mora.","protected":false},"author":2,"featured_media":58557,"comment_status":"open","ping_status":"open","sticky":false,"template":"","format":"standard","meta":{"_seopress_robots_primary_cat":"","_seopress_titles_title":"","_seopress_titles_desc":"","_seopress_robots_index":"","_monsterinsights_skip_tracking":false,"_monsterinsights_sitenote_active":false,"_monsterinsights_sitenote_note":"","_monsterinsights_sitenote_category":0,"footnotes":""},"categories":[13],"tags":[],"class_list":["post-58556","post","type-post","status-publish","format-standard","has-post-thumbnail","hentry","category-turismo"],"yoast_head":"<!-- This site is optimized with the Yoast SEO plugin v27.4 - https:\/\/yoast.com\/product\/yoast-seo-wordpress\/ -->\n<title>ARRANCA LA FERIA DEL PULQUE Y LAS CARNITAS - Kuali<\/title>\n<meta name=\"robots\" content=\"index, follow, max-snippet:-1, max-image-preview:large, max-video-preview:-1\" \/>\n<link rel=\"canonical\" href=\"https:\/\/kuali.com.mx\/web\/2019\/08\/08\/arranca-la-feria-del-pulque-y-las-carnitas\/\" \/>\n<meta property=\"og:locale\" content=\"es_MX\" \/>\n<meta property=\"og:type\" content=\"article\" \/>\n<meta property=\"og:title\" content=\"ARRANCA LA FERIA DEL PULQUE Y LAS CARNITAS - Kuali\" \/>\n<meta property=\"og:description\" content=\"Jeshael Rivera Villal\u00f3n\/Doctor Mora, Gto.- Con la inauguraci\u00f3n de la Feria del Pulque y las Carnitas se busca posicionar la gastronom\u00eda y cultura de Doctor Mora.\" \/>\n<meta property=\"og:url\" content=\"https:\/\/kuali.com.mx\/web\/2019\/08\/08\/arranca-la-feria-del-pulque-y-las-carnitas\/\" \/>\n<meta property=\"og:site_name\" content=\"Kuali\" \/>\n<meta property=\"article:publisher\" content=\"https:\/\/kuali.com.mx\/web\/wp-content\/uploads\/2018\/04\/cropped-kuali_logo-1-1.png\" \/>\n<meta property=\"article:published_time\" content=\"2019-08-08T21:58:14+00:00\" \/>\n<meta property=\"article:modified_time\" content=\"2019-08-09T03:34:14+00:00\" \/>\n<meta property=\"og:image\" content=\"https:\/\/kuali.com.mx\/web\/wp-content\/uploads\/2019\/08\/feria-pulque-y-carnitas-2.jpg\" \/>\n\t<meta property=\"og:image:width\" content=\"1000\" \/>\n\t<meta property=\"og:image:height\" content=\"667\" \/>\n\t<meta property=\"og:image:type\" content=\"image\/jpeg\" \/>\n<meta name=\"author\" content=\"Kuali Staff\" \/>\n<meta name=\"twitter:card\" content=\"summary_large_image\" \/>\n<meta name=\"twitter:creator\" content=\"@kuali_noticias\" \/>\n<meta name=\"twitter:site\" content=\"@kuali_noticias\" \/>\n<meta name=\"twitter:label1\" content=\"Escrito por\" \/>\n\t<meta name=\"twitter:data1\" content=\"Kuali Staff\" \/>\n\t<meta name=\"twitter:label2\" content=\"Tiempo de lectura\" \/>\n\t<meta name=\"twitter:data2\" content=\"3 minutos\" \/>\n<script type=\"application\/ld+json\" class=\"yoast-schema-graph\">{\"@context\":\"https:\\\/\\\/schema.org\",\"@graph\":[{\"@type\":\"Article\",\"@id\":\"https:\\\/\\\/kuali.com.mx\\\/web\\\/2019\\\/08\\\/08\\\/arranca-la-feria-del-pulque-y-las-carnitas\\\/#article\",\"isPartOf\":{\"@id\":\"https:\\\/\\\/kuali.com.mx\\\/web\\\/2019\\\/08\\\/08\\\/arranca-la-feria-del-pulque-y-las-carnitas\\\/\"},\"author\":{\"name\":\"Kuali Staff\",\"@id\":\"https:\\\/\\\/kuali.com.mx\\\/web\\\/#\\\/schema\\\/person\\\/6f89ffa8ecba9dae50662357923c5289\"},\"headline\":\"ARRANCA LA FERIA DEL PULQUE Y LAS CARNITAS\",\"datePublished\":\"2019-08-08T21:58:14+00:00\",\"dateModified\":\"2019-08-09T03:34:14+00:00\",\"mainEntityOfPage\":{\"@id\":\"https:\\\/\\\/kuali.com.mx\\\/web\\\/2019\\\/08\\\/08\\\/arranca-la-feria-del-pulque-y-las-carnitas\\\/\"},\"wordCount\":596,\"commentCount\":0,\"image\":{\"@id\":\"https:\\\/\\\/kuali.com.mx\\\/web\\\/2019\\\/08\\\/08\\\/arranca-la-feria-del-pulque-y-las-carnitas\\\/#primaryimage\"},\"thumbnailUrl\":\"https:\\\/\\\/kuali.com.mx\\\/web\\\/wp-content\\\/uploads\\\/2019\\\/08\\\/feria-pulque-y-carnitas-2.jpg\",\"articleSection\":[\"Turismo\"],\"inLanguage\":\"es\",\"potentialAction\":[{\"@type\":\"CommentAction\",\"name\":\"Comment\",\"target\":[\"https:\\\/\\\/kuali.com.mx\\\/web\\\/2019\\\/08\\\/08\\\/arranca-la-feria-del-pulque-y-las-carnitas\\\/#respond\"]}]},{\"@type\":\"WebPage\",\"@id\":\"https:\\\/\\\/kuali.com.mx\\\/web\\\/2019\\\/08\\\/08\\\/arranca-la-feria-del-pulque-y-las-carnitas\\\/\",\"url\":\"https:\\\/\\\/kuali.com.mx\\\/web\\\/2019\\\/08\\\/08\\\/arranca-la-feria-del-pulque-y-las-carnitas\\\/\",\"name\":\"ARRANCA LA FERIA DEL PULQUE Y LAS CARNITAS - Kuali\",\"isPartOf\":{\"@id\":\"https:\\\/\\\/kuali.com.mx\\\/web\\\/#website\"},\"primaryImageOfPage\":{\"@id\":\"https:\\\/\\\/kuali.com.mx\\\/web\\\/2019\\\/08\\\/08\\\/arranca-la-feria-del-pulque-y-las-carnitas\\\/#primaryimage\"},\"image\":{\"@id\":\"https:\\\/\\\/kuali.com.mx\\\/web\\\/2019\\\/08\\\/08\\\/arranca-la-feria-del-pulque-y-las-carnitas\\\/#primaryimage\"},\"thumbnailUrl\":\"https:\\\/\\\/kuali.com.mx\\\/web\\\/wp-content\\\/uploads\\\/2019\\\/08\\\/feria-pulque-y-carnitas-2.jpg\",\"datePublished\":\"2019-08-08T21:58:14+00:00\",\"dateModified\":\"2019-08-09T03:34:14+00:00\",\"author\":{\"@id\":\"https:\\\/\\\/kuali.com.mx\\\/web\\\/#\\\/schema\\\/person\\\/6f89ffa8ecba9dae50662357923c5289\"},\"breadcrumb\":{\"@id\":\"https:\\\/\\\/kuali.com.mx\\\/web\\\/2019\\\/08\\\/08\\\/arranca-la-feria-del-pulque-y-las-carnitas\\\/#breadcrumb\"},\"inLanguage\":\"es\",\"potentialAction\":[{\"@type\":\"ReadAction\",\"target\":[\"https:\\\/\\\/kuali.com.mx\\\/web\\\/2019\\\/08\\\/08\\\/arranca-la-feria-del-pulque-y-las-carnitas\\\/\"]}]},{\"@type\":\"ImageObject\",\"inLanguage\":\"es\",\"@id\":\"https:\\\/\\\/kuali.com.mx\\\/web\\\/2019\\\/08\\\/08\\\/arranca-la-feria-del-pulque-y-las-carnitas\\\/#primaryimage\",\"url\":\"https:\\\/\\\/kuali.com.mx\\\/web\\\/wp-content\\\/uploads\\\/2019\\\/08\\\/feria-pulque-y-carnitas-2.jpg\",\"contentUrl\":\"https:\\\/\\\/kuali.com.mx\\\/web\\\/wp-content\\\/uploads\\\/2019\\\/08\\\/feria-pulque-y-carnitas-2.jpg\",\"width\":1000,\"height\":667},{\"@type\":\"BreadcrumbList\",\"@id\":\"https:\\\/\\\/kuali.com.mx\\\/web\\\/2019\\\/08\\\/08\\\/arranca-la-feria-del-pulque-y-las-carnitas\\\/#breadcrumb\",\"itemListElement\":[{\"@type\":\"ListItem\",\"position\":1,\"name\":\"Inicio\",\"item\":\"https:\\\/\\\/kuali.com.mx\\\/web\\\/\"},{\"@type\":\"ListItem\",\"position\":2,\"name\":\"ARRANCA LA FERIA DEL PULQUE Y LAS CARNITAS\"}]},{\"@type\":\"WebSite\",\"@id\":\"https:\\\/\\\/kuali.com.mx\\\/web\\\/#website\",\"url\":\"https:\\\/\\\/kuali.com.mx\\\/web\\\/\",\"name\":\"Kuali\",\"description\":\"\",\"potentialAction\":[{\"@type\":\"SearchAction\",\"target\":{\"@type\":\"EntryPoint\",\"urlTemplate\":\"https:\\\/\\\/kuali.com.mx\\\/web\\\/?s={search_term_string}\"},\"query-input\":{\"@type\":\"PropertyValueSpecification\",\"valueRequired\":true,\"valueName\":\"search_term_string\"}}],\"inLanguage\":\"es\"},{\"@type\":\"Person\",\"@id\":\"https:\\\/\\\/kuali.com.mx\\\/web\\\/#\\\/schema\\\/person\\\/6f89ffa8ecba9dae50662357923c5289\",\"name\":\"Kuali Staff\",\"image\":{\"@type\":\"ImageObject\",\"inLanguage\":\"es\",\"@id\":\"https:\\\/\\\/secure.gravatar.com\\\/avatar\\\/f917ad82e5ab71227a733c78b6e60715476f69ee6be59feee4eb5d9920c89e0f?s=96&d=mm&r=g\",\"url\":\"https:\\\/\\\/secure.gravatar.com\\\/avatar\\\/f917ad82e5ab71227a733c78b6e60715476f69ee6be59feee4eb5d9920c89e0f?s=96&d=mm&r=g\",\"contentUrl\":\"https:\\\/\\\/secure.gravatar.com\\\/avatar\\\/f917ad82e5ab71227a733c78b6e60715476f69ee6be59feee4eb5d9920c89e0f?s=96&d=mm&r=g\",\"caption\":\"Kuali Staff\"},\"url\":\"https:\\\/\\\/kuali.com.mx\\\/web\\\/author\\\/lagarto\\\/\"}]}<\/script>\n<!-- \/ Yoast SEO plugin. -->","yoast_head_json":{"title":"ARRANCA LA FERIA DEL PULQUE Y LAS CARNITAS - Kuali","robots":{"index":"index","follow":"follow","max-snippet":"max-snippet:-1","max-image-preview":"max-image-preview:large","max-video-preview":"max-video-preview:-1"},"canonical":"https:\/\/kuali.com.mx\/web\/2019\/08\/08\/arranca-la-feria-del-pulque-y-las-carnitas\/","og_locale":"es_MX","og_type":"article","og_title":"ARRANCA LA FERIA DEL PULQUE Y LAS CARNITAS - Kuali","og_description":"Jeshael Rivera Villal\u00f3n\/Doctor Mora, Gto.- Con la inauguraci\u00f3n de la Feria del Pulque y las Carnitas se busca posicionar la gastronom\u00eda y cultura de Doctor Mora.","og_url":"https:\/\/kuali.com.mx\/web\/2019\/08\/08\/arranca-la-feria-del-pulque-y-las-carnitas\/","og_site_name":"Kuali","article_publisher":"https:\/\/kuali.com.mx\/web\/wp-content\/uploads\/2018\/04\/cropped-kuali_logo-1-1.png","article_published_time":"2019-08-08T21:58:14+00:00","article_modified_time":"2019-08-09T03:34:14+00:00","og_image":[{"width":1000,"height":667,"url":"https:\/\/kuali.com.mx\/web\/wp-content\/uploads\/2019\/08\/feria-pulque-y-carnitas-2.jpg","type":"image\/jpeg"}],"author":"Kuali Staff","twitter_card":"summary_large_image","twitter_creator":"@kuali_noticias","twitter_site":"@kuali_noticias","twitter_misc":{"Escrito por":"Kuali Staff","Tiempo de lectura":"3 minutos"},"schema":{"@context":"https:\/\/schema.org","@graph":[{"@type":"Article","@id":"https:\/\/kuali.com.mx\/web\/2019\/08\/08\/arranca-la-feria-del-pulque-y-las-carnitas\/#article","isPartOf":{"@id":"https:\/\/kuali.com.mx\/web\/2019\/08\/08\/arranca-la-feria-del-pulque-y-las-carnitas\/"},"author":{"name":"Kuali Staff","@id":"https:\/\/kuali.com.mx\/web\/#\/schema\/person\/6f89ffa8ecba9dae50662357923c5289"},"headline":"ARRANCA LA FERIA DEL PULQUE Y LAS CARNITAS","datePublished":"2019-08-08T21:58:14+00:00","dateModified":"2019-08-09T03:34:14+00:00","mainEntityOfPage":{"@id":"https:\/\/kuali.com.mx\/web\/2019\/08\/08\/arranca-la-feria-del-pulque-y-las-carnitas\/"},"wordCount":596,"commentCount":0,"image":{"@id":"https:\/\/kuali.com.mx\/web\/2019\/08\/08\/arranca-la-feria-del-pulque-y-las-carnitas\/#primaryimage"},"thumbnailUrl":"https:\/\/kuali.com.mx\/web\/wp-content\/uploads\/2019\/08\/feria-pulque-y-carnitas-2.jpg","articleSection":["Turismo"],"inLanguage":"es","potentialAction":[{"@type":"CommentAction","name":"Comment","target":["https:\/\/kuali.com.mx\/web\/2019\/08\/08\/arranca-la-feria-del-pulque-y-las-carnitas\/#respond"]}]},{"@type":"WebPage","@id":"https:\/\/kuali.com.mx\/web\/2019\/08\/08\/arranca-la-feria-del-pulque-y-las-carnitas\/","url":"https:\/\/kuali.com.mx\/web\/2019\/08\/08\/arranca-la-feria-del-pulque-y-las-carnitas\/","name":"ARRANCA LA FERIA DEL PULQUE Y LAS CARNITAS - Kuali","isPartOf":{"@id":"https:\/\/kuali.com.mx\/web\/#website"},"primaryImageOfPage":{"@id":"https:\/\/kuali.com.mx\/web\/2019\/08\/08\/arranca-la-feria-del-pulque-y-las-carnitas\/#primaryimage"},"image":{"@id":"https:\/\/kuali.com.mx\/web\/2019\/08\/08\/arranca-la-feria-del-pulque-y-las-carnitas\/#primaryimage"},"thumbnailUrl":"https:\/\/kuali.com.mx\/web\/wp-content\/uploads\/2019\/08\/feria-pulque-y-carnitas-2.jpg","datePublished":"2019-08-08T21:58:14+00:00","dateModified":"2019-08-09T03:34:14+00:00","author":{"@id":"https:\/\/kuali.com.mx\/web\/#\/schema\/person\/6f89ffa8ecba9dae50662357923c5289"},"breadcrumb":{"@id":"https:\/\/kuali.com.mx\/web\/2019\/08\/08\/arranca-la-feria-del-pulque-y-las-carnitas\/#breadcrumb"},"inLanguage":"es","potentialAction":[{"@type":"ReadAction","target":["https:\/\/kuali.com.mx\/web\/2019\/08\/08\/arranca-la-feria-del-pulque-y-las-carnitas\/"]}]},{"@type":"ImageObject","inLanguage":"es","@id":"https:\/\/kuali.com.mx\/web\/2019\/08\/08\/arranca-la-feria-del-pulque-y-las-carnitas\/#primaryimage","url":"https:\/\/kuali.com.mx\/web\/wp-content\/uploads\/2019\/08\/feria-pulque-y-carnitas-2.jpg","contentUrl":"https:\/\/kuali.com.mx\/web\/wp-content\/uploads\/2019\/08\/feria-pulque-y-carnitas-2.jpg","width":1000,"height":667},{"@type":"BreadcrumbList","@id":"https:\/\/kuali.com.mx\/web\/2019\/08\/08\/arranca-la-feria-del-pulque-y-las-carnitas\/#breadcrumb","itemListElement":[{"@type":"ListItem","position":1,"name":"Inicio","item":"https:\/\/kuali.com.mx\/web\/"},{"@type":"ListItem","position":2,"name":"ARRANCA LA FERIA DEL PULQUE Y LAS CARNITAS"}]},{"@type":"WebSite","@id":"https:\/\/kuali.com.mx\/web\/#website","url":"https:\/\/kuali.com.mx\/web\/","name":"Kuali","description":"","potentialAction":[{"@type":"SearchAction","target":{"@type":"EntryPoint","urlTemplate":"https:\/\/kuali.com.mx\/web\/?s={search_term_string}"},"query-input":{"@type":"PropertyValueSpecification","valueRequired":true,"valueName":"search_term_string"}}],"inLanguage":"es"},{"@type":"Person","@id":"https:\/\/kuali.com.mx\/web\/#\/schema\/person\/6f89ffa8ecba9dae50662357923c5289","name":"Kuali Staff","image":{"@type":"ImageObject","inLanguage":"es","@id":"https:\/\/secure.gravatar.com\/avatar\/f917ad82e5ab71227a733c78b6e60715476f69ee6be59feee4eb5d9920c89e0f?s=96&d=mm&r=g","url":"https:\/\/secure.gravatar.com\/avatar\/f917ad82e5ab71227a733c78b6e60715476f69ee6be59feee4eb5d9920c89e0f?s=96&d=mm&r=g","contentUrl":"https:\/\/secure.gravatar.com\/avatar\/f917ad82e5ab71227a733c78b6e60715476f69ee6be59feee4eb5d9920c89e0f?s=96&d=mm&r=g","caption":"Kuali Staff"},"url":"https:\/\/kuali.com.mx\/web\/author\/lagarto\/"}]}},"_links":{"self":[{"href":"https:\/\/kuali.com.mx\/web\/wp-json\/wp\/v2\/posts\/58556","targetHints":{"allow":["GET"]}}],"collection":[{"href":"https:\/\/kuali.com.mx\/web\/wp-json\/wp\/v2\/posts"}],"about":[{"href":"https:\/\/kuali.com.mx\/web\/wp-json\/wp\/v2\/types\/post"}],"author":[{"embeddable":true,"href":"https:\/\/kuali.com.mx\/web\/wp-json\/wp\/v2\/users\/2"}],"replies":[{"embeddable":true,"href":"https:\/\/kuali.com.mx\/web\/wp-json\/wp\/v2\/comments?post=58556"}],"version-history":[{"count":2,"href":"https:\/\/kuali.com.mx\/web\/wp-json\/wp\/v2\/posts\/58556\/revisions"}],"predecessor-version":[{"id":58561,"href":"https:\/\/kuali.com.mx\/web\/wp-json\/wp\/v2\/posts\/58556\/revisions\/58561"}],"wp:featuredmedia":[{"embeddable":true,"href":"https:\/\/kuali.com.mx\/web\/wp-json\/wp\/v2\/media\/58557"}],"wp:attachment":[{"href":"https:\/\/kuali.com.mx\/web\/wp-json\/wp\/v2\/media?parent=58556"}],"wp:term":[{"taxonomy":"category","embeddable":true,"href":"https:\/\/kuali.com.mx\/web\/wp-json\/wp\/v2\/categories?post=58556"},{"taxonomy":"post_tag","embeddable":true,"href":"https:\/\/kuali.com.mx\/web\/wp-json\/wp\/v2\/tags?post=58556"}],"curies":[{"name":"wp","href":"https:\/\/api.w.org\/{rel}","templated":true}]}}