{"id":48439,"date":"2018-12-08T22:51:58","date_gmt":"2018-12-09T04:51:58","guid":{"rendered":"http:\/\/kuali.com.mx\/web\/?p=48439"},"modified":"2018-12-09T08:14:50","modified_gmt":"2018-12-09T14:14:50","slug":"coronan-a-guanajuatense-como-miss-mundo","status":"publish","type":"post","link":"https:\/\/kuali.com.mx\/web\/2018\/12\/08\/coronan-a-guanajuatense-como-miss-mundo\/","title":{"rendered":"CORONAN A GUANAJUATENSE COMO MISS MUNDO"},"content":{"rendered":"<p><em><strong>EFE\/Agencias.-<\/strong><\/em>La modelo guanajuatense y egresada de la Universidad de Guanajuato (UG), Vanessa Ponce de Le\u00f3n, de 26 a\u00f1os, se coron\u00f3 Miss Mundo en la sexag\u00e9simo octava edici\u00f3n del certamen, celebrada en la ciudad tropical china de Sanya.<\/p>\n<p><!--more--><\/p>\n<p>La guanajuatense se impuso en una disputada ronda final a la tailandesa Nicolene Pichapa Limunskan, que termin\u00f3 segunda, y a las aspirantes de Bielorrusia, Jamaica y Uganda.<\/p>\n<p>\"Usar\u00e9 mi reinado para seguir haciendo lo mismo que hago desde hace tres a\u00f1os, es decir, seguir siendo un ejemplo, porque todos podemos ser un ejemplo. El mundo necesita un cambio y ayudar no es tan dif\u00edcil\", coment\u00f3 la modelo mexicana al recibir la corona.<\/p>\n<p>Mientras, la representante estadounidense, Marisa Butler, logr\u00f3 la competencia de Deportes; la japonesa, Kanako Date se alz\u00f3 con la de Talento y la francesa Ma\u00ebva Coucke se coron\u00f3 en la competencia de Top Model.<\/p>\n<p>Ponce de Le\u00f3n, que estudi\u00f3 Comercio Internacional y tiene un diplomado en Derechos Humanos, es directiva de un centro de rehabilitaci\u00f3n para mujeres llamado 'Migrantes en el Camino', y tambi\u00e9n es oradora del Instituto Nacional de la Juventud.<\/p>\n<p>Vanessa, que defiende varias causas, dio a conocer en China un proyecto llamado Na Vili, que busca ayudar a los hijos de jornaleros migrantes ind\u00edgenas que salen de Guerrero a Guanajuato.<\/p>\n<p>Esta fundaci\u00f3n asesora tambi\u00e9n a los padres para que puedan poner en regla los papeles de sus hijos y puedan tener acceso a servicios p\u00fablicos como educaci\u00f3n y salud.<\/p>\n<p>La modelo, aficionada al voleibol y la pintura, consigui\u00f3 el premio en una glamurosa gala celebrada por novena ocasi\u00f3n en territorio chino, sucediendo en el trono a la india Manushi Chhillar, ganadora en 2017, que le entreg\u00f3 la corona.<\/p>\n<p>Los jueces de la gala valoraron la belleza, inteligencia y ganas de ayudar a los dem\u00e1s de la mexicana, condiciones necesarias para poder ce\u00f1irse la corona.<\/p>\n<p>En ese sentido, los organizadores aseguraron que en esta edici\u00f3n el jurado se regir\u00eda por un \"renovado c\u00f3digo de \u00e9tica\" y una nueva forma de trabajo para elegir a la ganadora.<\/p>\n<p>Y es que este concurso de belleza ha vivido tiempos de reforma y ya no s\u00f3lo premia a la m\u00e1s guapa, sino tambi\u00e9n al proyecto social que ayude verdaderamente a su comunidad.<\/p>\n<p>Los pron\u00f3sticos se cumplieron y De Le\u00f3n, que estaba entre las treinta primeras de una reciente lista publicada por el portal \"Global Beauties\", se alz\u00f3 entre las m\u00e1s de 120 modelos que compet\u00edan en esta entrega.<\/p>\n<p>En el camino se qued\u00f3 la chilena Anah\u00ed Hormaz\u00e1bal, estudiante de ingenier\u00eda que se situ\u00f3 en el \"top cinco\" de las favoritas y que hab\u00eda impactado en las redes sociales por su finura y estilismo.<\/p>\n<p>Este a\u00f1o, el evento conmemor\u00f3 el trig\u00e9simo aniversario del establecimiento de la provincia insular de Hainan, que las autoridades chinas buscan convertir en un centro internacional de turismo, consumo y zona de log\u00edstica estrat\u00e9gica nacional.<\/p>\n<p>\"Miss Mundo ha contribuido a potenciar la industria tur\u00edstica de Sanya y ha impulsado los negocios de belleza en la ciudad\", dijo recientemente el vicealcalde de Sanya, Dai Yuming, durante un encuentro con la prensa.<\/p>\n<p>El certamen de Miss Mundo, celebrado por primera vez en 1951 en Londres pasa por valorar la belleza integral, la elegancia, la personalidad, la pose, la seguridad, la conciencia social y la salud f\u00edsica de las aspirantes, procedentes de m\u00e1s de 120 pa\u00edses.<\/p>\n<p>El concurso, cuya organizaci\u00f3n es brit\u00e1nica, tuvo su sede en Londres durante 37 a\u00f1os, pero en 1989 viaj\u00f3 por primera vez, a las lejanas tierras de Hong Kong, que por aquel entonces todav\u00eda eran una de las \u00faltimas colonias del antiguo imperio brit\u00e1nico.<\/p>\n<p>Desde entonces ha llegado a lugares como Sun City (Sud\u00e1frica), Atlanta (EEUU), las islas Seychelles o Bangalore (la India), adem\u00e1s de Varsovia y Sanya.<\/p>\n","protected":false},"excerpt":{"rendered":"EFE\/Agencias.-La modelo guanajuatense y egresada de la Universidad de Guanajuato (UG), Vanessa Ponce de Le\u00f3n, de 26 a\u00f1os, se coron\u00f3 Miss Mundo en la sexag\u00e9simo octava edici\u00f3n del certamen, celebrada en la ciudad tropical china de Sanya.","protected":false},"author":2,"featured_media":48441,"comment_status":"open","ping_status":"open","sticky":false,"template":"","format":"standard","meta":{"_seopress_robots_primary_cat":"","_seopress_titles_title":"","_seopress_titles_desc":"","_seopress_robots_index":"","_monsterinsights_skip_tracking":false,"_monsterinsights_sitenote_active":false,"_monsterinsights_sitenote_note":"","_monsterinsights_sitenote_category":0,"footnotes":""},"categories":[18],"tags":[],"class_list":["post-48439","post","type-post","status-publish","format-standard","has-post-thumbnail","hentry","category-espectaculos-2"],"yoast_head":"<!-- This site is optimized with the Yoast SEO plugin v27.4 - https:\/\/yoast.com\/product\/yoast-seo-wordpress\/ -->\n<title>CORONAN A GUANAJUATENSE COMO MISS MUNDO - Kuali<\/title>\n<meta name=\"robots\" content=\"index, follow, max-snippet:-1, max-image-preview:large, max-video-preview:-1\" \/>\n<link rel=\"canonical\" href=\"https:\/\/kuali.com.mx\/web\/2018\/12\/08\/coronan-a-guanajuatense-como-miss-mundo\/\" \/>\n<meta property=\"og:locale\" content=\"es_MX\" \/>\n<meta property=\"og:type\" content=\"article\" \/>\n<meta property=\"og:title\" content=\"CORONAN A GUANAJUATENSE COMO MISS MUNDO - Kuali\" \/>\n<meta property=\"og:description\" content=\"EFE\/Agencias.-La modelo guanajuatense y egresada de la Universidad de Guanajuato (UG), Vanessa Ponce de Le\u00f3n, de 26 a\u00f1os, se coron\u00f3 Miss Mundo en la sexag\u00e9simo octava edici\u00f3n del certamen, celebrada en la ciudad tropical china de Sanya.\" \/>\n<meta property=\"og:url\" content=\"https:\/\/kuali.com.mx\/web\/2018\/12\/08\/coronan-a-guanajuatense-como-miss-mundo\/\" \/>\n<meta property=\"og:site_name\" content=\"Kuali\" \/>\n<meta property=\"article:publisher\" content=\"https:\/\/kuali.com.mx\/web\/wp-content\/uploads\/2018\/04\/cropped-kuali_logo-1-1.png\" \/>\n<meta property=\"article:published_time\" content=\"2018-12-09T04:51:58+00:00\" \/>\n<meta property=\"article:modified_time\" content=\"2018-12-09T14:14:50+00:00\" \/>\n<meta property=\"og:image\" content=\"https:\/\/kuali.com.mx\/web\/wp-content\/uploads\/2018\/12\/Miss-mundo-Vannesa.jpg\" \/>\n\t<meta property=\"og:image:width\" content=\"844\" \/>\n\t<meta property=\"og:image:height\" content=\"602\" \/>\n\t<meta property=\"og:image:type\" content=\"image\/jpeg\" \/>\n<meta name=\"author\" content=\"Kuali Staff\" \/>\n<meta name=\"twitter:card\" content=\"summary_large_image\" \/>\n<meta name=\"twitter:creator\" content=\"@kuali_noticias\" \/>\n<meta name=\"twitter:site\" content=\"@kuali_noticias\" \/>\n<meta name=\"twitter:label1\" content=\"Escrito por\" \/>\n\t<meta name=\"twitter:data1\" content=\"Kuali Staff\" \/>\n\t<meta name=\"twitter:label2\" content=\"Tiempo de lectura\" \/>\n\t<meta name=\"twitter:data2\" content=\"3 minutos\" \/>\n<script type=\"application\/ld+json\" class=\"yoast-schema-graph\">{\"@context\":\"https:\\\/\\\/schema.org\",\"@graph\":[{\"@type\":\"Article\",\"@id\":\"https:\\\/\\\/kuali.com.mx\\\/web\\\/2018\\\/12\\\/08\\\/coronan-a-guanajuatense-como-miss-mundo\\\/#article\",\"isPartOf\":{\"@id\":\"https:\\\/\\\/kuali.com.mx\\\/web\\\/2018\\\/12\\\/08\\\/coronan-a-guanajuatense-como-miss-mundo\\\/\"},\"author\":{\"name\":\"Kuali Staff\",\"@id\":\"https:\\\/\\\/kuali.com.mx\\\/web\\\/#\\\/schema\\\/person\\\/6f89ffa8ecba9dae50662357923c5289\"},\"headline\":\"CORONAN A GUANAJUATENSE COMO MISS MUNDO\",\"datePublished\":\"2018-12-09T04:51:58+00:00\",\"dateModified\":\"2018-12-09T14:14:50+00:00\",\"mainEntityOfPage\":{\"@id\":\"https:\\\/\\\/kuali.com.mx\\\/web\\\/2018\\\/12\\\/08\\\/coronan-a-guanajuatense-como-miss-mundo\\\/\"},\"wordCount\":668,\"commentCount\":0,\"image\":{\"@id\":\"https:\\\/\\\/kuali.com.mx\\\/web\\\/2018\\\/12\\\/08\\\/coronan-a-guanajuatense-como-miss-mundo\\\/#primaryimage\"},\"thumbnailUrl\":\"https:\\\/\\\/kuali.com.mx\\\/web\\\/wp-content\\\/uploads\\\/2018\\\/12\\\/Miss-mundo-Vannesa.jpg\",\"articleSection\":[\"Espect\u00e1culos\"],\"inLanguage\":\"es\",\"potentialAction\":[{\"@type\":\"CommentAction\",\"name\":\"Comment\",\"target\":[\"https:\\\/\\\/kuali.com.mx\\\/web\\\/2018\\\/12\\\/08\\\/coronan-a-guanajuatense-como-miss-mundo\\\/#respond\"]}]},{\"@type\":\"WebPage\",\"@id\":\"https:\\\/\\\/kuali.com.mx\\\/web\\\/2018\\\/12\\\/08\\\/coronan-a-guanajuatense-como-miss-mundo\\\/\",\"url\":\"https:\\\/\\\/kuali.com.mx\\\/web\\\/2018\\\/12\\\/08\\\/coronan-a-guanajuatense-como-miss-mundo\\\/\",\"name\":\"CORONAN A GUANAJUATENSE COMO MISS MUNDO - Kuali\",\"isPartOf\":{\"@id\":\"https:\\\/\\\/kuali.com.mx\\\/web\\\/#website\"},\"primaryImageOfPage\":{\"@id\":\"https:\\\/\\\/kuali.com.mx\\\/web\\\/2018\\\/12\\\/08\\\/coronan-a-guanajuatense-como-miss-mundo\\\/#primaryimage\"},\"image\":{\"@id\":\"https:\\\/\\\/kuali.com.mx\\\/web\\\/2018\\\/12\\\/08\\\/coronan-a-guanajuatense-como-miss-mundo\\\/#primaryimage\"},\"thumbnailUrl\":\"https:\\\/\\\/kuali.com.mx\\\/web\\\/wp-content\\\/uploads\\\/2018\\\/12\\\/Miss-mundo-Vannesa.jpg\",\"datePublished\":\"2018-12-09T04:51:58+00:00\",\"dateModified\":\"2018-12-09T14:14:50+00:00\",\"author\":{\"@id\":\"https:\\\/\\\/kuali.com.mx\\\/web\\\/#\\\/schema\\\/person\\\/6f89ffa8ecba9dae50662357923c5289\"},\"breadcrumb\":{\"@id\":\"https:\\\/\\\/kuali.com.mx\\\/web\\\/2018\\\/12\\\/08\\\/coronan-a-guanajuatense-como-miss-mundo\\\/#breadcrumb\"},\"inLanguage\":\"es\",\"potentialAction\":[{\"@type\":\"ReadAction\",\"target\":[\"https:\\\/\\\/kuali.com.mx\\\/web\\\/2018\\\/12\\\/08\\\/coronan-a-guanajuatense-como-miss-mundo\\\/\"]}]},{\"@type\":\"ImageObject\",\"inLanguage\":\"es\",\"@id\":\"https:\\\/\\\/kuali.com.mx\\\/web\\\/2018\\\/12\\\/08\\\/coronan-a-guanajuatense-como-miss-mundo\\\/#primaryimage\",\"url\":\"https:\\\/\\\/kuali.com.mx\\\/web\\\/wp-content\\\/uploads\\\/2018\\\/12\\\/Miss-mundo-Vannesa.jpg\",\"contentUrl\":\"https:\\\/\\\/kuali.com.mx\\\/web\\\/wp-content\\\/uploads\\\/2018\\\/12\\\/Miss-mundo-Vannesa.jpg\",\"width\":844,\"height\":602},{\"@type\":\"BreadcrumbList\",\"@id\":\"https:\\\/\\\/kuali.com.mx\\\/web\\\/2018\\\/12\\\/08\\\/coronan-a-guanajuatense-como-miss-mundo\\\/#breadcrumb\",\"itemListElement\":[{\"@type\":\"ListItem\",\"position\":1,\"name\":\"Inicio\",\"item\":\"https:\\\/\\\/kuali.com.mx\\\/web\\\/\"},{\"@type\":\"ListItem\",\"position\":2,\"name\":\"CORONAN A GUANAJUATENSE COMO MISS MUNDO\"}]},{\"@type\":\"WebSite\",\"@id\":\"https:\\\/\\\/kuali.com.mx\\\/web\\\/#website\",\"url\":\"https:\\\/\\\/kuali.com.mx\\\/web\\\/\",\"name\":\"Kuali\",\"description\":\"\",\"potentialAction\":[{\"@type\":\"SearchAction\",\"target\":{\"@type\":\"EntryPoint\",\"urlTemplate\":\"https:\\\/\\\/kuali.com.mx\\\/web\\\/?s={search_term_string}\"},\"query-input\":{\"@type\":\"PropertyValueSpecification\",\"valueRequired\":true,\"valueName\":\"search_term_string\"}}],\"inLanguage\":\"es\"},{\"@type\":\"Person\",\"@id\":\"https:\\\/\\\/kuali.com.mx\\\/web\\\/#\\\/schema\\\/person\\\/6f89ffa8ecba9dae50662357923c5289\",\"name\":\"Kuali Staff\",\"image\":{\"@type\":\"ImageObject\",\"inLanguage\":\"es\",\"@id\":\"https:\\\/\\\/secure.gravatar.com\\\/avatar\\\/f917ad82e5ab71227a733c78b6e60715476f69ee6be59feee4eb5d9920c89e0f?s=96&d=mm&r=g\",\"url\":\"https:\\\/\\\/secure.gravatar.com\\\/avatar\\\/f917ad82e5ab71227a733c78b6e60715476f69ee6be59feee4eb5d9920c89e0f?s=96&d=mm&r=g\",\"contentUrl\":\"https:\\\/\\\/secure.gravatar.com\\\/avatar\\\/f917ad82e5ab71227a733c78b6e60715476f69ee6be59feee4eb5d9920c89e0f?s=96&d=mm&r=g\",\"caption\":\"Kuali Staff\"},\"url\":\"https:\\\/\\\/kuali.com.mx\\\/web\\\/author\\\/lagarto\\\/\"}]}<\/script>\n<!-- \/ Yoast SEO plugin. -->","yoast_head_json":{"title":"CORONAN A GUANAJUATENSE COMO MISS MUNDO - Kuali","robots":{"index":"index","follow":"follow","max-snippet":"max-snippet:-1","max-image-preview":"max-image-preview:large","max-video-preview":"max-video-preview:-1"},"canonical":"https:\/\/kuali.com.mx\/web\/2018\/12\/08\/coronan-a-guanajuatense-como-miss-mundo\/","og_locale":"es_MX","og_type":"article","og_title":"CORONAN A GUANAJUATENSE COMO MISS MUNDO - Kuali","og_description":"EFE\/Agencias.-La modelo guanajuatense y egresada de la Universidad de Guanajuato (UG), Vanessa Ponce de Le\u00f3n, de 26 a\u00f1os, se coron\u00f3 Miss Mundo en la sexag\u00e9simo octava edici\u00f3n del certamen, celebrada en la ciudad tropical china de Sanya.","og_url":"https:\/\/kuali.com.mx\/web\/2018\/12\/08\/coronan-a-guanajuatense-como-miss-mundo\/","og_site_name":"Kuali","article_publisher":"https:\/\/kuali.com.mx\/web\/wp-content\/uploads\/2018\/04\/cropped-kuali_logo-1-1.png","article_published_time":"2018-12-09T04:51:58+00:00","article_modified_time":"2018-12-09T14:14:50+00:00","og_image":[{"width":844,"height":602,"url":"https:\/\/kuali.com.mx\/web\/wp-content\/uploads\/2018\/12\/Miss-mundo-Vannesa.jpg","type":"image\/jpeg"}],"author":"Kuali Staff","twitter_card":"summary_large_image","twitter_creator":"@kuali_noticias","twitter_site":"@kuali_noticias","twitter_misc":{"Escrito por":"Kuali Staff","Tiempo de lectura":"3 minutos"},"schema":{"@context":"https:\/\/schema.org","@graph":[{"@type":"Article","@id":"https:\/\/kuali.com.mx\/web\/2018\/12\/08\/coronan-a-guanajuatense-como-miss-mundo\/#article","isPartOf":{"@id":"https:\/\/kuali.com.mx\/web\/2018\/12\/08\/coronan-a-guanajuatense-como-miss-mundo\/"},"author":{"name":"Kuali Staff","@id":"https:\/\/kuali.com.mx\/web\/#\/schema\/person\/6f89ffa8ecba9dae50662357923c5289"},"headline":"CORONAN A GUANAJUATENSE COMO MISS MUNDO","datePublished":"2018-12-09T04:51:58+00:00","dateModified":"2018-12-09T14:14:50+00:00","mainEntityOfPage":{"@id":"https:\/\/kuali.com.mx\/web\/2018\/12\/08\/coronan-a-guanajuatense-como-miss-mundo\/"},"wordCount":668,"commentCount":0,"image":{"@id":"https:\/\/kuali.com.mx\/web\/2018\/12\/08\/coronan-a-guanajuatense-como-miss-mundo\/#primaryimage"},"thumbnailUrl":"https:\/\/kuali.com.mx\/web\/wp-content\/uploads\/2018\/12\/Miss-mundo-Vannesa.jpg","articleSection":["Espect\u00e1culos"],"inLanguage":"es","potentialAction":[{"@type":"CommentAction","name":"Comment","target":["https:\/\/kuali.com.mx\/web\/2018\/12\/08\/coronan-a-guanajuatense-como-miss-mundo\/#respond"]}]},{"@type":"WebPage","@id":"https:\/\/kuali.com.mx\/web\/2018\/12\/08\/coronan-a-guanajuatense-como-miss-mundo\/","url":"https:\/\/kuali.com.mx\/web\/2018\/12\/08\/coronan-a-guanajuatense-como-miss-mundo\/","name":"CORONAN A GUANAJUATENSE COMO MISS MUNDO - Kuali","isPartOf":{"@id":"https:\/\/kuali.com.mx\/web\/#website"},"primaryImageOfPage":{"@id":"https:\/\/kuali.com.mx\/web\/2018\/12\/08\/coronan-a-guanajuatense-como-miss-mundo\/#primaryimage"},"image":{"@id":"https:\/\/kuali.com.mx\/web\/2018\/12\/08\/coronan-a-guanajuatense-como-miss-mundo\/#primaryimage"},"thumbnailUrl":"https:\/\/kuali.com.mx\/web\/wp-content\/uploads\/2018\/12\/Miss-mundo-Vannesa.jpg","datePublished":"2018-12-09T04:51:58+00:00","dateModified":"2018-12-09T14:14:50+00:00","author":{"@id":"https:\/\/kuali.com.mx\/web\/#\/schema\/person\/6f89ffa8ecba9dae50662357923c5289"},"breadcrumb":{"@id":"https:\/\/kuali.com.mx\/web\/2018\/12\/08\/coronan-a-guanajuatense-como-miss-mundo\/#breadcrumb"},"inLanguage":"es","potentialAction":[{"@type":"ReadAction","target":["https:\/\/kuali.com.mx\/web\/2018\/12\/08\/coronan-a-guanajuatense-como-miss-mundo\/"]}]},{"@type":"ImageObject","inLanguage":"es","@id":"https:\/\/kuali.com.mx\/web\/2018\/12\/08\/coronan-a-guanajuatense-como-miss-mundo\/#primaryimage","url":"https:\/\/kuali.com.mx\/web\/wp-content\/uploads\/2018\/12\/Miss-mundo-Vannesa.jpg","contentUrl":"https:\/\/kuali.com.mx\/web\/wp-content\/uploads\/2018\/12\/Miss-mundo-Vannesa.jpg","width":844,"height":602},{"@type":"BreadcrumbList","@id":"https:\/\/kuali.com.mx\/web\/2018\/12\/08\/coronan-a-guanajuatense-como-miss-mundo\/#breadcrumb","itemListElement":[{"@type":"ListItem","position":1,"name":"Inicio","item":"https:\/\/kuali.com.mx\/web\/"},{"@type":"ListItem","position":2,"name":"CORONAN A GUANAJUATENSE COMO MISS MUNDO"}]},{"@type":"WebSite","@id":"https:\/\/kuali.com.mx\/web\/#website","url":"https:\/\/kuali.com.mx\/web\/","name":"Kuali","description":"","potentialAction":[{"@type":"SearchAction","target":{"@type":"EntryPoint","urlTemplate":"https:\/\/kuali.com.mx\/web\/?s={search_term_string}"},"query-input":{"@type":"PropertyValueSpecification","valueRequired":true,"valueName":"search_term_string"}}],"inLanguage":"es"},{"@type":"Person","@id":"https:\/\/kuali.com.mx\/web\/#\/schema\/person\/6f89ffa8ecba9dae50662357923c5289","name":"Kuali Staff","image":{"@type":"ImageObject","inLanguage":"es","@id":"https:\/\/secure.gravatar.com\/avatar\/f917ad82e5ab71227a733c78b6e60715476f69ee6be59feee4eb5d9920c89e0f?s=96&d=mm&r=g","url":"https:\/\/secure.gravatar.com\/avatar\/f917ad82e5ab71227a733c78b6e60715476f69ee6be59feee4eb5d9920c89e0f?s=96&d=mm&r=g","contentUrl":"https:\/\/secure.gravatar.com\/avatar\/f917ad82e5ab71227a733c78b6e60715476f69ee6be59feee4eb5d9920c89e0f?s=96&d=mm&r=g","caption":"Kuali Staff"},"url":"https:\/\/kuali.com.mx\/web\/author\/lagarto\/"}]}},"_links":{"self":[{"href":"https:\/\/kuali.com.mx\/web\/wp-json\/wp\/v2\/posts\/48439","targetHints":{"allow":["GET"]}}],"collection":[{"href":"https:\/\/kuali.com.mx\/web\/wp-json\/wp\/v2\/posts"}],"about":[{"href":"https:\/\/kuali.com.mx\/web\/wp-json\/wp\/v2\/types\/post"}],"author":[{"embeddable":true,"href":"https:\/\/kuali.com.mx\/web\/wp-json\/wp\/v2\/users\/2"}],"replies":[{"embeddable":true,"href":"https:\/\/kuali.com.mx\/web\/wp-json\/wp\/v2\/comments?post=48439"}],"version-history":[{"count":2,"href":"https:\/\/kuali.com.mx\/web\/wp-json\/wp\/v2\/posts\/48439\/revisions"}],"predecessor-version":[{"id":48444,"href":"https:\/\/kuali.com.mx\/web\/wp-json\/wp\/v2\/posts\/48439\/revisions\/48444"}],"wp:featuredmedia":[{"embeddable":true,"href":"https:\/\/kuali.com.mx\/web\/wp-json\/wp\/v2\/media\/48441"}],"wp:attachment":[{"href":"https:\/\/kuali.com.mx\/web\/wp-json\/wp\/v2\/media?parent=48439"}],"wp:term":[{"taxonomy":"category","embeddable":true,"href":"https:\/\/kuali.com.mx\/web\/wp-json\/wp\/v2\/categories?post=48439"},{"taxonomy":"post_tag","embeddable":true,"href":"https:\/\/kuali.com.mx\/web\/wp-json\/wp\/v2\/tags?post=48439"}],"curies":[{"name":"wp","href":"https:\/\/api.w.org\/{rel}","templated":true}]}}