{"id":44542,"date":"2018-09-10T12:52:17","date_gmt":"2018-09-10T18:52:17","guid":{"rendered":"http:\/\/kuali.com.mx\/web\/?p=44542"},"modified":"2018-09-11T07:36:02","modified_gmt":"2018-09-11T13:36:02","slug":"abriran-cuarto-cinturon-vial-el-miercoles","status":"publish","type":"post","link":"https:\/\/kuali.com.mx\/web\/2018\/09\/10\/abriran-cuarto-cinturon-vial-el-miercoles\/","title":{"rendered":"MEJORAR\u00c1 MOVILIDAD POR CINTUR\u00d3N VIAL"},"content":{"rendered":"<p><strong><em>Kuali\/Irapuato, Gto.-<\/em> <\/strong>Con la apertura en su totalidad del cuarto cintur\u00f3n vial de Irapuato y el retiro de la glorieta ubicada a la salida a Le\u00f3n, la movilidad de los irapuatenses ser\u00e1 m\u00e1s fluida, as\u00ed lo coment\u00f3 Ricardo Ortiz Guti\u00e9rrez presidente municipal electo.<!--more--><\/p>\n<p>Al realizar una visita a las vialidades que conectan con el cuarto Cintur\u00f3n Vial con la finalidad de proyectar mejores estrategias de movilidad, Ortiz Guti\u00e9rrez, inform\u00f3 que este mi\u00e9rcoles se abrir\u00e1 el tramo en el sentido de Solidaridad hacia bulevar a Villas, con lo cual quedar\u00e1 habilitada en su totalidad.<\/p>\n<p>\u201cLa verdad es que con la implementaci\u00f3n de estas obras vamos a mejorar sustancialmente la movilidad, lo \u00fanico que pedimos y esperamos es la comprensi\u00f3n de la ciudadan\u00eda que en poco tiempo se ir\u00e1n adaptando\u201d, enfatiz\u00f3.<\/p>\n<p>En el caso de la glorita ubicada en Solidaridad y el 4to Cintur\u00f3n Vial, a la salida a Le\u00f3n, \u00e9sta ya fue retirara en su totalidad y se convirti\u00f3 en un cruce samaforizado que dar\u00e1 mayor fluidez al tr\u00e1nsito vehicular.<\/p>\n<p>Ortiz Guti\u00e9rrez, explic\u00f3 que desde que termin\u00f3 la campa\u00f1a se ha enfocado a trabajar en el Plan B\u00e1sico de Gobierno el cual contempla la continuidad de los ejes de Habitabilidad, Seguridad y Movilidad, en este \u00faltimo ya cuenta por lo menos con 60 proyectos de calles.<\/p>\n<p>\u201cParte de lo que hemos hecho es darle seguimiento al tema de la Movilidad con algunas obras muy espec\u00edficas. Nos adelantamos para llegar el 10 de octubre de lleno, con un trabajo productivo y que la gente lo empiece la notar, yo creo que esto es una de las grandes ventajas de la continuidad\u201d, coment\u00f3.<\/p>\n<p>Por \u00faltimo, inform\u00f3 que se ha reunido con el gobernador electo, Diego Sinhu\u00e9 para incorporar proyectos importantes para Irapuato y que requieren la participaci\u00f3n de Gobierno del Estado.<\/p>\n<p>&nbsp;<\/p>\n<p>&nbsp;<\/p>\n<p>&nbsp;<\/p>\n<p>&nbsp;<\/p>\n<p>&nbsp;<\/p>\n","protected":false},"excerpt":{"rendered":"Kuali\/Irapuato, Gto.- Con la apertura en su totalidad del cuarto cintur\u00f3n vial de Irapuato y el retiro de la glorieta ubicada a la salida a Le\u00f3n, la movilidad de los irapuatenses ser\u00e1 m\u00e1s fluida, as\u00ed lo coment\u00f3 Ricardo Ortiz Guti\u00e9rrez presidente municipal electo.","protected":false},"author":2,"featured_media":44543,"comment_status":"open","ping_status":"open","sticky":false,"template":"","format":"standard","meta":{"_seopress_robots_primary_cat":"","_seopress_titles_title":"","_seopress_titles_desc":"","_seopress_robots_index":"","_monsterinsights_skip_tracking":false,"_monsterinsights_sitenote_active":false,"_monsterinsights_sitenote_note":"","_monsterinsights_sitenote_category":0,"footnotes":""},"categories":[3],"tags":[],"class_list":["post-44542","post","type-post","status-publish","format-standard","has-post-thumbnail","hentry","category-politica"],"yoast_head":"<!-- This site is optimized with the Yoast SEO plugin v27.4 - https:\/\/yoast.com\/product\/yoast-seo-wordpress\/ -->\n<title>MEJORAR\u00c1 MOVILIDAD POR CINTUR\u00d3N VIAL - Kuali<\/title>\n<meta name=\"robots\" content=\"index, follow, max-snippet:-1, max-image-preview:large, max-video-preview:-1\" \/>\n<link rel=\"canonical\" href=\"https:\/\/kuali.com.mx\/web\/2018\/09\/10\/abriran-cuarto-cinturon-vial-el-miercoles\/\" \/>\n<meta property=\"og:locale\" content=\"es_MX\" \/>\n<meta property=\"og:type\" content=\"article\" \/>\n<meta property=\"og:title\" content=\"MEJORAR\u00c1 MOVILIDAD POR CINTUR\u00d3N VIAL - Kuali\" \/>\n<meta property=\"og:description\" content=\"Kuali\/Irapuato, Gto.- Con la apertura en su totalidad del cuarto cintur\u00f3n vial de Irapuato y el retiro de la glorieta ubicada a la salida a Le\u00f3n, la movilidad de los irapuatenses ser\u00e1 m\u00e1s fluida, as\u00ed lo coment\u00f3 Ricardo Ortiz Guti\u00e9rrez presidente municipal electo.\" \/>\n<meta property=\"og:url\" content=\"https:\/\/kuali.com.mx\/web\/2018\/09\/10\/abriran-cuarto-cinturon-vial-el-miercoles\/\" \/>\n<meta property=\"og:site_name\" content=\"Kuali\" \/>\n<meta property=\"article:publisher\" content=\"https:\/\/kuali.com.mx\/web\/wp-content\/uploads\/2018\/04\/cropped-kuali_logo-1-1.png\" \/>\n<meta property=\"article:published_time\" content=\"2018-09-10T18:52:17+00:00\" \/>\n<meta property=\"article:modified_time\" content=\"2018-09-11T13:36:02+00:00\" \/>\n<meta property=\"og:image\" content=\"https:\/\/kuali.com.mx\/web\/wp-content\/uploads\/2018\/09\/cinturo\u0301n-1.jpg\" \/>\n\t<meta property=\"og:image:width\" content=\"4896\" \/>\n\t<meta property=\"og:image:height\" content=\"2767\" \/>\n\t<meta property=\"og:image:type\" content=\"image\/jpeg\" \/>\n<meta name=\"author\" content=\"Kuali Staff\" \/>\n<meta name=\"twitter:card\" content=\"summary_large_image\" \/>\n<meta name=\"twitter:creator\" content=\"@kuali_noticias\" \/>\n<meta name=\"twitter:site\" content=\"@kuali_noticias\" \/>\n<meta name=\"twitter:label1\" content=\"Escrito por\" \/>\n\t<meta name=\"twitter:data1\" content=\"Kuali Staff\" \/>\n\t<meta name=\"twitter:label2\" content=\"Tiempo de lectura\" \/>\n\t<meta name=\"twitter:data2\" content=\"2 minutos\" \/>\n<script type=\"application\/ld+json\" class=\"yoast-schema-graph\">{\"@context\":\"https:\\\/\\\/schema.org\",\"@graph\":[{\"@type\":\"Article\",\"@id\":\"https:\\\/\\\/kuali.com.mx\\\/web\\\/2018\\\/09\\\/10\\\/abriran-cuarto-cinturon-vial-el-miercoles\\\/#article\",\"isPartOf\":{\"@id\":\"https:\\\/\\\/kuali.com.mx\\\/web\\\/2018\\\/09\\\/10\\\/abriran-cuarto-cinturon-vial-el-miercoles\\\/\"},\"author\":{\"name\":\"Kuali Staff\",\"@id\":\"https:\\\/\\\/kuali.com.mx\\\/web\\\/#\\\/schema\\\/person\\\/6f89ffa8ecba9dae50662357923c5289\"},\"headline\":\"MEJORAR\u00c1 MOVILIDAD POR CINTUR\u00d3N VIAL\",\"datePublished\":\"2018-09-10T18:52:17+00:00\",\"dateModified\":\"2018-09-11T13:36:02+00:00\",\"mainEntityOfPage\":{\"@id\":\"https:\\\/\\\/kuali.com.mx\\\/web\\\/2018\\\/09\\\/10\\\/abriran-cuarto-cinturon-vial-el-miercoles\\\/\"},\"wordCount\":328,\"commentCount\":0,\"image\":{\"@id\":\"https:\\\/\\\/kuali.com.mx\\\/web\\\/2018\\\/09\\\/10\\\/abriran-cuarto-cinturon-vial-el-miercoles\\\/#primaryimage\"},\"thumbnailUrl\":\"https:\\\/\\\/kuali.com.mx\\\/web\\\/wp-content\\\/uploads\\\/2018\\\/09\\\/cinturo\u0301n-1.jpg\",\"articleSection\":[\"Pol\u00edtica\"],\"inLanguage\":\"es\",\"potentialAction\":[{\"@type\":\"CommentAction\",\"name\":\"Comment\",\"target\":[\"https:\\\/\\\/kuali.com.mx\\\/web\\\/2018\\\/09\\\/10\\\/abriran-cuarto-cinturon-vial-el-miercoles\\\/#respond\"]}]},{\"@type\":\"WebPage\",\"@id\":\"https:\\\/\\\/kuali.com.mx\\\/web\\\/2018\\\/09\\\/10\\\/abriran-cuarto-cinturon-vial-el-miercoles\\\/\",\"url\":\"https:\\\/\\\/kuali.com.mx\\\/web\\\/2018\\\/09\\\/10\\\/abriran-cuarto-cinturon-vial-el-miercoles\\\/\",\"name\":\"MEJORAR\u00c1 MOVILIDAD POR CINTUR\u00d3N VIAL - Kuali\",\"isPartOf\":{\"@id\":\"https:\\\/\\\/kuali.com.mx\\\/web\\\/#website\"},\"primaryImageOfPage\":{\"@id\":\"https:\\\/\\\/kuali.com.mx\\\/web\\\/2018\\\/09\\\/10\\\/abriran-cuarto-cinturon-vial-el-miercoles\\\/#primaryimage\"},\"image\":{\"@id\":\"https:\\\/\\\/kuali.com.mx\\\/web\\\/2018\\\/09\\\/10\\\/abriran-cuarto-cinturon-vial-el-miercoles\\\/#primaryimage\"},\"thumbnailUrl\":\"https:\\\/\\\/kuali.com.mx\\\/web\\\/wp-content\\\/uploads\\\/2018\\\/09\\\/cinturo\u0301n-1.jpg\",\"datePublished\":\"2018-09-10T18:52:17+00:00\",\"dateModified\":\"2018-09-11T13:36:02+00:00\",\"author\":{\"@id\":\"https:\\\/\\\/kuali.com.mx\\\/web\\\/#\\\/schema\\\/person\\\/6f89ffa8ecba9dae50662357923c5289\"},\"breadcrumb\":{\"@id\":\"https:\\\/\\\/kuali.com.mx\\\/web\\\/2018\\\/09\\\/10\\\/abriran-cuarto-cinturon-vial-el-miercoles\\\/#breadcrumb\"},\"inLanguage\":\"es\",\"potentialAction\":[{\"@type\":\"ReadAction\",\"target\":[\"https:\\\/\\\/kuali.com.mx\\\/web\\\/2018\\\/09\\\/10\\\/abriran-cuarto-cinturon-vial-el-miercoles\\\/\"]}]},{\"@type\":\"ImageObject\",\"inLanguage\":\"es\",\"@id\":\"https:\\\/\\\/kuali.com.mx\\\/web\\\/2018\\\/09\\\/10\\\/abriran-cuarto-cinturon-vial-el-miercoles\\\/#primaryimage\",\"url\":\"https:\\\/\\\/kuali.com.mx\\\/web\\\/wp-content\\\/uploads\\\/2018\\\/09\\\/cinturo\u0301n-1.jpg\",\"contentUrl\":\"https:\\\/\\\/kuali.com.mx\\\/web\\\/wp-content\\\/uploads\\\/2018\\\/09\\\/cinturo\u0301n-1.jpg\",\"width\":4896,\"height\":2767},{\"@type\":\"BreadcrumbList\",\"@id\":\"https:\\\/\\\/kuali.com.mx\\\/web\\\/2018\\\/09\\\/10\\\/abriran-cuarto-cinturon-vial-el-miercoles\\\/#breadcrumb\",\"itemListElement\":[{\"@type\":\"ListItem\",\"position\":1,\"name\":\"Inicio\",\"item\":\"https:\\\/\\\/kuali.com.mx\\\/web\\\/\"},{\"@type\":\"ListItem\",\"position\":2,\"name\":\"MEJORAR\u00c1 MOVILIDAD POR CINTUR\u00d3N VIAL\"}]},{\"@type\":\"WebSite\",\"@id\":\"https:\\\/\\\/kuali.com.mx\\\/web\\\/#website\",\"url\":\"https:\\\/\\\/kuali.com.mx\\\/web\\\/\",\"name\":\"Kuali\",\"description\":\"\",\"potentialAction\":[{\"@type\":\"SearchAction\",\"target\":{\"@type\":\"EntryPoint\",\"urlTemplate\":\"https:\\\/\\\/kuali.com.mx\\\/web\\\/?s={search_term_string}\"},\"query-input\":{\"@type\":\"PropertyValueSpecification\",\"valueRequired\":true,\"valueName\":\"search_term_string\"}}],\"inLanguage\":\"es\"},{\"@type\":\"Person\",\"@id\":\"https:\\\/\\\/kuali.com.mx\\\/web\\\/#\\\/schema\\\/person\\\/6f89ffa8ecba9dae50662357923c5289\",\"name\":\"Kuali Staff\",\"image\":{\"@type\":\"ImageObject\",\"inLanguage\":\"es\",\"@id\":\"https:\\\/\\\/secure.gravatar.com\\\/avatar\\\/f917ad82e5ab71227a733c78b6e60715476f69ee6be59feee4eb5d9920c89e0f?s=96&d=mm&r=g\",\"url\":\"https:\\\/\\\/secure.gravatar.com\\\/avatar\\\/f917ad82e5ab71227a733c78b6e60715476f69ee6be59feee4eb5d9920c89e0f?s=96&d=mm&r=g\",\"contentUrl\":\"https:\\\/\\\/secure.gravatar.com\\\/avatar\\\/f917ad82e5ab71227a733c78b6e60715476f69ee6be59feee4eb5d9920c89e0f?s=96&d=mm&r=g\",\"caption\":\"Kuali Staff\"},\"url\":\"https:\\\/\\\/kuali.com.mx\\\/web\\\/author\\\/lagarto\\\/\"}]}<\/script>\n<!-- \/ Yoast SEO plugin. -->","yoast_head_json":{"title":"MEJORAR\u00c1 MOVILIDAD POR CINTUR\u00d3N VIAL - Kuali","robots":{"index":"index","follow":"follow","max-snippet":"max-snippet:-1","max-image-preview":"max-image-preview:large","max-video-preview":"max-video-preview:-1"},"canonical":"https:\/\/kuali.com.mx\/web\/2018\/09\/10\/abriran-cuarto-cinturon-vial-el-miercoles\/","og_locale":"es_MX","og_type":"article","og_title":"MEJORAR\u00c1 MOVILIDAD POR CINTUR\u00d3N VIAL - Kuali","og_description":"Kuali\/Irapuato, Gto.- Con la apertura en su totalidad del cuarto cintur\u00f3n vial de Irapuato y el retiro de la glorieta ubicada a la salida a Le\u00f3n, la movilidad de los irapuatenses ser\u00e1 m\u00e1s fluida, as\u00ed lo coment\u00f3 Ricardo Ortiz Guti\u00e9rrez presidente municipal electo.","og_url":"https:\/\/kuali.com.mx\/web\/2018\/09\/10\/abriran-cuarto-cinturon-vial-el-miercoles\/","og_site_name":"Kuali","article_publisher":"https:\/\/kuali.com.mx\/web\/wp-content\/uploads\/2018\/04\/cropped-kuali_logo-1-1.png","article_published_time":"2018-09-10T18:52:17+00:00","article_modified_time":"2018-09-11T13:36:02+00:00","og_image":[{"width":4896,"height":2767,"url":"https:\/\/kuali.com.mx\/web\/wp-content\/uploads\/2018\/09\/cinturo\u0301n-1.jpg","type":"image\/jpeg"}],"author":"Kuali Staff","twitter_card":"summary_large_image","twitter_creator":"@kuali_noticias","twitter_site":"@kuali_noticias","twitter_misc":{"Escrito por":"Kuali Staff","Tiempo de lectura":"2 minutos"},"schema":{"@context":"https:\/\/schema.org","@graph":[{"@type":"Article","@id":"https:\/\/kuali.com.mx\/web\/2018\/09\/10\/abriran-cuarto-cinturon-vial-el-miercoles\/#article","isPartOf":{"@id":"https:\/\/kuali.com.mx\/web\/2018\/09\/10\/abriran-cuarto-cinturon-vial-el-miercoles\/"},"author":{"name":"Kuali Staff","@id":"https:\/\/kuali.com.mx\/web\/#\/schema\/person\/6f89ffa8ecba9dae50662357923c5289"},"headline":"MEJORAR\u00c1 MOVILIDAD POR CINTUR\u00d3N VIAL","datePublished":"2018-09-10T18:52:17+00:00","dateModified":"2018-09-11T13:36:02+00:00","mainEntityOfPage":{"@id":"https:\/\/kuali.com.mx\/web\/2018\/09\/10\/abriran-cuarto-cinturon-vial-el-miercoles\/"},"wordCount":328,"commentCount":0,"image":{"@id":"https:\/\/kuali.com.mx\/web\/2018\/09\/10\/abriran-cuarto-cinturon-vial-el-miercoles\/#primaryimage"},"thumbnailUrl":"https:\/\/kuali.com.mx\/web\/wp-content\/uploads\/2018\/09\/cinturo\u0301n-1.jpg","articleSection":["Pol\u00edtica"],"inLanguage":"es","potentialAction":[{"@type":"CommentAction","name":"Comment","target":["https:\/\/kuali.com.mx\/web\/2018\/09\/10\/abriran-cuarto-cinturon-vial-el-miercoles\/#respond"]}]},{"@type":"WebPage","@id":"https:\/\/kuali.com.mx\/web\/2018\/09\/10\/abriran-cuarto-cinturon-vial-el-miercoles\/","url":"https:\/\/kuali.com.mx\/web\/2018\/09\/10\/abriran-cuarto-cinturon-vial-el-miercoles\/","name":"MEJORAR\u00c1 MOVILIDAD POR CINTUR\u00d3N VIAL - Kuali","isPartOf":{"@id":"https:\/\/kuali.com.mx\/web\/#website"},"primaryImageOfPage":{"@id":"https:\/\/kuali.com.mx\/web\/2018\/09\/10\/abriran-cuarto-cinturon-vial-el-miercoles\/#primaryimage"},"image":{"@id":"https:\/\/kuali.com.mx\/web\/2018\/09\/10\/abriran-cuarto-cinturon-vial-el-miercoles\/#primaryimage"},"thumbnailUrl":"https:\/\/kuali.com.mx\/web\/wp-content\/uploads\/2018\/09\/cinturo\u0301n-1.jpg","datePublished":"2018-09-10T18:52:17+00:00","dateModified":"2018-09-11T13:36:02+00:00","author":{"@id":"https:\/\/kuali.com.mx\/web\/#\/schema\/person\/6f89ffa8ecba9dae50662357923c5289"},"breadcrumb":{"@id":"https:\/\/kuali.com.mx\/web\/2018\/09\/10\/abriran-cuarto-cinturon-vial-el-miercoles\/#breadcrumb"},"inLanguage":"es","potentialAction":[{"@type":"ReadAction","target":["https:\/\/kuali.com.mx\/web\/2018\/09\/10\/abriran-cuarto-cinturon-vial-el-miercoles\/"]}]},{"@type":"ImageObject","inLanguage":"es","@id":"https:\/\/kuali.com.mx\/web\/2018\/09\/10\/abriran-cuarto-cinturon-vial-el-miercoles\/#primaryimage","url":"https:\/\/kuali.com.mx\/web\/wp-content\/uploads\/2018\/09\/cinturo\u0301n-1.jpg","contentUrl":"https:\/\/kuali.com.mx\/web\/wp-content\/uploads\/2018\/09\/cinturo\u0301n-1.jpg","width":4896,"height":2767},{"@type":"BreadcrumbList","@id":"https:\/\/kuali.com.mx\/web\/2018\/09\/10\/abriran-cuarto-cinturon-vial-el-miercoles\/#breadcrumb","itemListElement":[{"@type":"ListItem","position":1,"name":"Inicio","item":"https:\/\/kuali.com.mx\/web\/"},{"@type":"ListItem","position":2,"name":"MEJORAR\u00c1 MOVILIDAD POR CINTUR\u00d3N VIAL"}]},{"@type":"WebSite","@id":"https:\/\/kuali.com.mx\/web\/#website","url":"https:\/\/kuali.com.mx\/web\/","name":"Kuali","description":"","potentialAction":[{"@type":"SearchAction","target":{"@type":"EntryPoint","urlTemplate":"https:\/\/kuali.com.mx\/web\/?s={search_term_string}"},"query-input":{"@type":"PropertyValueSpecification","valueRequired":true,"valueName":"search_term_string"}}],"inLanguage":"es"},{"@type":"Person","@id":"https:\/\/kuali.com.mx\/web\/#\/schema\/person\/6f89ffa8ecba9dae50662357923c5289","name":"Kuali Staff","image":{"@type":"ImageObject","inLanguage":"es","@id":"https:\/\/secure.gravatar.com\/avatar\/f917ad82e5ab71227a733c78b6e60715476f69ee6be59feee4eb5d9920c89e0f?s=96&d=mm&r=g","url":"https:\/\/secure.gravatar.com\/avatar\/f917ad82e5ab71227a733c78b6e60715476f69ee6be59feee4eb5d9920c89e0f?s=96&d=mm&r=g","contentUrl":"https:\/\/secure.gravatar.com\/avatar\/f917ad82e5ab71227a733c78b6e60715476f69ee6be59feee4eb5d9920c89e0f?s=96&d=mm&r=g","caption":"Kuali Staff"},"url":"https:\/\/kuali.com.mx\/web\/author\/lagarto\/"}]}},"_links":{"self":[{"href":"https:\/\/kuali.com.mx\/web\/wp-json\/wp\/v2\/posts\/44542","targetHints":{"allow":["GET"]}}],"collection":[{"href":"https:\/\/kuali.com.mx\/web\/wp-json\/wp\/v2\/posts"}],"about":[{"href":"https:\/\/kuali.com.mx\/web\/wp-json\/wp\/v2\/types\/post"}],"author":[{"embeddable":true,"href":"https:\/\/kuali.com.mx\/web\/wp-json\/wp\/v2\/users\/2"}],"replies":[{"embeddable":true,"href":"https:\/\/kuali.com.mx\/web\/wp-json\/wp\/v2\/comments?post=44542"}],"version-history":[{"count":3,"href":"https:\/\/kuali.com.mx\/web\/wp-json\/wp\/v2\/posts\/44542\/revisions"}],"predecessor-version":[{"id":44551,"href":"https:\/\/kuali.com.mx\/web\/wp-json\/wp\/v2\/posts\/44542\/revisions\/44551"}],"wp:featuredmedia":[{"embeddable":true,"href":"https:\/\/kuali.com.mx\/web\/wp-json\/wp\/v2\/media\/44543"}],"wp:attachment":[{"href":"https:\/\/kuali.com.mx\/web\/wp-json\/wp\/v2\/media?parent=44542"}],"wp:term":[{"taxonomy":"category","embeddable":true,"href":"https:\/\/kuali.com.mx\/web\/wp-json\/wp\/v2\/categories?post=44542"},{"taxonomy":"post_tag","embeddable":true,"href":"https:\/\/kuali.com.mx\/web\/wp-json\/wp\/v2\/tags?post=44542"}],"curies":[{"name":"wp","href":"https:\/\/api.w.org\/{rel}","templated":true}]}}